{"id":4887,"date":"2025-08-11T11:46:03","date_gmt":"2025-08-11T09:46:03","guid":{"rendered":"https:\/\/www.nfv09.de\/home\/2025\/08\/05\/vorbereitungsspiel_b-junioren-2\/"},"modified":"2025-08-11T11:46:04","modified_gmt":"2025-08-11T09:46:04","slug":"b-jugend_startet_motiviert_in_die_neue_saision","status":"publish","type":"post","link":"https:\/\/www.nfv09.de\/home\/2025\/08\/11\/b-jugend_startet_motiviert_in_die_neue_saision\/","title":{"rendered":"B-Jugend startet motiviert in die neue Saison"},"content":{"rendered":"\n<p><\/p>\n\n\n\n<p>Nach einer intensiven Sommerpause blickt unsere B-Jugend auf eine abwechslungsreiche und erfolgreiche Saisonvorbereitung zur\u00fcck. Neben regelm\u00e4\u00dfigen Trainingseinheiten standen auch Testspiele gegen starke Gegner auf dem Programm, um das Zusammenspiel zu verbessern und taktische Abl\u00e4ufe zu festigen.<\/p>\n\n\n\n<p>Ein besonderes Highlight war unser Trainingslager auf der Jungen Welt, bei dem nicht nur Kondition und Taktik geschult wurden, sondern auch der Teamgeist und gesunde Ern\u00e4hrung im Vordergrund standen. Gemeinsame Aktivit\u00e4ten, wie Lasertag und Volleyball am Berzdorfer See, abseits des Platzes haben die Mannschaft noch enger zusammengebracht \u2013 ein wichtiger Grundstein f\u00fcr die kommende Spielzeit.<\/p>\n\n\n\n<p>Ein gro\u00dfer Dank gilt den Eltern, Vereinsmitgliedern,&nbsp;Ehrenamtlichen sowie dem REWE Markt G\u00f6rlitz, die uns bei Organisation und Verpflegung so tatkr\u00e4ftig unterst\u00fctzt haben. Ohne euren Einsatz w\u00e4re vieles nicht m\u00f6glich gewesen!<\/p>\n\n\n\n<p>Ebenso danken wir dem Holtendorfer SV, der diese Spielgemeinschaft erm\u00f6glicht und den Trainern, die in den vergangenen Saisons mit viel Engagement einen Gro\u00dfteil dazu beigetragen haben.<\/p>\n\n\n\n<p>Mit einem klaren Fahrplan gehen wir nun hochmotiviert in die neue Saison. Ziel ist es, attraktiven und disziplinierten Fu\u00dfball zu spielen, die individuellen St\u00e4rken jedes Spielers einzubringen und als Mannschaft geschlossen aufzutreten. Trainerteam und Spieler freuen sich auf spannende Spiele und hoffen auf zahlreiche Unterst\u00fctzung von den R\u00e4ngen.<\/p>\n\n\n\n<p>An dieser Stelle senden wir auch beste Genesungsw\u00fcnsche an Emil Beck, der sich in der Vorbereitung schwer verletzt hat. Werde schnell wieder fit \u2013 wir brauchen dich sowohl als Mensch als auch Spieler! Auf geht\u2019s in eine erfolgreiche Saison \u2013 gemeinsam f\u00fcr unsere Farben Gelb und Wei\u00df!<\/p>\n\n\n\n<figure class=\"wp-block-image size-large is-resized\"><img fetchpriority=\"high\" decoding=\"async\" width=\"1024\" height=\"768\" src=\"https:\/\/www.nfv09.de\/home\/wp-content\/uploads\/2025\/08\/fd0669b7-ba10-439d-b13a-4d1c9b473c2a-1-1024x768.jpeg\" alt=\"\" class=\"wp-image-4891\" style=\"width:435px;height:auto\" srcset=\"https:\/\/www.nfv09.de\/home\/wp-content\/uploads\/2025\/08\/fd0669b7-ba10-439d-b13a-4d1c9b473c2a-1-1024x768.jpeg 1024w, https:\/\/www.nfv09.de\/home\/wp-content\/uploads\/2025\/08\/fd0669b7-ba10-439d-b13a-4d1c9b473c2a-1-300x225.jpeg 300w, https:\/\/www.nfv09.de\/home\/wp-content\/uploads\/2025\/08\/fd0669b7-ba10-439d-b13a-4d1c9b473c2a-1-768x576.jpeg 768w, https:\/\/www.nfv09.de\/home\/wp-content\/uploads\/2025\/08\/fd0669b7-ba10-439d-b13a-4d1c9b473c2a-1-1536x1152.jpeg 1536w, https:\/\/www.nfv09.de\/home\/wp-content\/uploads\/2025\/08\/fd0669b7-ba10-439d-b13a-4d1c9b473c2a-1.jpeg 1600w\" sizes=\"(max-width: 1024px) 100vw, 1024px\" \/><\/figure>\n\n\n\n<figure class=\"wp-block-image size-large is-resized\"><img decoding=\"async\" width=\"768\" height=\"1024\" src=\"https:\/\/www.nfv09.de\/home\/wp-content\/uploads\/2025\/08\/IMG_2593-768x1024.jpeg\" alt=\"\" class=\"wp-image-4890\" style=\"width:289px;height:auto\" srcset=\"https:\/\/www.nfv09.de\/home\/wp-content\/uploads\/2025\/08\/IMG_2593-768x1024.jpeg 768w, https:\/\/www.nfv09.de\/home\/wp-content\/uploads\/2025\/08\/IMG_2593-225x300.jpeg 225w, https:\/\/www.nfv09.de\/home\/wp-content\/uploads\/2025\/08\/IMG_2593-1152x1536.jpeg 1152w, https:\/\/www.nfv09.de\/home\/wp-content\/uploads\/2025\/08\/IMG_2593-1536x2048.jpeg 1536w, https:\/\/www.nfv09.de\/home\/wp-content\/uploads\/2025\/08\/IMG_2593-scaled.jpeg 1920w\" sizes=\"(max-width: 768px) 100vw, 768px\" \/><\/figure>\n","protected":false},"excerpt":{"rendered":"<p>Nach einer intensiven Sommerpause blickt unsere B-Jugend auf eine abwechslungsreiche und erfolgreiche Saisonvorbereitung zur\u00fcck. Neben regelm\u00e4\u00dfigen Trainingseinheiten standen auch Testspiele gegen starke Gegner auf dem Programm, um das Zusammenspiel zu verbessern und taktische Abl\u00e4ufe zu festigen. Ein besonderes Highlight war unser Trainingslager auf der Jungen Welt, bei dem nicht nur Kondition und Taktik geschult wurden, [&hellip;]<\/p>\n","protected":false},"author":17,"featured_media":4860,"comment_status":"open","ping_status":"open","sticky":false,"template":"","format":"standard","meta":{"footnotes":""},"categories":[82,85],"tags":[97],"class_list":["post-4887","post","type-post","status-publish","format-standard","has-post-thumbnail","hentry","category-1-mannschaft","category-verein","tag-goerlitz"],"yoast_head":"<!-- This site is optimized with the Yoast SEO plugin v27.4 - https:\/\/yoast.com\/product\/yoast-seo-wordpress\/ -->\n<title>B-Jugend startet motiviert in die neue Saison - NFV Gelb-Wei\u00df G\u00f6rlitz 09 e.V.<\/title>\n<meta name=\"robots\" content=\"index, follow, max-snippet:-1, max-image-preview:large, max-video-preview:-1\" \/>\n<link rel=\"canonical\" href=\"https:\/\/www.nfv09.de\/home\/2025\/08\/11\/b-jugend_startet_motiviert_in_die_neue_saision\/\" \/>\n<meta property=\"og:locale\" content=\"de_DE\" \/>\n<meta property=\"og:type\" content=\"article\" \/>\n<meta property=\"og:title\" content=\"B-Jugend startet motiviert in die neue Saison - NFV Gelb-Wei\u00df G\u00f6rlitz 09 e.V.\" \/>\n<meta property=\"og:description\" content=\"Nach einer intensiven Sommerpause blickt unsere B-Jugend auf eine abwechslungsreiche und erfolgreiche Saisonvorbereitung zur\u00fcck. Neben regelm\u00e4\u00dfigen Trainingseinheiten standen auch Testspiele gegen starke Gegner auf dem Programm, um das Zusammenspiel zu verbessern und taktische Abl\u00e4ufe zu festigen. Ein besonderes Highlight war unser Trainingslager auf der Jungen Welt, bei dem nicht nur Kondition und Taktik geschult wurden, [&hellip;]\" \/>\n<meta property=\"og:url\" content=\"https:\/\/www.nfv09.de\/home\/2025\/08\/11\/b-jugend_startet_motiviert_in_die_neue_saision\/\" \/>\n<meta property=\"og:site_name\" content=\"NFV Gelb-Wei\u00df G\u00f6rlitz 09 e.V.\" \/>\n<meta property=\"article:published_time\" content=\"2025-08-11T09:46:03+00:00\" \/>\n<meta property=\"article:modified_time\" content=\"2025-08-11T09:46:04+00:00\" \/>\n<meta property=\"og:image\" content=\"https:\/\/www.nfv09.de\/home\/wp-content\/uploads\/2025\/06\/B-Jun2-scaled.jpg\" \/>\n\t<meta property=\"og:image:width\" content=\"2560\" \/>\n\t<meta property=\"og:image:height\" content=\"1236\" \/>\n\t<meta property=\"og:image:type\" content=\"image\/jpeg\" \/>\n<meta name=\"author\" content=\"Sportfrei\" \/>\n<meta name=\"twitter:card\" content=\"summary_large_image\" \/>\n<meta name=\"twitter:label1\" content=\"Verfasst von\" \/>\n\t<meta name=\"twitter:data1\" content=\"Sportfrei\" \/>\n\t<meta name=\"twitter:label2\" content=\"Gesch\u00e4tzte Lesezeit\" \/>\n\t<meta name=\"twitter:data2\" content=\"2\u00a0Minuten\" \/>\n<script type=\"application\/ld+json\" class=\"yoast-schema-graph\">{\"@context\":\"https:\\\/\\\/schema.org\",\"@graph\":[{\"@type\":\"Article\",\"@id\":\"https:\\\/\\\/www.nfv09.de\\\/home\\\/2025\\\/08\\\/11\\\/b-jugend_startet_motiviert_in_die_neue_saision\\\/#article\",\"isPartOf\":{\"@id\":\"https:\\\/\\\/www.nfv09.de\\\/home\\\/2025\\\/08\\\/11\\\/b-jugend_startet_motiviert_in_die_neue_saision\\\/\"},\"author\":{\"name\":\"Sportfrei\",\"@id\":\"https:\\\/\\\/www.nfv09.de\\\/home\\\/#\\\/schema\\\/person\\\/12221cb95508cd116641fb36225d6af4\"},\"headline\":\"B-Jugend startet motiviert in die neue Saison\",\"datePublished\":\"2025-08-11T09:46:03+00:00\",\"dateModified\":\"2025-08-11T09:46:04+00:00\",\"mainEntityOfPage\":{\"@id\":\"https:\\\/\\\/www.nfv09.de\\\/home\\\/2025\\\/08\\\/11\\\/b-jugend_startet_motiviert_in_die_neue_saision\\\/\"},\"wordCount\":269,\"commentCount\":0,\"publisher\":{\"@id\":\"https:\\\/\\\/www.nfv09.de\\\/home\\\/#\\\/schema\\\/person\\\/ed693ed28e6e4b3f80b32447b2b6cbc7\"},\"image\":{\"@id\":\"https:\\\/\\\/www.nfv09.de\\\/home\\\/2025\\\/08\\\/11\\\/b-jugend_startet_motiviert_in_die_neue_saision\\\/#primaryimage\"},\"thumbnailUrl\":\"https:\\\/\\\/www.nfv09.de\\\/home\\\/wp-content\\\/uploads\\\/2025\\\/06\\\/B-Jun2-scaled.jpg\",\"keywords\":[\"G\u00f6rlitz\"],\"articleSection\":[\"1. Mannschaft\",\"Verein\"],\"inLanguage\":\"de\",\"potentialAction\":[{\"@type\":\"CommentAction\",\"name\":\"Comment\",\"target\":[\"https:\\\/\\\/www.nfv09.de\\\/home\\\/2025\\\/08\\\/11\\\/b-jugend_startet_motiviert_in_die_neue_saision\\\/#respond\"]}]},{\"@type\":\"WebPage\",\"@id\":\"https:\\\/\\\/www.nfv09.de\\\/home\\\/2025\\\/08\\\/11\\\/b-jugend_startet_motiviert_in_die_neue_saision\\\/\",\"url\":\"https:\\\/\\\/www.nfv09.de\\\/home\\\/2025\\\/08\\\/11\\\/b-jugend_startet_motiviert_in_die_neue_saision\\\/\",\"name\":\"B-Jugend startet motiviert in die neue Saison - NFV Gelb-Wei\u00df G\u00f6rlitz 09 e.V.\",\"isPartOf\":{\"@id\":\"https:\\\/\\\/www.nfv09.de\\\/home\\\/#website\"},\"primaryImageOfPage\":{\"@id\":\"https:\\\/\\\/www.nfv09.de\\\/home\\\/2025\\\/08\\\/11\\\/b-jugend_startet_motiviert_in_die_neue_saision\\\/#primaryimage\"},\"image\":{\"@id\":\"https:\\\/\\\/www.nfv09.de\\\/home\\\/2025\\\/08\\\/11\\\/b-jugend_startet_motiviert_in_die_neue_saision\\\/#primaryimage\"},\"thumbnailUrl\":\"https:\\\/\\\/www.nfv09.de\\\/home\\\/wp-content\\\/uploads\\\/2025\\\/06\\\/B-Jun2-scaled.jpg\",\"datePublished\":\"2025-08-11T09:46:03+00:00\",\"dateModified\":\"2025-08-11T09:46:04+00:00\",\"breadcrumb\":{\"@id\":\"https:\\\/\\\/www.nfv09.de\\\/home\\\/2025\\\/08\\\/11\\\/b-jugend_startet_motiviert_in_die_neue_saision\\\/#breadcrumb\"},\"inLanguage\":\"de\",\"potentialAction\":[{\"@type\":\"ReadAction\",\"target\":[\"https:\\\/\\\/www.nfv09.de\\\/home\\\/2025\\\/08\\\/11\\\/b-jugend_startet_motiviert_in_die_neue_saision\\\/\"]}]},{\"@type\":\"ImageObject\",\"inLanguage\":\"de\",\"@id\":\"https:\\\/\\\/www.nfv09.de\\\/home\\\/2025\\\/08\\\/11\\\/b-jugend_startet_motiviert_in_die_neue_saision\\\/#primaryimage\",\"url\":\"https:\\\/\\\/www.nfv09.de\\\/home\\\/wp-content\\\/uploads\\\/2025\\\/06\\\/B-Jun2-scaled.jpg\",\"contentUrl\":\"https:\\\/\\\/www.nfv09.de\\\/home\\\/wp-content\\\/uploads\\\/2025\\\/06\\\/B-Jun2-scaled.jpg\",\"width\":2560,\"height\":1236},{\"@type\":\"BreadcrumbList\",\"@id\":\"https:\\\/\\\/www.nfv09.de\\\/home\\\/2025\\\/08\\\/11\\\/b-jugend_startet_motiviert_in_die_neue_saision\\\/#breadcrumb\",\"itemListElement\":[{\"@type\":\"ListItem\",\"position\":1,\"name\":\"Startseite\",\"item\":\"https:\\\/\\\/www.nfv09.de\\\/home\\\/\"},{\"@type\":\"ListItem\",\"position\":2,\"name\":\"B-Jugend startet motiviert in die neue Saison\"}]},{\"@type\":\"WebSite\",\"@id\":\"https:\\\/\\\/www.nfv09.de\\\/home\\\/#website\",\"url\":\"https:\\\/\\\/www.nfv09.de\\\/home\\\/\",\"name\":\"NFV Gelb-Wei\u00df G\u00f6rlitz 09 e.V.\",\"description\":\"Sachsenklasse Ost\",\"publisher\":{\"@id\":\"https:\\\/\\\/www.nfv09.de\\\/home\\\/#\\\/schema\\\/person\\\/ed693ed28e6e4b3f80b32447b2b6cbc7\"},\"potentialAction\":[{\"@type\":\"SearchAction\",\"target\":{\"@type\":\"EntryPoint\",\"urlTemplate\":\"https:\\\/\\\/www.nfv09.de\\\/home\\\/?s={search_term_string}\"},\"query-input\":{\"@type\":\"PropertyValueSpecification\",\"valueRequired\":true,\"valueName\":\"search_term_string\"}}],\"inLanguage\":\"de\"},{\"@type\":[\"Person\",\"Organization\"],\"@id\":\"https:\\\/\\\/www.nfv09.de\\\/home\\\/#\\\/schema\\\/person\\\/ed693ed28e6e4b3f80b32447b2b6cbc7\",\"name\":\"Regassi\",\"image\":{\"@type\":\"ImageObject\",\"inLanguage\":\"de\",\"@id\":\"https:\\\/\\\/www.nfv09.de\\\/home\\\/wp-content\\\/uploads\\\/2015\\\/04\\\/cropped-nfv-gelb-weiss-goerlitz-e1468573113314-1.gif\",\"url\":\"https:\\\/\\\/www.nfv09.de\\\/home\\\/wp-content\\\/uploads\\\/2015\\\/04\\\/cropped-nfv-gelb-weiss-goerlitz-e1468573113314-1.gif\",\"contentUrl\":\"https:\\\/\\\/www.nfv09.de\\\/home\\\/wp-content\\\/uploads\\\/2015\\\/04\\\/cropped-nfv-gelb-weiss-goerlitz-e1468573113314-1.gif\",\"width\":100,\"height\":122,\"caption\":\"Regassi\"},\"logo\":{\"@id\":\"https:\\\/\\\/www.nfv09.de\\\/home\\\/wp-content\\\/uploads\\\/2015\\\/04\\\/cropped-nfv-gelb-weiss-goerlitz-e1468573113314-1.gif\"}},{\"@type\":\"Person\",\"@id\":\"https:\\\/\\\/www.nfv09.de\\\/home\\\/#\\\/schema\\\/person\\\/12221cb95508cd116641fb36225d6af4\",\"name\":\"Sportfrei\",\"image\":{\"@type\":\"ImageObject\",\"inLanguage\":\"de\",\"@id\":\"https:\\\/\\\/secure.gravatar.com\\\/avatar\\\/c6ad063aa86ff33dbc32a5d68feee5556c3c8e1e6b0c1103364264bd3f67c65b?s=96&d=mm&r=g\",\"url\":\"https:\\\/\\\/secure.gravatar.com\\\/avatar\\\/c6ad063aa86ff33dbc32a5d68feee5556c3c8e1e6b0c1103364264bd3f67c65b?s=96&d=mm&r=g\",\"contentUrl\":\"https:\\\/\\\/secure.gravatar.com\\\/avatar\\\/c6ad063aa86ff33dbc32a5d68feee5556c3c8e1e6b0c1103364264bd3f67c65b?s=96&d=mm&r=g\",\"caption\":\"Sportfrei\"},\"url\":\"https:\\\/\\\/www.nfv09.de\\\/home\\\/author\\\/sportfrei\\\/\"}]}<\/script>\n<!-- \/ Yoast SEO plugin. -->","yoast_head_json":{"title":"B-Jugend startet motiviert in die neue Saison - NFV Gelb-Wei\u00df G\u00f6rlitz 09 e.V.","robots":{"index":"index","follow":"follow","max-snippet":"max-snippet:-1","max-image-preview":"max-image-preview:large","max-video-preview":"max-video-preview:-1"},"canonical":"https:\/\/www.nfv09.de\/home\/2025\/08\/11\/b-jugend_startet_motiviert_in_die_neue_saision\/","og_locale":"de_DE","og_type":"article","og_title":"B-Jugend startet motiviert in die neue Saison - NFV Gelb-Wei\u00df G\u00f6rlitz 09 e.V.","og_description":"Nach einer intensiven Sommerpause blickt unsere B-Jugend auf eine abwechslungsreiche und erfolgreiche Saisonvorbereitung zur\u00fcck. Neben regelm\u00e4\u00dfigen Trainingseinheiten standen auch Testspiele gegen starke Gegner auf dem Programm, um das Zusammenspiel zu verbessern und taktische Abl\u00e4ufe zu festigen. Ein besonderes Highlight war unser Trainingslager auf der Jungen Welt, bei dem nicht nur Kondition und Taktik geschult wurden, [&hellip;]","og_url":"https:\/\/www.nfv09.de\/home\/2025\/08\/11\/b-jugend_startet_motiviert_in_die_neue_saision\/","og_site_name":"NFV Gelb-Wei\u00df G\u00f6rlitz 09 e.V.","article_published_time":"2025-08-11T09:46:03+00:00","article_modified_time":"2025-08-11T09:46:04+00:00","og_image":[{"width":2560,"height":1236,"url":"https:\/\/www.nfv09.de\/home\/wp-content\/uploads\/2025\/06\/B-Jun2-scaled.jpg","type":"image\/jpeg"}],"author":"Sportfrei","twitter_card":"summary_large_image","twitter_misc":{"Verfasst von":"Sportfrei","Gesch\u00e4tzte Lesezeit":"2\u00a0Minuten"},"schema":{"@context":"https:\/\/schema.org","@graph":[{"@type":"Article","@id":"https:\/\/www.nfv09.de\/home\/2025\/08\/11\/b-jugend_startet_motiviert_in_die_neue_saision\/#article","isPartOf":{"@id":"https:\/\/www.nfv09.de\/home\/2025\/08\/11\/b-jugend_startet_motiviert_in_die_neue_saision\/"},"author":{"name":"Sportfrei","@id":"https:\/\/www.nfv09.de\/home\/#\/schema\/person\/12221cb95508cd116641fb36225d6af4"},"headline":"B-Jugend startet motiviert in die neue Saison","datePublished":"2025-08-11T09:46:03+00:00","dateModified":"2025-08-11T09:46:04+00:00","mainEntityOfPage":{"@id":"https:\/\/www.nfv09.de\/home\/2025\/08\/11\/b-jugend_startet_motiviert_in_die_neue_saision\/"},"wordCount":269,"commentCount":0,"publisher":{"@id":"https:\/\/www.nfv09.de\/home\/#\/schema\/person\/ed693ed28e6e4b3f80b32447b2b6cbc7"},"image":{"@id":"https:\/\/www.nfv09.de\/home\/2025\/08\/11\/b-jugend_startet_motiviert_in_die_neue_saision\/#primaryimage"},"thumbnailUrl":"https:\/\/www.nfv09.de\/home\/wp-content\/uploads\/2025\/06\/B-Jun2-scaled.jpg","keywords":["G\u00f6rlitz"],"articleSection":["1. Mannschaft","Verein"],"inLanguage":"de","potentialAction":[{"@type":"CommentAction","name":"Comment","target":["https:\/\/www.nfv09.de\/home\/2025\/08\/11\/b-jugend_startet_motiviert_in_die_neue_saision\/#respond"]}]},{"@type":"WebPage","@id":"https:\/\/www.nfv09.de\/home\/2025\/08\/11\/b-jugend_startet_motiviert_in_die_neue_saision\/","url":"https:\/\/www.nfv09.de\/home\/2025\/08\/11\/b-jugend_startet_motiviert_in_die_neue_saision\/","name":"B-Jugend startet motiviert in die neue Saison - NFV Gelb-Wei\u00df G\u00f6rlitz 09 e.V.","isPartOf":{"@id":"https:\/\/www.nfv09.de\/home\/#website"},"primaryImageOfPage":{"@id":"https:\/\/www.nfv09.de\/home\/2025\/08\/11\/b-jugend_startet_motiviert_in_die_neue_saision\/#primaryimage"},"image":{"@id":"https:\/\/www.nfv09.de\/home\/2025\/08\/11\/b-jugend_startet_motiviert_in_die_neue_saision\/#primaryimage"},"thumbnailUrl":"https:\/\/www.nfv09.de\/home\/wp-content\/uploads\/2025\/06\/B-Jun2-scaled.jpg","datePublished":"2025-08-11T09:46:03+00:00","dateModified":"2025-08-11T09:46:04+00:00","breadcrumb":{"@id":"https:\/\/www.nfv09.de\/home\/2025\/08\/11\/b-jugend_startet_motiviert_in_die_neue_saision\/#breadcrumb"},"inLanguage":"de","potentialAction":[{"@type":"ReadAction","target":["https:\/\/www.nfv09.de\/home\/2025\/08\/11\/b-jugend_startet_motiviert_in_die_neue_saision\/"]}]},{"@type":"ImageObject","inLanguage":"de","@id":"https:\/\/www.nfv09.de\/home\/2025\/08\/11\/b-jugend_startet_motiviert_in_die_neue_saision\/#primaryimage","url":"https:\/\/www.nfv09.de\/home\/wp-content\/uploads\/2025\/06\/B-Jun2-scaled.jpg","contentUrl":"https:\/\/www.nfv09.de\/home\/wp-content\/uploads\/2025\/06\/B-Jun2-scaled.jpg","width":2560,"height":1236},{"@type":"BreadcrumbList","@id":"https:\/\/www.nfv09.de\/home\/2025\/08\/11\/b-jugend_startet_motiviert_in_die_neue_saision\/#breadcrumb","itemListElement":[{"@type":"ListItem","position":1,"name":"Startseite","item":"https:\/\/www.nfv09.de\/home\/"},{"@type":"ListItem","position":2,"name":"B-Jugend startet motiviert in die neue Saison"}]},{"@type":"WebSite","@id":"https:\/\/www.nfv09.de\/home\/#website","url":"https:\/\/www.nfv09.de\/home\/","name":"NFV Gelb-Wei\u00df G\u00f6rlitz 09 e.V.","description":"Sachsenklasse Ost","publisher":{"@id":"https:\/\/www.nfv09.de\/home\/#\/schema\/person\/ed693ed28e6e4b3f80b32447b2b6cbc7"},"potentialAction":[{"@type":"SearchAction","target":{"@type":"EntryPoint","urlTemplate":"https:\/\/www.nfv09.de\/home\/?s={search_term_string}"},"query-input":{"@type":"PropertyValueSpecification","valueRequired":true,"valueName":"search_term_string"}}],"inLanguage":"de"},{"@type":["Person","Organization"],"@id":"https:\/\/www.nfv09.de\/home\/#\/schema\/person\/ed693ed28e6e4b3f80b32447b2b6cbc7","name":"Regassi","image":{"@type":"ImageObject","inLanguage":"de","@id":"https:\/\/www.nfv09.de\/home\/wp-content\/uploads\/2015\/04\/cropped-nfv-gelb-weiss-goerlitz-e1468573113314-1.gif","url":"https:\/\/www.nfv09.de\/home\/wp-content\/uploads\/2015\/04\/cropped-nfv-gelb-weiss-goerlitz-e1468573113314-1.gif","contentUrl":"https:\/\/www.nfv09.de\/home\/wp-content\/uploads\/2015\/04\/cropped-nfv-gelb-weiss-goerlitz-e1468573113314-1.gif","width":100,"height":122,"caption":"Regassi"},"logo":{"@id":"https:\/\/www.nfv09.de\/home\/wp-content\/uploads\/2015\/04\/cropped-nfv-gelb-weiss-goerlitz-e1468573113314-1.gif"}},{"@type":"Person","@id":"https:\/\/www.nfv09.de\/home\/#\/schema\/person\/12221cb95508cd116641fb36225d6af4","name":"Sportfrei","image":{"@type":"ImageObject","inLanguage":"de","@id":"https:\/\/secure.gravatar.com\/avatar\/c6ad063aa86ff33dbc32a5d68feee5556c3c8e1e6b0c1103364264bd3f67c65b?s=96&d=mm&r=g","url":"https:\/\/secure.gravatar.com\/avatar\/c6ad063aa86ff33dbc32a5d68feee5556c3c8e1e6b0c1103364264bd3f67c65b?s=96&d=mm&r=g","contentUrl":"https:\/\/secure.gravatar.com\/avatar\/c6ad063aa86ff33dbc32a5d68feee5556c3c8e1e6b0c1103364264bd3f67c65b?s=96&d=mm&r=g","caption":"Sportfrei"},"url":"https:\/\/www.nfv09.de\/home\/author\/sportfrei\/"}]}},"_links":{"self":[{"href":"https:\/\/www.nfv09.de\/home\/wp-json\/wp\/v2\/posts\/4887","targetHints":{"allow":["GET"]}}],"collection":[{"href":"https:\/\/www.nfv09.de\/home\/wp-json\/wp\/v2\/posts"}],"about":[{"href":"https:\/\/www.nfv09.de\/home\/wp-json\/wp\/v2\/types\/post"}],"author":[{"embeddable":true,"href":"https:\/\/www.nfv09.de\/home\/wp-json\/wp\/v2\/users\/17"}],"replies":[{"embeddable":true,"href":"https:\/\/www.nfv09.de\/home\/wp-json\/wp\/v2\/comments?post=4887"}],"version-history":[{"count":1,"href":"https:\/\/www.nfv09.de\/home\/wp-json\/wp\/v2\/posts\/4887\/revisions"}],"predecessor-version":[{"id":4892,"href":"https:\/\/www.nfv09.de\/home\/wp-json\/wp\/v2\/posts\/4887\/revisions\/4892"}],"wp:featuredmedia":[{"embeddable":true,"href":"https:\/\/www.nfv09.de\/home\/wp-json\/wp\/v2\/media\/4860"}],"wp:attachment":[{"href":"https:\/\/www.nfv09.de\/home\/wp-json\/wp\/v2\/media?parent=4887"}],"wp:term":[{"taxonomy":"category","embeddable":true,"href":"https:\/\/www.nfv09.de\/home\/wp-json\/wp\/v2\/categories?post=4887"},{"taxonomy":"post_tag","embeddable":true,"href":"https:\/\/www.nfv09.de\/home\/wp-json\/wp\/v2\/tags?post=4887"}],"curies":[{"name":"wp","href":"https:\/\/api.w.org\/{rel}","templated":true}]}}