{"id":4800,"date":"2025-01-20T16:05:00","date_gmt":"2025-01-20T15:05:00","guid":{"rendered":"https:\/\/www.nfv09.de\/home\/2025\/01\/20\/frohe-weihnachten-2-2-2-3-2-2-2\/"},"modified":"2025-01-20T16:05:00","modified_gmt":"2025-01-20T15:05:00","slug":"frohe-weihnachten-2-2-2-3-2-2-2","status":"publish","type":"post","link":"https:\/\/www.nfv09.de\/home\/2025\/01\/20\/frohe-weihnachten-2-2-2-3-2-2-2\/","title":{"rendered":"B-Junioren holen 3.Platz bei HKM der A-Junioren"},"content":{"rendered":"\n<p>Die <strong>B-Junioren<\/strong> der SpG NFV Gelb-Wei\u00df G\u00f6rlitz \/ Holtendorfer SV belegten bei der <strong>Hallenkreismeisterschaft der A-Junioren<\/strong> einen ausgezeichneten 3. Platz.<\/p>\n\n\n\n<p>Im Halbfinale unterlag man dem sp\u00e4teren Hallenkreismeister, SV Blau-Wei\u00df Deutsch Ossig, mit 1 : 2. <\/p>\n\n\n\n<p>Im Spiel um Platz 3, gegen den VfB Wei\u00dfwasser, konnten sich die Gelb-Wei\u00dfen mit 2:0 durchsetzen. Noch in der Vorrunde musste man sich gegen selbigen Gegner mit 1:2 geschlagen geben. <\/p>\n\n\n\n<p>Gl\u00fcckwunsch zu dieser sehr guten Leistung in der h\u00f6heren Altersklasse.  <\/p>\n\n\n","protected":false},"excerpt":{"rendered":"<p>Die B-Junioren der SpG NFV Gelb-Wei\u00df G\u00f6rlitz \/ Holtendorfer SV belegten bei der Hallenkreismeisterschaft der A-Junioren einen ausgezeichneten 3. Platz. Im Halbfinale unterlag man dem sp\u00e4teren Hallenkreismeister, SV Blau-Wei\u00df Deutsch Ossig, mit 1 : 2. Im Spiel um Platz 3, gegen den VfB Wei\u00dfwasser, konnten sich die Gelb-Wei\u00dfen mit 2:0 durchsetzen. Noch in der Vorrunde [&hellip;]<\/p>\n","protected":false},"author":3,"featured_media":4784,"comment_status":"open","ping_status":"open","sticky":false,"template":"","format":"standard","meta":{"footnotes":""},"categories":[169,85],"tags":[97],"class_list":["post-4800","post","type-post","status-publish","format-standard","has-post-thumbnail","hentry","category-frauen","category-verein","tag-goerlitz"],"yoast_head":"<!-- This site is optimized with the Yoast SEO plugin v27.5 - https:\/\/yoast.com\/product\/yoast-seo-wordpress\/ -->\n<title>B-Junioren holen 3.Platz bei HKM der A-Junioren - NFV Gelb-Wei\u00df G\u00f6rlitz 09 e.V.<\/title>\n<meta name=\"robots\" content=\"index, follow, max-snippet:-1, max-image-preview:large, max-video-preview:-1\" \/>\n<link rel=\"canonical\" href=\"https:\/\/www.nfv09.de\/home\/2025\/01\/20\/frohe-weihnachten-2-2-2-3-2-2-2\/\" \/>\n<meta property=\"og:locale\" content=\"de_DE\" \/>\n<meta property=\"og:type\" content=\"article\" \/>\n<meta property=\"og:title\" content=\"B-Junioren holen 3.Platz bei HKM der A-Junioren - NFV Gelb-Wei\u00df G\u00f6rlitz 09 e.V.\" \/>\n<meta property=\"og:description\" content=\"Die B-Junioren der SpG NFV Gelb-Wei\u00df G\u00f6rlitz \/ Holtendorfer SV belegten bei der Hallenkreismeisterschaft der A-Junioren einen ausgezeichneten 3. Platz. Im Halbfinale unterlag man dem sp\u00e4teren Hallenkreismeister, SV Blau-Wei\u00df Deutsch Ossig, mit 1 : 2. Im Spiel um Platz 3, gegen den VfB Wei\u00dfwasser, konnten sich die Gelb-Wei\u00dfen mit 2:0 durchsetzen. Noch in der Vorrunde [&hellip;]\" \/>\n<meta property=\"og:url\" content=\"https:\/\/www.nfv09.de\/home\/2025\/01\/20\/frohe-weihnachten-2-2-2-3-2-2-2\/\" \/>\n<meta property=\"og:site_name\" content=\"NFV Gelb-Wei\u00df G\u00f6rlitz 09 e.V.\" \/>\n<meta property=\"article:published_time\" content=\"2025-01-20T15:05:00+00:00\" \/>\n<meta property=\"og:image\" content=\"https:\/\/www.nfv09.de\/home\/wp-content\/uploads\/2025\/01\/HKM_A-Jun_3.Platz_.jpeg\" \/>\n\t<meta property=\"og:image:width\" content=\"1885\" \/>\n\t<meta property=\"og:image:height\" content=\"1542\" \/>\n\t<meta property=\"og:image:type\" content=\"image\/jpeg\" \/>\n<meta name=\"author\" content=\"Regassi\" \/>\n<meta name=\"twitter:card\" content=\"summary_large_image\" \/>\n<meta name=\"twitter:label1\" content=\"Verfasst von\" \/>\n\t<meta name=\"twitter:data1\" content=\"Regassi\" \/>\n\t<meta name=\"twitter:label2\" content=\"Gesch\u00e4tzte Lesezeit\" \/>\n\t<meta name=\"twitter:data2\" content=\"1\u00a0Minute\" \/>\n<script type=\"application\/ld+json\" class=\"yoast-schema-graph\">{\"@context\":\"https:\\\/\\\/schema.org\",\"@graph\":[{\"@type\":\"Article\",\"@id\":\"https:\\\/\\\/www.nfv09.de\\\/home\\\/2025\\\/01\\\/20\\\/frohe-weihnachten-2-2-2-3-2-2-2\\\/#article\",\"isPartOf\":{\"@id\":\"https:\\\/\\\/www.nfv09.de\\\/home\\\/2025\\\/01\\\/20\\\/frohe-weihnachten-2-2-2-3-2-2-2\\\/\"},\"author\":{\"name\":\"Regassi\",\"@id\":\"https:\\\/\\\/www.nfv09.de\\\/home\\\/#\\\/schema\\\/person\\\/ed693ed28e6e4b3f80b32447b2b6cbc7\"},\"headline\":\"B-Junioren holen 3.Platz bei HKM der A-Junioren\",\"datePublished\":\"2025-01-20T15:05:00+00:00\",\"mainEntityOfPage\":{\"@id\":\"https:\\\/\\\/www.nfv09.de\\\/home\\\/2025\\\/01\\\/20\\\/frohe-weihnachten-2-2-2-3-2-2-2\\\/\"},\"wordCount\":80,\"commentCount\":0,\"publisher\":{\"@id\":\"https:\\\/\\\/www.nfv09.de\\\/home\\\/#\\\/schema\\\/person\\\/ed693ed28e6e4b3f80b32447b2b6cbc7\"},\"image\":{\"@id\":\"https:\\\/\\\/www.nfv09.de\\\/home\\\/2025\\\/01\\\/20\\\/frohe-weihnachten-2-2-2-3-2-2-2\\\/#primaryimage\"},\"thumbnailUrl\":\"https:\\\/\\\/www.nfv09.de\\\/home\\\/wp-content\\\/uploads\\\/2025\\\/01\\\/HKM_A-Jun_3.Platz_.jpeg\",\"keywords\":[\"G\u00f6rlitz\"],\"articleSection\":[\"Frauen\",\"Verein\"],\"inLanguage\":\"de\",\"potentialAction\":[{\"@type\":\"CommentAction\",\"name\":\"Comment\",\"target\":[\"https:\\\/\\\/www.nfv09.de\\\/home\\\/2025\\\/01\\\/20\\\/frohe-weihnachten-2-2-2-3-2-2-2\\\/#respond\"]}]},{\"@type\":\"WebPage\",\"@id\":\"https:\\\/\\\/www.nfv09.de\\\/home\\\/2025\\\/01\\\/20\\\/frohe-weihnachten-2-2-2-3-2-2-2\\\/\",\"url\":\"https:\\\/\\\/www.nfv09.de\\\/home\\\/2025\\\/01\\\/20\\\/frohe-weihnachten-2-2-2-3-2-2-2\\\/\",\"name\":\"B-Junioren holen 3.Platz bei HKM der A-Junioren - NFV Gelb-Wei\u00df G\u00f6rlitz 09 e.V.\",\"isPartOf\":{\"@id\":\"https:\\\/\\\/www.nfv09.de\\\/home\\\/#website\"},\"primaryImageOfPage\":{\"@id\":\"https:\\\/\\\/www.nfv09.de\\\/home\\\/2025\\\/01\\\/20\\\/frohe-weihnachten-2-2-2-3-2-2-2\\\/#primaryimage\"},\"image\":{\"@id\":\"https:\\\/\\\/www.nfv09.de\\\/home\\\/2025\\\/01\\\/20\\\/frohe-weihnachten-2-2-2-3-2-2-2\\\/#primaryimage\"},\"thumbnailUrl\":\"https:\\\/\\\/www.nfv09.de\\\/home\\\/wp-content\\\/uploads\\\/2025\\\/01\\\/HKM_A-Jun_3.Platz_.jpeg\",\"datePublished\":\"2025-01-20T15:05:00+00:00\",\"breadcrumb\":{\"@id\":\"https:\\\/\\\/www.nfv09.de\\\/home\\\/2025\\\/01\\\/20\\\/frohe-weihnachten-2-2-2-3-2-2-2\\\/#breadcrumb\"},\"inLanguage\":\"de\",\"potentialAction\":[{\"@type\":\"ReadAction\",\"target\":[\"https:\\\/\\\/www.nfv09.de\\\/home\\\/2025\\\/01\\\/20\\\/frohe-weihnachten-2-2-2-3-2-2-2\\\/\"]}]},{\"@type\":\"ImageObject\",\"inLanguage\":\"de\",\"@id\":\"https:\\\/\\\/www.nfv09.de\\\/home\\\/2025\\\/01\\\/20\\\/frohe-weihnachten-2-2-2-3-2-2-2\\\/#primaryimage\",\"url\":\"https:\\\/\\\/www.nfv09.de\\\/home\\\/wp-content\\\/uploads\\\/2025\\\/01\\\/HKM_A-Jun_3.Platz_.jpeg\",\"contentUrl\":\"https:\\\/\\\/www.nfv09.de\\\/home\\\/wp-content\\\/uploads\\\/2025\\\/01\\\/HKM_A-Jun_3.Platz_.jpeg\",\"width\":1885,\"height\":1542},{\"@type\":\"BreadcrumbList\",\"@id\":\"https:\\\/\\\/www.nfv09.de\\\/home\\\/2025\\\/01\\\/20\\\/frohe-weihnachten-2-2-2-3-2-2-2\\\/#breadcrumb\",\"itemListElement\":[{\"@type\":\"ListItem\",\"position\":1,\"name\":\"Startseite\",\"item\":\"https:\\\/\\\/www.nfv09.de\\\/home\\\/\"},{\"@type\":\"ListItem\",\"position\":2,\"name\":\"B-Junioren holen 3.Platz bei HKM der A-Junioren\"}]},{\"@type\":\"WebSite\",\"@id\":\"https:\\\/\\\/www.nfv09.de\\\/home\\\/#website\",\"url\":\"https:\\\/\\\/www.nfv09.de\\\/home\\\/\",\"name\":\"NFV Gelb-Wei\u00df G\u00f6rlitz 09 e.V.\",\"description\":\"Sachsenklasse Ost\",\"publisher\":{\"@id\":\"https:\\\/\\\/www.nfv09.de\\\/home\\\/#\\\/schema\\\/person\\\/ed693ed28e6e4b3f80b32447b2b6cbc7\"},\"potentialAction\":[{\"@type\":\"SearchAction\",\"target\":{\"@type\":\"EntryPoint\",\"urlTemplate\":\"https:\\\/\\\/www.nfv09.de\\\/home\\\/?s={search_term_string}\"},\"query-input\":{\"@type\":\"PropertyValueSpecification\",\"valueRequired\":true,\"valueName\":\"search_term_string\"}}],\"inLanguage\":\"de\"},{\"@type\":[\"Person\",\"Organization\"],\"@id\":\"https:\\\/\\\/www.nfv09.de\\\/home\\\/#\\\/schema\\\/person\\\/ed693ed28e6e4b3f80b32447b2b6cbc7\",\"name\":\"Regassi\",\"image\":{\"@type\":\"ImageObject\",\"inLanguage\":\"de\",\"@id\":\"https:\\\/\\\/www.nfv09.de\\\/home\\\/wp-content\\\/uploads\\\/2015\\\/04\\\/cropped-nfv-gelb-weiss-goerlitz-e1468573113314-1.gif\",\"url\":\"https:\\\/\\\/www.nfv09.de\\\/home\\\/wp-content\\\/uploads\\\/2015\\\/04\\\/cropped-nfv-gelb-weiss-goerlitz-e1468573113314-1.gif\",\"contentUrl\":\"https:\\\/\\\/www.nfv09.de\\\/home\\\/wp-content\\\/uploads\\\/2015\\\/04\\\/cropped-nfv-gelb-weiss-goerlitz-e1468573113314-1.gif\",\"width\":100,\"height\":122,\"caption\":\"Regassi\"},\"logo\":{\"@id\":\"https:\\\/\\\/www.nfv09.de\\\/home\\\/wp-content\\\/uploads\\\/2015\\\/04\\\/cropped-nfv-gelb-weiss-goerlitz-e1468573113314-1.gif\"},\"url\":\"https:\\\/\\\/www.nfv09.de\\\/home\\\/author\\\/regassi\\\/\"}]}<\/script>\n<!-- \/ Yoast SEO plugin. -->","yoast_head_json":{"title":"B-Junioren holen 3.Platz bei HKM der A-Junioren - NFV Gelb-Wei\u00df G\u00f6rlitz 09 e.V.","robots":{"index":"index","follow":"follow","max-snippet":"max-snippet:-1","max-image-preview":"max-image-preview:large","max-video-preview":"max-video-preview:-1"},"canonical":"https:\/\/www.nfv09.de\/home\/2025\/01\/20\/frohe-weihnachten-2-2-2-3-2-2-2\/","og_locale":"de_DE","og_type":"article","og_title":"B-Junioren holen 3.Platz bei HKM der A-Junioren - NFV Gelb-Wei\u00df G\u00f6rlitz 09 e.V.","og_description":"Die B-Junioren der SpG NFV Gelb-Wei\u00df G\u00f6rlitz \/ Holtendorfer SV belegten bei der Hallenkreismeisterschaft der A-Junioren einen ausgezeichneten 3. Platz. Im Halbfinale unterlag man dem sp\u00e4teren Hallenkreismeister, SV Blau-Wei\u00df Deutsch Ossig, mit 1 : 2. Im Spiel um Platz 3, gegen den VfB Wei\u00dfwasser, konnten sich die Gelb-Wei\u00dfen mit 2:0 durchsetzen. Noch in der Vorrunde [&hellip;]","og_url":"https:\/\/www.nfv09.de\/home\/2025\/01\/20\/frohe-weihnachten-2-2-2-3-2-2-2\/","og_site_name":"NFV Gelb-Wei\u00df G\u00f6rlitz 09 e.V.","article_published_time":"2025-01-20T15:05:00+00:00","og_image":[{"width":1885,"height":1542,"url":"https:\/\/www.nfv09.de\/home\/wp-content\/uploads\/2025\/01\/HKM_A-Jun_3.Platz_.jpeg","type":"image\/jpeg"}],"author":"Regassi","twitter_card":"summary_large_image","twitter_misc":{"Verfasst von":"Regassi","Gesch\u00e4tzte Lesezeit":"1\u00a0Minute"},"schema":{"@context":"https:\/\/schema.org","@graph":[{"@type":"Article","@id":"https:\/\/www.nfv09.de\/home\/2025\/01\/20\/frohe-weihnachten-2-2-2-3-2-2-2\/#article","isPartOf":{"@id":"https:\/\/www.nfv09.de\/home\/2025\/01\/20\/frohe-weihnachten-2-2-2-3-2-2-2\/"},"author":{"name":"Regassi","@id":"https:\/\/www.nfv09.de\/home\/#\/schema\/person\/ed693ed28e6e4b3f80b32447b2b6cbc7"},"headline":"B-Junioren holen 3.Platz bei HKM der A-Junioren","datePublished":"2025-01-20T15:05:00+00:00","mainEntityOfPage":{"@id":"https:\/\/www.nfv09.de\/home\/2025\/01\/20\/frohe-weihnachten-2-2-2-3-2-2-2\/"},"wordCount":80,"commentCount":0,"publisher":{"@id":"https:\/\/www.nfv09.de\/home\/#\/schema\/person\/ed693ed28e6e4b3f80b32447b2b6cbc7"},"image":{"@id":"https:\/\/www.nfv09.de\/home\/2025\/01\/20\/frohe-weihnachten-2-2-2-3-2-2-2\/#primaryimage"},"thumbnailUrl":"https:\/\/www.nfv09.de\/home\/wp-content\/uploads\/2025\/01\/HKM_A-Jun_3.Platz_.jpeg","keywords":["G\u00f6rlitz"],"articleSection":["Frauen","Verein"],"inLanguage":"de","potentialAction":[{"@type":"CommentAction","name":"Comment","target":["https:\/\/www.nfv09.de\/home\/2025\/01\/20\/frohe-weihnachten-2-2-2-3-2-2-2\/#respond"]}]},{"@type":"WebPage","@id":"https:\/\/www.nfv09.de\/home\/2025\/01\/20\/frohe-weihnachten-2-2-2-3-2-2-2\/","url":"https:\/\/www.nfv09.de\/home\/2025\/01\/20\/frohe-weihnachten-2-2-2-3-2-2-2\/","name":"B-Junioren holen 3.Platz bei HKM der A-Junioren - NFV Gelb-Wei\u00df G\u00f6rlitz 09 e.V.","isPartOf":{"@id":"https:\/\/www.nfv09.de\/home\/#website"},"primaryImageOfPage":{"@id":"https:\/\/www.nfv09.de\/home\/2025\/01\/20\/frohe-weihnachten-2-2-2-3-2-2-2\/#primaryimage"},"image":{"@id":"https:\/\/www.nfv09.de\/home\/2025\/01\/20\/frohe-weihnachten-2-2-2-3-2-2-2\/#primaryimage"},"thumbnailUrl":"https:\/\/www.nfv09.de\/home\/wp-content\/uploads\/2025\/01\/HKM_A-Jun_3.Platz_.jpeg","datePublished":"2025-01-20T15:05:00+00:00","breadcrumb":{"@id":"https:\/\/www.nfv09.de\/home\/2025\/01\/20\/frohe-weihnachten-2-2-2-3-2-2-2\/#breadcrumb"},"inLanguage":"de","potentialAction":[{"@type":"ReadAction","target":["https:\/\/www.nfv09.de\/home\/2025\/01\/20\/frohe-weihnachten-2-2-2-3-2-2-2\/"]}]},{"@type":"ImageObject","inLanguage":"de","@id":"https:\/\/www.nfv09.de\/home\/2025\/01\/20\/frohe-weihnachten-2-2-2-3-2-2-2\/#primaryimage","url":"https:\/\/www.nfv09.de\/home\/wp-content\/uploads\/2025\/01\/HKM_A-Jun_3.Platz_.jpeg","contentUrl":"https:\/\/www.nfv09.de\/home\/wp-content\/uploads\/2025\/01\/HKM_A-Jun_3.Platz_.jpeg","width":1885,"height":1542},{"@type":"BreadcrumbList","@id":"https:\/\/www.nfv09.de\/home\/2025\/01\/20\/frohe-weihnachten-2-2-2-3-2-2-2\/#breadcrumb","itemListElement":[{"@type":"ListItem","position":1,"name":"Startseite","item":"https:\/\/www.nfv09.de\/home\/"},{"@type":"ListItem","position":2,"name":"B-Junioren holen 3.Platz bei HKM der A-Junioren"}]},{"@type":"WebSite","@id":"https:\/\/www.nfv09.de\/home\/#website","url":"https:\/\/www.nfv09.de\/home\/","name":"NFV Gelb-Wei\u00df G\u00f6rlitz 09 e.V.","description":"Sachsenklasse Ost","publisher":{"@id":"https:\/\/www.nfv09.de\/home\/#\/schema\/person\/ed693ed28e6e4b3f80b32447b2b6cbc7"},"potentialAction":[{"@type":"SearchAction","target":{"@type":"EntryPoint","urlTemplate":"https:\/\/www.nfv09.de\/home\/?s={search_term_string}"},"query-input":{"@type":"PropertyValueSpecification","valueRequired":true,"valueName":"search_term_string"}}],"inLanguage":"de"},{"@type":["Person","Organization"],"@id":"https:\/\/www.nfv09.de\/home\/#\/schema\/person\/ed693ed28e6e4b3f80b32447b2b6cbc7","name":"Regassi","image":{"@type":"ImageObject","inLanguage":"de","@id":"https:\/\/www.nfv09.de\/home\/wp-content\/uploads\/2015\/04\/cropped-nfv-gelb-weiss-goerlitz-e1468573113314-1.gif","url":"https:\/\/www.nfv09.de\/home\/wp-content\/uploads\/2015\/04\/cropped-nfv-gelb-weiss-goerlitz-e1468573113314-1.gif","contentUrl":"https:\/\/www.nfv09.de\/home\/wp-content\/uploads\/2015\/04\/cropped-nfv-gelb-weiss-goerlitz-e1468573113314-1.gif","width":100,"height":122,"caption":"Regassi"},"logo":{"@id":"https:\/\/www.nfv09.de\/home\/wp-content\/uploads\/2015\/04\/cropped-nfv-gelb-weiss-goerlitz-e1468573113314-1.gif"},"url":"https:\/\/www.nfv09.de\/home\/author\/regassi\/"}]}},"_links":{"self":[{"href":"https:\/\/www.nfv09.de\/home\/wp-json\/wp\/v2\/posts\/4800","targetHints":{"allow":["GET"]}}],"collection":[{"href":"https:\/\/www.nfv09.de\/home\/wp-json\/wp\/v2\/posts"}],"about":[{"href":"https:\/\/www.nfv09.de\/home\/wp-json\/wp\/v2\/types\/post"}],"author":[{"embeddable":true,"href":"https:\/\/www.nfv09.de\/home\/wp-json\/wp\/v2\/users\/3"}],"replies":[{"embeddable":true,"href":"https:\/\/www.nfv09.de\/home\/wp-json\/wp\/v2\/comments?post=4800"}],"version-history":[{"count":0,"href":"https:\/\/www.nfv09.de\/home\/wp-json\/wp\/v2\/posts\/4800\/revisions"}],"wp:featuredmedia":[{"embeddable":true,"href":"https:\/\/www.nfv09.de\/home\/wp-json\/wp\/v2\/media\/4784"}],"wp:attachment":[{"href":"https:\/\/www.nfv09.de\/home\/wp-json\/wp\/v2\/media?parent=4800"}],"wp:term":[{"taxonomy":"category","embeddable":true,"href":"https:\/\/www.nfv09.de\/home\/wp-json\/wp\/v2\/categories?post=4800"},{"taxonomy":"post_tag","embeddable":true,"href":"https:\/\/www.nfv09.de\/home\/wp-json\/wp\/v2\/tags?post=4800"}],"curies":[{"name":"wp","href":"https:\/\/api.w.org\/{rel}","templated":true}]}}