{"id":4792,"date":"2025-01-27T18:04:03","date_gmt":"2025-01-27T17:04:03","guid":{"rendered":"https:\/\/www.nfv09.de\/home\/2025\/01\/20\/frohe-weihnachten-2-2-2-3-2-3-2\/"},"modified":"2025-01-27T18:07:33","modified_gmt":"2025-01-27T17:07:33","slug":"frohe-weihnachten-2-2-2-3-2-3-2","status":"publish","type":"post","link":"https:\/\/www.nfv09.de\/home\/2025\/01\/27\/frohe-weihnachten-2-2-2-3-2-3-2\/","title":{"rendered":"Frauen holen Platz 3. bei der HLM"},"content":{"rendered":"\n<p>\u201eHallenlandesmeister, zum Greifen nah\u201c &#8211; NFV-Frauen zwischen Wehmut und Stolz<\/p>\n\n\n\n<p>Die NFV-Frauen schnupperten bei der s\u00e4chsischen Hallenlandesmeisterschaft in Seifhennersdorf nach technisch starkem Auftritt an der Sensation.<\/p>\n\n\n\n<p>Trainer Ronny Seibt: \u201eDer Stolz \u00fcber das Erreichte kommt wahrscheinlich erst die n\u00e4chsten Tage, weil es zum Greifen nah war. Wir haben es geschafft, technisch starken Fu\u00dfball auf Augenh\u00f6he gegen die Mannschaften aus Regional- und Landesliga zu zeigen, haben wenig Torchancen zugelassen und das Spielgeschehen bestimmt. Im Moment tut es mehr weh, als ich vor dem Turnier dachte, wenn ein paar Tage verstrichen sind, realisieren wir, was wir in diesem Winter bei der s\u00e4chsischen Hallenlandesmeisterschaft gerissen haben. Wir k\u00f6nnen stolz auf uns sein. Niemand hat uns da erwartet, aber trotzdem standen wir im Finale. Ich hatte durchgehend G\u00e4nsehaut. Es war so laut, ich habe kaum etwas geh\u00f6rt. Das hat so Bock gemacht. Die Fans k\u00f6nnen stolz sein, was sie abgeliefert haben. Diese Endrunde war f\u00fcr alle Frauen das Highlight in diesem Winter.\u201c <img decoding=\"async\" width=\"16\" height=\"16\" src=\"blob:https:\/\/www.nfv09.de\/9d734da4-eac1-4f83-b567-15837bb2e547\" alt=\"\ud83d\udfe1\"><img decoding=\"async\" width=\"16\" height=\"16\" src=\"blob:https:\/\/www.nfv09.de\/3ffe2b9e-2bd8-4ca6-b705-aae36a269678\" alt=\"\u26aa\ufe0f\"><\/p>\n\n\n\n<p>Gl\u00fcckwunsch zum erreichten 3. Platz! <\/p>\n\n\n\n<figure class=\"wp-block-image size-large\"><img fetchpriority=\"high\" decoding=\"async\" width=\"1024\" height=\"477\" src=\"https:\/\/www.nfv09.de\/home\/wp-content\/uploads\/2025\/01\/1000034526-1-1024x477.jpg\" alt=\"\" class=\"wp-image-4795\" srcset=\"https:\/\/www.nfv09.de\/home\/wp-content\/uploads\/2025\/01\/1000034526-1-1024x477.jpg 1024w, https:\/\/www.nfv09.de\/home\/wp-content\/uploads\/2025\/01\/1000034526-1-300x140.jpg 300w, https:\/\/www.nfv09.de\/home\/wp-content\/uploads\/2025\/01\/1000034526-1-768x358.jpg 768w, https:\/\/www.nfv09.de\/home\/wp-content\/uploads\/2025\/01\/1000034526-1-1536x716.jpg 1536w, https:\/\/www.nfv09.de\/home\/wp-content\/uploads\/2025\/01\/1000034526-1-2048x955.jpg 2048w\" sizes=\"(max-width: 1024px) 100vw, 1024px\" \/><\/figure>\n\n\n\n<figure class=\"wp-block-image size-large\"><img loading=\"lazy\" decoding=\"async\" width=\"1024\" height=\"438\" src=\"https:\/\/www.nfv09.de\/home\/wp-content\/uploads\/2025\/01\/Turnier-Damen-1024x438.jpg\" alt=\"\" class=\"wp-image-4798\" srcset=\"https:\/\/www.nfv09.de\/home\/wp-content\/uploads\/2025\/01\/Turnier-Damen-1024x438.jpg 1024w, https:\/\/www.nfv09.de\/home\/wp-content\/uploads\/2025\/01\/Turnier-Damen-300x128.jpg 300w, https:\/\/www.nfv09.de\/home\/wp-content\/uploads\/2025\/01\/Turnier-Damen-768x329.jpg 768w, https:\/\/www.nfv09.de\/home\/wp-content\/uploads\/2025\/01\/Turnier-Damen-1536x657.jpg 1536w, https:\/\/www.nfv09.de\/home\/wp-content\/uploads\/2025\/01\/Turnier-Damen.jpg 1638w\" sizes=\"(max-width: 1024px) 100vw, 1024px\" \/><\/figure>\n\n\n\n\n\n<p><\/p>\n","protected":false},"excerpt":{"rendered":"<p>\u201eHallenlandesmeister, zum Greifen nah\u201c &#8211; NFV-Frauen zwischen Wehmut und Stolz Die NFV-Frauen schnupperten bei der s\u00e4chsischen Hallenlandesmeisterschaft in Seifhennersdorf nach technisch starkem Auftritt an der Sensation. Trainer Ronny Seibt: \u201eDer Stolz \u00fcber das Erreichte kommt wahrscheinlich erst die n\u00e4chsten Tage, weil es zum Greifen nah war. Wir haben es geschafft, technisch starken Fu\u00dfball auf Augenh\u00f6he [&hellip;]<\/p>\n","protected":false},"author":3,"featured_media":4796,"comment_status":"open","ping_status":"open","sticky":false,"template":"","format":"standard","meta":{"footnotes":""},"categories":[169,85],"tags":[97],"class_list":["post-4792","post","type-post","status-publish","format-standard","has-post-thumbnail","hentry","category-frauen","category-verein","tag-goerlitz"],"yoast_head":"<!-- This site is optimized with the Yoast SEO plugin v27.4 - https:\/\/yoast.com\/product\/yoast-seo-wordpress\/ -->\n<title>Frauen holen Platz 3. bei der HLM - NFV Gelb-Wei\u00df G\u00f6rlitz 09 e.V.<\/title>\n<meta name=\"robots\" content=\"index, follow, max-snippet:-1, max-image-preview:large, max-video-preview:-1\" \/>\n<link rel=\"canonical\" href=\"https:\/\/www.nfv09.de\/home\/2025\/01\/27\/frohe-weihnachten-2-2-2-3-2-3-2\/\" \/>\n<meta property=\"og:locale\" content=\"de_DE\" \/>\n<meta property=\"og:type\" content=\"article\" \/>\n<meta property=\"og:title\" content=\"Frauen holen Platz 3. bei der HLM - NFV Gelb-Wei\u00df G\u00f6rlitz 09 e.V.\" \/>\n<meta property=\"og:description\" content=\"\u201eHallenlandesmeister, zum Greifen nah\u201c &#8211; NFV-Frauen zwischen Wehmut und Stolz Die NFV-Frauen schnupperten bei der s\u00e4chsischen Hallenlandesmeisterschaft in Seifhennersdorf nach technisch starkem Auftritt an der Sensation. Trainer Ronny Seibt: \u201eDer Stolz \u00fcber das Erreichte kommt wahrscheinlich erst die n\u00e4chsten Tage, weil es zum Greifen nah war. Wir haben es geschafft, technisch starken Fu\u00dfball auf Augenh\u00f6he [&hellip;]\" \/>\n<meta property=\"og:url\" content=\"https:\/\/www.nfv09.de\/home\/2025\/01\/27\/frohe-weihnachten-2-2-2-3-2-3-2\/\" \/>\n<meta property=\"og:site_name\" content=\"NFV Gelb-Wei\u00df G\u00f6rlitz 09 e.V.\" \/>\n<meta property=\"article:published_time\" content=\"2025-01-27T17:04:03+00:00\" \/>\n<meta property=\"article:modified_time\" content=\"2025-01-27T17:07:33+00:00\" \/>\n<meta property=\"og:image\" content=\"https:\/\/www.nfv09.de\/home\/wp-content\/uploads\/2025\/01\/1000034554-scaled.jpg\" \/>\n\t<meta property=\"og:image:width\" content=\"2560\" \/>\n\t<meta property=\"og:image:height\" content=\"1264\" \/>\n\t<meta property=\"og:image:type\" content=\"image\/jpeg\" \/>\n<meta name=\"author\" content=\"Regassi\" \/>\n<meta name=\"twitter:card\" content=\"summary_large_image\" \/>\n<meta name=\"twitter:label1\" content=\"Verfasst von\" \/>\n\t<meta name=\"twitter:data1\" content=\"Regassi\" \/>\n\t<meta name=\"twitter:label2\" content=\"Gesch\u00e4tzte Lesezeit\" \/>\n\t<meta name=\"twitter:data2\" content=\"3\u00a0Minuten\" \/>\n<script type=\"application\/ld+json\" class=\"yoast-schema-graph\">{\"@context\":\"https:\\\/\\\/schema.org\",\"@graph\":[{\"@type\":\"Article\",\"@id\":\"https:\\\/\\\/www.nfv09.de\\\/home\\\/2025\\\/01\\\/27\\\/frohe-weihnachten-2-2-2-3-2-3-2\\\/#article\",\"isPartOf\":{\"@id\":\"https:\\\/\\\/www.nfv09.de\\\/home\\\/2025\\\/01\\\/27\\\/frohe-weihnachten-2-2-2-3-2-3-2\\\/\"},\"author\":{\"name\":\"Regassi\",\"@id\":\"https:\\\/\\\/www.nfv09.de\\\/home\\\/#\\\/schema\\\/person\\\/ed693ed28e6e4b3f80b32447b2b6cbc7\"},\"headline\":\"Frauen holen Platz 3. bei der HLM\",\"datePublished\":\"2025-01-27T17:04:03+00:00\",\"dateModified\":\"2025-01-27T17:07:33+00:00\",\"mainEntityOfPage\":{\"@id\":\"https:\\\/\\\/www.nfv09.de\\\/home\\\/2025\\\/01\\\/27\\\/frohe-weihnachten-2-2-2-3-2-3-2\\\/\"},\"wordCount\":179,\"commentCount\":0,\"publisher\":{\"@id\":\"https:\\\/\\\/www.nfv09.de\\\/home\\\/#\\\/schema\\\/person\\\/ed693ed28e6e4b3f80b32447b2b6cbc7\"},\"image\":{\"@id\":\"https:\\\/\\\/www.nfv09.de\\\/home\\\/2025\\\/01\\\/27\\\/frohe-weihnachten-2-2-2-3-2-3-2\\\/#primaryimage\"},\"thumbnailUrl\":\"https:\\\/\\\/www.nfv09.de\\\/home\\\/wp-content\\\/uploads\\\/2025\\\/01\\\/1000034554-scaled.jpg\",\"keywords\":[\"G\u00f6rlitz\"],\"articleSection\":[\"Frauen\",\"Verein\"],\"inLanguage\":\"de\",\"potentialAction\":[{\"@type\":\"CommentAction\",\"name\":\"Comment\",\"target\":[\"https:\\\/\\\/www.nfv09.de\\\/home\\\/2025\\\/01\\\/27\\\/frohe-weihnachten-2-2-2-3-2-3-2\\\/#respond\"]}]},{\"@type\":\"WebPage\",\"@id\":\"https:\\\/\\\/www.nfv09.de\\\/home\\\/2025\\\/01\\\/27\\\/frohe-weihnachten-2-2-2-3-2-3-2\\\/\",\"url\":\"https:\\\/\\\/www.nfv09.de\\\/home\\\/2025\\\/01\\\/27\\\/frohe-weihnachten-2-2-2-3-2-3-2\\\/\",\"name\":\"Frauen holen Platz 3. bei der HLM - NFV Gelb-Wei\u00df G\u00f6rlitz 09 e.V.\",\"isPartOf\":{\"@id\":\"https:\\\/\\\/www.nfv09.de\\\/home\\\/#website\"},\"primaryImageOfPage\":{\"@id\":\"https:\\\/\\\/www.nfv09.de\\\/home\\\/2025\\\/01\\\/27\\\/frohe-weihnachten-2-2-2-3-2-3-2\\\/#primaryimage\"},\"image\":{\"@id\":\"https:\\\/\\\/www.nfv09.de\\\/home\\\/2025\\\/01\\\/27\\\/frohe-weihnachten-2-2-2-3-2-3-2\\\/#primaryimage\"},\"thumbnailUrl\":\"https:\\\/\\\/www.nfv09.de\\\/home\\\/wp-content\\\/uploads\\\/2025\\\/01\\\/1000034554-scaled.jpg\",\"datePublished\":\"2025-01-27T17:04:03+00:00\",\"dateModified\":\"2025-01-27T17:07:33+00:00\",\"breadcrumb\":{\"@id\":\"https:\\\/\\\/www.nfv09.de\\\/home\\\/2025\\\/01\\\/27\\\/frohe-weihnachten-2-2-2-3-2-3-2\\\/#breadcrumb\"},\"inLanguage\":\"de\",\"potentialAction\":[{\"@type\":\"ReadAction\",\"target\":[\"https:\\\/\\\/www.nfv09.de\\\/home\\\/2025\\\/01\\\/27\\\/frohe-weihnachten-2-2-2-3-2-3-2\\\/\"]}]},{\"@type\":\"ImageObject\",\"inLanguage\":\"de\",\"@id\":\"https:\\\/\\\/www.nfv09.de\\\/home\\\/2025\\\/01\\\/27\\\/frohe-weihnachten-2-2-2-3-2-3-2\\\/#primaryimage\",\"url\":\"https:\\\/\\\/www.nfv09.de\\\/home\\\/wp-content\\\/uploads\\\/2025\\\/01\\\/1000034554-scaled.jpg\",\"contentUrl\":\"https:\\\/\\\/www.nfv09.de\\\/home\\\/wp-content\\\/uploads\\\/2025\\\/01\\\/1000034554-scaled.jpg\",\"width\":2560,\"height\":1264},{\"@type\":\"BreadcrumbList\",\"@id\":\"https:\\\/\\\/www.nfv09.de\\\/home\\\/2025\\\/01\\\/27\\\/frohe-weihnachten-2-2-2-3-2-3-2\\\/#breadcrumb\",\"itemListElement\":[{\"@type\":\"ListItem\",\"position\":1,\"name\":\"Startseite\",\"item\":\"https:\\\/\\\/www.nfv09.de\\\/home\\\/\"},{\"@type\":\"ListItem\",\"position\":2,\"name\":\"Frauen holen Platz 3. bei der HLM\"}]},{\"@type\":\"WebSite\",\"@id\":\"https:\\\/\\\/www.nfv09.de\\\/home\\\/#website\",\"url\":\"https:\\\/\\\/www.nfv09.de\\\/home\\\/\",\"name\":\"NFV Gelb-Wei\u00df G\u00f6rlitz 09 e.V.\",\"description\":\"Sachsenklasse Ost\",\"publisher\":{\"@id\":\"https:\\\/\\\/www.nfv09.de\\\/home\\\/#\\\/schema\\\/person\\\/ed693ed28e6e4b3f80b32447b2b6cbc7\"},\"potentialAction\":[{\"@type\":\"SearchAction\",\"target\":{\"@type\":\"EntryPoint\",\"urlTemplate\":\"https:\\\/\\\/www.nfv09.de\\\/home\\\/?s={search_term_string}\"},\"query-input\":{\"@type\":\"PropertyValueSpecification\",\"valueRequired\":true,\"valueName\":\"search_term_string\"}}],\"inLanguage\":\"de\"},{\"@type\":[\"Person\",\"Organization\"],\"@id\":\"https:\\\/\\\/www.nfv09.de\\\/home\\\/#\\\/schema\\\/person\\\/ed693ed28e6e4b3f80b32447b2b6cbc7\",\"name\":\"Regassi\",\"image\":{\"@type\":\"ImageObject\",\"inLanguage\":\"de\",\"@id\":\"https:\\\/\\\/www.nfv09.de\\\/home\\\/wp-content\\\/uploads\\\/2015\\\/04\\\/cropped-nfv-gelb-weiss-goerlitz-e1468573113314-1.gif\",\"url\":\"https:\\\/\\\/www.nfv09.de\\\/home\\\/wp-content\\\/uploads\\\/2015\\\/04\\\/cropped-nfv-gelb-weiss-goerlitz-e1468573113314-1.gif\",\"contentUrl\":\"https:\\\/\\\/www.nfv09.de\\\/home\\\/wp-content\\\/uploads\\\/2015\\\/04\\\/cropped-nfv-gelb-weiss-goerlitz-e1468573113314-1.gif\",\"width\":100,\"height\":122,\"caption\":\"Regassi\"},\"logo\":{\"@id\":\"https:\\\/\\\/www.nfv09.de\\\/home\\\/wp-content\\\/uploads\\\/2015\\\/04\\\/cropped-nfv-gelb-weiss-goerlitz-e1468573113314-1.gif\"},\"url\":\"https:\\\/\\\/www.nfv09.de\\\/home\\\/author\\\/regassi\\\/\"}]}<\/script>\n<!-- \/ Yoast SEO plugin. -->","yoast_head_json":{"title":"Frauen holen Platz 3. bei der HLM - NFV Gelb-Wei\u00df G\u00f6rlitz 09 e.V.","robots":{"index":"index","follow":"follow","max-snippet":"max-snippet:-1","max-image-preview":"max-image-preview:large","max-video-preview":"max-video-preview:-1"},"canonical":"https:\/\/www.nfv09.de\/home\/2025\/01\/27\/frohe-weihnachten-2-2-2-3-2-3-2\/","og_locale":"de_DE","og_type":"article","og_title":"Frauen holen Platz 3. bei der HLM - NFV Gelb-Wei\u00df G\u00f6rlitz 09 e.V.","og_description":"\u201eHallenlandesmeister, zum Greifen nah\u201c &#8211; NFV-Frauen zwischen Wehmut und Stolz Die NFV-Frauen schnupperten bei der s\u00e4chsischen Hallenlandesmeisterschaft in Seifhennersdorf nach technisch starkem Auftritt an der Sensation. Trainer Ronny Seibt: \u201eDer Stolz \u00fcber das Erreichte kommt wahrscheinlich erst die n\u00e4chsten Tage, weil es zum Greifen nah war. Wir haben es geschafft, technisch starken Fu\u00dfball auf Augenh\u00f6he [&hellip;]","og_url":"https:\/\/www.nfv09.de\/home\/2025\/01\/27\/frohe-weihnachten-2-2-2-3-2-3-2\/","og_site_name":"NFV Gelb-Wei\u00df G\u00f6rlitz 09 e.V.","article_published_time":"2025-01-27T17:04:03+00:00","article_modified_time":"2025-01-27T17:07:33+00:00","og_image":[{"width":2560,"height":1264,"url":"https:\/\/www.nfv09.de\/home\/wp-content\/uploads\/2025\/01\/1000034554-scaled.jpg","type":"image\/jpeg"}],"author":"Regassi","twitter_card":"summary_large_image","twitter_misc":{"Verfasst von":"Regassi","Gesch\u00e4tzte Lesezeit":"3\u00a0Minuten"},"schema":{"@context":"https:\/\/schema.org","@graph":[{"@type":"Article","@id":"https:\/\/www.nfv09.de\/home\/2025\/01\/27\/frohe-weihnachten-2-2-2-3-2-3-2\/#article","isPartOf":{"@id":"https:\/\/www.nfv09.de\/home\/2025\/01\/27\/frohe-weihnachten-2-2-2-3-2-3-2\/"},"author":{"name":"Regassi","@id":"https:\/\/www.nfv09.de\/home\/#\/schema\/person\/ed693ed28e6e4b3f80b32447b2b6cbc7"},"headline":"Frauen holen Platz 3. bei der HLM","datePublished":"2025-01-27T17:04:03+00:00","dateModified":"2025-01-27T17:07:33+00:00","mainEntityOfPage":{"@id":"https:\/\/www.nfv09.de\/home\/2025\/01\/27\/frohe-weihnachten-2-2-2-3-2-3-2\/"},"wordCount":179,"commentCount":0,"publisher":{"@id":"https:\/\/www.nfv09.de\/home\/#\/schema\/person\/ed693ed28e6e4b3f80b32447b2b6cbc7"},"image":{"@id":"https:\/\/www.nfv09.de\/home\/2025\/01\/27\/frohe-weihnachten-2-2-2-3-2-3-2\/#primaryimage"},"thumbnailUrl":"https:\/\/www.nfv09.de\/home\/wp-content\/uploads\/2025\/01\/1000034554-scaled.jpg","keywords":["G\u00f6rlitz"],"articleSection":["Frauen","Verein"],"inLanguage":"de","potentialAction":[{"@type":"CommentAction","name":"Comment","target":["https:\/\/www.nfv09.de\/home\/2025\/01\/27\/frohe-weihnachten-2-2-2-3-2-3-2\/#respond"]}]},{"@type":"WebPage","@id":"https:\/\/www.nfv09.de\/home\/2025\/01\/27\/frohe-weihnachten-2-2-2-3-2-3-2\/","url":"https:\/\/www.nfv09.de\/home\/2025\/01\/27\/frohe-weihnachten-2-2-2-3-2-3-2\/","name":"Frauen holen Platz 3. bei der HLM - NFV Gelb-Wei\u00df G\u00f6rlitz 09 e.V.","isPartOf":{"@id":"https:\/\/www.nfv09.de\/home\/#website"},"primaryImageOfPage":{"@id":"https:\/\/www.nfv09.de\/home\/2025\/01\/27\/frohe-weihnachten-2-2-2-3-2-3-2\/#primaryimage"},"image":{"@id":"https:\/\/www.nfv09.de\/home\/2025\/01\/27\/frohe-weihnachten-2-2-2-3-2-3-2\/#primaryimage"},"thumbnailUrl":"https:\/\/www.nfv09.de\/home\/wp-content\/uploads\/2025\/01\/1000034554-scaled.jpg","datePublished":"2025-01-27T17:04:03+00:00","dateModified":"2025-01-27T17:07:33+00:00","breadcrumb":{"@id":"https:\/\/www.nfv09.de\/home\/2025\/01\/27\/frohe-weihnachten-2-2-2-3-2-3-2\/#breadcrumb"},"inLanguage":"de","potentialAction":[{"@type":"ReadAction","target":["https:\/\/www.nfv09.de\/home\/2025\/01\/27\/frohe-weihnachten-2-2-2-3-2-3-2\/"]}]},{"@type":"ImageObject","inLanguage":"de","@id":"https:\/\/www.nfv09.de\/home\/2025\/01\/27\/frohe-weihnachten-2-2-2-3-2-3-2\/#primaryimage","url":"https:\/\/www.nfv09.de\/home\/wp-content\/uploads\/2025\/01\/1000034554-scaled.jpg","contentUrl":"https:\/\/www.nfv09.de\/home\/wp-content\/uploads\/2025\/01\/1000034554-scaled.jpg","width":2560,"height":1264},{"@type":"BreadcrumbList","@id":"https:\/\/www.nfv09.de\/home\/2025\/01\/27\/frohe-weihnachten-2-2-2-3-2-3-2\/#breadcrumb","itemListElement":[{"@type":"ListItem","position":1,"name":"Startseite","item":"https:\/\/www.nfv09.de\/home\/"},{"@type":"ListItem","position":2,"name":"Frauen holen Platz 3. bei der HLM"}]},{"@type":"WebSite","@id":"https:\/\/www.nfv09.de\/home\/#website","url":"https:\/\/www.nfv09.de\/home\/","name":"NFV Gelb-Wei\u00df G\u00f6rlitz 09 e.V.","description":"Sachsenklasse Ost","publisher":{"@id":"https:\/\/www.nfv09.de\/home\/#\/schema\/person\/ed693ed28e6e4b3f80b32447b2b6cbc7"},"potentialAction":[{"@type":"SearchAction","target":{"@type":"EntryPoint","urlTemplate":"https:\/\/www.nfv09.de\/home\/?s={search_term_string}"},"query-input":{"@type":"PropertyValueSpecification","valueRequired":true,"valueName":"search_term_string"}}],"inLanguage":"de"},{"@type":["Person","Organization"],"@id":"https:\/\/www.nfv09.de\/home\/#\/schema\/person\/ed693ed28e6e4b3f80b32447b2b6cbc7","name":"Regassi","image":{"@type":"ImageObject","inLanguage":"de","@id":"https:\/\/www.nfv09.de\/home\/wp-content\/uploads\/2015\/04\/cropped-nfv-gelb-weiss-goerlitz-e1468573113314-1.gif","url":"https:\/\/www.nfv09.de\/home\/wp-content\/uploads\/2015\/04\/cropped-nfv-gelb-weiss-goerlitz-e1468573113314-1.gif","contentUrl":"https:\/\/www.nfv09.de\/home\/wp-content\/uploads\/2015\/04\/cropped-nfv-gelb-weiss-goerlitz-e1468573113314-1.gif","width":100,"height":122,"caption":"Regassi"},"logo":{"@id":"https:\/\/www.nfv09.de\/home\/wp-content\/uploads\/2015\/04\/cropped-nfv-gelb-weiss-goerlitz-e1468573113314-1.gif"},"url":"https:\/\/www.nfv09.de\/home\/author\/regassi\/"}]}},"_links":{"self":[{"href":"https:\/\/www.nfv09.de\/home\/wp-json\/wp\/v2\/posts\/4792","targetHints":{"allow":["GET"]}}],"collection":[{"href":"https:\/\/www.nfv09.de\/home\/wp-json\/wp\/v2\/posts"}],"about":[{"href":"https:\/\/www.nfv09.de\/home\/wp-json\/wp\/v2\/types\/post"}],"author":[{"embeddable":true,"href":"https:\/\/www.nfv09.de\/home\/wp-json\/wp\/v2\/users\/3"}],"replies":[{"embeddable":true,"href":"https:\/\/www.nfv09.de\/home\/wp-json\/wp\/v2\/comments?post=4792"}],"version-history":[{"count":2,"href":"https:\/\/www.nfv09.de\/home\/wp-json\/wp\/v2\/posts\/4792\/revisions"}],"predecessor-version":[{"id":4799,"href":"https:\/\/www.nfv09.de\/home\/wp-json\/wp\/v2\/posts\/4792\/revisions\/4799"}],"wp:featuredmedia":[{"embeddable":true,"href":"https:\/\/www.nfv09.de\/home\/wp-json\/wp\/v2\/media\/4796"}],"wp:attachment":[{"href":"https:\/\/www.nfv09.de\/home\/wp-json\/wp\/v2\/media?parent=4792"}],"wp:term":[{"taxonomy":"category","embeddable":true,"href":"https:\/\/www.nfv09.de\/home\/wp-json\/wp\/v2\/categories?post=4792"},{"taxonomy":"post_tag","embeddable":true,"href":"https:\/\/www.nfv09.de\/home\/wp-json\/wp\/v2\/tags?post=4792"}],"curies":[{"name":"wp","href":"https:\/\/api.w.org\/{rel}","templated":true}]}}