{"id":4732,"date":"2025-01-05T21:05:00","date_gmt":"2025-01-05T20:05:00","guid":{"rendered":"https:\/\/www.nfv09.de\/home\/2024\/12\/31\/frohe-weihnachten-2-2-2-2\/"},"modified":"2025-01-05T21:09:35","modified_gmt":"2025-01-05T20:09:35","slug":"frohe-weihnachten-2-2-2-2","status":"publish","type":"post","link":"https:\/\/www.nfv09.de\/home\/2025\/01\/05\/frohe-weihnachten-2-2-2-2\/","title":{"rendered":"Hallenturnierwochenende mit H\u00f6hen und Tiefen"},"content":{"rendered":"\n<p>Ein NFV09 Hallenturnierwochenende mit H\u00f6hen und Tiefen<\/p>\n\n\n\n<p>Diverse Mannschaften des NFV09 waren an diesem Wochenende in Sporthallen der Region unterwegs, um ihre Leistungen sowohl in Meisterschaften, als auch in sportlichen Vergleichen zu messen.<\/p>\n\n\n\n<p>So waren, bei den J\u00fcngsten angefangen, die F-Junioren beim Birkenstock Neujahrsturnier des GFC Rauschwalde zu Gast. Nach anf\u00e4nglicher Zur\u00fcckhaltung konnte man sich im Laufe des Turnieres deutlich steigern und zum Ende den viel umjubelten Turniersieg einfahren. Zu diesem n\u00e4chsten Turniersieg, herzlichen Gl\u00fcckwunsch!<\/p>\n\n\n\n<figure class=\"wp-block-image size-large\"><img fetchpriority=\"high\" decoding=\"async\" width=\"1024\" height=\"768\" src=\"https:\/\/www.nfv09.de\/home\/wp-content\/uploads\/2024\/12\/71HP0dYC-1024x768.jpg\" alt=\"\" class=\"wp-image-4735\" srcset=\"https:\/\/www.nfv09.de\/home\/wp-content\/uploads\/2024\/12\/71HP0dYC-1024x768.jpg 1024w, https:\/\/www.nfv09.de\/home\/wp-content\/uploads\/2024\/12\/71HP0dYC-300x225.jpg 300w, https:\/\/www.nfv09.de\/home\/wp-content\/uploads\/2024\/12\/71HP0dYC-768x576.jpg 768w, https:\/\/www.nfv09.de\/home\/wp-content\/uploads\/2024\/12\/71HP0dYC-1536x1152.jpg 1536w, https:\/\/www.nfv09.de\/home\/wp-content\/uploads\/2024\/12\/71HP0dYC.jpg 1600w\" sizes=\"(max-width: 1024px) 100vw, 1024px\" \/><\/figure>\n\n\n\n<p>Die B-Juniorinnen waren in der Vorrunde der Hallenlandesmeisterschaften in Reichenbach aktiv. Mit 2 Niederlagen, einem Unentschieden und einem Sieg reichte es am Ende aber nur zu Platz 3 in der Tabelle und somit leider nicht zum Weiterkommen in die Endrunde. Kopf hoch!<\/p>\n\n\n\n<p>Die Frauen des NFV09 spielten am heutigen Sonntag die Vorrunde ebenfalls in der Hallenlandesmeisterschaft in Reichenbach aus.<\/p>\n\n\n\n<p>Mit vier Siegen, aus vier Spielen, blieb man unbesiegt und eroberte mit 12:0 Treffern die Tabellenf\u00fchrung und somit auch die Qualifikation zur Endrunde der Hallenlandesmeisterschaft. Gratulation!<\/p>\n\n\n\n<figure class=\"wp-block-image size-large\"><img decoding=\"async\" width=\"1024\" height=\"792\" src=\"https:\/\/www.nfv09.de\/home\/wp-content\/uploads\/2024\/12\/WhatsApp-Image-2025-01-05-at-21.05.11-1024x792.jpeg\" alt=\"\" class=\"wp-image-4734\" srcset=\"https:\/\/www.nfv09.de\/home\/wp-content\/uploads\/2024\/12\/WhatsApp-Image-2025-01-05-at-21.05.11-1024x792.jpeg 1024w, https:\/\/www.nfv09.de\/home\/wp-content\/uploads\/2024\/12\/WhatsApp-Image-2025-01-05-at-21.05.11-300x232.jpeg 300w, https:\/\/www.nfv09.de\/home\/wp-content\/uploads\/2024\/12\/WhatsApp-Image-2025-01-05-at-21.05.11-768x594.jpeg 768w, https:\/\/www.nfv09.de\/home\/wp-content\/uploads\/2024\/12\/WhatsApp-Image-2025-01-05-at-21.05.11-1536x1188.jpeg 1536w, https:\/\/www.nfv09.de\/home\/wp-content\/uploads\/2024\/12\/WhatsApp-Image-2025-01-05-at-21.05.11.jpeg 1600w\" sizes=\"(max-width: 1024px) 100vw, 1024px\" \/><\/figure>\n\n\n\n<p>Die Herren des NFV spielten am heutigen Tag in Bernstadt beim traditionsreichen Sparkassen-Cup. Leider war das Gl\u00fcck hier nicht auf der Seite der Gelb-Wei\u00dfen. Man verlor in der Vorrunde, wenn auch zu Teilen denkbar knapp alle Spiele und konnte auch im Platzierungsspiel nicht gewinnen. So blieb am Ende nur ein entt\u00e4uschender 8. und somit nur der letzte Platz.<\/p>\n\n\n\n<p>Hervorzuheben sei hier aber, dass der Keeper der Gelb-Wei\u00dfen, Leif Mauksch, am Ende des Turniers zum Besten Keeper in ebendiesem gew\u00e4hlt worden ist.<\/p>\n\n\n\n<p>Allen Teams eine gute Vorbereitung auf die kommenden sportlichen Aufgaben in den Meisterschaften, sowohl in der Halle als auch auf dem Rasen.<\/p>\n\n\n\n<p>[BB]<\/p>\n\n\n","protected":false},"excerpt":{"rendered":"<p>Ein NFV09 Hallenturnierwochenende mit H\u00f6hen und Tiefen Diverse Mannschaften des NFV09 waren an diesem Wochenende in Sporthallen der Region unterwegs, um ihre Leistungen sowohl in Meisterschaften, als auch in sportlichen Vergleichen zu messen. So waren, bei den J\u00fcngsten angefangen, die F-Junioren beim Birkenstock Neujahrsturnier des GFC Rauschwalde zu Gast. Nach anf\u00e4nglicher Zur\u00fcckhaltung konnte man sich [&hellip;]<\/p>\n","protected":false},"author":3,"featured_media":4734,"comment_status":"open","ping_status":"open","sticky":false,"template":"","format":"standard","meta":{"footnotes":""},"categories":[85],"tags":[97],"class_list":["post-4732","post","type-post","status-publish","format-standard","has-post-thumbnail","hentry","category-verein","tag-goerlitz"],"yoast_head":"<!-- This site is optimized with the Yoast SEO plugin v27.5 - https:\/\/yoast.com\/product\/yoast-seo-wordpress\/ -->\n<title>Hallenturnierwochenende mit H\u00f6hen und Tiefen - NFV Gelb-Wei\u00df G\u00f6rlitz 09 e.V.<\/title>\n<meta name=\"robots\" content=\"index, follow, max-snippet:-1, max-image-preview:large, max-video-preview:-1\" \/>\n<link rel=\"canonical\" href=\"https:\/\/www.nfv09.de\/home\/2025\/01\/05\/frohe-weihnachten-2-2-2-2\/\" \/>\n<meta property=\"og:locale\" content=\"de_DE\" \/>\n<meta property=\"og:type\" content=\"article\" \/>\n<meta property=\"og:title\" content=\"Hallenturnierwochenende mit H\u00f6hen und Tiefen - NFV Gelb-Wei\u00df G\u00f6rlitz 09 e.V.\" \/>\n<meta property=\"og:description\" content=\"Ein NFV09 Hallenturnierwochenende mit H\u00f6hen und Tiefen Diverse Mannschaften des NFV09 waren an diesem Wochenende in Sporthallen der Region unterwegs, um ihre Leistungen sowohl in Meisterschaften, als auch in sportlichen Vergleichen zu messen. So waren, bei den J\u00fcngsten angefangen, die F-Junioren beim Birkenstock Neujahrsturnier des GFC Rauschwalde zu Gast. Nach anf\u00e4nglicher Zur\u00fcckhaltung konnte man sich [&hellip;]\" \/>\n<meta property=\"og:url\" content=\"https:\/\/www.nfv09.de\/home\/2025\/01\/05\/frohe-weihnachten-2-2-2-2\/\" \/>\n<meta property=\"og:site_name\" content=\"NFV Gelb-Wei\u00df G\u00f6rlitz 09 e.V.\" \/>\n<meta property=\"article:published_time\" content=\"2025-01-05T20:05:00+00:00\" \/>\n<meta property=\"article:modified_time\" content=\"2025-01-05T20:09:35+00:00\" \/>\n<meta property=\"og:image\" content=\"https:\/\/www.nfv09.de\/home\/wp-content\/uploads\/2024\/12\/WhatsApp-Image-2025-01-05-at-21.05.11.jpeg\" \/>\n\t<meta property=\"og:image:width\" content=\"1600\" \/>\n\t<meta property=\"og:image:height\" content=\"1238\" \/>\n\t<meta property=\"og:image:type\" content=\"image\/jpeg\" \/>\n<meta name=\"author\" content=\"Regassi\" \/>\n<meta name=\"twitter:card\" content=\"summary_large_image\" \/>\n<meta name=\"twitter:label1\" content=\"Verfasst von\" \/>\n\t<meta name=\"twitter:data1\" content=\"Regassi\" \/>\n\t<meta name=\"twitter:label2\" content=\"Gesch\u00e4tzte Lesezeit\" \/>\n\t<meta name=\"twitter:data2\" content=\"3\u00a0Minuten\" \/>\n<script type=\"application\/ld+json\" class=\"yoast-schema-graph\">{\"@context\":\"https:\\\/\\\/schema.org\",\"@graph\":[{\"@type\":\"Article\",\"@id\":\"https:\\\/\\\/www.nfv09.de\\\/home\\\/2025\\\/01\\\/05\\\/frohe-weihnachten-2-2-2-2\\\/#article\",\"isPartOf\":{\"@id\":\"https:\\\/\\\/www.nfv09.de\\\/home\\\/2025\\\/01\\\/05\\\/frohe-weihnachten-2-2-2-2\\\/\"},\"author\":{\"name\":\"Regassi\",\"@id\":\"https:\\\/\\\/www.nfv09.de\\\/home\\\/#\\\/schema\\\/person\\\/ed693ed28e6e4b3f80b32447b2b6cbc7\"},\"headline\":\"Hallenturnierwochenende mit H\u00f6hen und Tiefen\",\"datePublished\":\"2025-01-05T20:05:00+00:00\",\"dateModified\":\"2025-01-05T20:09:35+00:00\",\"mainEntityOfPage\":{\"@id\":\"https:\\\/\\\/www.nfv09.de\\\/home\\\/2025\\\/01\\\/05\\\/frohe-weihnachten-2-2-2-2\\\/\"},\"wordCount\":278,\"commentCount\":0,\"publisher\":{\"@id\":\"https:\\\/\\\/www.nfv09.de\\\/home\\\/#\\\/schema\\\/person\\\/ed693ed28e6e4b3f80b32447b2b6cbc7\"},\"image\":{\"@id\":\"https:\\\/\\\/www.nfv09.de\\\/home\\\/2025\\\/01\\\/05\\\/frohe-weihnachten-2-2-2-2\\\/#primaryimage\"},\"thumbnailUrl\":\"https:\\\/\\\/www.nfv09.de\\\/home\\\/wp-content\\\/uploads\\\/2024\\\/12\\\/WhatsApp-Image-2025-01-05-at-21.05.11.jpeg\",\"keywords\":[\"G\u00f6rlitz\"],\"articleSection\":[\"Verein\"],\"inLanguage\":\"de\",\"potentialAction\":[{\"@type\":\"CommentAction\",\"name\":\"Comment\",\"target\":[\"https:\\\/\\\/www.nfv09.de\\\/home\\\/2025\\\/01\\\/05\\\/frohe-weihnachten-2-2-2-2\\\/#respond\"]}]},{\"@type\":\"WebPage\",\"@id\":\"https:\\\/\\\/www.nfv09.de\\\/home\\\/2025\\\/01\\\/05\\\/frohe-weihnachten-2-2-2-2\\\/\",\"url\":\"https:\\\/\\\/www.nfv09.de\\\/home\\\/2025\\\/01\\\/05\\\/frohe-weihnachten-2-2-2-2\\\/\",\"name\":\"Hallenturnierwochenende mit H\u00f6hen und Tiefen - NFV Gelb-Wei\u00df G\u00f6rlitz 09 e.V.\",\"isPartOf\":{\"@id\":\"https:\\\/\\\/www.nfv09.de\\\/home\\\/#website\"},\"primaryImageOfPage\":{\"@id\":\"https:\\\/\\\/www.nfv09.de\\\/home\\\/2025\\\/01\\\/05\\\/frohe-weihnachten-2-2-2-2\\\/#primaryimage\"},\"image\":{\"@id\":\"https:\\\/\\\/www.nfv09.de\\\/home\\\/2025\\\/01\\\/05\\\/frohe-weihnachten-2-2-2-2\\\/#primaryimage\"},\"thumbnailUrl\":\"https:\\\/\\\/www.nfv09.de\\\/home\\\/wp-content\\\/uploads\\\/2024\\\/12\\\/WhatsApp-Image-2025-01-05-at-21.05.11.jpeg\",\"datePublished\":\"2025-01-05T20:05:00+00:00\",\"dateModified\":\"2025-01-05T20:09:35+00:00\",\"breadcrumb\":{\"@id\":\"https:\\\/\\\/www.nfv09.de\\\/home\\\/2025\\\/01\\\/05\\\/frohe-weihnachten-2-2-2-2\\\/#breadcrumb\"},\"inLanguage\":\"de\",\"potentialAction\":[{\"@type\":\"ReadAction\",\"target\":[\"https:\\\/\\\/www.nfv09.de\\\/home\\\/2025\\\/01\\\/05\\\/frohe-weihnachten-2-2-2-2\\\/\"]}]},{\"@type\":\"ImageObject\",\"inLanguage\":\"de\",\"@id\":\"https:\\\/\\\/www.nfv09.de\\\/home\\\/2025\\\/01\\\/05\\\/frohe-weihnachten-2-2-2-2\\\/#primaryimage\",\"url\":\"https:\\\/\\\/www.nfv09.de\\\/home\\\/wp-content\\\/uploads\\\/2024\\\/12\\\/WhatsApp-Image-2025-01-05-at-21.05.11.jpeg\",\"contentUrl\":\"https:\\\/\\\/www.nfv09.de\\\/home\\\/wp-content\\\/uploads\\\/2024\\\/12\\\/WhatsApp-Image-2025-01-05-at-21.05.11.jpeg\",\"width\":1600,\"height\":1238},{\"@type\":\"BreadcrumbList\",\"@id\":\"https:\\\/\\\/www.nfv09.de\\\/home\\\/2025\\\/01\\\/05\\\/frohe-weihnachten-2-2-2-2\\\/#breadcrumb\",\"itemListElement\":[{\"@type\":\"ListItem\",\"position\":1,\"name\":\"Startseite\",\"item\":\"https:\\\/\\\/www.nfv09.de\\\/home\\\/\"},{\"@type\":\"ListItem\",\"position\":2,\"name\":\"Hallenturnierwochenende mit H\u00f6hen und Tiefen\"}]},{\"@type\":\"WebSite\",\"@id\":\"https:\\\/\\\/www.nfv09.de\\\/home\\\/#website\",\"url\":\"https:\\\/\\\/www.nfv09.de\\\/home\\\/\",\"name\":\"NFV Gelb-Wei\u00df G\u00f6rlitz 09 e.V.\",\"description\":\"Sachsenklasse Ost\",\"publisher\":{\"@id\":\"https:\\\/\\\/www.nfv09.de\\\/home\\\/#\\\/schema\\\/person\\\/ed693ed28e6e4b3f80b32447b2b6cbc7\"},\"potentialAction\":[{\"@type\":\"SearchAction\",\"target\":{\"@type\":\"EntryPoint\",\"urlTemplate\":\"https:\\\/\\\/www.nfv09.de\\\/home\\\/?s={search_term_string}\"},\"query-input\":{\"@type\":\"PropertyValueSpecification\",\"valueRequired\":true,\"valueName\":\"search_term_string\"}}],\"inLanguage\":\"de\"},{\"@type\":[\"Person\",\"Organization\"],\"@id\":\"https:\\\/\\\/www.nfv09.de\\\/home\\\/#\\\/schema\\\/person\\\/ed693ed28e6e4b3f80b32447b2b6cbc7\",\"name\":\"Regassi\",\"image\":{\"@type\":\"ImageObject\",\"inLanguage\":\"de\",\"@id\":\"https:\\\/\\\/www.nfv09.de\\\/home\\\/wp-content\\\/uploads\\\/2015\\\/04\\\/cropped-nfv-gelb-weiss-goerlitz-e1468573113314-1.gif\",\"url\":\"https:\\\/\\\/www.nfv09.de\\\/home\\\/wp-content\\\/uploads\\\/2015\\\/04\\\/cropped-nfv-gelb-weiss-goerlitz-e1468573113314-1.gif\",\"contentUrl\":\"https:\\\/\\\/www.nfv09.de\\\/home\\\/wp-content\\\/uploads\\\/2015\\\/04\\\/cropped-nfv-gelb-weiss-goerlitz-e1468573113314-1.gif\",\"width\":100,\"height\":122,\"caption\":\"Regassi\"},\"logo\":{\"@id\":\"https:\\\/\\\/www.nfv09.de\\\/home\\\/wp-content\\\/uploads\\\/2015\\\/04\\\/cropped-nfv-gelb-weiss-goerlitz-e1468573113314-1.gif\"},\"url\":\"https:\\\/\\\/www.nfv09.de\\\/home\\\/author\\\/regassi\\\/\"}]}<\/script>\n<!-- \/ Yoast SEO plugin. -->","yoast_head_json":{"title":"Hallenturnierwochenende mit H\u00f6hen und Tiefen - NFV Gelb-Wei\u00df G\u00f6rlitz 09 e.V.","robots":{"index":"index","follow":"follow","max-snippet":"max-snippet:-1","max-image-preview":"max-image-preview:large","max-video-preview":"max-video-preview:-1"},"canonical":"https:\/\/www.nfv09.de\/home\/2025\/01\/05\/frohe-weihnachten-2-2-2-2\/","og_locale":"de_DE","og_type":"article","og_title":"Hallenturnierwochenende mit H\u00f6hen und Tiefen - NFV Gelb-Wei\u00df G\u00f6rlitz 09 e.V.","og_description":"Ein NFV09 Hallenturnierwochenende mit H\u00f6hen und Tiefen Diverse Mannschaften des NFV09 waren an diesem Wochenende in Sporthallen der Region unterwegs, um ihre Leistungen sowohl in Meisterschaften, als auch in sportlichen Vergleichen zu messen. So waren, bei den J\u00fcngsten angefangen, die F-Junioren beim Birkenstock Neujahrsturnier des GFC Rauschwalde zu Gast. Nach anf\u00e4nglicher Zur\u00fcckhaltung konnte man sich [&hellip;]","og_url":"https:\/\/www.nfv09.de\/home\/2025\/01\/05\/frohe-weihnachten-2-2-2-2\/","og_site_name":"NFV Gelb-Wei\u00df G\u00f6rlitz 09 e.V.","article_published_time":"2025-01-05T20:05:00+00:00","article_modified_time":"2025-01-05T20:09:35+00:00","og_image":[{"width":1600,"height":1238,"url":"https:\/\/www.nfv09.de\/home\/wp-content\/uploads\/2024\/12\/WhatsApp-Image-2025-01-05-at-21.05.11.jpeg","type":"image\/jpeg"}],"author":"Regassi","twitter_card":"summary_large_image","twitter_misc":{"Verfasst von":"Regassi","Gesch\u00e4tzte Lesezeit":"3\u00a0Minuten"},"schema":{"@context":"https:\/\/schema.org","@graph":[{"@type":"Article","@id":"https:\/\/www.nfv09.de\/home\/2025\/01\/05\/frohe-weihnachten-2-2-2-2\/#article","isPartOf":{"@id":"https:\/\/www.nfv09.de\/home\/2025\/01\/05\/frohe-weihnachten-2-2-2-2\/"},"author":{"name":"Regassi","@id":"https:\/\/www.nfv09.de\/home\/#\/schema\/person\/ed693ed28e6e4b3f80b32447b2b6cbc7"},"headline":"Hallenturnierwochenende mit H\u00f6hen und Tiefen","datePublished":"2025-01-05T20:05:00+00:00","dateModified":"2025-01-05T20:09:35+00:00","mainEntityOfPage":{"@id":"https:\/\/www.nfv09.de\/home\/2025\/01\/05\/frohe-weihnachten-2-2-2-2\/"},"wordCount":278,"commentCount":0,"publisher":{"@id":"https:\/\/www.nfv09.de\/home\/#\/schema\/person\/ed693ed28e6e4b3f80b32447b2b6cbc7"},"image":{"@id":"https:\/\/www.nfv09.de\/home\/2025\/01\/05\/frohe-weihnachten-2-2-2-2\/#primaryimage"},"thumbnailUrl":"https:\/\/www.nfv09.de\/home\/wp-content\/uploads\/2024\/12\/WhatsApp-Image-2025-01-05-at-21.05.11.jpeg","keywords":["G\u00f6rlitz"],"articleSection":["Verein"],"inLanguage":"de","potentialAction":[{"@type":"CommentAction","name":"Comment","target":["https:\/\/www.nfv09.de\/home\/2025\/01\/05\/frohe-weihnachten-2-2-2-2\/#respond"]}]},{"@type":"WebPage","@id":"https:\/\/www.nfv09.de\/home\/2025\/01\/05\/frohe-weihnachten-2-2-2-2\/","url":"https:\/\/www.nfv09.de\/home\/2025\/01\/05\/frohe-weihnachten-2-2-2-2\/","name":"Hallenturnierwochenende mit H\u00f6hen und Tiefen - NFV Gelb-Wei\u00df G\u00f6rlitz 09 e.V.","isPartOf":{"@id":"https:\/\/www.nfv09.de\/home\/#website"},"primaryImageOfPage":{"@id":"https:\/\/www.nfv09.de\/home\/2025\/01\/05\/frohe-weihnachten-2-2-2-2\/#primaryimage"},"image":{"@id":"https:\/\/www.nfv09.de\/home\/2025\/01\/05\/frohe-weihnachten-2-2-2-2\/#primaryimage"},"thumbnailUrl":"https:\/\/www.nfv09.de\/home\/wp-content\/uploads\/2024\/12\/WhatsApp-Image-2025-01-05-at-21.05.11.jpeg","datePublished":"2025-01-05T20:05:00+00:00","dateModified":"2025-01-05T20:09:35+00:00","breadcrumb":{"@id":"https:\/\/www.nfv09.de\/home\/2025\/01\/05\/frohe-weihnachten-2-2-2-2\/#breadcrumb"},"inLanguage":"de","potentialAction":[{"@type":"ReadAction","target":["https:\/\/www.nfv09.de\/home\/2025\/01\/05\/frohe-weihnachten-2-2-2-2\/"]}]},{"@type":"ImageObject","inLanguage":"de","@id":"https:\/\/www.nfv09.de\/home\/2025\/01\/05\/frohe-weihnachten-2-2-2-2\/#primaryimage","url":"https:\/\/www.nfv09.de\/home\/wp-content\/uploads\/2024\/12\/WhatsApp-Image-2025-01-05-at-21.05.11.jpeg","contentUrl":"https:\/\/www.nfv09.de\/home\/wp-content\/uploads\/2024\/12\/WhatsApp-Image-2025-01-05-at-21.05.11.jpeg","width":1600,"height":1238},{"@type":"BreadcrumbList","@id":"https:\/\/www.nfv09.de\/home\/2025\/01\/05\/frohe-weihnachten-2-2-2-2\/#breadcrumb","itemListElement":[{"@type":"ListItem","position":1,"name":"Startseite","item":"https:\/\/www.nfv09.de\/home\/"},{"@type":"ListItem","position":2,"name":"Hallenturnierwochenende mit H\u00f6hen und Tiefen"}]},{"@type":"WebSite","@id":"https:\/\/www.nfv09.de\/home\/#website","url":"https:\/\/www.nfv09.de\/home\/","name":"NFV Gelb-Wei\u00df G\u00f6rlitz 09 e.V.","description":"Sachsenklasse Ost","publisher":{"@id":"https:\/\/www.nfv09.de\/home\/#\/schema\/person\/ed693ed28e6e4b3f80b32447b2b6cbc7"},"potentialAction":[{"@type":"SearchAction","target":{"@type":"EntryPoint","urlTemplate":"https:\/\/www.nfv09.de\/home\/?s={search_term_string}"},"query-input":{"@type":"PropertyValueSpecification","valueRequired":true,"valueName":"search_term_string"}}],"inLanguage":"de"},{"@type":["Person","Organization"],"@id":"https:\/\/www.nfv09.de\/home\/#\/schema\/person\/ed693ed28e6e4b3f80b32447b2b6cbc7","name":"Regassi","image":{"@type":"ImageObject","inLanguage":"de","@id":"https:\/\/www.nfv09.de\/home\/wp-content\/uploads\/2015\/04\/cropped-nfv-gelb-weiss-goerlitz-e1468573113314-1.gif","url":"https:\/\/www.nfv09.de\/home\/wp-content\/uploads\/2015\/04\/cropped-nfv-gelb-weiss-goerlitz-e1468573113314-1.gif","contentUrl":"https:\/\/www.nfv09.de\/home\/wp-content\/uploads\/2015\/04\/cropped-nfv-gelb-weiss-goerlitz-e1468573113314-1.gif","width":100,"height":122,"caption":"Regassi"},"logo":{"@id":"https:\/\/www.nfv09.de\/home\/wp-content\/uploads\/2015\/04\/cropped-nfv-gelb-weiss-goerlitz-e1468573113314-1.gif"},"url":"https:\/\/www.nfv09.de\/home\/author\/regassi\/"}]}},"_links":{"self":[{"href":"https:\/\/www.nfv09.de\/home\/wp-json\/wp\/v2\/posts\/4732","targetHints":{"allow":["GET"]}}],"collection":[{"href":"https:\/\/www.nfv09.de\/home\/wp-json\/wp\/v2\/posts"}],"about":[{"href":"https:\/\/www.nfv09.de\/home\/wp-json\/wp\/v2\/types\/post"}],"author":[{"embeddable":true,"href":"https:\/\/www.nfv09.de\/home\/wp-json\/wp\/v2\/users\/3"}],"replies":[{"embeddable":true,"href":"https:\/\/www.nfv09.de\/home\/wp-json\/wp\/v2\/comments?post=4732"}],"version-history":[{"count":1,"href":"https:\/\/www.nfv09.de\/home\/wp-json\/wp\/v2\/posts\/4732\/revisions"}],"predecessor-version":[{"id":4736,"href":"https:\/\/www.nfv09.de\/home\/wp-json\/wp\/v2\/posts\/4732\/revisions\/4736"}],"wp:featuredmedia":[{"embeddable":true,"href":"https:\/\/www.nfv09.de\/home\/wp-json\/wp\/v2\/media\/4734"}],"wp:attachment":[{"href":"https:\/\/www.nfv09.de\/home\/wp-json\/wp\/v2\/media?parent=4732"}],"wp:term":[{"taxonomy":"category","embeddable":true,"href":"https:\/\/www.nfv09.de\/home\/wp-json\/wp\/v2\/categories?post=4732"},{"taxonomy":"post_tag","embeddable":true,"href":"https:\/\/www.nfv09.de\/home\/wp-json\/wp\/v2\/tags?post=4732"}],"curies":[{"name":"wp","href":"https:\/\/api.w.org\/{rel}","templated":true}]}}