{"id":4699,"date":"2024-12-10T15:00:08","date_gmt":"2024-12-10T14:00:08","guid":{"rendered":"https:\/\/www.nfv09.de\/home\/2024\/12\/10\/dixie-doerner-gedenkturnier-indoor-2024-2\/"},"modified":"2024-12-20T12:02:35","modified_gmt":"2024-12-20T11:02:35","slug":"dixie-doerner-gedenkturnier-indoor-2024-2","status":"publish","type":"post","link":"https:\/\/www.nfv09.de\/home\/2024\/12\/10\/dixie-doerner-gedenkturnier-indoor-2024-2\/","title":{"rendered":"Dixie-D\u00f6rner-Gedenkturnier Indoor 2024"},"content":{"rendered":"\n<p>Dixie-D\u00f6rner-Gedenkturnier Indoor 2024<\/p>\n\n\n\n<p>Der NFV Gelb-Wei\u00df G\u00f6rlitz 09 e.V. veranstaltet am Samstag, den 21. und Sonntag, den 22.12.24 in der \u201cJahnsporthalle\u201c G\u00f6rlitz das \u201cDixie-D\u00f6rner-Gedenkturnier\u201c Indoor.<\/p>\n\n\n\n<p>An zwei Wettkampftagen stehen sich in 6 Turnieren und 5 Altersklassen insgesamt 44 Teams gegen\u00fcber.<\/p>\n\n\n\n<p>Die Teams kommen mit dem GFC Rauschwalde, Germania und dem NFV09 nicht nur aus G\u00f6rlitz, sondern auch aus Zittau, Niesky-See, Holtendorf und Friedersdorf und dem Oberland. Mit Teams aus Grimma, Dresden, Bischofswerda, Heidenau aber auch aus Polen von \u0141u\u017cycka Akademia Sportu und Nysa Zgorzelec ist das Teilnehmerfeld besetzt. &nbsp;<\/p>\n\n\n\n<p>Die Turniere: &nbsp;&nbsp;&nbsp;&nbsp; <\/p>\n\n\n\n<p>Samstag: <\/p>\n\n\n\n<p>21.12.2024 | 08:00-11:00 Uhr G-Junioren <\/p>\n\n\n\n<p>21.12.2024 | 12:00-16:00 Uhr F-Junioren&nbsp; &nbsp;&nbsp;&nbsp;&nbsp;&nbsp;&nbsp;&nbsp;&nbsp;&nbsp;&nbsp;&nbsp;&nbsp;&nbsp;&nbsp;&nbsp;&nbsp;&nbsp;&nbsp;&nbsp;&nbsp;&nbsp;&nbsp;&nbsp;&nbsp;&nbsp;&nbsp;&nbsp;&nbsp;&nbsp;&nbsp;&nbsp;&nbsp;&nbsp;&nbsp;&nbsp;&nbsp;&nbsp;&nbsp;&nbsp;&nbsp;&nbsp;<\/p>\n\n\n\n<p>21.12.2024 | 17:00-21:00 Uhr Herren<\/p>\n\n\n\n<p>Sonntag:<\/p>\n\n\n\n<p>22.12.2024 | 08:00-12:00 Uhr E-Junioren&nbsp;&nbsp;&nbsp;&nbsp;&nbsp;&nbsp;&nbsp;&nbsp;&nbsp;&nbsp;&nbsp; &nbsp;&nbsp;&nbsp;&nbsp;&nbsp;&nbsp;&nbsp;&nbsp;&nbsp;&nbsp;&nbsp;&nbsp;&nbsp;&nbsp;&nbsp;&nbsp;&nbsp;&nbsp;&nbsp;&nbsp;&nbsp;&nbsp;&nbsp;&nbsp;<\/p>\n\n\n\n<p>22.12.2024 | 13:00-17:00 Uhr B-Junioren &nbsp;&nbsp;&nbsp;&nbsp;&nbsp;&nbsp;&nbsp;&nbsp;&nbsp;&nbsp;&nbsp;&nbsp;&nbsp;&nbsp;&nbsp;&nbsp;&nbsp;&nbsp;&nbsp;&nbsp;&nbsp;&nbsp;&nbsp;&nbsp;&nbsp;&nbsp;&nbsp;&nbsp;&nbsp;&nbsp;<\/p>\n\n\n\n<p>22.12.2024 | 18:00-22:00 Uhr B-Juniorinnen <\/p>\n\n\n\n<p><\/p>\n\n\n\n<p>Seien Sie herzlich eingeladen, fiebern Sie mit und unterst\u00fctzen Sie ihr Team. F\u00fcr das leibliche Wohl wird in der Halle wie gewohnt Bestens gesorgt sein.<\/p>\n\n\n\n<p>Die finalen TURNIERTEILNEHMERLISTEN folgen in K\u00fcrze!<\/p>\n\n\n\n<p>NFV09 &nbsp;&nbsp;&nbsp;&nbsp;&nbsp;&nbsp;&nbsp;&nbsp;&nbsp;&nbsp;&nbsp;&nbsp;&nbsp;&nbsp;&nbsp;&nbsp;&nbsp;&nbsp;&nbsp;&nbsp;&nbsp;&nbsp;&nbsp;&nbsp;&nbsp;&nbsp;&nbsp;&nbsp;&nbsp;&nbsp;&nbsp;&nbsp;&nbsp;&nbsp;&nbsp;&nbsp;&nbsp;&nbsp;&nbsp;&nbsp;&nbsp;&nbsp;&nbsp;&nbsp;&nbsp;&nbsp;&nbsp;&nbsp;&nbsp;&nbsp;&nbsp;&nbsp;&nbsp;&nbsp;&nbsp;&nbsp;&nbsp;&nbsp;&nbsp;&nbsp;&nbsp;&nbsp;&nbsp;&nbsp;&nbsp;&nbsp;&nbsp;&nbsp;&nbsp;&nbsp;&nbsp;&nbsp;&nbsp;&nbsp;&nbsp;&nbsp;&nbsp;&nbsp;&nbsp;&nbsp;&nbsp;&nbsp;&nbsp;&nbsp;&nbsp;&nbsp;&nbsp;&nbsp;&nbsp;&nbsp;&nbsp;&nbsp;&nbsp;&nbsp;&nbsp;&nbsp;&nbsp;&nbsp;&nbsp;&nbsp;&nbsp;&nbsp;&nbsp;&nbsp;&nbsp;&nbsp;&nbsp;&nbsp;&nbsp;&nbsp;&nbsp;&nbsp;&nbsp;&nbsp;&nbsp;&nbsp;&nbsp;<\/p>\n\n\n\n<div class=\"wp-block-columns is-layout-flex wp-container-core-columns-is-layout-28f84493 wp-block-columns-is-layout-flex\">\n<div class=\"wp-block-column is-layout-flow wp-block-column-is-layout-flow\"><\/div>\n\n\n\n<div class=\"wp-block-column is-layout-flow wp-block-column-is-layout-flow\"><\/div>\n\n\n\n<div class=\"wp-block-column is-layout-flow wp-block-column-is-layout-flow\"><\/div>\n<\/div>\n\n\n\n<figure class=\"wp-block-image size-full\"><img fetchpriority=\"high\" decoding=\"async\" width=\"960\" height=\"502\" src=\"https:\/\/www.nfv09.de\/home\/wp-content\/uploads\/2024\/12\/Dixie-Doerner-GenkturnierNEU.jpg\" alt=\"\" class=\"wp-image-4695\" srcset=\"https:\/\/www.nfv09.de\/home\/wp-content\/uploads\/2024\/12\/Dixie-Doerner-GenkturnierNEU.jpg 960w, https:\/\/www.nfv09.de\/home\/wp-content\/uploads\/2024\/12\/Dixie-Doerner-GenkturnierNEU-300x157.jpg 300w, https:\/\/www.nfv09.de\/home\/wp-content\/uploads\/2024\/12\/Dixie-Doerner-GenkturnierNEU-768x402.jpg 768w\" sizes=\"(max-width: 960px) 100vw, 960px\" \/><\/figure>\n","protected":false},"excerpt":{"rendered":"<p>Dixie-D\u00f6rner-Gedenkturnier Indoor 2024 Der NFV Gelb-Wei\u00df G\u00f6rlitz 09 e.V. veranstaltet am Samstag, den 21. und Sonntag, den 22.12.24 in der \u201cJahnsporthalle\u201c G\u00f6rlitz das \u201cDixie-D\u00f6rner-Gedenkturnier\u201c Indoor. An zwei Wettkampftagen stehen sich in 6 Turnieren und 5 Altersklassen insgesamt 44 Teams gegen\u00fcber. Die Teams kommen mit dem GFC Rauschwalde, Germania und dem NFV09 nicht nur aus G\u00f6rlitz, [&hellip;]<\/p>\n","protected":false},"author":3,"featured_media":4695,"comment_status":"open","ping_status":"open","sticky":false,"template":"","format":"standard","meta":{"footnotes":""},"categories":[85,138],"tags":[97],"class_list":["post-4699","post","type-post","status-publish","format-standard","has-post-thumbnail","hentry","category-verein","category-information_des_vorstands","tag-goerlitz"],"yoast_head":"<!-- This site is optimized with the Yoast SEO plugin v27.5 - https:\/\/yoast.com\/product\/yoast-seo-wordpress\/ -->\n<title>Dixie-D\u00f6rner-Gedenkturnier Indoor 2024 - NFV Gelb-Wei\u00df G\u00f6rlitz 09 e.V.<\/title>\n<meta name=\"robots\" content=\"index, follow, max-snippet:-1, max-image-preview:large, max-video-preview:-1\" \/>\n<link rel=\"canonical\" href=\"https:\/\/www.nfv09.de\/home\/2024\/12\/10\/dixie-doerner-gedenkturnier-indoor-2024-2\/\" \/>\n<meta property=\"og:locale\" content=\"de_DE\" \/>\n<meta property=\"og:type\" content=\"article\" \/>\n<meta property=\"og:title\" content=\"Dixie-D\u00f6rner-Gedenkturnier Indoor 2024 - NFV Gelb-Wei\u00df G\u00f6rlitz 09 e.V.\" \/>\n<meta property=\"og:description\" content=\"Dixie-D\u00f6rner-Gedenkturnier Indoor 2024 Der NFV Gelb-Wei\u00df G\u00f6rlitz 09 e.V. veranstaltet am Samstag, den 21. und Sonntag, den 22.12.24 in der \u201cJahnsporthalle\u201c G\u00f6rlitz das \u201cDixie-D\u00f6rner-Gedenkturnier\u201c Indoor. An zwei Wettkampftagen stehen sich in 6 Turnieren und 5 Altersklassen insgesamt 44 Teams gegen\u00fcber. Die Teams kommen mit dem GFC Rauschwalde, Germania und dem NFV09 nicht nur aus G\u00f6rlitz, [&hellip;]\" \/>\n<meta property=\"og:url\" content=\"https:\/\/www.nfv09.de\/home\/2024\/12\/10\/dixie-doerner-gedenkturnier-indoor-2024-2\/\" \/>\n<meta property=\"og:site_name\" content=\"NFV Gelb-Wei\u00df G\u00f6rlitz 09 e.V.\" \/>\n<meta property=\"article:published_time\" content=\"2024-12-10T14:00:08+00:00\" \/>\n<meta property=\"article:modified_time\" content=\"2024-12-20T11:02:35+00:00\" \/>\n<meta property=\"og:image\" content=\"https:\/\/www.nfv09.de\/home\/wp-content\/uploads\/2024\/12\/Dixie-Doerner-GenkturnierNEU.jpg\" \/>\n\t<meta property=\"og:image:width\" content=\"960\" \/>\n\t<meta property=\"og:image:height\" content=\"502\" \/>\n\t<meta property=\"og:image:type\" content=\"image\/jpeg\" \/>\n<meta name=\"author\" content=\"Regassi\" \/>\n<meta name=\"twitter:card\" content=\"summary_large_image\" \/>\n<meta name=\"twitter:label1\" content=\"Verfasst von\" \/>\n\t<meta name=\"twitter:data1\" content=\"Regassi\" \/>\n\t<meta name=\"twitter:label2\" content=\"Gesch\u00e4tzte Lesezeit\" \/>\n\t<meta name=\"twitter:data2\" content=\"2\u00a0Minuten\" \/>\n<script type=\"application\/ld+json\" class=\"yoast-schema-graph\">{\"@context\":\"https:\\\/\\\/schema.org\",\"@graph\":[{\"@type\":\"Article\",\"@id\":\"https:\\\/\\\/www.nfv09.de\\\/home\\\/2024\\\/12\\\/10\\\/dixie-doerner-gedenkturnier-indoor-2024-2\\\/#article\",\"isPartOf\":{\"@id\":\"https:\\\/\\\/www.nfv09.de\\\/home\\\/2024\\\/12\\\/10\\\/dixie-doerner-gedenkturnier-indoor-2024-2\\\/\"},\"author\":{\"name\":\"Regassi\",\"@id\":\"https:\\\/\\\/www.nfv09.de\\\/home\\\/#\\\/schema\\\/person\\\/ed693ed28e6e4b3f80b32447b2b6cbc7\"},\"headline\":\"Dixie-D\u00f6rner-Gedenkturnier Indoor 2024\",\"datePublished\":\"2024-12-10T14:00:08+00:00\",\"dateModified\":\"2024-12-20T11:02:35+00:00\",\"mainEntityOfPage\":{\"@id\":\"https:\\\/\\\/www.nfv09.de\\\/home\\\/2024\\\/12\\\/10\\\/dixie-doerner-gedenkturnier-indoor-2024-2\\\/\"},\"wordCount\":378,\"commentCount\":0,\"publisher\":{\"@id\":\"https:\\\/\\\/www.nfv09.de\\\/home\\\/#\\\/schema\\\/person\\\/ed693ed28e6e4b3f80b32447b2b6cbc7\"},\"image\":{\"@id\":\"https:\\\/\\\/www.nfv09.de\\\/home\\\/2024\\\/12\\\/10\\\/dixie-doerner-gedenkturnier-indoor-2024-2\\\/#primaryimage\"},\"thumbnailUrl\":\"https:\\\/\\\/www.nfv09.de\\\/home\\\/wp-content\\\/uploads\\\/2024\\\/12\\\/Dixie-Doerner-GenkturnierNEU.jpg\",\"keywords\":[\"G\u00f6rlitz\"],\"articleSection\":[\"Verein\",\"Vorstand\"],\"inLanguage\":\"de\",\"potentialAction\":[{\"@type\":\"CommentAction\",\"name\":\"Comment\",\"target\":[\"https:\\\/\\\/www.nfv09.de\\\/home\\\/2024\\\/12\\\/10\\\/dixie-doerner-gedenkturnier-indoor-2024-2\\\/#respond\"]}]},{\"@type\":\"WebPage\",\"@id\":\"https:\\\/\\\/www.nfv09.de\\\/home\\\/2024\\\/12\\\/10\\\/dixie-doerner-gedenkturnier-indoor-2024-2\\\/\",\"url\":\"https:\\\/\\\/www.nfv09.de\\\/home\\\/2024\\\/12\\\/10\\\/dixie-doerner-gedenkturnier-indoor-2024-2\\\/\",\"name\":\"Dixie-D\u00f6rner-Gedenkturnier Indoor 2024 - NFV Gelb-Wei\u00df G\u00f6rlitz 09 e.V.\",\"isPartOf\":{\"@id\":\"https:\\\/\\\/www.nfv09.de\\\/home\\\/#website\"},\"primaryImageOfPage\":{\"@id\":\"https:\\\/\\\/www.nfv09.de\\\/home\\\/2024\\\/12\\\/10\\\/dixie-doerner-gedenkturnier-indoor-2024-2\\\/#primaryimage\"},\"image\":{\"@id\":\"https:\\\/\\\/www.nfv09.de\\\/home\\\/2024\\\/12\\\/10\\\/dixie-doerner-gedenkturnier-indoor-2024-2\\\/#primaryimage\"},\"thumbnailUrl\":\"https:\\\/\\\/www.nfv09.de\\\/home\\\/wp-content\\\/uploads\\\/2024\\\/12\\\/Dixie-Doerner-GenkturnierNEU.jpg\",\"datePublished\":\"2024-12-10T14:00:08+00:00\",\"dateModified\":\"2024-12-20T11:02:35+00:00\",\"breadcrumb\":{\"@id\":\"https:\\\/\\\/www.nfv09.de\\\/home\\\/2024\\\/12\\\/10\\\/dixie-doerner-gedenkturnier-indoor-2024-2\\\/#breadcrumb\"},\"inLanguage\":\"de\",\"potentialAction\":[{\"@type\":\"ReadAction\",\"target\":[\"https:\\\/\\\/www.nfv09.de\\\/home\\\/2024\\\/12\\\/10\\\/dixie-doerner-gedenkturnier-indoor-2024-2\\\/\"]}]},{\"@type\":\"ImageObject\",\"inLanguage\":\"de\",\"@id\":\"https:\\\/\\\/www.nfv09.de\\\/home\\\/2024\\\/12\\\/10\\\/dixie-doerner-gedenkturnier-indoor-2024-2\\\/#primaryimage\",\"url\":\"https:\\\/\\\/www.nfv09.de\\\/home\\\/wp-content\\\/uploads\\\/2024\\\/12\\\/Dixie-Doerner-GenkturnierNEU.jpg\",\"contentUrl\":\"https:\\\/\\\/www.nfv09.de\\\/home\\\/wp-content\\\/uploads\\\/2024\\\/12\\\/Dixie-Doerner-GenkturnierNEU.jpg\",\"width\":960,\"height\":502},{\"@type\":\"BreadcrumbList\",\"@id\":\"https:\\\/\\\/www.nfv09.de\\\/home\\\/2024\\\/12\\\/10\\\/dixie-doerner-gedenkturnier-indoor-2024-2\\\/#breadcrumb\",\"itemListElement\":[{\"@type\":\"ListItem\",\"position\":1,\"name\":\"Startseite\",\"item\":\"https:\\\/\\\/www.nfv09.de\\\/home\\\/\"},{\"@type\":\"ListItem\",\"position\":2,\"name\":\"Dixie-D\u00f6rner-Gedenkturnier Indoor 2024\"}]},{\"@type\":\"WebSite\",\"@id\":\"https:\\\/\\\/www.nfv09.de\\\/home\\\/#website\",\"url\":\"https:\\\/\\\/www.nfv09.de\\\/home\\\/\",\"name\":\"NFV Gelb-Wei\u00df G\u00f6rlitz 09 e.V.\",\"description\":\"Sachsenklasse Ost\",\"publisher\":{\"@id\":\"https:\\\/\\\/www.nfv09.de\\\/home\\\/#\\\/schema\\\/person\\\/ed693ed28e6e4b3f80b32447b2b6cbc7\"},\"potentialAction\":[{\"@type\":\"SearchAction\",\"target\":{\"@type\":\"EntryPoint\",\"urlTemplate\":\"https:\\\/\\\/www.nfv09.de\\\/home\\\/?s={search_term_string}\"},\"query-input\":{\"@type\":\"PropertyValueSpecification\",\"valueRequired\":true,\"valueName\":\"search_term_string\"}}],\"inLanguage\":\"de\"},{\"@type\":[\"Person\",\"Organization\"],\"@id\":\"https:\\\/\\\/www.nfv09.de\\\/home\\\/#\\\/schema\\\/person\\\/ed693ed28e6e4b3f80b32447b2b6cbc7\",\"name\":\"Regassi\",\"image\":{\"@type\":\"ImageObject\",\"inLanguage\":\"de\",\"@id\":\"https:\\\/\\\/www.nfv09.de\\\/home\\\/wp-content\\\/uploads\\\/2015\\\/04\\\/cropped-nfv-gelb-weiss-goerlitz-e1468573113314-1.gif\",\"url\":\"https:\\\/\\\/www.nfv09.de\\\/home\\\/wp-content\\\/uploads\\\/2015\\\/04\\\/cropped-nfv-gelb-weiss-goerlitz-e1468573113314-1.gif\",\"contentUrl\":\"https:\\\/\\\/www.nfv09.de\\\/home\\\/wp-content\\\/uploads\\\/2015\\\/04\\\/cropped-nfv-gelb-weiss-goerlitz-e1468573113314-1.gif\",\"width\":100,\"height\":122,\"caption\":\"Regassi\"},\"logo\":{\"@id\":\"https:\\\/\\\/www.nfv09.de\\\/home\\\/wp-content\\\/uploads\\\/2015\\\/04\\\/cropped-nfv-gelb-weiss-goerlitz-e1468573113314-1.gif\"},\"url\":\"https:\\\/\\\/www.nfv09.de\\\/home\\\/author\\\/regassi\\\/\"}]}<\/script>\n<!-- \/ Yoast SEO plugin. -->","yoast_head_json":{"title":"Dixie-D\u00f6rner-Gedenkturnier Indoor 2024 - NFV Gelb-Wei\u00df G\u00f6rlitz 09 e.V.","robots":{"index":"index","follow":"follow","max-snippet":"max-snippet:-1","max-image-preview":"max-image-preview:large","max-video-preview":"max-video-preview:-1"},"canonical":"https:\/\/www.nfv09.de\/home\/2024\/12\/10\/dixie-doerner-gedenkturnier-indoor-2024-2\/","og_locale":"de_DE","og_type":"article","og_title":"Dixie-D\u00f6rner-Gedenkturnier Indoor 2024 - NFV Gelb-Wei\u00df G\u00f6rlitz 09 e.V.","og_description":"Dixie-D\u00f6rner-Gedenkturnier Indoor 2024 Der NFV Gelb-Wei\u00df G\u00f6rlitz 09 e.V. veranstaltet am Samstag, den 21. und Sonntag, den 22.12.24 in der \u201cJahnsporthalle\u201c G\u00f6rlitz das \u201cDixie-D\u00f6rner-Gedenkturnier\u201c Indoor. An zwei Wettkampftagen stehen sich in 6 Turnieren und 5 Altersklassen insgesamt 44 Teams gegen\u00fcber. Die Teams kommen mit dem GFC Rauschwalde, Germania und dem NFV09 nicht nur aus G\u00f6rlitz, [&hellip;]","og_url":"https:\/\/www.nfv09.de\/home\/2024\/12\/10\/dixie-doerner-gedenkturnier-indoor-2024-2\/","og_site_name":"NFV Gelb-Wei\u00df G\u00f6rlitz 09 e.V.","article_published_time":"2024-12-10T14:00:08+00:00","article_modified_time":"2024-12-20T11:02:35+00:00","og_image":[{"width":960,"height":502,"url":"https:\/\/www.nfv09.de\/home\/wp-content\/uploads\/2024\/12\/Dixie-Doerner-GenkturnierNEU.jpg","type":"image\/jpeg"}],"author":"Regassi","twitter_card":"summary_large_image","twitter_misc":{"Verfasst von":"Regassi","Gesch\u00e4tzte Lesezeit":"2\u00a0Minuten"},"schema":{"@context":"https:\/\/schema.org","@graph":[{"@type":"Article","@id":"https:\/\/www.nfv09.de\/home\/2024\/12\/10\/dixie-doerner-gedenkturnier-indoor-2024-2\/#article","isPartOf":{"@id":"https:\/\/www.nfv09.de\/home\/2024\/12\/10\/dixie-doerner-gedenkturnier-indoor-2024-2\/"},"author":{"name":"Regassi","@id":"https:\/\/www.nfv09.de\/home\/#\/schema\/person\/ed693ed28e6e4b3f80b32447b2b6cbc7"},"headline":"Dixie-D\u00f6rner-Gedenkturnier Indoor 2024","datePublished":"2024-12-10T14:00:08+00:00","dateModified":"2024-12-20T11:02:35+00:00","mainEntityOfPage":{"@id":"https:\/\/www.nfv09.de\/home\/2024\/12\/10\/dixie-doerner-gedenkturnier-indoor-2024-2\/"},"wordCount":378,"commentCount":0,"publisher":{"@id":"https:\/\/www.nfv09.de\/home\/#\/schema\/person\/ed693ed28e6e4b3f80b32447b2b6cbc7"},"image":{"@id":"https:\/\/www.nfv09.de\/home\/2024\/12\/10\/dixie-doerner-gedenkturnier-indoor-2024-2\/#primaryimage"},"thumbnailUrl":"https:\/\/www.nfv09.de\/home\/wp-content\/uploads\/2024\/12\/Dixie-Doerner-GenkturnierNEU.jpg","keywords":["G\u00f6rlitz"],"articleSection":["Verein","Vorstand"],"inLanguage":"de","potentialAction":[{"@type":"CommentAction","name":"Comment","target":["https:\/\/www.nfv09.de\/home\/2024\/12\/10\/dixie-doerner-gedenkturnier-indoor-2024-2\/#respond"]}]},{"@type":"WebPage","@id":"https:\/\/www.nfv09.de\/home\/2024\/12\/10\/dixie-doerner-gedenkturnier-indoor-2024-2\/","url":"https:\/\/www.nfv09.de\/home\/2024\/12\/10\/dixie-doerner-gedenkturnier-indoor-2024-2\/","name":"Dixie-D\u00f6rner-Gedenkturnier Indoor 2024 - NFV Gelb-Wei\u00df G\u00f6rlitz 09 e.V.","isPartOf":{"@id":"https:\/\/www.nfv09.de\/home\/#website"},"primaryImageOfPage":{"@id":"https:\/\/www.nfv09.de\/home\/2024\/12\/10\/dixie-doerner-gedenkturnier-indoor-2024-2\/#primaryimage"},"image":{"@id":"https:\/\/www.nfv09.de\/home\/2024\/12\/10\/dixie-doerner-gedenkturnier-indoor-2024-2\/#primaryimage"},"thumbnailUrl":"https:\/\/www.nfv09.de\/home\/wp-content\/uploads\/2024\/12\/Dixie-Doerner-GenkturnierNEU.jpg","datePublished":"2024-12-10T14:00:08+00:00","dateModified":"2024-12-20T11:02:35+00:00","breadcrumb":{"@id":"https:\/\/www.nfv09.de\/home\/2024\/12\/10\/dixie-doerner-gedenkturnier-indoor-2024-2\/#breadcrumb"},"inLanguage":"de","potentialAction":[{"@type":"ReadAction","target":["https:\/\/www.nfv09.de\/home\/2024\/12\/10\/dixie-doerner-gedenkturnier-indoor-2024-2\/"]}]},{"@type":"ImageObject","inLanguage":"de","@id":"https:\/\/www.nfv09.de\/home\/2024\/12\/10\/dixie-doerner-gedenkturnier-indoor-2024-2\/#primaryimage","url":"https:\/\/www.nfv09.de\/home\/wp-content\/uploads\/2024\/12\/Dixie-Doerner-GenkturnierNEU.jpg","contentUrl":"https:\/\/www.nfv09.de\/home\/wp-content\/uploads\/2024\/12\/Dixie-Doerner-GenkturnierNEU.jpg","width":960,"height":502},{"@type":"BreadcrumbList","@id":"https:\/\/www.nfv09.de\/home\/2024\/12\/10\/dixie-doerner-gedenkturnier-indoor-2024-2\/#breadcrumb","itemListElement":[{"@type":"ListItem","position":1,"name":"Startseite","item":"https:\/\/www.nfv09.de\/home\/"},{"@type":"ListItem","position":2,"name":"Dixie-D\u00f6rner-Gedenkturnier Indoor 2024"}]},{"@type":"WebSite","@id":"https:\/\/www.nfv09.de\/home\/#website","url":"https:\/\/www.nfv09.de\/home\/","name":"NFV Gelb-Wei\u00df G\u00f6rlitz 09 e.V.","description":"Sachsenklasse Ost","publisher":{"@id":"https:\/\/www.nfv09.de\/home\/#\/schema\/person\/ed693ed28e6e4b3f80b32447b2b6cbc7"},"potentialAction":[{"@type":"SearchAction","target":{"@type":"EntryPoint","urlTemplate":"https:\/\/www.nfv09.de\/home\/?s={search_term_string}"},"query-input":{"@type":"PropertyValueSpecification","valueRequired":true,"valueName":"search_term_string"}}],"inLanguage":"de"},{"@type":["Person","Organization"],"@id":"https:\/\/www.nfv09.de\/home\/#\/schema\/person\/ed693ed28e6e4b3f80b32447b2b6cbc7","name":"Regassi","image":{"@type":"ImageObject","inLanguage":"de","@id":"https:\/\/www.nfv09.de\/home\/wp-content\/uploads\/2015\/04\/cropped-nfv-gelb-weiss-goerlitz-e1468573113314-1.gif","url":"https:\/\/www.nfv09.de\/home\/wp-content\/uploads\/2015\/04\/cropped-nfv-gelb-weiss-goerlitz-e1468573113314-1.gif","contentUrl":"https:\/\/www.nfv09.de\/home\/wp-content\/uploads\/2015\/04\/cropped-nfv-gelb-weiss-goerlitz-e1468573113314-1.gif","width":100,"height":122,"caption":"Regassi"},"logo":{"@id":"https:\/\/www.nfv09.de\/home\/wp-content\/uploads\/2015\/04\/cropped-nfv-gelb-weiss-goerlitz-e1468573113314-1.gif"},"url":"https:\/\/www.nfv09.de\/home\/author\/regassi\/"}]}},"_links":{"self":[{"href":"https:\/\/www.nfv09.de\/home\/wp-json\/wp\/v2\/posts\/4699","targetHints":{"allow":["GET"]}}],"collection":[{"href":"https:\/\/www.nfv09.de\/home\/wp-json\/wp\/v2\/posts"}],"about":[{"href":"https:\/\/www.nfv09.de\/home\/wp-json\/wp\/v2\/types\/post"}],"author":[{"embeddable":true,"href":"https:\/\/www.nfv09.de\/home\/wp-json\/wp\/v2\/users\/3"}],"replies":[{"embeddable":true,"href":"https:\/\/www.nfv09.de\/home\/wp-json\/wp\/v2\/comments?post=4699"}],"version-history":[{"count":1,"href":"https:\/\/www.nfv09.de\/home\/wp-json\/wp\/v2\/posts\/4699\/revisions"}],"predecessor-version":[{"id":4702,"href":"https:\/\/www.nfv09.de\/home\/wp-json\/wp\/v2\/posts\/4699\/revisions\/4702"}],"wp:featuredmedia":[{"embeddable":true,"href":"https:\/\/www.nfv09.de\/home\/wp-json\/wp\/v2\/media\/4695"}],"wp:attachment":[{"href":"https:\/\/www.nfv09.de\/home\/wp-json\/wp\/v2\/media?parent=4699"}],"wp:term":[{"taxonomy":"category","embeddable":true,"href":"https:\/\/www.nfv09.de\/home\/wp-json\/wp\/v2\/categories?post=4699"},{"taxonomy":"post_tag","embeddable":true,"href":"https:\/\/www.nfv09.de\/home\/wp-json\/wp\/v2\/tags?post=4699"}],"curies":[{"name":"wp","href":"https:\/\/api.w.org\/{rel}","templated":true}]}}