{"id":4376,"date":"2024-02-20T17:00:00","date_gmt":"2024-02-20T16:00:00","guid":{"rendered":"https:\/\/www.nfv09.de\/home\/2024\/02\/05\/nfv09_sieger_beim_hallenturnier-2-2\/"},"modified":"2024-02-20T18:43:52","modified_gmt":"2024-02-20T17:43:52","slug":"nfv09_trainersuche_nachwuchs","status":"publish","type":"post","link":"https:\/\/www.nfv09.de\/home\/2024\/02\/20\/nfv09_trainersuche_nachwuchs\/","title":{"rendered":"F-Jugend erneut Turniersieger"},"content":{"rendered":"\n<div class=\"wp-block-columns is-layout-flex wp-container-core-columns-is-layout-28f84493 wp-block-columns-is-layout-flex\">\n<div class=\"wp-block-column is-layout-flow wp-block-column-is-layout-flow\"><\/div>\n\n\n\n<div class=\"wp-block-column is-layout-flow wp-block-column-is-layout-flow\"><\/div>\n<\/div>\n\n\n\n<p>&#8222;Beeindruckender Erfolg: Unsere gelb-wei\u00dfen F-Junioren erneut Turniersieger beim &#8218;Dr. Thomas Immobilien-Cup des VFB Zittau'&#8220;<\/p>\n\n\n\n<p>Am 17. Februar 2024 nahmen unsere gelb-wei\u00dfen F-Junioren an dem erstklassigen Hallenturnier &#8222;Dr. Thomas Immobilien-Cup des VFB Zittau&#8220; teil. Das Turnier versprach von Anfang an Spannung und sportliche Herausforderungen. Unter den teilnehmenden Mannschaften befanden sich neben uns auch die SG SV Neueibau, der GFC Rauschwalde, Lok Zittau II und der Gastgeber, der VfB Zittau.<\/p>\n\n\n\n<p>Das Turnier begann vielversprechend f\u00fcr unsere F-Junioren, welche sich im ersten Spiel gegen Lok Zittau II mit einem knappen, aber verdienten 2:1-Sieg behaupteten. Mit diesem positiven Start im R\u00fccken gingen sie entschlossen in das n\u00e4chste Spiel gegen den VfB Zittau, das sie souver\u00e4n mit 4:0 f\u00fcr sich entschieden. Die Mannschaft zeigte eine beeindruckende Leistung und setzte sich auch im dritten Spiel gegen den GFC Rauschwalde mit einem klaren 3:0-Sieg durch.<\/p>\n\n\n\n<p>Im letzten und entscheidenden Spiel des Turniers trafen unsere F-Junioren auf die starke Mannschaft der SG SV Neueibau. In einem \u00e4u\u00dferst spannenden Spiel behielten unsere Jungs die Nerven und sicherten sich mit einem hart erk\u00e4mpften 2:0-Sieg den verdienten Turniersieg.<\/p>\n\n\n\n<p>Besonders erw\u00e4hnenswert ist der Einsatz und die Teamleistung unserer Spieler, welche sich in jedem Spiel mit gro\u00dfer Einsatzbereitschaft pr\u00e4sentierten und als geschlossene Einheit agierten. Auch m\u00f6chten wir den Organisatoren des Turniers herzlich f\u00fcr die hervorragende Ausrichtung und die reibungslose Durchf\u00fchrung des &#8222;Dr. Thomas Immobilien-Cups &#8222;danken. Insgesamt war es ein gelungener und erfolgreicher Turniertag f\u00fcr unsere Junioren, der sowohl sportlich als auch organisatorisch keine W\u00fcnsche offen lie\u00df. Wir freuen uns bereits auf weitere spannende Turniere und bedanken uns bei allen Beteiligten f\u00fcr ihr Engagement und ihre Unterst\u00fctzung. (YB)<\/p>\n\n\n\n<figure class=\"wp-block-image size-large\"><img fetchpriority=\"high\" decoding=\"async\" width=\"1024\" height=\"587\" src=\"https:\/\/www.nfv09.de\/home\/wp-content\/uploads\/2024\/01\/Siegerfoto-1024x587.jpg\" alt=\"\" class=\"wp-image-4381\" srcset=\"https:\/\/www.nfv09.de\/home\/wp-content\/uploads\/2024\/01\/Siegerfoto-1024x587.jpg 1024w, https:\/\/www.nfv09.de\/home\/wp-content\/uploads\/2024\/01\/Siegerfoto-300x172.jpg 300w, https:\/\/www.nfv09.de\/home\/wp-content\/uploads\/2024\/01\/Siegerfoto-768x440.jpg 768w, https:\/\/www.nfv09.de\/home\/wp-content\/uploads\/2024\/01\/Siegerfoto.jpg 1219w\" sizes=\"(max-width: 1024px) 100vw, 1024px\" \/><\/figure>\n","protected":false},"excerpt":{"rendered":"<p>&#8222;Beeindruckender Erfolg: Unsere gelb-wei\u00dfen F-Junioren erneut Turniersieger beim &#8218;Dr. Thomas Immobilien-Cup des VFB Zittau&#8217;&#8220; Am 17. Februar 2024 nahmen unsere gelb-wei\u00dfen F-Junioren an dem erstklassigen Hallenturnier &#8222;Dr. Thomas Immobilien-Cup des VFB Zittau&#8220; teil. Das Turnier versprach von Anfang an Spannung und sportliche Herausforderungen. Unter den teilnehmenden Mannschaften befanden sich neben uns auch die SG SV [&hellip;]<\/p>\n","protected":false},"author":1,"featured_media":4381,"comment_status":"open","ping_status":"open","sticky":false,"template":"","format":"standard","meta":{"footnotes":""},"categories":[84],"tags":[97],"class_list":["post-4376","post","type-post","status-publish","format-standard","has-post-thumbnail","hentry","category-jugend","tag-goerlitz"],"yoast_head":"<!-- This site is optimized with the Yoast SEO plugin v27.5 - https:\/\/yoast.com\/product\/yoast-seo-wordpress\/ -->\n<title>F-Jugend erneut Turniersieger - NFV Gelb-Wei\u00df G\u00f6rlitz 09 e.V.<\/title>\n<meta name=\"robots\" content=\"index, follow, max-snippet:-1, max-image-preview:large, max-video-preview:-1\" \/>\n<link rel=\"canonical\" href=\"https:\/\/www.nfv09.de\/home\/2024\/02\/20\/nfv09_trainersuche_nachwuchs\/\" \/>\n<meta property=\"og:locale\" content=\"de_DE\" \/>\n<meta property=\"og:type\" content=\"article\" \/>\n<meta property=\"og:title\" content=\"F-Jugend erneut Turniersieger - NFV Gelb-Wei\u00df G\u00f6rlitz 09 e.V.\" \/>\n<meta property=\"og:description\" content=\"&#8222;Beeindruckender Erfolg: Unsere gelb-wei\u00dfen F-Junioren erneut Turniersieger beim &#8218;Dr. Thomas Immobilien-Cup des VFB Zittau&#039;&#8220; Am 17. Februar 2024 nahmen unsere gelb-wei\u00dfen F-Junioren an dem erstklassigen Hallenturnier &#8222;Dr. Thomas Immobilien-Cup des VFB Zittau&#8220; teil. Das Turnier versprach von Anfang an Spannung und sportliche Herausforderungen. Unter den teilnehmenden Mannschaften befanden sich neben uns auch die SG SV [&hellip;]\" \/>\n<meta property=\"og:url\" content=\"https:\/\/www.nfv09.de\/home\/2024\/02\/20\/nfv09_trainersuche_nachwuchs\/\" \/>\n<meta property=\"og:site_name\" content=\"NFV Gelb-Wei\u00df G\u00f6rlitz 09 e.V.\" \/>\n<meta property=\"article:published_time\" content=\"2024-02-20T16:00:00+00:00\" \/>\n<meta property=\"article:modified_time\" content=\"2024-02-20T17:43:52+00:00\" \/>\n<meta property=\"og:image\" content=\"https:\/\/www.nfv09.de\/home\/wp-content\/uploads\/2024\/01\/Siegerfoto.jpg\" \/>\n\t<meta property=\"og:image:width\" content=\"1219\" \/>\n\t<meta property=\"og:image:height\" content=\"699\" \/>\n\t<meta property=\"og:image:type\" content=\"image\/jpeg\" \/>\n<meta name=\"author\" content=\"nfv09\" \/>\n<meta name=\"twitter:card\" content=\"summary_large_image\" \/>\n<meta name=\"twitter:label1\" content=\"Verfasst von\" \/>\n\t<meta name=\"twitter:data1\" content=\"nfv09\" \/>\n\t<meta name=\"twitter:label2\" content=\"Gesch\u00e4tzte Lesezeit\" \/>\n\t<meta name=\"twitter:data2\" content=\"2\u00a0Minuten\" \/>\n<script type=\"application\/ld+json\" class=\"yoast-schema-graph\">{\"@context\":\"https:\\\/\\\/schema.org\",\"@graph\":[{\"@type\":\"Article\",\"@id\":\"https:\\\/\\\/www.nfv09.de\\\/home\\\/2024\\\/02\\\/20\\\/nfv09_trainersuche_nachwuchs\\\/#article\",\"isPartOf\":{\"@id\":\"https:\\\/\\\/www.nfv09.de\\\/home\\\/2024\\\/02\\\/20\\\/nfv09_trainersuche_nachwuchs\\\/\"},\"author\":{\"name\":\"nfv09\",\"@id\":\"https:\\\/\\\/www.nfv09.de\\\/home\\\/#\\\/schema\\\/person\\\/b863b38e8d72961293b5cb8741c63f23\"},\"headline\":\"F-Jugend erneut Turniersieger\",\"datePublished\":\"2024-02-20T16:00:00+00:00\",\"dateModified\":\"2024-02-20T17:43:52+00:00\",\"mainEntityOfPage\":{\"@id\":\"https:\\\/\\\/www.nfv09.de\\\/home\\\/2024\\\/02\\\/20\\\/nfv09_trainersuche_nachwuchs\\\/\"},\"wordCount\":283,\"commentCount\":0,\"publisher\":{\"@id\":\"https:\\\/\\\/www.nfv09.de\\\/home\\\/#\\\/schema\\\/person\\\/ed693ed28e6e4b3f80b32447b2b6cbc7\"},\"image\":{\"@id\":\"https:\\\/\\\/www.nfv09.de\\\/home\\\/2024\\\/02\\\/20\\\/nfv09_trainersuche_nachwuchs\\\/#primaryimage\"},\"thumbnailUrl\":\"https:\\\/\\\/www.nfv09.de\\\/home\\\/wp-content\\\/uploads\\\/2024\\\/01\\\/Siegerfoto.jpg\",\"keywords\":[\"G\u00f6rlitz\"],\"articleSection\":[\"Jugend\"],\"inLanguage\":\"de\",\"potentialAction\":[{\"@type\":\"CommentAction\",\"name\":\"Comment\",\"target\":[\"https:\\\/\\\/www.nfv09.de\\\/home\\\/2024\\\/02\\\/20\\\/nfv09_trainersuche_nachwuchs\\\/#respond\"]}]},{\"@type\":\"WebPage\",\"@id\":\"https:\\\/\\\/www.nfv09.de\\\/home\\\/2024\\\/02\\\/20\\\/nfv09_trainersuche_nachwuchs\\\/\",\"url\":\"https:\\\/\\\/www.nfv09.de\\\/home\\\/2024\\\/02\\\/20\\\/nfv09_trainersuche_nachwuchs\\\/\",\"name\":\"F-Jugend erneut Turniersieger - NFV Gelb-Wei\u00df G\u00f6rlitz 09 e.V.\",\"isPartOf\":{\"@id\":\"https:\\\/\\\/www.nfv09.de\\\/home\\\/#website\"},\"primaryImageOfPage\":{\"@id\":\"https:\\\/\\\/www.nfv09.de\\\/home\\\/2024\\\/02\\\/20\\\/nfv09_trainersuche_nachwuchs\\\/#primaryimage\"},\"image\":{\"@id\":\"https:\\\/\\\/www.nfv09.de\\\/home\\\/2024\\\/02\\\/20\\\/nfv09_trainersuche_nachwuchs\\\/#primaryimage\"},\"thumbnailUrl\":\"https:\\\/\\\/www.nfv09.de\\\/home\\\/wp-content\\\/uploads\\\/2024\\\/01\\\/Siegerfoto.jpg\",\"datePublished\":\"2024-02-20T16:00:00+00:00\",\"dateModified\":\"2024-02-20T17:43:52+00:00\",\"breadcrumb\":{\"@id\":\"https:\\\/\\\/www.nfv09.de\\\/home\\\/2024\\\/02\\\/20\\\/nfv09_trainersuche_nachwuchs\\\/#breadcrumb\"},\"inLanguage\":\"de\",\"potentialAction\":[{\"@type\":\"ReadAction\",\"target\":[\"https:\\\/\\\/www.nfv09.de\\\/home\\\/2024\\\/02\\\/20\\\/nfv09_trainersuche_nachwuchs\\\/\"]}]},{\"@type\":\"ImageObject\",\"inLanguage\":\"de\",\"@id\":\"https:\\\/\\\/www.nfv09.de\\\/home\\\/2024\\\/02\\\/20\\\/nfv09_trainersuche_nachwuchs\\\/#primaryimage\",\"url\":\"https:\\\/\\\/www.nfv09.de\\\/home\\\/wp-content\\\/uploads\\\/2024\\\/01\\\/Siegerfoto.jpg\",\"contentUrl\":\"https:\\\/\\\/www.nfv09.de\\\/home\\\/wp-content\\\/uploads\\\/2024\\\/01\\\/Siegerfoto.jpg\",\"width\":1219,\"height\":699},{\"@type\":\"BreadcrumbList\",\"@id\":\"https:\\\/\\\/www.nfv09.de\\\/home\\\/2024\\\/02\\\/20\\\/nfv09_trainersuche_nachwuchs\\\/#breadcrumb\",\"itemListElement\":[{\"@type\":\"ListItem\",\"position\":1,\"name\":\"Startseite\",\"item\":\"https:\\\/\\\/www.nfv09.de\\\/home\\\/\"},{\"@type\":\"ListItem\",\"position\":2,\"name\":\"F-Jugend erneut Turniersieger\"}]},{\"@type\":\"WebSite\",\"@id\":\"https:\\\/\\\/www.nfv09.de\\\/home\\\/#website\",\"url\":\"https:\\\/\\\/www.nfv09.de\\\/home\\\/\",\"name\":\"NFV Gelb-Wei\u00df G\u00f6rlitz 09 e.V.\",\"description\":\"Sachsenklasse Ost\",\"publisher\":{\"@id\":\"https:\\\/\\\/www.nfv09.de\\\/home\\\/#\\\/schema\\\/person\\\/ed693ed28e6e4b3f80b32447b2b6cbc7\"},\"potentialAction\":[{\"@type\":\"SearchAction\",\"target\":{\"@type\":\"EntryPoint\",\"urlTemplate\":\"https:\\\/\\\/www.nfv09.de\\\/home\\\/?s={search_term_string}\"},\"query-input\":{\"@type\":\"PropertyValueSpecification\",\"valueRequired\":true,\"valueName\":\"search_term_string\"}}],\"inLanguage\":\"de\"},{\"@type\":[\"Person\",\"Organization\"],\"@id\":\"https:\\\/\\\/www.nfv09.de\\\/home\\\/#\\\/schema\\\/person\\\/ed693ed28e6e4b3f80b32447b2b6cbc7\",\"name\":\"Regassi\",\"image\":{\"@type\":\"ImageObject\",\"inLanguage\":\"de\",\"@id\":\"https:\\\/\\\/www.nfv09.de\\\/home\\\/wp-content\\\/uploads\\\/2015\\\/04\\\/cropped-nfv-gelb-weiss-goerlitz-e1468573113314-1.gif\",\"url\":\"https:\\\/\\\/www.nfv09.de\\\/home\\\/wp-content\\\/uploads\\\/2015\\\/04\\\/cropped-nfv-gelb-weiss-goerlitz-e1468573113314-1.gif\",\"contentUrl\":\"https:\\\/\\\/www.nfv09.de\\\/home\\\/wp-content\\\/uploads\\\/2015\\\/04\\\/cropped-nfv-gelb-weiss-goerlitz-e1468573113314-1.gif\",\"width\":100,\"height\":122,\"caption\":\"Regassi\"},\"logo\":{\"@id\":\"https:\\\/\\\/www.nfv09.de\\\/home\\\/wp-content\\\/uploads\\\/2015\\\/04\\\/cropped-nfv-gelb-weiss-goerlitz-e1468573113314-1.gif\"}},{\"@type\":\"Person\",\"@id\":\"https:\\\/\\\/www.nfv09.de\\\/home\\\/#\\\/schema\\\/person\\\/b863b38e8d72961293b5cb8741c63f23\",\"name\":\"nfv09\",\"image\":{\"@type\":\"ImageObject\",\"inLanguage\":\"de\",\"@id\":\"https:\\\/\\\/secure.gravatar.com\\\/avatar\\\/7d94e77464b513659304af3dc292fd6ba3011545ddf76aa14e86246f1a30ac50?s=96&d=mm&r=g\",\"url\":\"https:\\\/\\\/secure.gravatar.com\\\/avatar\\\/7d94e77464b513659304af3dc292fd6ba3011545ddf76aa14e86246f1a30ac50?s=96&d=mm&r=g\",\"contentUrl\":\"https:\\\/\\\/secure.gravatar.com\\\/avatar\\\/7d94e77464b513659304af3dc292fd6ba3011545ddf76aa14e86246f1a30ac50?s=96&d=mm&r=g\",\"caption\":\"nfv09\"},\"url\":\"https:\\\/\\\/www.nfv09.de\\\/home\\\/author\\\/nfv09\\\/\"}]}<\/script>\n<!-- \/ Yoast SEO plugin. -->","yoast_head_json":{"title":"F-Jugend erneut Turniersieger - NFV Gelb-Wei\u00df G\u00f6rlitz 09 e.V.","robots":{"index":"index","follow":"follow","max-snippet":"max-snippet:-1","max-image-preview":"max-image-preview:large","max-video-preview":"max-video-preview:-1"},"canonical":"https:\/\/www.nfv09.de\/home\/2024\/02\/20\/nfv09_trainersuche_nachwuchs\/","og_locale":"de_DE","og_type":"article","og_title":"F-Jugend erneut Turniersieger - NFV Gelb-Wei\u00df G\u00f6rlitz 09 e.V.","og_description":"&#8222;Beeindruckender Erfolg: Unsere gelb-wei\u00dfen F-Junioren erneut Turniersieger beim &#8218;Dr. Thomas Immobilien-Cup des VFB Zittau'&#8220; Am 17. Februar 2024 nahmen unsere gelb-wei\u00dfen F-Junioren an dem erstklassigen Hallenturnier &#8222;Dr. Thomas Immobilien-Cup des VFB Zittau&#8220; teil. Das Turnier versprach von Anfang an Spannung und sportliche Herausforderungen. Unter den teilnehmenden Mannschaften befanden sich neben uns auch die SG SV [&hellip;]","og_url":"https:\/\/www.nfv09.de\/home\/2024\/02\/20\/nfv09_trainersuche_nachwuchs\/","og_site_name":"NFV Gelb-Wei\u00df G\u00f6rlitz 09 e.V.","article_published_time":"2024-02-20T16:00:00+00:00","article_modified_time":"2024-02-20T17:43:52+00:00","og_image":[{"width":1219,"height":699,"url":"https:\/\/www.nfv09.de\/home\/wp-content\/uploads\/2024\/01\/Siegerfoto.jpg","type":"image\/jpeg"}],"author":"nfv09","twitter_card":"summary_large_image","twitter_misc":{"Verfasst von":"nfv09","Gesch\u00e4tzte Lesezeit":"2\u00a0Minuten"},"schema":{"@context":"https:\/\/schema.org","@graph":[{"@type":"Article","@id":"https:\/\/www.nfv09.de\/home\/2024\/02\/20\/nfv09_trainersuche_nachwuchs\/#article","isPartOf":{"@id":"https:\/\/www.nfv09.de\/home\/2024\/02\/20\/nfv09_trainersuche_nachwuchs\/"},"author":{"name":"nfv09","@id":"https:\/\/www.nfv09.de\/home\/#\/schema\/person\/b863b38e8d72961293b5cb8741c63f23"},"headline":"F-Jugend erneut Turniersieger","datePublished":"2024-02-20T16:00:00+00:00","dateModified":"2024-02-20T17:43:52+00:00","mainEntityOfPage":{"@id":"https:\/\/www.nfv09.de\/home\/2024\/02\/20\/nfv09_trainersuche_nachwuchs\/"},"wordCount":283,"commentCount":0,"publisher":{"@id":"https:\/\/www.nfv09.de\/home\/#\/schema\/person\/ed693ed28e6e4b3f80b32447b2b6cbc7"},"image":{"@id":"https:\/\/www.nfv09.de\/home\/2024\/02\/20\/nfv09_trainersuche_nachwuchs\/#primaryimage"},"thumbnailUrl":"https:\/\/www.nfv09.de\/home\/wp-content\/uploads\/2024\/01\/Siegerfoto.jpg","keywords":["G\u00f6rlitz"],"articleSection":["Jugend"],"inLanguage":"de","potentialAction":[{"@type":"CommentAction","name":"Comment","target":["https:\/\/www.nfv09.de\/home\/2024\/02\/20\/nfv09_trainersuche_nachwuchs\/#respond"]}]},{"@type":"WebPage","@id":"https:\/\/www.nfv09.de\/home\/2024\/02\/20\/nfv09_trainersuche_nachwuchs\/","url":"https:\/\/www.nfv09.de\/home\/2024\/02\/20\/nfv09_trainersuche_nachwuchs\/","name":"F-Jugend erneut Turniersieger - NFV Gelb-Wei\u00df G\u00f6rlitz 09 e.V.","isPartOf":{"@id":"https:\/\/www.nfv09.de\/home\/#website"},"primaryImageOfPage":{"@id":"https:\/\/www.nfv09.de\/home\/2024\/02\/20\/nfv09_trainersuche_nachwuchs\/#primaryimage"},"image":{"@id":"https:\/\/www.nfv09.de\/home\/2024\/02\/20\/nfv09_trainersuche_nachwuchs\/#primaryimage"},"thumbnailUrl":"https:\/\/www.nfv09.de\/home\/wp-content\/uploads\/2024\/01\/Siegerfoto.jpg","datePublished":"2024-02-20T16:00:00+00:00","dateModified":"2024-02-20T17:43:52+00:00","breadcrumb":{"@id":"https:\/\/www.nfv09.de\/home\/2024\/02\/20\/nfv09_trainersuche_nachwuchs\/#breadcrumb"},"inLanguage":"de","potentialAction":[{"@type":"ReadAction","target":["https:\/\/www.nfv09.de\/home\/2024\/02\/20\/nfv09_trainersuche_nachwuchs\/"]}]},{"@type":"ImageObject","inLanguage":"de","@id":"https:\/\/www.nfv09.de\/home\/2024\/02\/20\/nfv09_trainersuche_nachwuchs\/#primaryimage","url":"https:\/\/www.nfv09.de\/home\/wp-content\/uploads\/2024\/01\/Siegerfoto.jpg","contentUrl":"https:\/\/www.nfv09.de\/home\/wp-content\/uploads\/2024\/01\/Siegerfoto.jpg","width":1219,"height":699},{"@type":"BreadcrumbList","@id":"https:\/\/www.nfv09.de\/home\/2024\/02\/20\/nfv09_trainersuche_nachwuchs\/#breadcrumb","itemListElement":[{"@type":"ListItem","position":1,"name":"Startseite","item":"https:\/\/www.nfv09.de\/home\/"},{"@type":"ListItem","position":2,"name":"F-Jugend erneut Turniersieger"}]},{"@type":"WebSite","@id":"https:\/\/www.nfv09.de\/home\/#website","url":"https:\/\/www.nfv09.de\/home\/","name":"NFV Gelb-Wei\u00df G\u00f6rlitz 09 e.V.","description":"Sachsenklasse Ost","publisher":{"@id":"https:\/\/www.nfv09.de\/home\/#\/schema\/person\/ed693ed28e6e4b3f80b32447b2b6cbc7"},"potentialAction":[{"@type":"SearchAction","target":{"@type":"EntryPoint","urlTemplate":"https:\/\/www.nfv09.de\/home\/?s={search_term_string}"},"query-input":{"@type":"PropertyValueSpecification","valueRequired":true,"valueName":"search_term_string"}}],"inLanguage":"de"},{"@type":["Person","Organization"],"@id":"https:\/\/www.nfv09.de\/home\/#\/schema\/person\/ed693ed28e6e4b3f80b32447b2b6cbc7","name":"Regassi","image":{"@type":"ImageObject","inLanguage":"de","@id":"https:\/\/www.nfv09.de\/home\/wp-content\/uploads\/2015\/04\/cropped-nfv-gelb-weiss-goerlitz-e1468573113314-1.gif","url":"https:\/\/www.nfv09.de\/home\/wp-content\/uploads\/2015\/04\/cropped-nfv-gelb-weiss-goerlitz-e1468573113314-1.gif","contentUrl":"https:\/\/www.nfv09.de\/home\/wp-content\/uploads\/2015\/04\/cropped-nfv-gelb-weiss-goerlitz-e1468573113314-1.gif","width":100,"height":122,"caption":"Regassi"},"logo":{"@id":"https:\/\/www.nfv09.de\/home\/wp-content\/uploads\/2015\/04\/cropped-nfv-gelb-weiss-goerlitz-e1468573113314-1.gif"}},{"@type":"Person","@id":"https:\/\/www.nfv09.de\/home\/#\/schema\/person\/b863b38e8d72961293b5cb8741c63f23","name":"nfv09","image":{"@type":"ImageObject","inLanguage":"de","@id":"https:\/\/secure.gravatar.com\/avatar\/7d94e77464b513659304af3dc292fd6ba3011545ddf76aa14e86246f1a30ac50?s=96&d=mm&r=g","url":"https:\/\/secure.gravatar.com\/avatar\/7d94e77464b513659304af3dc292fd6ba3011545ddf76aa14e86246f1a30ac50?s=96&d=mm&r=g","contentUrl":"https:\/\/secure.gravatar.com\/avatar\/7d94e77464b513659304af3dc292fd6ba3011545ddf76aa14e86246f1a30ac50?s=96&d=mm&r=g","caption":"nfv09"},"url":"https:\/\/www.nfv09.de\/home\/author\/nfv09\/"}]}},"_links":{"self":[{"href":"https:\/\/www.nfv09.de\/home\/wp-json\/wp\/v2\/posts\/4376","targetHints":{"allow":["GET"]}}],"collection":[{"href":"https:\/\/www.nfv09.de\/home\/wp-json\/wp\/v2\/posts"}],"about":[{"href":"https:\/\/www.nfv09.de\/home\/wp-json\/wp\/v2\/types\/post"}],"author":[{"embeddable":true,"href":"https:\/\/www.nfv09.de\/home\/wp-json\/wp\/v2\/users\/1"}],"replies":[{"embeddable":true,"href":"https:\/\/www.nfv09.de\/home\/wp-json\/wp\/v2\/comments?post=4376"}],"version-history":[{"count":3,"href":"https:\/\/www.nfv09.de\/home\/wp-json\/wp\/v2\/posts\/4376\/revisions"}],"predecessor-version":[{"id":4383,"href":"https:\/\/www.nfv09.de\/home\/wp-json\/wp\/v2\/posts\/4376\/revisions\/4383"}],"wp:featuredmedia":[{"embeddable":true,"href":"https:\/\/www.nfv09.de\/home\/wp-json\/wp\/v2\/media\/4381"}],"wp:attachment":[{"href":"https:\/\/www.nfv09.de\/home\/wp-json\/wp\/v2\/media?parent=4376"}],"wp:term":[{"taxonomy":"category","embeddable":true,"href":"https:\/\/www.nfv09.de\/home\/wp-json\/wp\/v2\/categories?post=4376"},{"taxonomy":"post_tag","embeddable":true,"href":"https:\/\/www.nfv09.de\/home\/wp-json\/wp\/v2\/tags?post=4376"}],"curies":[{"name":"wp","href":"https:\/\/api.w.org\/{rel}","templated":true}]}}