{"id":4363,"date":"2024-02-05T16:43:33","date_gmt":"2024-02-05T15:43:33","guid":{"rendered":"https:\/\/www.nfv09.de\/home\/2023\/06\/16\/nfv09-erhaelt-stiftungskapital-aus-der-dixie-doerner-stiftung-2-2-2-2\/"},"modified":"2024-02-05T16:43:33","modified_gmt":"2024-02-05T15:43:33","slug":"neujahrsempfang_2024","status":"publish","type":"post","link":"https:\/\/www.nfv09.de\/home\/2024\/02\/05\/neujahrsempfang_2024\/","title":{"rendered":"Einladung zum Neujahrsempfang 2024"},"content":{"rendered":"\n<p>&nbsp;&nbsp;&nbsp;&nbsp;&nbsp;&nbsp;&nbsp;&nbsp;&nbsp;&nbsp;&nbsp;&nbsp;&nbsp;&nbsp;&nbsp;&nbsp;&nbsp;&nbsp;&nbsp;&nbsp;&nbsp;&nbsp;&nbsp;&nbsp;&nbsp;&nbsp;&nbsp;&nbsp;&nbsp;&nbsp;&nbsp;&nbsp;&nbsp;&nbsp;&nbsp;&nbsp;&nbsp;&nbsp;&nbsp;&nbsp;&nbsp;&nbsp;&nbsp;&nbsp;&nbsp;&nbsp;&nbsp;&nbsp;&nbsp;&nbsp;&nbsp;&nbsp;&nbsp;&nbsp;&nbsp;&nbsp;&nbsp;&nbsp;&nbsp;&nbsp;&nbsp;&nbsp;&nbsp;&nbsp;&nbsp;&nbsp;&nbsp;&nbsp;&nbsp;&nbsp;&nbsp;&nbsp;&nbsp;&nbsp;&nbsp;&nbsp;&nbsp;&nbsp;&nbsp;&nbsp;&nbsp;&nbsp;&nbsp;&nbsp;&nbsp;&nbsp;&nbsp;&nbsp;&nbsp;&nbsp;&nbsp;&nbsp;&nbsp;&nbsp;&nbsp;&nbsp;&nbsp;&nbsp;&nbsp;&nbsp;&nbsp;&nbsp;&nbsp;&nbsp;&nbsp;&nbsp;&nbsp;&nbsp;&nbsp;&nbsp;&nbsp;&nbsp;&nbsp;&nbsp;&nbsp;&nbsp;&nbsp;&nbsp; <\/p>\n\n\n\n<p>Neujahrsempfang 2024 des NFV Gelb-Wei\u00df G\u00f6rlitz 09 e.V.<\/p>\n\n\n\n<p>Der Vorstand des NFV09 l\u00e4dt alle Mitglieder, Spieler, Trainer, Sponsoren und Partner herzlich zum diesj\u00e4hrigen Neujahrsempfang ein.<\/p>\n\n\n\n<p>Er findet am Freitag, den 16.02.2024 im Wichernhaus G\u00f6rlitz (Kleiner Saal), Johannes-W\u00fcsten-Str. 23 ab 18:30 Uhr statt.<\/p>\n\n\n\n<p>Interessenten melden sich bitte unter der Angabe von Namen und Teilnehmerzahl bis zum 11.02.2024 in der Gesch\u00e4ftsstelle des NFV09 unter der Emailadresse: <a href=\"&#109;&#x61;&#105;&#x6c;&#116;&#x6f;:&#x62;u&#101;&#x72;&#111;&#x40;&#110;&#x66;v&#x30;9&#46;&#x64;&#101;\">&#x62;u&#x65;&#114;&#x6f;&#64;&#x6e;&#x66;v&#x30;&#57;&#x2e;&#100;&#x65;<\/a> an.<\/p>\n\n\n\n<p>Der Vorstand<\/p>\n\n\n\n<div class=\"wp-block-columns is-layout-flex wp-container-core-columns-is-layout-28f84493 wp-block-columns-is-layout-flex\">\n<div class=\"wp-block-column is-layout-flow wp-block-column-is-layout-flow\"><\/div>\n\n\n\n<div class=\"wp-block-column is-layout-flow wp-block-column-is-layout-flow\"><\/div>\n\n\n\n<div class=\"wp-block-column is-layout-flow wp-block-column-is-layout-flow\"><\/div>\n<\/div>\n","protected":false},"excerpt":{"rendered":"<p>&nbsp;&nbsp;&nbsp;&nbsp;&nbsp;&nbsp;&nbsp;&nbsp;&nbsp;&nbsp;&nbsp;&nbsp;&nbsp;&nbsp;&nbsp;&nbsp;&nbsp;&nbsp;&nbsp;&nbsp;&nbsp;&nbsp;&nbsp;&nbsp;&nbsp;&nbsp;&nbsp;&nbsp;&nbsp;&nbsp;&nbsp;&nbsp;&nbsp;&nbsp;&nbsp;&nbsp;&nbsp;&nbsp;&nbsp;&nbsp;&nbsp;&nbsp;&nbsp;&nbsp;&nbsp;&nbsp;&nbsp;&nbsp;&nbsp;&nbsp;&nbsp;&nbsp;&nbsp;&nbsp;&nbsp;&nbsp;&nbsp;&nbsp;&nbsp;&nbsp;&nbsp;&nbsp;&nbsp;&nbsp;&nbsp;&nbsp;&nbsp;&nbsp;&nbsp;&nbsp;&nbsp;&nbsp;&nbsp;&nbsp;&nbsp;&nbsp;&nbsp;&nbsp;&nbsp;&nbsp;&nbsp;&nbsp;&nbsp;&nbsp;&nbsp;&nbsp;&nbsp;&nbsp;&nbsp;&nbsp;&nbsp;&nbsp;&nbsp;&nbsp;&nbsp;&nbsp;&nbsp;&nbsp;&nbsp;&nbsp;&nbsp;&nbsp;&nbsp;&nbsp;&nbsp;&nbsp;&nbsp;&nbsp;&nbsp;&nbsp;&nbsp;&nbsp;&nbsp;&nbsp;&nbsp;&nbsp;&nbsp;&nbsp; Neujahrsempfang 2024 des NFV Gelb-Wei\u00df G\u00f6rlitz 09 e.V. Der Vorstand des NFV09 l\u00e4dt alle Mitglieder, Spieler, Trainer, Sponsoren und Partner herzlich zum diesj\u00e4hrigen Neujahrsempfang ein. Er findet am Freitag, den 16.02.2024 im Wichernhaus G\u00f6rlitz (Kleiner Saal), Johannes-W\u00fcsten-Str. 23 ab 18:30 Uhr statt. Interessenten melden sich bitte unter der Angabe von Namen und Teilnehmerzahl bis [&hellip;]<\/p>\n","protected":false},"author":1,"featured_media":4353,"comment_status":"open","ping_status":"open","sticky":false,"template":"","format":"standard","meta":{"footnotes":""},"categories":[85,138],"tags":[97],"class_list":["post-4363","post","type-post","status-publish","format-standard","has-post-thumbnail","hentry","category-verein","category-information_des_vorstands","tag-goerlitz"],"yoast_head":"<!-- This site is optimized with the Yoast SEO plugin v27.5 - https:\/\/yoast.com\/product\/yoast-seo-wordpress\/ -->\n<title>Einladung zum Neujahrsempfang 2024 - NFV Gelb-Wei\u00df G\u00f6rlitz 09 e.V.<\/title>\n<meta name=\"robots\" content=\"index, follow, max-snippet:-1, max-image-preview:large, max-video-preview:-1\" \/>\n<link rel=\"canonical\" href=\"https:\/\/www.nfv09.de\/home\/2024\/02\/05\/neujahrsempfang_2024\/\" \/>\n<meta property=\"og:locale\" content=\"de_DE\" \/>\n<meta property=\"og:type\" content=\"article\" \/>\n<meta property=\"og:title\" content=\"Einladung zum Neujahrsempfang 2024 - NFV Gelb-Wei\u00df G\u00f6rlitz 09 e.V.\" \/>\n<meta property=\"og:description\" content=\"&nbsp;&nbsp;&nbsp;&nbsp;&nbsp;&nbsp;&nbsp;&nbsp;&nbsp;&nbsp;&nbsp;&nbsp;&nbsp;&nbsp;&nbsp;&nbsp;&nbsp;&nbsp;&nbsp;&nbsp;&nbsp;&nbsp;&nbsp;&nbsp;&nbsp;&nbsp;&nbsp;&nbsp;&nbsp;&nbsp;&nbsp;&nbsp;&nbsp;&nbsp;&nbsp;&nbsp;&nbsp;&nbsp;&nbsp;&nbsp;&nbsp;&nbsp;&nbsp;&nbsp;&nbsp;&nbsp;&nbsp;&nbsp;&nbsp;&nbsp;&nbsp;&nbsp;&nbsp;&nbsp;&nbsp;&nbsp;&nbsp;&nbsp;&nbsp;&nbsp;&nbsp;&nbsp;&nbsp;&nbsp;&nbsp;&nbsp;&nbsp;&nbsp;&nbsp;&nbsp;&nbsp;&nbsp;&nbsp;&nbsp;&nbsp;&nbsp;&nbsp;&nbsp;&nbsp;&nbsp;&nbsp;&nbsp;&nbsp;&nbsp;&nbsp;&nbsp;&nbsp;&nbsp;&nbsp;&nbsp;&nbsp;&nbsp;&nbsp;&nbsp;&nbsp;&nbsp;&nbsp;&nbsp;&nbsp;&nbsp;&nbsp;&nbsp;&nbsp;&nbsp;&nbsp;&nbsp;&nbsp;&nbsp;&nbsp;&nbsp;&nbsp;&nbsp;&nbsp;&nbsp;&nbsp;&nbsp;&nbsp;&nbsp; Neujahrsempfang 2024 des NFV Gelb-Wei\u00df G\u00f6rlitz 09 e.V. Der Vorstand des NFV09 l\u00e4dt alle Mitglieder, Spieler, Trainer, Sponsoren und Partner herzlich zum diesj\u00e4hrigen Neujahrsempfang ein. Er findet am Freitag, den 16.02.2024 im Wichernhaus G\u00f6rlitz (Kleiner Saal), Johannes-W\u00fcsten-Str. 23 ab 18:30 Uhr statt. Interessenten melden sich bitte unter der Angabe von Namen und Teilnehmerzahl bis [&hellip;]\" \/>\n<meta property=\"og:url\" content=\"https:\/\/www.nfv09.de\/home\/2024\/02\/05\/neujahrsempfang_2024\/\" \/>\n<meta property=\"og:site_name\" content=\"NFV Gelb-Wei\u00df G\u00f6rlitz 09 e.V.\" \/>\n<meta property=\"article:published_time\" content=\"2024-02-05T15:43:33+00:00\" \/>\n<meta property=\"og:image\" content=\"https:\/\/www.nfv09.de\/home\/wp-content\/uploads\/2024\/01\/Tischdeko-Neujahrsempfang.jpg\" \/>\n\t<meta property=\"og:image:width\" content=\"500\" \/>\n\t<meta property=\"og:image:height\" content=\"500\" \/>\n\t<meta property=\"og:image:type\" content=\"image\/jpeg\" \/>\n<meta name=\"author\" content=\"nfv09\" \/>\n<meta name=\"twitter:card\" content=\"summary_large_image\" \/>\n<meta name=\"twitter:label1\" content=\"Verfasst von\" \/>\n\t<meta name=\"twitter:data1\" content=\"nfv09\" \/>\n\t<meta name=\"twitter:label2\" content=\"Gesch\u00e4tzte Lesezeit\" \/>\n\t<meta name=\"twitter:data2\" content=\"1\u00a0Minute\" \/>\n<script type=\"application\/ld+json\" class=\"yoast-schema-graph\">{\"@context\":\"https:\\\/\\\/schema.org\",\"@graph\":[{\"@type\":\"Article\",\"@id\":\"https:\\\/\\\/www.nfv09.de\\\/home\\\/2024\\\/02\\\/05\\\/neujahrsempfang_2024\\\/#article\",\"isPartOf\":{\"@id\":\"https:\\\/\\\/www.nfv09.de\\\/home\\\/2024\\\/02\\\/05\\\/neujahrsempfang_2024\\\/\"},\"author\":{\"name\":\"nfv09\",\"@id\":\"https:\\\/\\\/www.nfv09.de\\\/home\\\/#\\\/schema\\\/person\\\/b863b38e8d72961293b5cb8741c63f23\"},\"headline\":\"Einladung zum Neujahrsempfang 2024\",\"datePublished\":\"2024-02-05T15:43:33+00:00\",\"mainEntityOfPage\":{\"@id\":\"https:\\\/\\\/www.nfv09.de\\\/home\\\/2024\\\/02\\\/05\\\/neujahrsempfang_2024\\\/\"},\"wordCount\":192,\"commentCount\":0,\"publisher\":{\"@id\":\"https:\\\/\\\/www.nfv09.de\\\/home\\\/#\\\/schema\\\/person\\\/ed693ed28e6e4b3f80b32447b2b6cbc7\"},\"image\":{\"@id\":\"https:\\\/\\\/www.nfv09.de\\\/home\\\/2024\\\/02\\\/05\\\/neujahrsempfang_2024\\\/#primaryimage\"},\"thumbnailUrl\":\"https:\\\/\\\/www.nfv09.de\\\/home\\\/wp-content\\\/uploads\\\/2024\\\/01\\\/Tischdeko-Neujahrsempfang.jpg\",\"keywords\":[\"G\u00f6rlitz\"],\"articleSection\":[\"Verein\",\"Vorstand\"],\"inLanguage\":\"de\",\"potentialAction\":[{\"@type\":\"CommentAction\",\"name\":\"Comment\",\"target\":[\"https:\\\/\\\/www.nfv09.de\\\/home\\\/2024\\\/02\\\/05\\\/neujahrsempfang_2024\\\/#respond\"]}]},{\"@type\":\"WebPage\",\"@id\":\"https:\\\/\\\/www.nfv09.de\\\/home\\\/2024\\\/02\\\/05\\\/neujahrsempfang_2024\\\/\",\"url\":\"https:\\\/\\\/www.nfv09.de\\\/home\\\/2024\\\/02\\\/05\\\/neujahrsempfang_2024\\\/\",\"name\":\"Einladung zum Neujahrsempfang 2024 - NFV Gelb-Wei\u00df G\u00f6rlitz 09 e.V.\",\"isPartOf\":{\"@id\":\"https:\\\/\\\/www.nfv09.de\\\/home\\\/#website\"},\"primaryImageOfPage\":{\"@id\":\"https:\\\/\\\/www.nfv09.de\\\/home\\\/2024\\\/02\\\/05\\\/neujahrsempfang_2024\\\/#primaryimage\"},\"image\":{\"@id\":\"https:\\\/\\\/www.nfv09.de\\\/home\\\/2024\\\/02\\\/05\\\/neujahrsempfang_2024\\\/#primaryimage\"},\"thumbnailUrl\":\"https:\\\/\\\/www.nfv09.de\\\/home\\\/wp-content\\\/uploads\\\/2024\\\/01\\\/Tischdeko-Neujahrsempfang.jpg\",\"datePublished\":\"2024-02-05T15:43:33+00:00\",\"breadcrumb\":{\"@id\":\"https:\\\/\\\/www.nfv09.de\\\/home\\\/2024\\\/02\\\/05\\\/neujahrsempfang_2024\\\/#breadcrumb\"},\"inLanguage\":\"de\",\"potentialAction\":[{\"@type\":\"ReadAction\",\"target\":[\"https:\\\/\\\/www.nfv09.de\\\/home\\\/2024\\\/02\\\/05\\\/neujahrsempfang_2024\\\/\"]}]},{\"@type\":\"ImageObject\",\"inLanguage\":\"de\",\"@id\":\"https:\\\/\\\/www.nfv09.de\\\/home\\\/2024\\\/02\\\/05\\\/neujahrsempfang_2024\\\/#primaryimage\",\"url\":\"https:\\\/\\\/www.nfv09.de\\\/home\\\/wp-content\\\/uploads\\\/2024\\\/01\\\/Tischdeko-Neujahrsempfang.jpg\",\"contentUrl\":\"https:\\\/\\\/www.nfv09.de\\\/home\\\/wp-content\\\/uploads\\\/2024\\\/01\\\/Tischdeko-Neujahrsempfang.jpg\",\"width\":500,\"height\":500},{\"@type\":\"BreadcrumbList\",\"@id\":\"https:\\\/\\\/www.nfv09.de\\\/home\\\/2024\\\/02\\\/05\\\/neujahrsempfang_2024\\\/#breadcrumb\",\"itemListElement\":[{\"@type\":\"ListItem\",\"position\":1,\"name\":\"Startseite\",\"item\":\"https:\\\/\\\/www.nfv09.de\\\/home\\\/\"},{\"@type\":\"ListItem\",\"position\":2,\"name\":\"Einladung zum Neujahrsempfang 2024\"}]},{\"@type\":\"WebSite\",\"@id\":\"https:\\\/\\\/www.nfv09.de\\\/home\\\/#website\",\"url\":\"https:\\\/\\\/www.nfv09.de\\\/home\\\/\",\"name\":\"NFV Gelb-Wei\u00df G\u00f6rlitz 09 e.V.\",\"description\":\"Sachsenklasse Ost\",\"publisher\":{\"@id\":\"https:\\\/\\\/www.nfv09.de\\\/home\\\/#\\\/schema\\\/person\\\/ed693ed28e6e4b3f80b32447b2b6cbc7\"},\"potentialAction\":[{\"@type\":\"SearchAction\",\"target\":{\"@type\":\"EntryPoint\",\"urlTemplate\":\"https:\\\/\\\/www.nfv09.de\\\/home\\\/?s={search_term_string}\"},\"query-input\":{\"@type\":\"PropertyValueSpecification\",\"valueRequired\":true,\"valueName\":\"search_term_string\"}}],\"inLanguage\":\"de\"},{\"@type\":[\"Person\",\"Organization\"],\"@id\":\"https:\\\/\\\/www.nfv09.de\\\/home\\\/#\\\/schema\\\/person\\\/ed693ed28e6e4b3f80b32447b2b6cbc7\",\"name\":\"Regassi\",\"image\":{\"@type\":\"ImageObject\",\"inLanguage\":\"de\",\"@id\":\"https:\\\/\\\/www.nfv09.de\\\/home\\\/wp-content\\\/uploads\\\/2015\\\/04\\\/cropped-nfv-gelb-weiss-goerlitz-e1468573113314-1.gif\",\"url\":\"https:\\\/\\\/www.nfv09.de\\\/home\\\/wp-content\\\/uploads\\\/2015\\\/04\\\/cropped-nfv-gelb-weiss-goerlitz-e1468573113314-1.gif\",\"contentUrl\":\"https:\\\/\\\/www.nfv09.de\\\/home\\\/wp-content\\\/uploads\\\/2015\\\/04\\\/cropped-nfv-gelb-weiss-goerlitz-e1468573113314-1.gif\",\"width\":100,\"height\":122,\"caption\":\"Regassi\"},\"logo\":{\"@id\":\"https:\\\/\\\/www.nfv09.de\\\/home\\\/wp-content\\\/uploads\\\/2015\\\/04\\\/cropped-nfv-gelb-weiss-goerlitz-e1468573113314-1.gif\"}},{\"@type\":\"Person\",\"@id\":\"https:\\\/\\\/www.nfv09.de\\\/home\\\/#\\\/schema\\\/person\\\/b863b38e8d72961293b5cb8741c63f23\",\"name\":\"nfv09\",\"image\":{\"@type\":\"ImageObject\",\"inLanguage\":\"de\",\"@id\":\"https:\\\/\\\/secure.gravatar.com\\\/avatar\\\/7d94e77464b513659304af3dc292fd6ba3011545ddf76aa14e86246f1a30ac50?s=96&d=mm&r=g\",\"url\":\"https:\\\/\\\/secure.gravatar.com\\\/avatar\\\/7d94e77464b513659304af3dc292fd6ba3011545ddf76aa14e86246f1a30ac50?s=96&d=mm&r=g\",\"contentUrl\":\"https:\\\/\\\/secure.gravatar.com\\\/avatar\\\/7d94e77464b513659304af3dc292fd6ba3011545ddf76aa14e86246f1a30ac50?s=96&d=mm&r=g\",\"caption\":\"nfv09\"},\"url\":\"https:\\\/\\\/www.nfv09.de\\\/home\\\/author\\\/nfv09\\\/\"}]}<\/script>\n<!-- \/ Yoast SEO plugin. -->","yoast_head_json":{"title":"Einladung zum Neujahrsempfang 2024 - NFV Gelb-Wei\u00df G\u00f6rlitz 09 e.V.","robots":{"index":"index","follow":"follow","max-snippet":"max-snippet:-1","max-image-preview":"max-image-preview:large","max-video-preview":"max-video-preview:-1"},"canonical":"https:\/\/www.nfv09.de\/home\/2024\/02\/05\/neujahrsempfang_2024\/","og_locale":"de_DE","og_type":"article","og_title":"Einladung zum Neujahrsempfang 2024 - NFV Gelb-Wei\u00df G\u00f6rlitz 09 e.V.","og_description":"&nbsp;&nbsp;&nbsp;&nbsp;&nbsp;&nbsp;&nbsp;&nbsp;&nbsp;&nbsp;&nbsp;&nbsp;&nbsp;&nbsp;&nbsp;&nbsp;&nbsp;&nbsp;&nbsp;&nbsp;&nbsp;&nbsp;&nbsp;&nbsp;&nbsp;&nbsp;&nbsp;&nbsp;&nbsp;&nbsp;&nbsp;&nbsp;&nbsp;&nbsp;&nbsp;&nbsp;&nbsp;&nbsp;&nbsp;&nbsp;&nbsp;&nbsp;&nbsp;&nbsp;&nbsp;&nbsp;&nbsp;&nbsp;&nbsp;&nbsp;&nbsp;&nbsp;&nbsp;&nbsp;&nbsp;&nbsp;&nbsp;&nbsp;&nbsp;&nbsp;&nbsp;&nbsp;&nbsp;&nbsp;&nbsp;&nbsp;&nbsp;&nbsp;&nbsp;&nbsp;&nbsp;&nbsp;&nbsp;&nbsp;&nbsp;&nbsp;&nbsp;&nbsp;&nbsp;&nbsp;&nbsp;&nbsp;&nbsp;&nbsp;&nbsp;&nbsp;&nbsp;&nbsp;&nbsp;&nbsp;&nbsp;&nbsp;&nbsp;&nbsp;&nbsp;&nbsp;&nbsp;&nbsp;&nbsp;&nbsp;&nbsp;&nbsp;&nbsp;&nbsp;&nbsp;&nbsp;&nbsp;&nbsp;&nbsp;&nbsp;&nbsp;&nbsp;&nbsp;&nbsp;&nbsp;&nbsp;&nbsp;&nbsp; Neujahrsempfang 2024 des NFV Gelb-Wei\u00df G\u00f6rlitz 09 e.V. Der Vorstand des NFV09 l\u00e4dt alle Mitglieder, Spieler, Trainer, Sponsoren und Partner herzlich zum diesj\u00e4hrigen Neujahrsempfang ein. Er findet am Freitag, den 16.02.2024 im Wichernhaus G\u00f6rlitz (Kleiner Saal), Johannes-W\u00fcsten-Str. 23 ab 18:30 Uhr statt. Interessenten melden sich bitte unter der Angabe von Namen und Teilnehmerzahl bis [&hellip;]","og_url":"https:\/\/www.nfv09.de\/home\/2024\/02\/05\/neujahrsempfang_2024\/","og_site_name":"NFV Gelb-Wei\u00df G\u00f6rlitz 09 e.V.","article_published_time":"2024-02-05T15:43:33+00:00","og_image":[{"width":500,"height":500,"url":"https:\/\/www.nfv09.de\/home\/wp-content\/uploads\/2024\/01\/Tischdeko-Neujahrsempfang.jpg","type":"image\/jpeg"}],"author":"nfv09","twitter_card":"summary_large_image","twitter_misc":{"Verfasst von":"nfv09","Gesch\u00e4tzte Lesezeit":"1\u00a0Minute"},"schema":{"@context":"https:\/\/schema.org","@graph":[{"@type":"Article","@id":"https:\/\/www.nfv09.de\/home\/2024\/02\/05\/neujahrsempfang_2024\/#article","isPartOf":{"@id":"https:\/\/www.nfv09.de\/home\/2024\/02\/05\/neujahrsempfang_2024\/"},"author":{"name":"nfv09","@id":"https:\/\/www.nfv09.de\/home\/#\/schema\/person\/b863b38e8d72961293b5cb8741c63f23"},"headline":"Einladung zum Neujahrsempfang 2024","datePublished":"2024-02-05T15:43:33+00:00","mainEntityOfPage":{"@id":"https:\/\/www.nfv09.de\/home\/2024\/02\/05\/neujahrsempfang_2024\/"},"wordCount":192,"commentCount":0,"publisher":{"@id":"https:\/\/www.nfv09.de\/home\/#\/schema\/person\/ed693ed28e6e4b3f80b32447b2b6cbc7"},"image":{"@id":"https:\/\/www.nfv09.de\/home\/2024\/02\/05\/neujahrsempfang_2024\/#primaryimage"},"thumbnailUrl":"https:\/\/www.nfv09.de\/home\/wp-content\/uploads\/2024\/01\/Tischdeko-Neujahrsempfang.jpg","keywords":["G\u00f6rlitz"],"articleSection":["Verein","Vorstand"],"inLanguage":"de","potentialAction":[{"@type":"CommentAction","name":"Comment","target":["https:\/\/www.nfv09.de\/home\/2024\/02\/05\/neujahrsempfang_2024\/#respond"]}]},{"@type":"WebPage","@id":"https:\/\/www.nfv09.de\/home\/2024\/02\/05\/neujahrsempfang_2024\/","url":"https:\/\/www.nfv09.de\/home\/2024\/02\/05\/neujahrsempfang_2024\/","name":"Einladung zum Neujahrsempfang 2024 - NFV Gelb-Wei\u00df G\u00f6rlitz 09 e.V.","isPartOf":{"@id":"https:\/\/www.nfv09.de\/home\/#website"},"primaryImageOfPage":{"@id":"https:\/\/www.nfv09.de\/home\/2024\/02\/05\/neujahrsempfang_2024\/#primaryimage"},"image":{"@id":"https:\/\/www.nfv09.de\/home\/2024\/02\/05\/neujahrsempfang_2024\/#primaryimage"},"thumbnailUrl":"https:\/\/www.nfv09.de\/home\/wp-content\/uploads\/2024\/01\/Tischdeko-Neujahrsempfang.jpg","datePublished":"2024-02-05T15:43:33+00:00","breadcrumb":{"@id":"https:\/\/www.nfv09.de\/home\/2024\/02\/05\/neujahrsempfang_2024\/#breadcrumb"},"inLanguage":"de","potentialAction":[{"@type":"ReadAction","target":["https:\/\/www.nfv09.de\/home\/2024\/02\/05\/neujahrsempfang_2024\/"]}]},{"@type":"ImageObject","inLanguage":"de","@id":"https:\/\/www.nfv09.de\/home\/2024\/02\/05\/neujahrsempfang_2024\/#primaryimage","url":"https:\/\/www.nfv09.de\/home\/wp-content\/uploads\/2024\/01\/Tischdeko-Neujahrsempfang.jpg","contentUrl":"https:\/\/www.nfv09.de\/home\/wp-content\/uploads\/2024\/01\/Tischdeko-Neujahrsempfang.jpg","width":500,"height":500},{"@type":"BreadcrumbList","@id":"https:\/\/www.nfv09.de\/home\/2024\/02\/05\/neujahrsempfang_2024\/#breadcrumb","itemListElement":[{"@type":"ListItem","position":1,"name":"Startseite","item":"https:\/\/www.nfv09.de\/home\/"},{"@type":"ListItem","position":2,"name":"Einladung zum Neujahrsempfang 2024"}]},{"@type":"WebSite","@id":"https:\/\/www.nfv09.de\/home\/#website","url":"https:\/\/www.nfv09.de\/home\/","name":"NFV Gelb-Wei\u00df G\u00f6rlitz 09 e.V.","description":"Sachsenklasse Ost","publisher":{"@id":"https:\/\/www.nfv09.de\/home\/#\/schema\/person\/ed693ed28e6e4b3f80b32447b2b6cbc7"},"potentialAction":[{"@type":"SearchAction","target":{"@type":"EntryPoint","urlTemplate":"https:\/\/www.nfv09.de\/home\/?s={search_term_string}"},"query-input":{"@type":"PropertyValueSpecification","valueRequired":true,"valueName":"search_term_string"}}],"inLanguage":"de"},{"@type":["Person","Organization"],"@id":"https:\/\/www.nfv09.de\/home\/#\/schema\/person\/ed693ed28e6e4b3f80b32447b2b6cbc7","name":"Regassi","image":{"@type":"ImageObject","inLanguage":"de","@id":"https:\/\/www.nfv09.de\/home\/wp-content\/uploads\/2015\/04\/cropped-nfv-gelb-weiss-goerlitz-e1468573113314-1.gif","url":"https:\/\/www.nfv09.de\/home\/wp-content\/uploads\/2015\/04\/cropped-nfv-gelb-weiss-goerlitz-e1468573113314-1.gif","contentUrl":"https:\/\/www.nfv09.de\/home\/wp-content\/uploads\/2015\/04\/cropped-nfv-gelb-weiss-goerlitz-e1468573113314-1.gif","width":100,"height":122,"caption":"Regassi"},"logo":{"@id":"https:\/\/www.nfv09.de\/home\/wp-content\/uploads\/2015\/04\/cropped-nfv-gelb-weiss-goerlitz-e1468573113314-1.gif"}},{"@type":"Person","@id":"https:\/\/www.nfv09.de\/home\/#\/schema\/person\/b863b38e8d72961293b5cb8741c63f23","name":"nfv09","image":{"@type":"ImageObject","inLanguage":"de","@id":"https:\/\/secure.gravatar.com\/avatar\/7d94e77464b513659304af3dc292fd6ba3011545ddf76aa14e86246f1a30ac50?s=96&d=mm&r=g","url":"https:\/\/secure.gravatar.com\/avatar\/7d94e77464b513659304af3dc292fd6ba3011545ddf76aa14e86246f1a30ac50?s=96&d=mm&r=g","contentUrl":"https:\/\/secure.gravatar.com\/avatar\/7d94e77464b513659304af3dc292fd6ba3011545ddf76aa14e86246f1a30ac50?s=96&d=mm&r=g","caption":"nfv09"},"url":"https:\/\/www.nfv09.de\/home\/author\/nfv09\/"}]}},"_links":{"self":[{"href":"https:\/\/www.nfv09.de\/home\/wp-json\/wp\/v2\/posts\/4363","targetHints":{"allow":["GET"]}}],"collection":[{"href":"https:\/\/www.nfv09.de\/home\/wp-json\/wp\/v2\/posts"}],"about":[{"href":"https:\/\/www.nfv09.de\/home\/wp-json\/wp\/v2\/types\/post"}],"author":[{"embeddable":true,"href":"https:\/\/www.nfv09.de\/home\/wp-json\/wp\/v2\/users\/1"}],"replies":[{"embeddable":true,"href":"https:\/\/www.nfv09.de\/home\/wp-json\/wp\/v2\/comments?post=4363"}],"version-history":[{"count":2,"href":"https:\/\/www.nfv09.de\/home\/wp-json\/wp\/v2\/posts\/4363\/revisions"}],"predecessor-version":[{"id":4368,"href":"https:\/\/www.nfv09.de\/home\/wp-json\/wp\/v2\/posts\/4363\/revisions\/4368"}],"wp:featuredmedia":[{"embeddable":true,"href":"https:\/\/www.nfv09.de\/home\/wp-json\/wp\/v2\/media\/4353"}],"wp:attachment":[{"href":"https:\/\/www.nfv09.de\/home\/wp-json\/wp\/v2\/media?parent=4363"}],"wp:term":[{"taxonomy":"category","embeddable":true,"href":"https:\/\/www.nfv09.de\/home\/wp-json\/wp\/v2\/categories?post=4363"},{"taxonomy":"post_tag","embeddable":true,"href":"https:\/\/www.nfv09.de\/home\/wp-json\/wp\/v2\/tags?post=4363"}],"curies":[{"name":"wp","href":"https:\/\/api.w.org\/{rel}","templated":true}]}}