{"id":4237,"date":"2023-06-16T14:36:00","date_gmt":"2023-06-16T12:36:00","guid":{"rendered":"https:\/\/www.nfv09.de\/home\/2023\/06\/07\/nfv09-erhaelt-stiftungskapital-aus-der-dixie-doerner-stiftung-2-2-2\/"},"modified":"2023-06-20T09:29:37","modified_gmt":"2023-06-20T07:29:37","slug":"nfv09-erhaelt-stiftungskapital-aus-der-dixie-doerner-stiftung-2-2-2","status":"publish","type":"post","link":"https:\/\/www.nfv09.de\/home\/2023\/06\/16\/nfv09-erhaelt-stiftungskapital-aus-der-dixie-doerner-stiftung-2-2-2\/","title":{"rendered":"Informationen zum \u201cDixie-D\u00f6rner-Gedenkturnier\u201c"},"content":{"rendered":"\n<p>&nbsp;&nbsp;&nbsp;&nbsp;&nbsp;&nbsp;&nbsp;&nbsp;&nbsp;&nbsp;&nbsp;&nbsp;&nbsp;&nbsp;&nbsp;&nbsp;&nbsp;&nbsp;&nbsp;&nbsp;&nbsp;&nbsp;&nbsp;&nbsp;&nbsp;&nbsp;&nbsp;&nbsp;&nbsp;&nbsp;&nbsp;&nbsp;&nbsp;&nbsp;&nbsp;&nbsp;&nbsp;&nbsp;&nbsp;&nbsp;&nbsp;&nbsp;&nbsp;&nbsp;&nbsp;&nbsp;&nbsp;&nbsp;&nbsp;&nbsp;&nbsp;&nbsp;&nbsp;&nbsp;&nbsp;&nbsp;&nbsp;&nbsp;&nbsp;&nbsp;&nbsp;&nbsp;&nbsp;&nbsp;&nbsp;&nbsp;&nbsp;&nbsp;&nbsp;&nbsp;&nbsp;&nbsp;&nbsp;&nbsp;&nbsp;&nbsp;&nbsp;&nbsp;&nbsp;&nbsp;&nbsp;&nbsp;&nbsp;&nbsp;&nbsp;&nbsp;&nbsp;&nbsp;&nbsp;&nbsp;&nbsp;&nbsp;&nbsp;&nbsp;&nbsp;&nbsp;&nbsp;&nbsp;&nbsp;&nbsp;&nbsp;&nbsp;&nbsp;&nbsp;&nbsp;&nbsp;&nbsp;&nbsp;&nbsp;&nbsp;&nbsp;&nbsp;&nbsp;&nbsp;&nbsp;&nbsp;&nbsp;&nbsp; <\/p>\n\n\n\n<p> <p>Informationen zum \u201cDixie-D\u00f6rner-Gedenkturnier\u201c am 18.06.2023 um 13:30 Uhr im \u201eStadion der Freundschaft\u201c G\u00f6rlitz.<\/p>      <p>Das Stadion und die Stadionkassen \u00f6ffnen am Turniertag um 12:30 Uhr.<\/p>   <p>Der Eintritt f\u00fcr Vollzahler betr\u00e4gt 15\u20ac, Erm\u00e4\u00dfigte Tickets ( 6-14 Jahre | Menschen mit Behinderung und deren Begleitperson) | Kinder bis 6 Jahren haben freien Eintritt) sind f\u00fcr 8\u20ac erh\u00e4ltlich.<\/p>   <p>Schiedsrichter bekommen bei Vorlage eines Nachweises einer aktiven Schiedsrichtert\u00e4tigkeit in der Saison 2022\/23 freien Eintritt.<\/p>   <p>Achtung: Parkpl\u00e4tze sind am Stadion nur begrenzt vorhanden. Die Zufahrt befindet sich \u201eAm Wasserwerk\u201c.<\/p>   <p>Zus\u00e4tzliche Parkpl\u00e4tze werden auf dem Weinberg, stadteinw\u00e4rts eingerichtet.<\/p>   <p>Parkpl\u00e4tze f\u00fcr Presse- und VIP-G\u00e4ste befinden sich direkt am Stadion und k\u00f6nnen nach Vorlage von Presse-Akkreditierung und VIP-Tickets genutzt werden.<\/p>   <p><strong>Empfohlen wird die Anreise mit \u00d6ffentlichen Verkehrsmitteln. Die Stra\u00dfenbahn der Linie 1 h\u00e4lt in unmittelbarer N\u00e4he am Haltepunkt \u201eErich-Weinert-Stra\u00dfe\u201c.<\/strong><\/p>   <p>Der <strong>Zugang<\/strong> zum \u201eStadion der Freundschaft\u201c erfolgt <strong>ausschlie\u00dflich<\/strong> \u00fcber die Stra\u00dfe \u201cAm Wasserwerk\u201c.<\/p>   <p>Bitte folgen Sie den Hinweisen des Sicherheitspersonals.<\/p> <\/p>\n\n\n\n<p><strong>Unsere Hauptsponsoren: <\/strong><\/p>\n\n\n\n<div class=\"wp-block-columns is-layout-flex wp-container-core-columns-is-layout-28f84493 wp-block-columns-is-layout-flex\">\n<div class=\"wp-block-column is-layout-flow wp-block-column-is-layout-flow\">\n<figure class=\"wp-block-image size-large is-resized\"><a href=\"https:\/\/www.stadtwerke-goerlitz.de\/\" target=\"_blank\" rel=\"noreferrer noopener\"><img decoding=\"async\" src=\"https:\/\/www.nfv09.de\/home\/wp-content\/uploads\/2023\/05\/SWG_Logo_Schwarz-Gelb_CMYK-2-1024x401.png\" alt=\"\" class=\"wp-image-4132\" width=\"225\" height=\"88\" srcset=\"https:\/\/www.nfv09.de\/home\/wp-content\/uploads\/2023\/05\/SWG_Logo_Schwarz-Gelb_CMYK-2-1024x401.png 1024w, https:\/\/www.nfv09.de\/home\/wp-content\/uploads\/2023\/05\/SWG_Logo_Schwarz-Gelb_CMYK-2-300x117.png 300w, https:\/\/www.nfv09.de\/home\/wp-content\/uploads\/2023\/05\/SWG_Logo_Schwarz-Gelb_CMYK-2-768x301.png 768w, https:\/\/www.nfv09.de\/home\/wp-content\/uploads\/2023\/05\/SWG_Logo_Schwarz-Gelb_CMYK-2.png 1183w\" sizes=\"(max-width: 225px) 100vw, 225px\" \/><\/a><\/figure>\n<\/div>\n\n\n\n<div class=\"wp-block-column is-layout-flow wp-block-column-is-layout-flow\">\n<figure class=\"wp-block-image size-large is-resized\"><a href=\"https:\/\/www.sparkasse-oberlausitz-niederschlesien.de\/\" target=\"_blank\" rel=\"noreferrer noopener\"><img decoding=\"async\" src=\"https:\/\/www.nfv09.de\/home\/wp-content\/uploads\/2023\/05\/Logo-weiss-auf-rot_in-Kurven-1-1024x345.jpg\" alt=\"\" class=\"wp-image-4133\" width=\"232\" height=\"78\" srcset=\"https:\/\/www.nfv09.de\/home\/wp-content\/uploads\/2023\/05\/Logo-weiss-auf-rot_in-Kurven-1-1024x345.jpg 1024w, https:\/\/www.nfv09.de\/home\/wp-content\/uploads\/2023\/05\/Logo-weiss-auf-rot_in-Kurven-1-300x101.jpg 300w, https:\/\/www.nfv09.de\/home\/wp-content\/uploads\/2023\/05\/Logo-weiss-auf-rot_in-Kurven-1-768x259.jpg 768w, https:\/\/www.nfv09.de\/home\/wp-content\/uploads\/2023\/05\/Logo-weiss-auf-rot_in-Kurven-1-1536x518.jpg 1536w, https:\/\/www.nfv09.de\/home\/wp-content\/uploads\/2023\/05\/Logo-weiss-auf-rot_in-Kurven-1-2048x690.jpg 2048w\" sizes=\"(max-width: 232px) 100vw, 232px\" \/><\/a><\/figure>\n<\/div>\n\n\n\n<div class=\"wp-block-column is-layout-flow wp-block-column-is-layout-flow\">\n<figure class=\"wp-block-image size-full is-resized\"><a href=\"https:\/\/www.landskron.de\" target=\"_blank\" rel=\"noreferrer noopener\"><img decoding=\"async\" src=\"https:\/\/www.nfv09.de\/home\/wp-content\/uploads\/2023\/05\/Landskron_Logo.jpg\" alt=\"\" class=\"wp-image-4149\" width=\"122\" height=\"106\" srcset=\"https:\/\/www.nfv09.de\/home\/wp-content\/uploads\/2023\/05\/Landskron_Logo.jpg 542w, https:\/\/www.nfv09.de\/home\/wp-content\/uploads\/2023\/05\/Landskron_Logo-300x262.jpg 300w\" sizes=\"(max-width: 122px) 100vw, 122px\" \/><\/a><\/figure>\n<\/div>\n<\/div>\n","protected":false},"excerpt":{"rendered":"<p>&nbsp;&nbsp;&nbsp;&nbsp;&nbsp;&nbsp;&nbsp;&nbsp;&nbsp;&nbsp;&nbsp;&nbsp;&nbsp;&nbsp;&nbsp;&nbsp;&nbsp;&nbsp;&nbsp;&nbsp;&nbsp;&nbsp;&nbsp;&nbsp;&nbsp;&nbsp;&nbsp;&nbsp;&nbsp;&nbsp;&nbsp;&nbsp;&nbsp;&nbsp;&nbsp;&nbsp;&nbsp;&nbsp;&nbsp;&nbsp;&nbsp;&nbsp;&nbsp;&nbsp;&nbsp;&nbsp;&nbsp;&nbsp;&nbsp;&nbsp;&nbsp;&nbsp;&nbsp;&nbsp;&nbsp;&nbsp;&nbsp;&nbsp;&nbsp;&nbsp;&nbsp;&nbsp;&nbsp;&nbsp;&nbsp;&nbsp;&nbsp;&nbsp;&nbsp;&nbsp;&nbsp;&nbsp;&nbsp;&nbsp;&nbsp;&nbsp;&nbsp;&nbsp;&nbsp;&nbsp;&nbsp;&nbsp;&nbsp;&nbsp;&nbsp;&nbsp;&nbsp;&nbsp;&nbsp;&nbsp;&nbsp;&nbsp;&nbsp;&nbsp;&nbsp;&nbsp;&nbsp;&nbsp;&nbsp;&nbsp;&nbsp;&nbsp;&nbsp;&nbsp;&nbsp;&nbsp;&nbsp;&nbsp;&nbsp;&nbsp;&nbsp;&nbsp;&nbsp;&nbsp;&nbsp;&nbsp;&nbsp;&nbsp; Informationen zum \u201cDixie-D\u00f6rner-Gedenkturnier\u201c am 18.06.2023 um 13:30 Uhr im \u201eStadion der Freundschaft\u201c G\u00f6rlitz. Das Stadion und die Stadionkassen \u00f6ffnen am Turniertag um 12:30 Uhr. Der Eintritt f\u00fcr Vollzahler betr\u00e4gt 15\u20ac, Erm\u00e4\u00dfigte Tickets ( 6-14 Jahre | Menschen mit Behinderung und deren Begleitperson) | Kinder bis 6 Jahren haben freien Eintritt) sind f\u00fcr 8\u20ac erh\u00e4ltlich. [&hellip;]<\/p>\n","protected":false},"author":1,"featured_media":4178,"comment_status":"open","ping_status":"open","sticky":false,"template":"","format":"standard","meta":{"footnotes":""},"categories":[86,85],"tags":[161,162,103,163,97],"class_list":["post-4237","post","type-post","status-publish","format-standard","has-post-thumbnail","hentry","category-presse","category-verein","tag-dixie","tag-dixie-doerner","tag-dynamo-dresden","tag-gedenkturnier","tag-goerlitz"],"yoast_head":"<!-- This site is optimized with the Yoast SEO plugin v27.4 - https:\/\/yoast.com\/product\/yoast-seo-wordpress\/ -->\n<title>Informationen zum \u201cDixie-D\u00f6rner-Gedenkturnier\u201c - NFV Gelb-Wei\u00df G\u00f6rlitz 09 e.V.<\/title>\n<meta name=\"robots\" content=\"index, follow, max-snippet:-1, max-image-preview:large, max-video-preview:-1\" \/>\n<link rel=\"canonical\" href=\"https:\/\/www.nfv09.de\/home\/2023\/06\/16\/nfv09-erhaelt-stiftungskapital-aus-der-dixie-doerner-stiftung-2-2-2\/\" \/>\n<meta property=\"og:locale\" content=\"de_DE\" \/>\n<meta property=\"og:type\" content=\"article\" \/>\n<meta property=\"og:title\" content=\"Informationen zum \u201cDixie-D\u00f6rner-Gedenkturnier\u201c - NFV Gelb-Wei\u00df G\u00f6rlitz 09 e.V.\" \/>\n<meta property=\"og:description\" content=\"&nbsp;&nbsp;&nbsp;&nbsp;&nbsp;&nbsp;&nbsp;&nbsp;&nbsp;&nbsp;&nbsp;&nbsp;&nbsp;&nbsp;&nbsp;&nbsp;&nbsp;&nbsp;&nbsp;&nbsp;&nbsp;&nbsp;&nbsp;&nbsp;&nbsp;&nbsp;&nbsp;&nbsp;&nbsp;&nbsp;&nbsp;&nbsp;&nbsp;&nbsp;&nbsp;&nbsp;&nbsp;&nbsp;&nbsp;&nbsp;&nbsp;&nbsp;&nbsp;&nbsp;&nbsp;&nbsp;&nbsp;&nbsp;&nbsp;&nbsp;&nbsp;&nbsp;&nbsp;&nbsp;&nbsp;&nbsp;&nbsp;&nbsp;&nbsp;&nbsp;&nbsp;&nbsp;&nbsp;&nbsp;&nbsp;&nbsp;&nbsp;&nbsp;&nbsp;&nbsp;&nbsp;&nbsp;&nbsp;&nbsp;&nbsp;&nbsp;&nbsp;&nbsp;&nbsp;&nbsp;&nbsp;&nbsp;&nbsp;&nbsp;&nbsp;&nbsp;&nbsp;&nbsp;&nbsp;&nbsp;&nbsp;&nbsp;&nbsp;&nbsp;&nbsp;&nbsp;&nbsp;&nbsp;&nbsp;&nbsp;&nbsp;&nbsp;&nbsp;&nbsp;&nbsp;&nbsp;&nbsp;&nbsp;&nbsp;&nbsp;&nbsp;&nbsp;&nbsp;&nbsp;&nbsp;&nbsp;&nbsp;&nbsp; Informationen zum \u201cDixie-D\u00f6rner-Gedenkturnier\u201c am 18.06.2023 um 13:30 Uhr im \u201eStadion der Freundschaft\u201c G\u00f6rlitz. Das Stadion und die Stadionkassen \u00f6ffnen am Turniertag um 12:30 Uhr. Der Eintritt f\u00fcr Vollzahler betr\u00e4gt 15\u20ac, Erm\u00e4\u00dfigte Tickets ( 6-14 Jahre | Menschen mit Behinderung und deren Begleitperson) | Kinder bis 6 Jahren haben freien Eintritt) sind f\u00fcr 8\u20ac erh\u00e4ltlich. [&hellip;]\" \/>\n<meta property=\"og:url\" content=\"https:\/\/www.nfv09.de\/home\/2023\/06\/16\/nfv09-erhaelt-stiftungskapital-aus-der-dixie-doerner-stiftung-2-2-2\/\" \/>\n<meta property=\"og:site_name\" content=\"NFV Gelb-Wei\u00df G\u00f6rlitz 09 e.V.\" \/>\n<meta property=\"article:published_time\" content=\"2023-06-16T12:36:00+00:00\" \/>\n<meta property=\"article:modified_time\" content=\"2023-06-20T07:29:37+00:00\" \/>\n<meta property=\"og:image\" content=\"https:\/\/www.nfv09.de\/home\/wp-content\/uploads\/2023\/05\/banner_facebook_Gedenkturnier_Dixie.jpg\" \/>\n\t<meta property=\"og:image:width\" content=\"1200\" \/>\n\t<meta property=\"og:image:height\" content=\"628\" \/>\n\t<meta property=\"og:image:type\" content=\"image\/jpeg\" \/>\n<meta name=\"author\" content=\"nfv09\" \/>\n<meta name=\"twitter:card\" content=\"summary_large_image\" \/>\n<meta name=\"twitter:label1\" content=\"Verfasst von\" \/>\n\t<meta name=\"twitter:data1\" content=\"nfv09\" \/>\n\t<meta name=\"twitter:label2\" content=\"Gesch\u00e4tzte Lesezeit\" \/>\n\t<meta name=\"twitter:data2\" content=\"2\u00a0Minuten\" \/>\n<script type=\"application\/ld+json\" class=\"yoast-schema-graph\">{\"@context\":\"https:\\\/\\\/schema.org\",\"@graph\":[{\"@type\":\"Article\",\"@id\":\"https:\\\/\\\/www.nfv09.de\\\/home\\\/2023\\\/06\\\/16\\\/nfv09-erhaelt-stiftungskapital-aus-der-dixie-doerner-stiftung-2-2-2\\\/#article\",\"isPartOf\":{\"@id\":\"https:\\\/\\\/www.nfv09.de\\\/home\\\/2023\\\/06\\\/16\\\/nfv09-erhaelt-stiftungskapital-aus-der-dixie-doerner-stiftung-2-2-2\\\/\"},\"author\":{\"name\":\"nfv09\",\"@id\":\"https:\\\/\\\/www.nfv09.de\\\/home\\\/#\\\/schema\\\/person\\\/b863b38e8d72961293b5cb8741c63f23\"},\"headline\":\"Informationen zum \u201cDixie-D\u00f6rner-Gedenkturnier\u201c\",\"datePublished\":\"2023-06-16T12:36:00+00:00\",\"dateModified\":\"2023-06-20T07:29:37+00:00\",\"mainEntityOfPage\":{\"@id\":\"https:\\\/\\\/www.nfv09.de\\\/home\\\/2023\\\/06\\\/16\\\/nfv09-erhaelt-stiftungskapital-aus-der-dixie-doerner-stiftung-2-2-2\\\/\"},\"wordCount\":285,\"commentCount\":0,\"publisher\":{\"@id\":\"https:\\\/\\\/www.nfv09.de\\\/home\\\/#\\\/schema\\\/person\\\/ed693ed28e6e4b3f80b32447b2b6cbc7\"},\"image\":{\"@id\":\"https:\\\/\\\/www.nfv09.de\\\/home\\\/2023\\\/06\\\/16\\\/nfv09-erhaelt-stiftungskapital-aus-der-dixie-doerner-stiftung-2-2-2\\\/#primaryimage\"},\"thumbnailUrl\":\"https:\\\/\\\/www.nfv09.de\\\/home\\\/wp-content\\\/uploads\\\/2023\\\/05\\\/banner_facebook_Gedenkturnier_Dixie.jpg\",\"keywords\":[\"Dixie\",\"Dixie D\u00f6rner\",\"Dynamo Dresden\",\"Gedenkturnier\",\"G\u00f6rlitz\"],\"articleSection\":[\"Presse\",\"Verein\"],\"inLanguage\":\"de\",\"potentialAction\":[{\"@type\":\"CommentAction\",\"name\":\"Comment\",\"target\":[\"https:\\\/\\\/www.nfv09.de\\\/home\\\/2023\\\/06\\\/16\\\/nfv09-erhaelt-stiftungskapital-aus-der-dixie-doerner-stiftung-2-2-2\\\/#respond\"]}]},{\"@type\":\"WebPage\",\"@id\":\"https:\\\/\\\/www.nfv09.de\\\/home\\\/2023\\\/06\\\/16\\\/nfv09-erhaelt-stiftungskapital-aus-der-dixie-doerner-stiftung-2-2-2\\\/\",\"url\":\"https:\\\/\\\/www.nfv09.de\\\/home\\\/2023\\\/06\\\/16\\\/nfv09-erhaelt-stiftungskapital-aus-der-dixie-doerner-stiftung-2-2-2\\\/\",\"name\":\"Informationen zum \u201cDixie-D\u00f6rner-Gedenkturnier\u201c - NFV Gelb-Wei\u00df G\u00f6rlitz 09 e.V.\",\"isPartOf\":{\"@id\":\"https:\\\/\\\/www.nfv09.de\\\/home\\\/#website\"},\"primaryImageOfPage\":{\"@id\":\"https:\\\/\\\/www.nfv09.de\\\/home\\\/2023\\\/06\\\/16\\\/nfv09-erhaelt-stiftungskapital-aus-der-dixie-doerner-stiftung-2-2-2\\\/#primaryimage\"},\"image\":{\"@id\":\"https:\\\/\\\/www.nfv09.de\\\/home\\\/2023\\\/06\\\/16\\\/nfv09-erhaelt-stiftungskapital-aus-der-dixie-doerner-stiftung-2-2-2\\\/#primaryimage\"},\"thumbnailUrl\":\"https:\\\/\\\/www.nfv09.de\\\/home\\\/wp-content\\\/uploads\\\/2023\\\/05\\\/banner_facebook_Gedenkturnier_Dixie.jpg\",\"datePublished\":\"2023-06-16T12:36:00+00:00\",\"dateModified\":\"2023-06-20T07:29:37+00:00\",\"breadcrumb\":{\"@id\":\"https:\\\/\\\/www.nfv09.de\\\/home\\\/2023\\\/06\\\/16\\\/nfv09-erhaelt-stiftungskapital-aus-der-dixie-doerner-stiftung-2-2-2\\\/#breadcrumb\"},\"inLanguage\":\"de\",\"potentialAction\":[{\"@type\":\"ReadAction\",\"target\":[\"https:\\\/\\\/www.nfv09.de\\\/home\\\/2023\\\/06\\\/16\\\/nfv09-erhaelt-stiftungskapital-aus-der-dixie-doerner-stiftung-2-2-2\\\/\"]}]},{\"@type\":\"ImageObject\",\"inLanguage\":\"de\",\"@id\":\"https:\\\/\\\/www.nfv09.de\\\/home\\\/2023\\\/06\\\/16\\\/nfv09-erhaelt-stiftungskapital-aus-der-dixie-doerner-stiftung-2-2-2\\\/#primaryimage\",\"url\":\"https:\\\/\\\/www.nfv09.de\\\/home\\\/wp-content\\\/uploads\\\/2023\\\/05\\\/banner_facebook_Gedenkturnier_Dixie.jpg\",\"contentUrl\":\"https:\\\/\\\/www.nfv09.de\\\/home\\\/wp-content\\\/uploads\\\/2023\\\/05\\\/banner_facebook_Gedenkturnier_Dixie.jpg\",\"width\":1200,\"height\":628,\"caption\":\"\u2013 OST Fu\u00dfball Traditionsteam (ehemalige DDR Nationalspieler)\"},{\"@type\":\"BreadcrumbList\",\"@id\":\"https:\\\/\\\/www.nfv09.de\\\/home\\\/2023\\\/06\\\/16\\\/nfv09-erhaelt-stiftungskapital-aus-der-dixie-doerner-stiftung-2-2-2\\\/#breadcrumb\",\"itemListElement\":[{\"@type\":\"ListItem\",\"position\":1,\"name\":\"Startseite\",\"item\":\"https:\\\/\\\/www.nfv09.de\\\/home\\\/\"},{\"@type\":\"ListItem\",\"position\":2,\"name\":\"Informationen zum \u201cDixie-D\u00f6rner-Gedenkturnier\u201c\"}]},{\"@type\":\"WebSite\",\"@id\":\"https:\\\/\\\/www.nfv09.de\\\/home\\\/#website\",\"url\":\"https:\\\/\\\/www.nfv09.de\\\/home\\\/\",\"name\":\"NFV Gelb-Wei\u00df G\u00f6rlitz 09 e.V.\",\"description\":\"Sachsenklasse Ost\",\"publisher\":{\"@id\":\"https:\\\/\\\/www.nfv09.de\\\/home\\\/#\\\/schema\\\/person\\\/ed693ed28e6e4b3f80b32447b2b6cbc7\"},\"potentialAction\":[{\"@type\":\"SearchAction\",\"target\":{\"@type\":\"EntryPoint\",\"urlTemplate\":\"https:\\\/\\\/www.nfv09.de\\\/home\\\/?s={search_term_string}\"},\"query-input\":{\"@type\":\"PropertyValueSpecification\",\"valueRequired\":true,\"valueName\":\"search_term_string\"}}],\"inLanguage\":\"de\"},{\"@type\":[\"Person\",\"Organization\"],\"@id\":\"https:\\\/\\\/www.nfv09.de\\\/home\\\/#\\\/schema\\\/person\\\/ed693ed28e6e4b3f80b32447b2b6cbc7\",\"name\":\"Regassi\",\"image\":{\"@type\":\"ImageObject\",\"inLanguage\":\"de\",\"@id\":\"https:\\\/\\\/www.nfv09.de\\\/home\\\/wp-content\\\/uploads\\\/2015\\\/04\\\/cropped-nfv-gelb-weiss-goerlitz-e1468573113314-1.gif\",\"url\":\"https:\\\/\\\/www.nfv09.de\\\/home\\\/wp-content\\\/uploads\\\/2015\\\/04\\\/cropped-nfv-gelb-weiss-goerlitz-e1468573113314-1.gif\",\"contentUrl\":\"https:\\\/\\\/www.nfv09.de\\\/home\\\/wp-content\\\/uploads\\\/2015\\\/04\\\/cropped-nfv-gelb-weiss-goerlitz-e1468573113314-1.gif\",\"width\":100,\"height\":122,\"caption\":\"Regassi\"},\"logo\":{\"@id\":\"https:\\\/\\\/www.nfv09.de\\\/home\\\/wp-content\\\/uploads\\\/2015\\\/04\\\/cropped-nfv-gelb-weiss-goerlitz-e1468573113314-1.gif\"}},{\"@type\":\"Person\",\"@id\":\"https:\\\/\\\/www.nfv09.de\\\/home\\\/#\\\/schema\\\/person\\\/b863b38e8d72961293b5cb8741c63f23\",\"name\":\"nfv09\",\"image\":{\"@type\":\"ImageObject\",\"inLanguage\":\"de\",\"@id\":\"https:\\\/\\\/secure.gravatar.com\\\/avatar\\\/7d94e77464b513659304af3dc292fd6ba3011545ddf76aa14e86246f1a30ac50?s=96&d=mm&r=g\",\"url\":\"https:\\\/\\\/secure.gravatar.com\\\/avatar\\\/7d94e77464b513659304af3dc292fd6ba3011545ddf76aa14e86246f1a30ac50?s=96&d=mm&r=g\",\"contentUrl\":\"https:\\\/\\\/secure.gravatar.com\\\/avatar\\\/7d94e77464b513659304af3dc292fd6ba3011545ddf76aa14e86246f1a30ac50?s=96&d=mm&r=g\",\"caption\":\"nfv09\"},\"url\":\"https:\\\/\\\/www.nfv09.de\\\/home\\\/author\\\/nfv09\\\/\"}]}<\/script>\n<!-- \/ Yoast SEO plugin. -->","yoast_head_json":{"title":"Informationen zum \u201cDixie-D\u00f6rner-Gedenkturnier\u201c - NFV Gelb-Wei\u00df G\u00f6rlitz 09 e.V.","robots":{"index":"index","follow":"follow","max-snippet":"max-snippet:-1","max-image-preview":"max-image-preview:large","max-video-preview":"max-video-preview:-1"},"canonical":"https:\/\/www.nfv09.de\/home\/2023\/06\/16\/nfv09-erhaelt-stiftungskapital-aus-der-dixie-doerner-stiftung-2-2-2\/","og_locale":"de_DE","og_type":"article","og_title":"Informationen zum \u201cDixie-D\u00f6rner-Gedenkturnier\u201c - NFV Gelb-Wei\u00df G\u00f6rlitz 09 e.V.","og_description":"&nbsp;&nbsp;&nbsp;&nbsp;&nbsp;&nbsp;&nbsp;&nbsp;&nbsp;&nbsp;&nbsp;&nbsp;&nbsp;&nbsp;&nbsp;&nbsp;&nbsp;&nbsp;&nbsp;&nbsp;&nbsp;&nbsp;&nbsp;&nbsp;&nbsp;&nbsp;&nbsp;&nbsp;&nbsp;&nbsp;&nbsp;&nbsp;&nbsp;&nbsp;&nbsp;&nbsp;&nbsp;&nbsp;&nbsp;&nbsp;&nbsp;&nbsp;&nbsp;&nbsp;&nbsp;&nbsp;&nbsp;&nbsp;&nbsp;&nbsp;&nbsp;&nbsp;&nbsp;&nbsp;&nbsp;&nbsp;&nbsp;&nbsp;&nbsp;&nbsp;&nbsp;&nbsp;&nbsp;&nbsp;&nbsp;&nbsp;&nbsp;&nbsp;&nbsp;&nbsp;&nbsp;&nbsp;&nbsp;&nbsp;&nbsp;&nbsp;&nbsp;&nbsp;&nbsp;&nbsp;&nbsp;&nbsp;&nbsp;&nbsp;&nbsp;&nbsp;&nbsp;&nbsp;&nbsp;&nbsp;&nbsp;&nbsp;&nbsp;&nbsp;&nbsp;&nbsp;&nbsp;&nbsp;&nbsp;&nbsp;&nbsp;&nbsp;&nbsp;&nbsp;&nbsp;&nbsp;&nbsp;&nbsp;&nbsp;&nbsp;&nbsp;&nbsp;&nbsp;&nbsp;&nbsp;&nbsp;&nbsp;&nbsp; Informationen zum \u201cDixie-D\u00f6rner-Gedenkturnier\u201c am 18.06.2023 um 13:30 Uhr im \u201eStadion der Freundschaft\u201c G\u00f6rlitz. Das Stadion und die Stadionkassen \u00f6ffnen am Turniertag um 12:30 Uhr. Der Eintritt f\u00fcr Vollzahler betr\u00e4gt 15\u20ac, Erm\u00e4\u00dfigte Tickets ( 6-14 Jahre | Menschen mit Behinderung und deren Begleitperson) | Kinder bis 6 Jahren haben freien Eintritt) sind f\u00fcr 8\u20ac erh\u00e4ltlich. [&hellip;]","og_url":"https:\/\/www.nfv09.de\/home\/2023\/06\/16\/nfv09-erhaelt-stiftungskapital-aus-der-dixie-doerner-stiftung-2-2-2\/","og_site_name":"NFV Gelb-Wei\u00df G\u00f6rlitz 09 e.V.","article_published_time":"2023-06-16T12:36:00+00:00","article_modified_time":"2023-06-20T07:29:37+00:00","og_image":[{"width":1200,"height":628,"url":"https:\/\/www.nfv09.de\/home\/wp-content\/uploads\/2023\/05\/banner_facebook_Gedenkturnier_Dixie.jpg","type":"image\/jpeg"}],"author":"nfv09","twitter_card":"summary_large_image","twitter_misc":{"Verfasst von":"nfv09","Gesch\u00e4tzte Lesezeit":"2\u00a0Minuten"},"schema":{"@context":"https:\/\/schema.org","@graph":[{"@type":"Article","@id":"https:\/\/www.nfv09.de\/home\/2023\/06\/16\/nfv09-erhaelt-stiftungskapital-aus-der-dixie-doerner-stiftung-2-2-2\/#article","isPartOf":{"@id":"https:\/\/www.nfv09.de\/home\/2023\/06\/16\/nfv09-erhaelt-stiftungskapital-aus-der-dixie-doerner-stiftung-2-2-2\/"},"author":{"name":"nfv09","@id":"https:\/\/www.nfv09.de\/home\/#\/schema\/person\/b863b38e8d72961293b5cb8741c63f23"},"headline":"Informationen zum \u201cDixie-D\u00f6rner-Gedenkturnier\u201c","datePublished":"2023-06-16T12:36:00+00:00","dateModified":"2023-06-20T07:29:37+00:00","mainEntityOfPage":{"@id":"https:\/\/www.nfv09.de\/home\/2023\/06\/16\/nfv09-erhaelt-stiftungskapital-aus-der-dixie-doerner-stiftung-2-2-2\/"},"wordCount":285,"commentCount":0,"publisher":{"@id":"https:\/\/www.nfv09.de\/home\/#\/schema\/person\/ed693ed28e6e4b3f80b32447b2b6cbc7"},"image":{"@id":"https:\/\/www.nfv09.de\/home\/2023\/06\/16\/nfv09-erhaelt-stiftungskapital-aus-der-dixie-doerner-stiftung-2-2-2\/#primaryimage"},"thumbnailUrl":"https:\/\/www.nfv09.de\/home\/wp-content\/uploads\/2023\/05\/banner_facebook_Gedenkturnier_Dixie.jpg","keywords":["Dixie","Dixie D\u00f6rner","Dynamo Dresden","Gedenkturnier","G\u00f6rlitz"],"articleSection":["Presse","Verein"],"inLanguage":"de","potentialAction":[{"@type":"CommentAction","name":"Comment","target":["https:\/\/www.nfv09.de\/home\/2023\/06\/16\/nfv09-erhaelt-stiftungskapital-aus-der-dixie-doerner-stiftung-2-2-2\/#respond"]}]},{"@type":"WebPage","@id":"https:\/\/www.nfv09.de\/home\/2023\/06\/16\/nfv09-erhaelt-stiftungskapital-aus-der-dixie-doerner-stiftung-2-2-2\/","url":"https:\/\/www.nfv09.de\/home\/2023\/06\/16\/nfv09-erhaelt-stiftungskapital-aus-der-dixie-doerner-stiftung-2-2-2\/","name":"Informationen zum \u201cDixie-D\u00f6rner-Gedenkturnier\u201c - NFV Gelb-Wei\u00df G\u00f6rlitz 09 e.V.","isPartOf":{"@id":"https:\/\/www.nfv09.de\/home\/#website"},"primaryImageOfPage":{"@id":"https:\/\/www.nfv09.de\/home\/2023\/06\/16\/nfv09-erhaelt-stiftungskapital-aus-der-dixie-doerner-stiftung-2-2-2\/#primaryimage"},"image":{"@id":"https:\/\/www.nfv09.de\/home\/2023\/06\/16\/nfv09-erhaelt-stiftungskapital-aus-der-dixie-doerner-stiftung-2-2-2\/#primaryimage"},"thumbnailUrl":"https:\/\/www.nfv09.de\/home\/wp-content\/uploads\/2023\/05\/banner_facebook_Gedenkturnier_Dixie.jpg","datePublished":"2023-06-16T12:36:00+00:00","dateModified":"2023-06-20T07:29:37+00:00","breadcrumb":{"@id":"https:\/\/www.nfv09.de\/home\/2023\/06\/16\/nfv09-erhaelt-stiftungskapital-aus-der-dixie-doerner-stiftung-2-2-2\/#breadcrumb"},"inLanguage":"de","potentialAction":[{"@type":"ReadAction","target":["https:\/\/www.nfv09.de\/home\/2023\/06\/16\/nfv09-erhaelt-stiftungskapital-aus-der-dixie-doerner-stiftung-2-2-2\/"]}]},{"@type":"ImageObject","inLanguage":"de","@id":"https:\/\/www.nfv09.de\/home\/2023\/06\/16\/nfv09-erhaelt-stiftungskapital-aus-der-dixie-doerner-stiftung-2-2-2\/#primaryimage","url":"https:\/\/www.nfv09.de\/home\/wp-content\/uploads\/2023\/05\/banner_facebook_Gedenkturnier_Dixie.jpg","contentUrl":"https:\/\/www.nfv09.de\/home\/wp-content\/uploads\/2023\/05\/banner_facebook_Gedenkturnier_Dixie.jpg","width":1200,"height":628,"caption":"\u2013 OST Fu\u00dfball Traditionsteam (ehemalige DDR Nationalspieler)"},{"@type":"BreadcrumbList","@id":"https:\/\/www.nfv09.de\/home\/2023\/06\/16\/nfv09-erhaelt-stiftungskapital-aus-der-dixie-doerner-stiftung-2-2-2\/#breadcrumb","itemListElement":[{"@type":"ListItem","position":1,"name":"Startseite","item":"https:\/\/www.nfv09.de\/home\/"},{"@type":"ListItem","position":2,"name":"Informationen zum \u201cDixie-D\u00f6rner-Gedenkturnier\u201c"}]},{"@type":"WebSite","@id":"https:\/\/www.nfv09.de\/home\/#website","url":"https:\/\/www.nfv09.de\/home\/","name":"NFV Gelb-Wei\u00df G\u00f6rlitz 09 e.V.","description":"Sachsenklasse Ost","publisher":{"@id":"https:\/\/www.nfv09.de\/home\/#\/schema\/person\/ed693ed28e6e4b3f80b32447b2b6cbc7"},"potentialAction":[{"@type":"SearchAction","target":{"@type":"EntryPoint","urlTemplate":"https:\/\/www.nfv09.de\/home\/?s={search_term_string}"},"query-input":{"@type":"PropertyValueSpecification","valueRequired":true,"valueName":"search_term_string"}}],"inLanguage":"de"},{"@type":["Person","Organization"],"@id":"https:\/\/www.nfv09.de\/home\/#\/schema\/person\/ed693ed28e6e4b3f80b32447b2b6cbc7","name":"Regassi","image":{"@type":"ImageObject","inLanguage":"de","@id":"https:\/\/www.nfv09.de\/home\/wp-content\/uploads\/2015\/04\/cropped-nfv-gelb-weiss-goerlitz-e1468573113314-1.gif","url":"https:\/\/www.nfv09.de\/home\/wp-content\/uploads\/2015\/04\/cropped-nfv-gelb-weiss-goerlitz-e1468573113314-1.gif","contentUrl":"https:\/\/www.nfv09.de\/home\/wp-content\/uploads\/2015\/04\/cropped-nfv-gelb-weiss-goerlitz-e1468573113314-1.gif","width":100,"height":122,"caption":"Regassi"},"logo":{"@id":"https:\/\/www.nfv09.de\/home\/wp-content\/uploads\/2015\/04\/cropped-nfv-gelb-weiss-goerlitz-e1468573113314-1.gif"}},{"@type":"Person","@id":"https:\/\/www.nfv09.de\/home\/#\/schema\/person\/b863b38e8d72961293b5cb8741c63f23","name":"nfv09","image":{"@type":"ImageObject","inLanguage":"de","@id":"https:\/\/secure.gravatar.com\/avatar\/7d94e77464b513659304af3dc292fd6ba3011545ddf76aa14e86246f1a30ac50?s=96&d=mm&r=g","url":"https:\/\/secure.gravatar.com\/avatar\/7d94e77464b513659304af3dc292fd6ba3011545ddf76aa14e86246f1a30ac50?s=96&d=mm&r=g","contentUrl":"https:\/\/secure.gravatar.com\/avatar\/7d94e77464b513659304af3dc292fd6ba3011545ddf76aa14e86246f1a30ac50?s=96&d=mm&r=g","caption":"nfv09"},"url":"https:\/\/www.nfv09.de\/home\/author\/nfv09\/"}]}},"_links":{"self":[{"href":"https:\/\/www.nfv09.de\/home\/wp-json\/wp\/v2\/posts\/4237","targetHints":{"allow":["GET"]}}],"collection":[{"href":"https:\/\/www.nfv09.de\/home\/wp-json\/wp\/v2\/posts"}],"about":[{"href":"https:\/\/www.nfv09.de\/home\/wp-json\/wp\/v2\/types\/post"}],"author":[{"embeddable":true,"href":"https:\/\/www.nfv09.de\/home\/wp-json\/wp\/v2\/users\/1"}],"replies":[{"embeddable":true,"href":"https:\/\/www.nfv09.de\/home\/wp-json\/wp\/v2\/comments?post=4237"}],"version-history":[{"count":1,"href":"https:\/\/www.nfv09.de\/home\/wp-json\/wp\/v2\/posts\/4237\/revisions"}],"predecessor-version":[{"id":4239,"href":"https:\/\/www.nfv09.de\/home\/wp-json\/wp\/v2\/posts\/4237\/revisions\/4239"}],"wp:featuredmedia":[{"embeddable":true,"href":"https:\/\/www.nfv09.de\/home\/wp-json\/wp\/v2\/media\/4178"}],"wp:attachment":[{"href":"https:\/\/www.nfv09.de\/home\/wp-json\/wp\/v2\/media?parent=4237"}],"wp:term":[{"taxonomy":"category","embeddable":true,"href":"https:\/\/www.nfv09.de\/home\/wp-json\/wp\/v2\/categories?post=4237"},{"taxonomy":"post_tag","embeddable":true,"href":"https:\/\/www.nfv09.de\/home\/wp-json\/wp\/v2\/tags?post=4237"}],"curies":[{"name":"wp","href":"https:\/\/api.w.org\/{rel}","templated":true}]}}