{"id":4193,"date":"2023-05-31T12:00:24","date_gmt":"2023-05-31T10:00:24","guid":{"rendered":"https:\/\/www.nfv09.de\/home\/2023\/05\/16\/nfv09-erhaelt-stiftungskapital-aus-der-dixie-doerner-stiftung-2-2-2\/"},"modified":"2023-05-31T12:00:24","modified_gmt":"2023-05-31T10:00:24","slug":"nfv-schnuppertag-mit-dem-dfb-kinderbewegungs-abzeichen","status":"publish","type":"post","link":"https:\/\/www.nfv09.de\/home\/2023\/05\/31\/nfv-schnuppertag-mit-dem-dfb-kinderbewegungs-abzeichen\/","title":{"rendered":"24.06.2023 NFV Schuppertag mit dem DFB Kinderbewegungs-Abzeichen"},"content":{"rendered":"\n<p>&nbsp;&nbsp;&nbsp;&nbsp;&nbsp;&nbsp;&nbsp;&nbsp;&nbsp;&nbsp;&nbsp;&nbsp;&nbsp;&nbsp;&nbsp;&nbsp;&nbsp;&nbsp;&nbsp;&nbsp;&nbsp;&nbsp;&nbsp;&nbsp;&nbsp;&nbsp;&nbsp;&nbsp;&nbsp;&nbsp;&nbsp;&nbsp;&nbsp;&nbsp;&nbsp;&nbsp;&nbsp;&nbsp;&nbsp;&nbsp;&nbsp;&nbsp;&nbsp;&nbsp;&nbsp;&nbsp;&nbsp;&nbsp;&nbsp;&nbsp;&nbsp;&nbsp;&nbsp;&nbsp;&nbsp;&nbsp;&nbsp;&nbsp;&nbsp;&nbsp;&nbsp;&nbsp;&nbsp;&nbsp;&nbsp;&nbsp;&nbsp;&nbsp;&nbsp;&nbsp;&nbsp;&nbsp;&nbsp;&nbsp;&nbsp;&nbsp;&nbsp;&nbsp;&nbsp;&nbsp;&nbsp;&nbsp;&nbsp;&nbsp;&nbsp;&nbsp;&nbsp;&nbsp;&nbsp;&nbsp;&nbsp;&nbsp;&nbsp;&nbsp;&nbsp;&nbsp;&nbsp;&nbsp;&nbsp;&nbsp;&nbsp;&nbsp;&nbsp;&nbsp;&nbsp;&nbsp;&nbsp;&nbsp;&nbsp;&nbsp;&nbsp;&nbsp;&nbsp;&nbsp;&nbsp;&nbsp;&nbsp;&nbsp; <\/p>\n\n\n\n<p><\/p>\n\n\n\n<p>Kommt mit auf &#8222;PAULES REISE UM DIE WELT&#8220;<\/p>\n\n\n\n<p>Reist mit uns \u00fcber Kontinente und erkundet spielerisch die Welt &#8211; mit dem DFB-Kinderbewegungs-Abzeichen.<\/p>\n\n\n\n<p>Start ist am 24.06.2023 um 10Uhr auf dem Sportplatz Junge Welt.<\/p>\n\n\n\n<p>Es gibt einen Parcours an dem ihr (Kinder zwischen ca. 5-7 Jahre) teilnehmen k\u00f6nnt. An jeder Station gibt es eine neue Aufgabe.<\/p>\n\n\n\n<p>F\u00fcr alle anderen gibt es eine H\u00fcpfburg und die Gr\u00f6\u00dferen k\u00f6nnen sich an der Torwand ausprobieren.<\/p>\n\n\n\n<p>Getr\u00e4nke und Essen gibt es auch.<\/p>\n\n\n\n<p>Wenn ihr mit uns um die Welt reisen wollt, dann meldet euch an und sichert euch einen Platz: <\/p>\n\n\n\n<p>sendet: Name, Vorname und Geburtsdatum an &#98;&#x75;&#101;&#x72;o&#x40;n&#102;&#x76;&#48;&#x39;&#46;&#x64;e<\/p>\n\n\n\n<p><\/p>\n\n\n\n<p><\/p>\n\n\n\n<p><\/p>\n\n\n\n<p><\/p>\n","protected":false},"excerpt":{"rendered":"<p>&nbsp;&nbsp;&nbsp;&nbsp;&nbsp;&nbsp;&nbsp;&nbsp;&nbsp;&nbsp;&nbsp;&nbsp;&nbsp;&nbsp;&nbsp;&nbsp;&nbsp;&nbsp;&nbsp;&nbsp;&nbsp;&nbsp;&nbsp;&nbsp;&nbsp;&nbsp;&nbsp;&nbsp;&nbsp;&nbsp;&nbsp;&nbsp;&nbsp;&nbsp;&nbsp;&nbsp;&nbsp;&nbsp;&nbsp;&nbsp;&nbsp;&nbsp;&nbsp;&nbsp;&nbsp;&nbsp;&nbsp;&nbsp;&nbsp;&nbsp;&nbsp;&nbsp;&nbsp;&nbsp;&nbsp;&nbsp;&nbsp;&nbsp;&nbsp;&nbsp;&nbsp;&nbsp;&nbsp;&nbsp;&nbsp;&nbsp;&nbsp;&nbsp;&nbsp;&nbsp;&nbsp;&nbsp;&nbsp;&nbsp;&nbsp;&nbsp;&nbsp;&nbsp;&nbsp;&nbsp;&nbsp;&nbsp;&nbsp;&nbsp;&nbsp;&nbsp;&nbsp;&nbsp;&nbsp;&nbsp;&nbsp;&nbsp;&nbsp;&nbsp;&nbsp;&nbsp;&nbsp;&nbsp;&nbsp;&nbsp;&nbsp;&nbsp;&nbsp;&nbsp;&nbsp;&nbsp;&nbsp;&nbsp;&nbsp;&nbsp;&nbsp;&nbsp;&nbsp;&nbsp;&nbsp;&nbsp;&nbsp;&nbsp; Kommt mit auf &#8222;PAULES REISE UM DIE WELT&#8220; Reist mit uns \u00fcber Kontinente und erkundet spielerisch die Welt &#8211; mit dem DFB-Kinderbewegungs-Abzeichen. Start ist am 24.06.2023 um 10Uhr auf dem Sportplatz Junge Welt. Es gibt einen Parcours an dem ihr (Kinder zwischen ca. 5-7 Jahre) teilnehmen k\u00f6nnt. An jeder Station gibt es eine neue [&hellip;]<\/p>\n","protected":false},"author":17,"featured_media":4194,"comment_status":"open","ping_status":"open","sticky":false,"template":"","format":"standard","meta":{"footnotes":""},"categories":[84,85],"tags":[],"class_list":["post-4193","post","type-post","status-publish","format-standard","has-post-thumbnail","hentry","category-jugend","category-verein"],"yoast_head":"<!-- This site is optimized with the Yoast SEO plugin v27.5 - https:\/\/yoast.com\/product\/yoast-seo-wordpress\/ -->\n<title>24.06.2023 NFV Schuppertag mit dem DFB Kinderbewegungs-Abzeichen - NFV Gelb-Wei\u00df G\u00f6rlitz 09 e.V.<\/title>\n<meta name=\"robots\" content=\"index, follow, max-snippet:-1, max-image-preview:large, max-video-preview:-1\" \/>\n<link rel=\"canonical\" href=\"https:\/\/www.nfv09.de\/home\/2023\/05\/31\/nfv-schnuppertag-mit-dem-dfb-kinderbewegungs-abzeichen\/\" \/>\n<meta property=\"og:locale\" content=\"de_DE\" \/>\n<meta property=\"og:type\" content=\"article\" \/>\n<meta property=\"og:title\" content=\"24.06.2023 NFV Schuppertag mit dem DFB Kinderbewegungs-Abzeichen - NFV Gelb-Wei\u00df G\u00f6rlitz 09 e.V.\" \/>\n<meta property=\"og:description\" content=\"&nbsp;&nbsp;&nbsp;&nbsp;&nbsp;&nbsp;&nbsp;&nbsp;&nbsp;&nbsp;&nbsp;&nbsp;&nbsp;&nbsp;&nbsp;&nbsp;&nbsp;&nbsp;&nbsp;&nbsp;&nbsp;&nbsp;&nbsp;&nbsp;&nbsp;&nbsp;&nbsp;&nbsp;&nbsp;&nbsp;&nbsp;&nbsp;&nbsp;&nbsp;&nbsp;&nbsp;&nbsp;&nbsp;&nbsp;&nbsp;&nbsp;&nbsp;&nbsp;&nbsp;&nbsp;&nbsp;&nbsp;&nbsp;&nbsp;&nbsp;&nbsp;&nbsp;&nbsp;&nbsp;&nbsp;&nbsp;&nbsp;&nbsp;&nbsp;&nbsp;&nbsp;&nbsp;&nbsp;&nbsp;&nbsp;&nbsp;&nbsp;&nbsp;&nbsp;&nbsp;&nbsp;&nbsp;&nbsp;&nbsp;&nbsp;&nbsp;&nbsp;&nbsp;&nbsp;&nbsp;&nbsp;&nbsp;&nbsp;&nbsp;&nbsp;&nbsp;&nbsp;&nbsp;&nbsp;&nbsp;&nbsp;&nbsp;&nbsp;&nbsp;&nbsp;&nbsp;&nbsp;&nbsp;&nbsp;&nbsp;&nbsp;&nbsp;&nbsp;&nbsp;&nbsp;&nbsp;&nbsp;&nbsp;&nbsp;&nbsp;&nbsp;&nbsp;&nbsp;&nbsp;&nbsp;&nbsp;&nbsp;&nbsp; Kommt mit auf &#8222;PAULES REISE UM DIE WELT&#8220; Reist mit uns \u00fcber Kontinente und erkundet spielerisch die Welt &#8211; mit dem DFB-Kinderbewegungs-Abzeichen. Start ist am 24.06.2023 um 10Uhr auf dem Sportplatz Junge Welt. Es gibt einen Parcours an dem ihr (Kinder zwischen ca. 5-7 Jahre) teilnehmen k\u00f6nnt. An jeder Station gibt es eine neue [&hellip;]\" \/>\n<meta property=\"og:url\" content=\"https:\/\/www.nfv09.de\/home\/2023\/05\/31\/nfv-schnuppertag-mit-dem-dfb-kinderbewegungs-abzeichen\/\" \/>\n<meta property=\"og:site_name\" content=\"NFV Gelb-Wei\u00df G\u00f6rlitz 09 e.V.\" \/>\n<meta property=\"article:published_time\" content=\"2023-05-31T10:00:24+00:00\" \/>\n<meta property=\"og:image\" content=\"https:\/\/www.nfv09.de\/home\/wp-content\/uploads\/2023\/05\/Banner_nfv09_Schnuppertag.jpg\" \/>\n\t<meta property=\"og:image:width\" content=\"1200\" \/>\n\t<meta property=\"og:image:height\" content=\"518\" \/>\n\t<meta property=\"og:image:type\" content=\"image\/jpeg\" \/>\n<meta name=\"author\" content=\"Sportfrei\" \/>\n<meta name=\"twitter:card\" content=\"summary_large_image\" \/>\n<meta name=\"twitter:label1\" content=\"Verfasst von\" \/>\n\t<meta name=\"twitter:data1\" content=\"Sportfrei\" \/>\n\t<meta name=\"twitter:label2\" content=\"Gesch\u00e4tzte Lesezeit\" \/>\n\t<meta name=\"twitter:data2\" content=\"1\u00a0Minute\" \/>\n<script type=\"application\/ld+json\" class=\"yoast-schema-graph\">{\"@context\":\"https:\\\/\\\/schema.org\",\"@graph\":[{\"@type\":\"Article\",\"@id\":\"https:\\\/\\\/www.nfv09.de\\\/home\\\/2023\\\/05\\\/31\\\/nfv-schnuppertag-mit-dem-dfb-kinderbewegungs-abzeichen\\\/#article\",\"isPartOf\":{\"@id\":\"https:\\\/\\\/www.nfv09.de\\\/home\\\/2023\\\/05\\\/31\\\/nfv-schnuppertag-mit-dem-dfb-kinderbewegungs-abzeichen\\\/\"},\"author\":{\"name\":\"Sportfrei\",\"@id\":\"https:\\\/\\\/www.nfv09.de\\\/home\\\/#\\\/schema\\\/person\\\/12221cb95508cd116641fb36225d6af4\"},\"headline\":\"24.06.2023 NFV Schuppertag mit dem DFB Kinderbewegungs-Abzeichen\",\"datePublished\":\"2023-05-31T10:00:24+00:00\",\"mainEntityOfPage\":{\"@id\":\"https:\\\/\\\/www.nfv09.de\\\/home\\\/2023\\\/05\\\/31\\\/nfv-schnuppertag-mit-dem-dfb-kinderbewegungs-abzeichen\\\/\"},\"wordCount\":233,\"commentCount\":0,\"publisher\":{\"@id\":\"https:\\\/\\\/www.nfv09.de\\\/home\\\/#\\\/schema\\\/person\\\/ed693ed28e6e4b3f80b32447b2b6cbc7\"},\"image\":{\"@id\":\"https:\\\/\\\/www.nfv09.de\\\/home\\\/2023\\\/05\\\/31\\\/nfv-schnuppertag-mit-dem-dfb-kinderbewegungs-abzeichen\\\/#primaryimage\"},\"thumbnailUrl\":\"https:\\\/\\\/www.nfv09.de\\\/home\\\/wp-content\\\/uploads\\\/2023\\\/05\\\/Banner_nfv09_Schnuppertag.jpg\",\"articleSection\":[\"Jugend\",\"Verein\"],\"inLanguage\":\"de\",\"potentialAction\":[{\"@type\":\"CommentAction\",\"name\":\"Comment\",\"target\":[\"https:\\\/\\\/www.nfv09.de\\\/home\\\/2023\\\/05\\\/31\\\/nfv-schnuppertag-mit-dem-dfb-kinderbewegungs-abzeichen\\\/#respond\"]}]},{\"@type\":\"WebPage\",\"@id\":\"https:\\\/\\\/www.nfv09.de\\\/home\\\/2023\\\/05\\\/31\\\/nfv-schnuppertag-mit-dem-dfb-kinderbewegungs-abzeichen\\\/\",\"url\":\"https:\\\/\\\/www.nfv09.de\\\/home\\\/2023\\\/05\\\/31\\\/nfv-schnuppertag-mit-dem-dfb-kinderbewegungs-abzeichen\\\/\",\"name\":\"24.06.2023 NFV Schuppertag mit dem DFB Kinderbewegungs-Abzeichen - NFV Gelb-Wei\u00df G\u00f6rlitz 09 e.V.\",\"isPartOf\":{\"@id\":\"https:\\\/\\\/www.nfv09.de\\\/home\\\/#website\"},\"primaryImageOfPage\":{\"@id\":\"https:\\\/\\\/www.nfv09.de\\\/home\\\/2023\\\/05\\\/31\\\/nfv-schnuppertag-mit-dem-dfb-kinderbewegungs-abzeichen\\\/#primaryimage\"},\"image\":{\"@id\":\"https:\\\/\\\/www.nfv09.de\\\/home\\\/2023\\\/05\\\/31\\\/nfv-schnuppertag-mit-dem-dfb-kinderbewegungs-abzeichen\\\/#primaryimage\"},\"thumbnailUrl\":\"https:\\\/\\\/www.nfv09.de\\\/home\\\/wp-content\\\/uploads\\\/2023\\\/05\\\/Banner_nfv09_Schnuppertag.jpg\",\"datePublished\":\"2023-05-31T10:00:24+00:00\",\"breadcrumb\":{\"@id\":\"https:\\\/\\\/www.nfv09.de\\\/home\\\/2023\\\/05\\\/31\\\/nfv-schnuppertag-mit-dem-dfb-kinderbewegungs-abzeichen\\\/#breadcrumb\"},\"inLanguage\":\"de\",\"potentialAction\":[{\"@type\":\"ReadAction\",\"target\":[\"https:\\\/\\\/www.nfv09.de\\\/home\\\/2023\\\/05\\\/31\\\/nfv-schnuppertag-mit-dem-dfb-kinderbewegungs-abzeichen\\\/\"]}]},{\"@type\":\"ImageObject\",\"inLanguage\":\"de\",\"@id\":\"https:\\\/\\\/www.nfv09.de\\\/home\\\/2023\\\/05\\\/31\\\/nfv-schnuppertag-mit-dem-dfb-kinderbewegungs-abzeichen\\\/#primaryimage\",\"url\":\"https:\\\/\\\/www.nfv09.de\\\/home\\\/wp-content\\\/uploads\\\/2023\\\/05\\\/Banner_nfv09_Schnuppertag.jpg\",\"contentUrl\":\"https:\\\/\\\/www.nfv09.de\\\/home\\\/wp-content\\\/uploads\\\/2023\\\/05\\\/Banner_nfv09_Schnuppertag.jpg\",\"width\":1200,\"height\":518,\"caption\":\"NFV Schnuppertag\"},{\"@type\":\"BreadcrumbList\",\"@id\":\"https:\\\/\\\/www.nfv09.de\\\/home\\\/2023\\\/05\\\/31\\\/nfv-schnuppertag-mit-dem-dfb-kinderbewegungs-abzeichen\\\/#breadcrumb\",\"itemListElement\":[{\"@type\":\"ListItem\",\"position\":1,\"name\":\"Startseite\",\"item\":\"https:\\\/\\\/www.nfv09.de\\\/home\\\/\"},{\"@type\":\"ListItem\",\"position\":2,\"name\":\"24.06.2023 NFV Schuppertag mit dem DFB Kinderbewegungs-Abzeichen\"}]},{\"@type\":\"WebSite\",\"@id\":\"https:\\\/\\\/www.nfv09.de\\\/home\\\/#website\",\"url\":\"https:\\\/\\\/www.nfv09.de\\\/home\\\/\",\"name\":\"NFV Gelb-Wei\u00df G\u00f6rlitz 09 e.V.\",\"description\":\"Sachsenklasse Ost\",\"publisher\":{\"@id\":\"https:\\\/\\\/www.nfv09.de\\\/home\\\/#\\\/schema\\\/person\\\/ed693ed28e6e4b3f80b32447b2b6cbc7\"},\"potentialAction\":[{\"@type\":\"SearchAction\",\"target\":{\"@type\":\"EntryPoint\",\"urlTemplate\":\"https:\\\/\\\/www.nfv09.de\\\/home\\\/?s={search_term_string}\"},\"query-input\":{\"@type\":\"PropertyValueSpecification\",\"valueRequired\":true,\"valueName\":\"search_term_string\"}}],\"inLanguage\":\"de\"},{\"@type\":[\"Person\",\"Organization\"],\"@id\":\"https:\\\/\\\/www.nfv09.de\\\/home\\\/#\\\/schema\\\/person\\\/ed693ed28e6e4b3f80b32447b2b6cbc7\",\"name\":\"Regassi\",\"image\":{\"@type\":\"ImageObject\",\"inLanguage\":\"de\",\"@id\":\"https:\\\/\\\/www.nfv09.de\\\/home\\\/wp-content\\\/uploads\\\/2015\\\/04\\\/cropped-nfv-gelb-weiss-goerlitz-e1468573113314-1.gif\",\"url\":\"https:\\\/\\\/www.nfv09.de\\\/home\\\/wp-content\\\/uploads\\\/2015\\\/04\\\/cropped-nfv-gelb-weiss-goerlitz-e1468573113314-1.gif\",\"contentUrl\":\"https:\\\/\\\/www.nfv09.de\\\/home\\\/wp-content\\\/uploads\\\/2015\\\/04\\\/cropped-nfv-gelb-weiss-goerlitz-e1468573113314-1.gif\",\"width\":100,\"height\":122,\"caption\":\"Regassi\"},\"logo\":{\"@id\":\"https:\\\/\\\/www.nfv09.de\\\/home\\\/wp-content\\\/uploads\\\/2015\\\/04\\\/cropped-nfv-gelb-weiss-goerlitz-e1468573113314-1.gif\"}},{\"@type\":\"Person\",\"@id\":\"https:\\\/\\\/www.nfv09.de\\\/home\\\/#\\\/schema\\\/person\\\/12221cb95508cd116641fb36225d6af4\",\"name\":\"Sportfrei\",\"image\":{\"@type\":\"ImageObject\",\"inLanguage\":\"de\",\"@id\":\"https:\\\/\\\/secure.gravatar.com\\\/avatar\\\/c6ad063aa86ff33dbc32a5d68feee5556c3c8e1e6b0c1103364264bd3f67c65b?s=96&d=mm&r=g\",\"url\":\"https:\\\/\\\/secure.gravatar.com\\\/avatar\\\/c6ad063aa86ff33dbc32a5d68feee5556c3c8e1e6b0c1103364264bd3f67c65b?s=96&d=mm&r=g\",\"contentUrl\":\"https:\\\/\\\/secure.gravatar.com\\\/avatar\\\/c6ad063aa86ff33dbc32a5d68feee5556c3c8e1e6b0c1103364264bd3f67c65b?s=96&d=mm&r=g\",\"caption\":\"Sportfrei\"},\"url\":\"https:\\\/\\\/www.nfv09.de\\\/home\\\/author\\\/sportfrei\\\/\"}]}<\/script>\n<!-- \/ Yoast SEO plugin. -->","yoast_head_json":{"title":"24.06.2023 NFV Schuppertag mit dem DFB Kinderbewegungs-Abzeichen - NFV Gelb-Wei\u00df G\u00f6rlitz 09 e.V.","robots":{"index":"index","follow":"follow","max-snippet":"max-snippet:-1","max-image-preview":"max-image-preview:large","max-video-preview":"max-video-preview:-1"},"canonical":"https:\/\/www.nfv09.de\/home\/2023\/05\/31\/nfv-schnuppertag-mit-dem-dfb-kinderbewegungs-abzeichen\/","og_locale":"de_DE","og_type":"article","og_title":"24.06.2023 NFV Schuppertag mit dem DFB Kinderbewegungs-Abzeichen - NFV Gelb-Wei\u00df G\u00f6rlitz 09 e.V.","og_description":"&nbsp;&nbsp;&nbsp;&nbsp;&nbsp;&nbsp;&nbsp;&nbsp;&nbsp;&nbsp;&nbsp;&nbsp;&nbsp;&nbsp;&nbsp;&nbsp;&nbsp;&nbsp;&nbsp;&nbsp;&nbsp;&nbsp;&nbsp;&nbsp;&nbsp;&nbsp;&nbsp;&nbsp;&nbsp;&nbsp;&nbsp;&nbsp;&nbsp;&nbsp;&nbsp;&nbsp;&nbsp;&nbsp;&nbsp;&nbsp;&nbsp;&nbsp;&nbsp;&nbsp;&nbsp;&nbsp;&nbsp;&nbsp;&nbsp;&nbsp;&nbsp;&nbsp;&nbsp;&nbsp;&nbsp;&nbsp;&nbsp;&nbsp;&nbsp;&nbsp;&nbsp;&nbsp;&nbsp;&nbsp;&nbsp;&nbsp;&nbsp;&nbsp;&nbsp;&nbsp;&nbsp;&nbsp;&nbsp;&nbsp;&nbsp;&nbsp;&nbsp;&nbsp;&nbsp;&nbsp;&nbsp;&nbsp;&nbsp;&nbsp;&nbsp;&nbsp;&nbsp;&nbsp;&nbsp;&nbsp;&nbsp;&nbsp;&nbsp;&nbsp;&nbsp;&nbsp;&nbsp;&nbsp;&nbsp;&nbsp;&nbsp;&nbsp;&nbsp;&nbsp;&nbsp;&nbsp;&nbsp;&nbsp;&nbsp;&nbsp;&nbsp;&nbsp;&nbsp;&nbsp;&nbsp;&nbsp;&nbsp;&nbsp; Kommt mit auf &#8222;PAULES REISE UM DIE WELT&#8220; Reist mit uns \u00fcber Kontinente und erkundet spielerisch die Welt &#8211; mit dem DFB-Kinderbewegungs-Abzeichen. Start ist am 24.06.2023 um 10Uhr auf dem Sportplatz Junge Welt. Es gibt einen Parcours an dem ihr (Kinder zwischen ca. 5-7 Jahre) teilnehmen k\u00f6nnt. An jeder Station gibt es eine neue [&hellip;]","og_url":"https:\/\/www.nfv09.de\/home\/2023\/05\/31\/nfv-schnuppertag-mit-dem-dfb-kinderbewegungs-abzeichen\/","og_site_name":"NFV Gelb-Wei\u00df G\u00f6rlitz 09 e.V.","article_published_time":"2023-05-31T10:00:24+00:00","og_image":[{"width":1200,"height":518,"url":"https:\/\/www.nfv09.de\/home\/wp-content\/uploads\/2023\/05\/Banner_nfv09_Schnuppertag.jpg","type":"image\/jpeg"}],"author":"Sportfrei","twitter_card":"summary_large_image","twitter_misc":{"Verfasst von":"Sportfrei","Gesch\u00e4tzte Lesezeit":"1\u00a0Minute"},"schema":{"@context":"https:\/\/schema.org","@graph":[{"@type":"Article","@id":"https:\/\/www.nfv09.de\/home\/2023\/05\/31\/nfv-schnuppertag-mit-dem-dfb-kinderbewegungs-abzeichen\/#article","isPartOf":{"@id":"https:\/\/www.nfv09.de\/home\/2023\/05\/31\/nfv-schnuppertag-mit-dem-dfb-kinderbewegungs-abzeichen\/"},"author":{"name":"Sportfrei","@id":"https:\/\/www.nfv09.de\/home\/#\/schema\/person\/12221cb95508cd116641fb36225d6af4"},"headline":"24.06.2023 NFV Schuppertag mit dem DFB Kinderbewegungs-Abzeichen","datePublished":"2023-05-31T10:00:24+00:00","mainEntityOfPage":{"@id":"https:\/\/www.nfv09.de\/home\/2023\/05\/31\/nfv-schnuppertag-mit-dem-dfb-kinderbewegungs-abzeichen\/"},"wordCount":233,"commentCount":0,"publisher":{"@id":"https:\/\/www.nfv09.de\/home\/#\/schema\/person\/ed693ed28e6e4b3f80b32447b2b6cbc7"},"image":{"@id":"https:\/\/www.nfv09.de\/home\/2023\/05\/31\/nfv-schnuppertag-mit-dem-dfb-kinderbewegungs-abzeichen\/#primaryimage"},"thumbnailUrl":"https:\/\/www.nfv09.de\/home\/wp-content\/uploads\/2023\/05\/Banner_nfv09_Schnuppertag.jpg","articleSection":["Jugend","Verein"],"inLanguage":"de","potentialAction":[{"@type":"CommentAction","name":"Comment","target":["https:\/\/www.nfv09.de\/home\/2023\/05\/31\/nfv-schnuppertag-mit-dem-dfb-kinderbewegungs-abzeichen\/#respond"]}]},{"@type":"WebPage","@id":"https:\/\/www.nfv09.de\/home\/2023\/05\/31\/nfv-schnuppertag-mit-dem-dfb-kinderbewegungs-abzeichen\/","url":"https:\/\/www.nfv09.de\/home\/2023\/05\/31\/nfv-schnuppertag-mit-dem-dfb-kinderbewegungs-abzeichen\/","name":"24.06.2023 NFV Schuppertag mit dem DFB Kinderbewegungs-Abzeichen - NFV Gelb-Wei\u00df G\u00f6rlitz 09 e.V.","isPartOf":{"@id":"https:\/\/www.nfv09.de\/home\/#website"},"primaryImageOfPage":{"@id":"https:\/\/www.nfv09.de\/home\/2023\/05\/31\/nfv-schnuppertag-mit-dem-dfb-kinderbewegungs-abzeichen\/#primaryimage"},"image":{"@id":"https:\/\/www.nfv09.de\/home\/2023\/05\/31\/nfv-schnuppertag-mit-dem-dfb-kinderbewegungs-abzeichen\/#primaryimage"},"thumbnailUrl":"https:\/\/www.nfv09.de\/home\/wp-content\/uploads\/2023\/05\/Banner_nfv09_Schnuppertag.jpg","datePublished":"2023-05-31T10:00:24+00:00","breadcrumb":{"@id":"https:\/\/www.nfv09.de\/home\/2023\/05\/31\/nfv-schnuppertag-mit-dem-dfb-kinderbewegungs-abzeichen\/#breadcrumb"},"inLanguage":"de","potentialAction":[{"@type":"ReadAction","target":["https:\/\/www.nfv09.de\/home\/2023\/05\/31\/nfv-schnuppertag-mit-dem-dfb-kinderbewegungs-abzeichen\/"]}]},{"@type":"ImageObject","inLanguage":"de","@id":"https:\/\/www.nfv09.de\/home\/2023\/05\/31\/nfv-schnuppertag-mit-dem-dfb-kinderbewegungs-abzeichen\/#primaryimage","url":"https:\/\/www.nfv09.de\/home\/wp-content\/uploads\/2023\/05\/Banner_nfv09_Schnuppertag.jpg","contentUrl":"https:\/\/www.nfv09.de\/home\/wp-content\/uploads\/2023\/05\/Banner_nfv09_Schnuppertag.jpg","width":1200,"height":518,"caption":"NFV Schnuppertag"},{"@type":"BreadcrumbList","@id":"https:\/\/www.nfv09.de\/home\/2023\/05\/31\/nfv-schnuppertag-mit-dem-dfb-kinderbewegungs-abzeichen\/#breadcrumb","itemListElement":[{"@type":"ListItem","position":1,"name":"Startseite","item":"https:\/\/www.nfv09.de\/home\/"},{"@type":"ListItem","position":2,"name":"24.06.2023 NFV Schuppertag mit dem DFB Kinderbewegungs-Abzeichen"}]},{"@type":"WebSite","@id":"https:\/\/www.nfv09.de\/home\/#website","url":"https:\/\/www.nfv09.de\/home\/","name":"NFV Gelb-Wei\u00df G\u00f6rlitz 09 e.V.","description":"Sachsenklasse Ost","publisher":{"@id":"https:\/\/www.nfv09.de\/home\/#\/schema\/person\/ed693ed28e6e4b3f80b32447b2b6cbc7"},"potentialAction":[{"@type":"SearchAction","target":{"@type":"EntryPoint","urlTemplate":"https:\/\/www.nfv09.de\/home\/?s={search_term_string}"},"query-input":{"@type":"PropertyValueSpecification","valueRequired":true,"valueName":"search_term_string"}}],"inLanguage":"de"},{"@type":["Person","Organization"],"@id":"https:\/\/www.nfv09.de\/home\/#\/schema\/person\/ed693ed28e6e4b3f80b32447b2b6cbc7","name":"Regassi","image":{"@type":"ImageObject","inLanguage":"de","@id":"https:\/\/www.nfv09.de\/home\/wp-content\/uploads\/2015\/04\/cropped-nfv-gelb-weiss-goerlitz-e1468573113314-1.gif","url":"https:\/\/www.nfv09.de\/home\/wp-content\/uploads\/2015\/04\/cropped-nfv-gelb-weiss-goerlitz-e1468573113314-1.gif","contentUrl":"https:\/\/www.nfv09.de\/home\/wp-content\/uploads\/2015\/04\/cropped-nfv-gelb-weiss-goerlitz-e1468573113314-1.gif","width":100,"height":122,"caption":"Regassi"},"logo":{"@id":"https:\/\/www.nfv09.de\/home\/wp-content\/uploads\/2015\/04\/cropped-nfv-gelb-weiss-goerlitz-e1468573113314-1.gif"}},{"@type":"Person","@id":"https:\/\/www.nfv09.de\/home\/#\/schema\/person\/12221cb95508cd116641fb36225d6af4","name":"Sportfrei","image":{"@type":"ImageObject","inLanguage":"de","@id":"https:\/\/secure.gravatar.com\/avatar\/c6ad063aa86ff33dbc32a5d68feee5556c3c8e1e6b0c1103364264bd3f67c65b?s=96&d=mm&r=g","url":"https:\/\/secure.gravatar.com\/avatar\/c6ad063aa86ff33dbc32a5d68feee5556c3c8e1e6b0c1103364264bd3f67c65b?s=96&d=mm&r=g","contentUrl":"https:\/\/secure.gravatar.com\/avatar\/c6ad063aa86ff33dbc32a5d68feee5556c3c8e1e6b0c1103364264bd3f67c65b?s=96&d=mm&r=g","caption":"Sportfrei"},"url":"https:\/\/www.nfv09.de\/home\/author\/sportfrei\/"}]}},"_links":{"self":[{"href":"https:\/\/www.nfv09.de\/home\/wp-json\/wp\/v2\/posts\/4193","targetHints":{"allow":["GET"]}}],"collection":[{"href":"https:\/\/www.nfv09.de\/home\/wp-json\/wp\/v2\/posts"}],"about":[{"href":"https:\/\/www.nfv09.de\/home\/wp-json\/wp\/v2\/types\/post"}],"author":[{"embeddable":true,"href":"https:\/\/www.nfv09.de\/home\/wp-json\/wp\/v2\/users\/17"}],"replies":[{"embeddable":true,"href":"https:\/\/www.nfv09.de\/home\/wp-json\/wp\/v2\/comments?post=4193"}],"version-history":[{"count":1,"href":"https:\/\/www.nfv09.de\/home\/wp-json\/wp\/v2\/posts\/4193\/revisions"}],"predecessor-version":[{"id":4196,"href":"https:\/\/www.nfv09.de\/home\/wp-json\/wp\/v2\/posts\/4193\/revisions\/4196"}],"wp:featuredmedia":[{"embeddable":true,"href":"https:\/\/www.nfv09.de\/home\/wp-json\/wp\/v2\/media\/4194"}],"wp:attachment":[{"href":"https:\/\/www.nfv09.de\/home\/wp-json\/wp\/v2\/media?parent=4193"}],"wp:term":[{"taxonomy":"category","embeddable":true,"href":"https:\/\/www.nfv09.de\/home\/wp-json\/wp\/v2\/categories?post=4193"},{"taxonomy":"post_tag","embeddable":true,"href":"https:\/\/www.nfv09.de\/home\/wp-json\/wp\/v2\/tags?post=4193"}],"curies":[{"name":"wp","href":"https:\/\/api.w.org\/{rel}","templated":true}]}}