{"id":4121,"date":"2023-06-07T14:36:00","date_gmt":"2023-06-07T12:36:00","guid":{"rendered":"https:\/\/www.nfv09.de\/home\/2023\/02\/10\/nfv09-erhaelt-stiftungskapital-aus-der-dixie-doerner-stiftung-2-2\/"},"modified":"2023-06-22T10:37:00","modified_gmt":"2023-06-22T08:37:00","slug":"nfv09-erhaelt-stiftungskapital-aus-der-dixie-doerner-stiftung-2-2","status":"publish","type":"post","link":"https:\/\/www.nfv09.de\/home\/2023\/06\/07\/nfv09-erhaelt-stiftungskapital-aus-der-dixie-doerner-stiftung-2-2\/","title":{"rendered":"SONNTAG, 18. JUNI 2023 \u201eDixie-D\u00f6rner-Gedenkturnier\u201c"},"content":{"rendered":"\n<p>&nbsp;&nbsp;&nbsp;&nbsp;&nbsp;&nbsp;&nbsp;&nbsp;&nbsp;&nbsp;&nbsp;&nbsp;&nbsp;&nbsp;&nbsp;&nbsp;&nbsp;&nbsp;&nbsp;&nbsp;&nbsp;&nbsp;&nbsp;&nbsp;&nbsp;&nbsp;&nbsp;&nbsp;&nbsp;&nbsp;&nbsp;&nbsp;&nbsp;&nbsp;&nbsp;&nbsp;&nbsp;&nbsp;&nbsp;&nbsp;&nbsp;&nbsp;&nbsp;&nbsp;&nbsp;&nbsp;&nbsp;&nbsp;&nbsp;&nbsp;&nbsp;&nbsp;&nbsp;&nbsp;&nbsp;&nbsp;&nbsp;&nbsp;&nbsp;&nbsp;&nbsp;&nbsp;&nbsp;&nbsp;&nbsp;&nbsp;&nbsp;&nbsp;&nbsp;&nbsp;&nbsp;&nbsp;&nbsp;&nbsp;&nbsp;&nbsp;&nbsp;&nbsp;&nbsp;&nbsp;&nbsp;&nbsp;&nbsp;&nbsp;&nbsp;&nbsp;&nbsp;&nbsp;&nbsp;&nbsp;&nbsp;&nbsp;&nbsp;&nbsp;&nbsp;&nbsp;&nbsp;&nbsp;&nbsp;&nbsp;&nbsp;&nbsp;&nbsp;&nbsp;&nbsp;&nbsp;&nbsp;&nbsp;&nbsp;&nbsp;&nbsp;&nbsp;&nbsp;&nbsp;&nbsp;&nbsp;&nbsp;&nbsp; <\/p>\n\n\n\n<p><\/p>\n\n\n\n<p>Die Stadt G\u00f6rlitz und der NFV Gelb-Wei\u00df G\u00f6rlitz 09 e.V. ehren die Fu\u00dfballerlegende Hans-J\u00fcrgen D\u00f6rner: <\/p>\n\n\n\n<p class=\"has-text-align-center has-vivid-red-color has-text-color\"><strong>SONNTAG, den 18. JUNI 2023 ab 13:00 Uhr im \u201eStadion der Freundschaft\u201c &#8211; G\u00f6rlitz<\/strong><\/p>\n\n\n\n<p>13:00 Uhr offizielle Ehrung durch die Stadt G\u00f6rlitz: Einweihung \u201eDixie-D\u00f6rner-Weg\u201c (vor dem \u201eStadion der Freundschaft\u201c)<\/p>\n\n\n\n<p>12:30 Uhr Einlass (\u00d6ffnung Tageskasse)<\/p>\n\n\n\n<p>ca. 13:30 Uhr Turnierbeginn<\/p>\n\n\n\n<p>Die Teilnehmer:<br>&#8211; \u201eOST Fu\u00dfball Traditionsteam\u201c (ehemalige DDR Nationalspieler)<br>&#8211; \u201eDynamo Dresden Traditionsmannschaft\u201c<br>&#8211; \u201eTraditionsmannschaft Bundesliga OST\u201c<br>&#8211; \u201eTraditionsmannschaft Gelb-Wei\u00df G\u00f6rlitz\u201c<\/p>\n\n\n\n<p>Turnierende ca. 19:00 Uhr<\/p>\n\n\n\n<p>Ticketpreise<br>VVK (exkl. VVK-Geb\u00fchr):<br>Vollzahler: 11,-\u20ac<br>Erm\u00e4\u00dfigt: 7,-\u20ac<br>( 6-14 Jahre | Menschen mit Behinderung und deren Begleitperson) | Kinder bis 6 Jahren haben freien Eintritt<\/p>\n\n\n\n<p class=\"has-text-align-center\"><strong>HIER GEHT ES ZUM -&gt;<\/strong> <strong><mark style=\"background-color:rgba(0, 0, 0, 0)\" class=\"has-inline-color has-vivid-red-color\"><a href=\"https:\/\/www.etix.com\/ticket\/v\/30674\/stadion-der-freundschaft-g%C3%B6rlitz\" target=\"_blank\" rel=\"noreferrer noopener\">T I C K E T S H O P<\/a><\/mark><mark style=\"background-color:rgba(0, 0, 0, 0)\" class=\"has-inline-color has-vivid-green-cyan-color\"> <\/mark><\/strong><\/p>\n\n\n\n<p>Vorverkaufsstellen in G\u00f6rlitz:       <\/p>\n\n\n\n<p>DDV Lokal &#8211; G\u00f6rlitz &#8211; Obermarkt 29<\/p>\n\n\n\n<p>Presse &amp; Buchzentren &#8211; Postplatz | K\u00f6-Passage | Nei\u00dfepark&nbsp;<\/p>\n\n\n\n<p><\/p>\n\n\n\n<p><\/p>\n\n\n\n<p>Tageskasse (ab 12:30 Uhr)<\/p>\n\n\n\n<p>Vollzahler: 15,-\u20ac<br>Erm\u00e4\u00dfigte: 8,-\u20ac<\/p>\n\n\n\n<p><br><strong>VIP-TICKETS (75,-\u20ac) auf Anfrage an<\/strong>: media&#64;nfv09&#46;de <\/p>\n\n\n\n<p><strong>Presseakkreditierung \u00fcber:<\/strong> m&#101;&#100;&#x69;&#x61;&#x40;nf&#118;&#48;&#x39;&#x2e;&#x64;e<\/p>\n\n\n\n<p><\/p>\n\n\n\n<p><strong>Unsere Hauptsponsoren: <\/strong><\/p>\n\n\n\n<div class=\"wp-block-columns is-layout-flex wp-container-core-columns-is-layout-28f84493 wp-block-columns-is-layout-flex\">\n<div class=\"wp-block-column is-layout-flow wp-block-column-is-layout-flow\">\n<figure class=\"wp-block-image size-large is-resized\"><a href=\"https:\/\/www.stadtwerke-goerlitz.de\/\" target=\"_blank\" rel=\"noreferrer noopener\"><img decoding=\"async\" src=\"https:\/\/www.nfv09.de\/home\/wp-content\/uploads\/2023\/05\/SWG_Logo_Schwarz-Gelb_CMYK-2-1024x401.png\" alt=\"\" class=\"wp-image-4132\" width=\"225\" height=\"88\" srcset=\"https:\/\/www.nfv09.de\/home\/wp-content\/uploads\/2023\/05\/SWG_Logo_Schwarz-Gelb_CMYK-2-1024x401.png 1024w, https:\/\/www.nfv09.de\/home\/wp-content\/uploads\/2023\/05\/SWG_Logo_Schwarz-Gelb_CMYK-2-300x117.png 300w, https:\/\/www.nfv09.de\/home\/wp-content\/uploads\/2023\/05\/SWG_Logo_Schwarz-Gelb_CMYK-2-768x301.png 768w, https:\/\/www.nfv09.de\/home\/wp-content\/uploads\/2023\/05\/SWG_Logo_Schwarz-Gelb_CMYK-2.png 1183w\" sizes=\"(max-width: 225px) 100vw, 225px\" \/><\/a><\/figure>\n<\/div>\n\n\n\n<div class=\"wp-block-column is-layout-flow wp-block-column-is-layout-flow\">\n<figure class=\"wp-block-image size-large is-resized\"><a href=\"https:\/\/www.sparkasse-oberlausitz-niederschlesien.de\/\" target=\"_blank\" rel=\"noreferrer noopener\"><img decoding=\"async\" src=\"https:\/\/www.nfv09.de\/home\/wp-content\/uploads\/2023\/05\/Logo-weiss-auf-rot_in-Kurven-1-1024x345.jpg\" alt=\"\" class=\"wp-image-4133\" width=\"232\" height=\"78\" srcset=\"https:\/\/www.nfv09.de\/home\/wp-content\/uploads\/2023\/05\/Logo-weiss-auf-rot_in-Kurven-1-1024x345.jpg 1024w, https:\/\/www.nfv09.de\/home\/wp-content\/uploads\/2023\/05\/Logo-weiss-auf-rot_in-Kurven-1-300x101.jpg 300w, https:\/\/www.nfv09.de\/home\/wp-content\/uploads\/2023\/05\/Logo-weiss-auf-rot_in-Kurven-1-768x259.jpg 768w, https:\/\/www.nfv09.de\/home\/wp-content\/uploads\/2023\/05\/Logo-weiss-auf-rot_in-Kurven-1-1536x518.jpg 1536w, https:\/\/www.nfv09.de\/home\/wp-content\/uploads\/2023\/05\/Logo-weiss-auf-rot_in-Kurven-1-2048x690.jpg 2048w\" sizes=\"(max-width: 232px) 100vw, 232px\" \/><\/a><\/figure>\n<\/div>\n\n\n\n<div class=\"wp-block-column is-layout-flow wp-block-column-is-layout-flow\">\n<figure class=\"wp-block-image size-full is-resized\"><a href=\"https:\/\/www.landskron.de\" target=\"_blank\" rel=\"noreferrer noopener\"><img decoding=\"async\" src=\"https:\/\/www.nfv09.de\/home\/wp-content\/uploads\/2023\/05\/Landskron_Logo.jpg\" alt=\"\" class=\"wp-image-4149\" width=\"122\" height=\"106\" srcset=\"https:\/\/www.nfv09.de\/home\/wp-content\/uploads\/2023\/05\/Landskron_Logo.jpg 542w, https:\/\/www.nfv09.de\/home\/wp-content\/uploads\/2023\/05\/Landskron_Logo-300x262.jpg 300w\" sizes=\"(max-width: 122px) 100vw, 122px\" \/><\/a><\/figure>\n<\/div>\n<\/div>\n","protected":false},"excerpt":{"rendered":"<p>&nbsp;&nbsp;&nbsp;&nbsp;&nbsp;&nbsp;&nbsp;&nbsp;&nbsp;&nbsp;&nbsp;&nbsp;&nbsp;&nbsp;&nbsp;&nbsp;&nbsp;&nbsp;&nbsp;&nbsp;&nbsp;&nbsp;&nbsp;&nbsp;&nbsp;&nbsp;&nbsp;&nbsp;&nbsp;&nbsp;&nbsp;&nbsp;&nbsp;&nbsp;&nbsp;&nbsp;&nbsp;&nbsp;&nbsp;&nbsp;&nbsp;&nbsp;&nbsp;&nbsp;&nbsp;&nbsp;&nbsp;&nbsp;&nbsp;&nbsp;&nbsp;&nbsp;&nbsp;&nbsp;&nbsp;&nbsp;&nbsp;&nbsp;&nbsp;&nbsp;&nbsp;&nbsp;&nbsp;&nbsp;&nbsp;&nbsp;&nbsp;&nbsp;&nbsp;&nbsp;&nbsp;&nbsp;&nbsp;&nbsp;&nbsp;&nbsp;&nbsp;&nbsp;&nbsp;&nbsp;&nbsp;&nbsp;&nbsp;&nbsp;&nbsp;&nbsp;&nbsp;&nbsp;&nbsp;&nbsp;&nbsp;&nbsp;&nbsp;&nbsp;&nbsp;&nbsp;&nbsp;&nbsp;&nbsp;&nbsp;&nbsp;&nbsp;&nbsp;&nbsp;&nbsp;&nbsp;&nbsp;&nbsp;&nbsp;&nbsp;&nbsp;&nbsp;&nbsp;&nbsp;&nbsp;&nbsp;&nbsp;&nbsp; Die Stadt G\u00f6rlitz und der NFV Gelb-Wei\u00df G\u00f6rlitz 09 e.V. ehren die Fu\u00dfballerlegende Hans-J\u00fcrgen D\u00f6rner: SONNTAG, den 18. JUNI 2023 ab 13:00 Uhr im \u201eStadion der Freundschaft\u201c &#8211; G\u00f6rlitz 13:00 Uhr offizielle Ehrung durch die Stadt G\u00f6rlitz: Einweihung \u201eDixie-D\u00f6rner-Weg\u201c (vor dem \u201eStadion der Freundschaft\u201c) 12:30 Uhr Einlass (\u00d6ffnung Tageskasse) ca. 13:30 Uhr Turnierbeginn Die [&hellip;]<\/p>\n","protected":false},"author":17,"featured_media":4178,"comment_status":"open","ping_status":"open","sticky":false,"template":"","format":"standard","meta":{"footnotes":""},"categories":[86,85],"tags":[161,162,103,163,97],"class_list":["post-4121","post","type-post","status-publish","format-standard","has-post-thumbnail","hentry","category-presse","category-verein","tag-dixie","tag-dixie-doerner","tag-dynamo-dresden","tag-gedenkturnier","tag-goerlitz"],"yoast_head":"<!-- This site is optimized with the Yoast SEO plugin v27.4 - https:\/\/yoast.com\/product\/yoast-seo-wordpress\/ -->\n<title>SONNTAG, 18. JUNI 2023 \u201eDixie-D\u00f6rner-Gedenkturnier\u201c - NFV Gelb-Wei\u00df G\u00f6rlitz 09 e.V.<\/title>\n<meta name=\"robots\" content=\"index, follow, max-snippet:-1, max-image-preview:large, max-video-preview:-1\" \/>\n<link rel=\"canonical\" href=\"https:\/\/www.nfv09.de\/home\/2023\/06\/07\/nfv09-erhaelt-stiftungskapital-aus-der-dixie-doerner-stiftung-2-2\/\" \/>\n<meta property=\"og:locale\" content=\"de_DE\" \/>\n<meta property=\"og:type\" content=\"article\" \/>\n<meta property=\"og:title\" content=\"SONNTAG, 18. JUNI 2023 \u201eDixie-D\u00f6rner-Gedenkturnier\u201c - NFV Gelb-Wei\u00df G\u00f6rlitz 09 e.V.\" \/>\n<meta property=\"og:description\" content=\"&nbsp;&nbsp;&nbsp;&nbsp;&nbsp;&nbsp;&nbsp;&nbsp;&nbsp;&nbsp;&nbsp;&nbsp;&nbsp;&nbsp;&nbsp;&nbsp;&nbsp;&nbsp;&nbsp;&nbsp;&nbsp;&nbsp;&nbsp;&nbsp;&nbsp;&nbsp;&nbsp;&nbsp;&nbsp;&nbsp;&nbsp;&nbsp;&nbsp;&nbsp;&nbsp;&nbsp;&nbsp;&nbsp;&nbsp;&nbsp;&nbsp;&nbsp;&nbsp;&nbsp;&nbsp;&nbsp;&nbsp;&nbsp;&nbsp;&nbsp;&nbsp;&nbsp;&nbsp;&nbsp;&nbsp;&nbsp;&nbsp;&nbsp;&nbsp;&nbsp;&nbsp;&nbsp;&nbsp;&nbsp;&nbsp;&nbsp;&nbsp;&nbsp;&nbsp;&nbsp;&nbsp;&nbsp;&nbsp;&nbsp;&nbsp;&nbsp;&nbsp;&nbsp;&nbsp;&nbsp;&nbsp;&nbsp;&nbsp;&nbsp;&nbsp;&nbsp;&nbsp;&nbsp;&nbsp;&nbsp;&nbsp;&nbsp;&nbsp;&nbsp;&nbsp;&nbsp;&nbsp;&nbsp;&nbsp;&nbsp;&nbsp;&nbsp;&nbsp;&nbsp;&nbsp;&nbsp;&nbsp;&nbsp;&nbsp;&nbsp;&nbsp;&nbsp;&nbsp;&nbsp;&nbsp;&nbsp;&nbsp;&nbsp; Die Stadt G\u00f6rlitz und der NFV Gelb-Wei\u00df G\u00f6rlitz 09 e.V. ehren die Fu\u00dfballerlegende Hans-J\u00fcrgen D\u00f6rner: SONNTAG, den 18. JUNI 2023 ab 13:00 Uhr im \u201eStadion der Freundschaft\u201c &#8211; G\u00f6rlitz 13:00 Uhr offizielle Ehrung durch die Stadt G\u00f6rlitz: Einweihung \u201eDixie-D\u00f6rner-Weg\u201c (vor dem \u201eStadion der Freundschaft\u201c) 12:30 Uhr Einlass (\u00d6ffnung Tageskasse) ca. 13:30 Uhr Turnierbeginn Die [&hellip;]\" \/>\n<meta property=\"og:url\" content=\"https:\/\/www.nfv09.de\/home\/2023\/06\/07\/nfv09-erhaelt-stiftungskapital-aus-der-dixie-doerner-stiftung-2-2\/\" \/>\n<meta property=\"og:site_name\" content=\"NFV Gelb-Wei\u00df G\u00f6rlitz 09 e.V.\" \/>\n<meta property=\"article:published_time\" content=\"2023-06-07T12:36:00+00:00\" \/>\n<meta property=\"article:modified_time\" content=\"2023-06-22T08:37:00+00:00\" \/>\n<meta property=\"og:image\" content=\"https:\/\/www.nfv09.de\/home\/wp-content\/uploads\/2023\/05\/banner_facebook_Gedenkturnier_Dixie.jpg\" \/>\n\t<meta property=\"og:image:width\" content=\"1200\" \/>\n\t<meta property=\"og:image:height\" content=\"628\" \/>\n\t<meta property=\"og:image:type\" content=\"image\/jpeg\" \/>\n<meta name=\"author\" content=\"Sportfrei\" \/>\n<meta name=\"twitter:card\" content=\"summary_large_image\" \/>\n<meta name=\"twitter:label1\" content=\"Verfasst von\" \/>\n\t<meta name=\"twitter:data1\" content=\"Sportfrei\" \/>\n\t<meta name=\"twitter:label2\" content=\"Gesch\u00e4tzte Lesezeit\" \/>\n\t<meta name=\"twitter:data2\" content=\"2\u00a0Minuten\" \/>\n<script type=\"application\/ld+json\" class=\"yoast-schema-graph\">{\"@context\":\"https:\\\/\\\/schema.org\",\"@graph\":[{\"@type\":\"Article\",\"@id\":\"https:\\\/\\\/www.nfv09.de\\\/home\\\/2023\\\/06\\\/07\\\/nfv09-erhaelt-stiftungskapital-aus-der-dixie-doerner-stiftung-2-2\\\/#article\",\"isPartOf\":{\"@id\":\"https:\\\/\\\/www.nfv09.de\\\/home\\\/2023\\\/06\\\/07\\\/nfv09-erhaelt-stiftungskapital-aus-der-dixie-doerner-stiftung-2-2\\\/\"},\"author\":{\"name\":\"Sportfrei\",\"@id\":\"https:\\\/\\\/www.nfv09.de\\\/home\\\/#\\\/schema\\\/person\\\/12221cb95508cd116641fb36225d6af4\"},\"headline\":\"SONNTAG, 18. JUNI 2023 \u201eDixie-D\u00f6rner-Gedenkturnier\u201c\",\"datePublished\":\"2023-06-07T12:36:00+00:00\",\"dateModified\":\"2023-06-22T08:37:00+00:00\",\"mainEntityOfPage\":{\"@id\":\"https:\\\/\\\/www.nfv09.de\\\/home\\\/2023\\\/06\\\/07\\\/nfv09-erhaelt-stiftungskapital-aus-der-dixie-doerner-stiftung-2-2\\\/\"},\"wordCount\":286,\"commentCount\":0,\"publisher\":{\"@id\":\"https:\\\/\\\/www.nfv09.de\\\/home\\\/#\\\/schema\\\/person\\\/ed693ed28e6e4b3f80b32447b2b6cbc7\"},\"image\":{\"@id\":\"https:\\\/\\\/www.nfv09.de\\\/home\\\/2023\\\/06\\\/07\\\/nfv09-erhaelt-stiftungskapital-aus-der-dixie-doerner-stiftung-2-2\\\/#primaryimage\"},\"thumbnailUrl\":\"https:\\\/\\\/www.nfv09.de\\\/home\\\/wp-content\\\/uploads\\\/2023\\\/05\\\/banner_facebook_Gedenkturnier_Dixie.jpg\",\"keywords\":[\"Dixie\",\"Dixie D\u00f6rner\",\"Dynamo Dresden\",\"Gedenkturnier\",\"G\u00f6rlitz\"],\"articleSection\":[\"Presse\",\"Verein\"],\"inLanguage\":\"de\",\"potentialAction\":[{\"@type\":\"CommentAction\",\"name\":\"Comment\",\"target\":[\"https:\\\/\\\/www.nfv09.de\\\/home\\\/2023\\\/06\\\/07\\\/nfv09-erhaelt-stiftungskapital-aus-der-dixie-doerner-stiftung-2-2\\\/#respond\"]}]},{\"@type\":\"WebPage\",\"@id\":\"https:\\\/\\\/www.nfv09.de\\\/home\\\/2023\\\/06\\\/07\\\/nfv09-erhaelt-stiftungskapital-aus-der-dixie-doerner-stiftung-2-2\\\/\",\"url\":\"https:\\\/\\\/www.nfv09.de\\\/home\\\/2023\\\/06\\\/07\\\/nfv09-erhaelt-stiftungskapital-aus-der-dixie-doerner-stiftung-2-2\\\/\",\"name\":\"SONNTAG, 18. JUNI 2023 \u201eDixie-D\u00f6rner-Gedenkturnier\u201c - NFV Gelb-Wei\u00df G\u00f6rlitz 09 e.V.\",\"isPartOf\":{\"@id\":\"https:\\\/\\\/www.nfv09.de\\\/home\\\/#website\"},\"primaryImageOfPage\":{\"@id\":\"https:\\\/\\\/www.nfv09.de\\\/home\\\/2023\\\/06\\\/07\\\/nfv09-erhaelt-stiftungskapital-aus-der-dixie-doerner-stiftung-2-2\\\/#primaryimage\"},\"image\":{\"@id\":\"https:\\\/\\\/www.nfv09.de\\\/home\\\/2023\\\/06\\\/07\\\/nfv09-erhaelt-stiftungskapital-aus-der-dixie-doerner-stiftung-2-2\\\/#primaryimage\"},\"thumbnailUrl\":\"https:\\\/\\\/www.nfv09.de\\\/home\\\/wp-content\\\/uploads\\\/2023\\\/05\\\/banner_facebook_Gedenkturnier_Dixie.jpg\",\"datePublished\":\"2023-06-07T12:36:00+00:00\",\"dateModified\":\"2023-06-22T08:37:00+00:00\",\"breadcrumb\":{\"@id\":\"https:\\\/\\\/www.nfv09.de\\\/home\\\/2023\\\/06\\\/07\\\/nfv09-erhaelt-stiftungskapital-aus-der-dixie-doerner-stiftung-2-2\\\/#breadcrumb\"},\"inLanguage\":\"de\",\"potentialAction\":[{\"@type\":\"ReadAction\",\"target\":[\"https:\\\/\\\/www.nfv09.de\\\/home\\\/2023\\\/06\\\/07\\\/nfv09-erhaelt-stiftungskapital-aus-der-dixie-doerner-stiftung-2-2\\\/\"]}]},{\"@type\":\"ImageObject\",\"inLanguage\":\"de\",\"@id\":\"https:\\\/\\\/www.nfv09.de\\\/home\\\/2023\\\/06\\\/07\\\/nfv09-erhaelt-stiftungskapital-aus-der-dixie-doerner-stiftung-2-2\\\/#primaryimage\",\"url\":\"https:\\\/\\\/www.nfv09.de\\\/home\\\/wp-content\\\/uploads\\\/2023\\\/05\\\/banner_facebook_Gedenkturnier_Dixie.jpg\",\"contentUrl\":\"https:\\\/\\\/www.nfv09.de\\\/home\\\/wp-content\\\/uploads\\\/2023\\\/05\\\/banner_facebook_Gedenkturnier_Dixie.jpg\",\"width\":1200,\"height\":628,\"caption\":\"\u2013 OST Fu\u00dfball Traditionsteam (ehemalige DDR Nationalspieler)\"},{\"@type\":\"BreadcrumbList\",\"@id\":\"https:\\\/\\\/www.nfv09.de\\\/home\\\/2023\\\/06\\\/07\\\/nfv09-erhaelt-stiftungskapital-aus-der-dixie-doerner-stiftung-2-2\\\/#breadcrumb\",\"itemListElement\":[{\"@type\":\"ListItem\",\"position\":1,\"name\":\"Startseite\",\"item\":\"https:\\\/\\\/www.nfv09.de\\\/home\\\/\"},{\"@type\":\"ListItem\",\"position\":2,\"name\":\"SONNTAG, 18. JUNI 2023 \u201eDixie-D\u00f6rner-Gedenkturnier\u201c\"}]},{\"@type\":\"WebSite\",\"@id\":\"https:\\\/\\\/www.nfv09.de\\\/home\\\/#website\",\"url\":\"https:\\\/\\\/www.nfv09.de\\\/home\\\/\",\"name\":\"NFV Gelb-Wei\u00df G\u00f6rlitz 09 e.V.\",\"description\":\"Sachsenklasse Ost\",\"publisher\":{\"@id\":\"https:\\\/\\\/www.nfv09.de\\\/home\\\/#\\\/schema\\\/person\\\/ed693ed28e6e4b3f80b32447b2b6cbc7\"},\"potentialAction\":[{\"@type\":\"SearchAction\",\"target\":{\"@type\":\"EntryPoint\",\"urlTemplate\":\"https:\\\/\\\/www.nfv09.de\\\/home\\\/?s={search_term_string}\"},\"query-input\":{\"@type\":\"PropertyValueSpecification\",\"valueRequired\":true,\"valueName\":\"search_term_string\"}}],\"inLanguage\":\"de\"},{\"@type\":[\"Person\",\"Organization\"],\"@id\":\"https:\\\/\\\/www.nfv09.de\\\/home\\\/#\\\/schema\\\/person\\\/ed693ed28e6e4b3f80b32447b2b6cbc7\",\"name\":\"Regassi\",\"image\":{\"@type\":\"ImageObject\",\"inLanguage\":\"de\",\"@id\":\"https:\\\/\\\/www.nfv09.de\\\/home\\\/wp-content\\\/uploads\\\/2015\\\/04\\\/cropped-nfv-gelb-weiss-goerlitz-e1468573113314-1.gif\",\"url\":\"https:\\\/\\\/www.nfv09.de\\\/home\\\/wp-content\\\/uploads\\\/2015\\\/04\\\/cropped-nfv-gelb-weiss-goerlitz-e1468573113314-1.gif\",\"contentUrl\":\"https:\\\/\\\/www.nfv09.de\\\/home\\\/wp-content\\\/uploads\\\/2015\\\/04\\\/cropped-nfv-gelb-weiss-goerlitz-e1468573113314-1.gif\",\"width\":100,\"height\":122,\"caption\":\"Regassi\"},\"logo\":{\"@id\":\"https:\\\/\\\/www.nfv09.de\\\/home\\\/wp-content\\\/uploads\\\/2015\\\/04\\\/cropped-nfv-gelb-weiss-goerlitz-e1468573113314-1.gif\"}},{\"@type\":\"Person\",\"@id\":\"https:\\\/\\\/www.nfv09.de\\\/home\\\/#\\\/schema\\\/person\\\/12221cb95508cd116641fb36225d6af4\",\"name\":\"Sportfrei\",\"image\":{\"@type\":\"ImageObject\",\"inLanguage\":\"de\",\"@id\":\"https:\\\/\\\/secure.gravatar.com\\\/avatar\\\/c6ad063aa86ff33dbc32a5d68feee5556c3c8e1e6b0c1103364264bd3f67c65b?s=96&d=mm&r=g\",\"url\":\"https:\\\/\\\/secure.gravatar.com\\\/avatar\\\/c6ad063aa86ff33dbc32a5d68feee5556c3c8e1e6b0c1103364264bd3f67c65b?s=96&d=mm&r=g\",\"contentUrl\":\"https:\\\/\\\/secure.gravatar.com\\\/avatar\\\/c6ad063aa86ff33dbc32a5d68feee5556c3c8e1e6b0c1103364264bd3f67c65b?s=96&d=mm&r=g\",\"caption\":\"Sportfrei\"},\"url\":\"https:\\\/\\\/www.nfv09.de\\\/home\\\/author\\\/sportfrei\\\/\"}]}<\/script>\n<!-- \/ Yoast SEO plugin. -->","yoast_head_json":{"title":"SONNTAG, 18. JUNI 2023 \u201eDixie-D\u00f6rner-Gedenkturnier\u201c - NFV Gelb-Wei\u00df G\u00f6rlitz 09 e.V.","robots":{"index":"index","follow":"follow","max-snippet":"max-snippet:-1","max-image-preview":"max-image-preview:large","max-video-preview":"max-video-preview:-1"},"canonical":"https:\/\/www.nfv09.de\/home\/2023\/06\/07\/nfv09-erhaelt-stiftungskapital-aus-der-dixie-doerner-stiftung-2-2\/","og_locale":"de_DE","og_type":"article","og_title":"SONNTAG, 18. JUNI 2023 \u201eDixie-D\u00f6rner-Gedenkturnier\u201c - NFV Gelb-Wei\u00df G\u00f6rlitz 09 e.V.","og_description":"&nbsp;&nbsp;&nbsp;&nbsp;&nbsp;&nbsp;&nbsp;&nbsp;&nbsp;&nbsp;&nbsp;&nbsp;&nbsp;&nbsp;&nbsp;&nbsp;&nbsp;&nbsp;&nbsp;&nbsp;&nbsp;&nbsp;&nbsp;&nbsp;&nbsp;&nbsp;&nbsp;&nbsp;&nbsp;&nbsp;&nbsp;&nbsp;&nbsp;&nbsp;&nbsp;&nbsp;&nbsp;&nbsp;&nbsp;&nbsp;&nbsp;&nbsp;&nbsp;&nbsp;&nbsp;&nbsp;&nbsp;&nbsp;&nbsp;&nbsp;&nbsp;&nbsp;&nbsp;&nbsp;&nbsp;&nbsp;&nbsp;&nbsp;&nbsp;&nbsp;&nbsp;&nbsp;&nbsp;&nbsp;&nbsp;&nbsp;&nbsp;&nbsp;&nbsp;&nbsp;&nbsp;&nbsp;&nbsp;&nbsp;&nbsp;&nbsp;&nbsp;&nbsp;&nbsp;&nbsp;&nbsp;&nbsp;&nbsp;&nbsp;&nbsp;&nbsp;&nbsp;&nbsp;&nbsp;&nbsp;&nbsp;&nbsp;&nbsp;&nbsp;&nbsp;&nbsp;&nbsp;&nbsp;&nbsp;&nbsp;&nbsp;&nbsp;&nbsp;&nbsp;&nbsp;&nbsp;&nbsp;&nbsp;&nbsp;&nbsp;&nbsp;&nbsp;&nbsp;&nbsp;&nbsp;&nbsp;&nbsp;&nbsp; Die Stadt G\u00f6rlitz und der NFV Gelb-Wei\u00df G\u00f6rlitz 09 e.V. ehren die Fu\u00dfballerlegende Hans-J\u00fcrgen D\u00f6rner: SONNTAG, den 18. JUNI 2023 ab 13:00 Uhr im \u201eStadion der Freundschaft\u201c &#8211; G\u00f6rlitz 13:00 Uhr offizielle Ehrung durch die Stadt G\u00f6rlitz: Einweihung \u201eDixie-D\u00f6rner-Weg\u201c (vor dem \u201eStadion der Freundschaft\u201c) 12:30 Uhr Einlass (\u00d6ffnung Tageskasse) ca. 13:30 Uhr Turnierbeginn Die [&hellip;]","og_url":"https:\/\/www.nfv09.de\/home\/2023\/06\/07\/nfv09-erhaelt-stiftungskapital-aus-der-dixie-doerner-stiftung-2-2\/","og_site_name":"NFV Gelb-Wei\u00df G\u00f6rlitz 09 e.V.","article_published_time":"2023-06-07T12:36:00+00:00","article_modified_time":"2023-06-22T08:37:00+00:00","og_image":[{"width":1200,"height":628,"url":"https:\/\/www.nfv09.de\/home\/wp-content\/uploads\/2023\/05\/banner_facebook_Gedenkturnier_Dixie.jpg","type":"image\/jpeg"}],"author":"Sportfrei","twitter_card":"summary_large_image","twitter_misc":{"Verfasst von":"Sportfrei","Gesch\u00e4tzte Lesezeit":"2\u00a0Minuten"},"schema":{"@context":"https:\/\/schema.org","@graph":[{"@type":"Article","@id":"https:\/\/www.nfv09.de\/home\/2023\/06\/07\/nfv09-erhaelt-stiftungskapital-aus-der-dixie-doerner-stiftung-2-2\/#article","isPartOf":{"@id":"https:\/\/www.nfv09.de\/home\/2023\/06\/07\/nfv09-erhaelt-stiftungskapital-aus-der-dixie-doerner-stiftung-2-2\/"},"author":{"name":"Sportfrei","@id":"https:\/\/www.nfv09.de\/home\/#\/schema\/person\/12221cb95508cd116641fb36225d6af4"},"headline":"SONNTAG, 18. JUNI 2023 \u201eDixie-D\u00f6rner-Gedenkturnier\u201c","datePublished":"2023-06-07T12:36:00+00:00","dateModified":"2023-06-22T08:37:00+00:00","mainEntityOfPage":{"@id":"https:\/\/www.nfv09.de\/home\/2023\/06\/07\/nfv09-erhaelt-stiftungskapital-aus-der-dixie-doerner-stiftung-2-2\/"},"wordCount":286,"commentCount":0,"publisher":{"@id":"https:\/\/www.nfv09.de\/home\/#\/schema\/person\/ed693ed28e6e4b3f80b32447b2b6cbc7"},"image":{"@id":"https:\/\/www.nfv09.de\/home\/2023\/06\/07\/nfv09-erhaelt-stiftungskapital-aus-der-dixie-doerner-stiftung-2-2\/#primaryimage"},"thumbnailUrl":"https:\/\/www.nfv09.de\/home\/wp-content\/uploads\/2023\/05\/banner_facebook_Gedenkturnier_Dixie.jpg","keywords":["Dixie","Dixie D\u00f6rner","Dynamo Dresden","Gedenkturnier","G\u00f6rlitz"],"articleSection":["Presse","Verein"],"inLanguage":"de","potentialAction":[{"@type":"CommentAction","name":"Comment","target":["https:\/\/www.nfv09.de\/home\/2023\/06\/07\/nfv09-erhaelt-stiftungskapital-aus-der-dixie-doerner-stiftung-2-2\/#respond"]}]},{"@type":"WebPage","@id":"https:\/\/www.nfv09.de\/home\/2023\/06\/07\/nfv09-erhaelt-stiftungskapital-aus-der-dixie-doerner-stiftung-2-2\/","url":"https:\/\/www.nfv09.de\/home\/2023\/06\/07\/nfv09-erhaelt-stiftungskapital-aus-der-dixie-doerner-stiftung-2-2\/","name":"SONNTAG, 18. JUNI 2023 \u201eDixie-D\u00f6rner-Gedenkturnier\u201c - NFV Gelb-Wei\u00df G\u00f6rlitz 09 e.V.","isPartOf":{"@id":"https:\/\/www.nfv09.de\/home\/#website"},"primaryImageOfPage":{"@id":"https:\/\/www.nfv09.de\/home\/2023\/06\/07\/nfv09-erhaelt-stiftungskapital-aus-der-dixie-doerner-stiftung-2-2\/#primaryimage"},"image":{"@id":"https:\/\/www.nfv09.de\/home\/2023\/06\/07\/nfv09-erhaelt-stiftungskapital-aus-der-dixie-doerner-stiftung-2-2\/#primaryimage"},"thumbnailUrl":"https:\/\/www.nfv09.de\/home\/wp-content\/uploads\/2023\/05\/banner_facebook_Gedenkturnier_Dixie.jpg","datePublished":"2023-06-07T12:36:00+00:00","dateModified":"2023-06-22T08:37:00+00:00","breadcrumb":{"@id":"https:\/\/www.nfv09.de\/home\/2023\/06\/07\/nfv09-erhaelt-stiftungskapital-aus-der-dixie-doerner-stiftung-2-2\/#breadcrumb"},"inLanguage":"de","potentialAction":[{"@type":"ReadAction","target":["https:\/\/www.nfv09.de\/home\/2023\/06\/07\/nfv09-erhaelt-stiftungskapital-aus-der-dixie-doerner-stiftung-2-2\/"]}]},{"@type":"ImageObject","inLanguage":"de","@id":"https:\/\/www.nfv09.de\/home\/2023\/06\/07\/nfv09-erhaelt-stiftungskapital-aus-der-dixie-doerner-stiftung-2-2\/#primaryimage","url":"https:\/\/www.nfv09.de\/home\/wp-content\/uploads\/2023\/05\/banner_facebook_Gedenkturnier_Dixie.jpg","contentUrl":"https:\/\/www.nfv09.de\/home\/wp-content\/uploads\/2023\/05\/banner_facebook_Gedenkturnier_Dixie.jpg","width":1200,"height":628,"caption":"\u2013 OST Fu\u00dfball Traditionsteam (ehemalige DDR Nationalspieler)"},{"@type":"BreadcrumbList","@id":"https:\/\/www.nfv09.de\/home\/2023\/06\/07\/nfv09-erhaelt-stiftungskapital-aus-der-dixie-doerner-stiftung-2-2\/#breadcrumb","itemListElement":[{"@type":"ListItem","position":1,"name":"Startseite","item":"https:\/\/www.nfv09.de\/home\/"},{"@type":"ListItem","position":2,"name":"SONNTAG, 18. JUNI 2023 \u201eDixie-D\u00f6rner-Gedenkturnier\u201c"}]},{"@type":"WebSite","@id":"https:\/\/www.nfv09.de\/home\/#website","url":"https:\/\/www.nfv09.de\/home\/","name":"NFV Gelb-Wei\u00df G\u00f6rlitz 09 e.V.","description":"Sachsenklasse Ost","publisher":{"@id":"https:\/\/www.nfv09.de\/home\/#\/schema\/person\/ed693ed28e6e4b3f80b32447b2b6cbc7"},"potentialAction":[{"@type":"SearchAction","target":{"@type":"EntryPoint","urlTemplate":"https:\/\/www.nfv09.de\/home\/?s={search_term_string}"},"query-input":{"@type":"PropertyValueSpecification","valueRequired":true,"valueName":"search_term_string"}}],"inLanguage":"de"},{"@type":["Person","Organization"],"@id":"https:\/\/www.nfv09.de\/home\/#\/schema\/person\/ed693ed28e6e4b3f80b32447b2b6cbc7","name":"Regassi","image":{"@type":"ImageObject","inLanguage":"de","@id":"https:\/\/www.nfv09.de\/home\/wp-content\/uploads\/2015\/04\/cropped-nfv-gelb-weiss-goerlitz-e1468573113314-1.gif","url":"https:\/\/www.nfv09.de\/home\/wp-content\/uploads\/2015\/04\/cropped-nfv-gelb-weiss-goerlitz-e1468573113314-1.gif","contentUrl":"https:\/\/www.nfv09.de\/home\/wp-content\/uploads\/2015\/04\/cropped-nfv-gelb-weiss-goerlitz-e1468573113314-1.gif","width":100,"height":122,"caption":"Regassi"},"logo":{"@id":"https:\/\/www.nfv09.de\/home\/wp-content\/uploads\/2015\/04\/cropped-nfv-gelb-weiss-goerlitz-e1468573113314-1.gif"}},{"@type":"Person","@id":"https:\/\/www.nfv09.de\/home\/#\/schema\/person\/12221cb95508cd116641fb36225d6af4","name":"Sportfrei","image":{"@type":"ImageObject","inLanguage":"de","@id":"https:\/\/secure.gravatar.com\/avatar\/c6ad063aa86ff33dbc32a5d68feee5556c3c8e1e6b0c1103364264bd3f67c65b?s=96&d=mm&r=g","url":"https:\/\/secure.gravatar.com\/avatar\/c6ad063aa86ff33dbc32a5d68feee5556c3c8e1e6b0c1103364264bd3f67c65b?s=96&d=mm&r=g","contentUrl":"https:\/\/secure.gravatar.com\/avatar\/c6ad063aa86ff33dbc32a5d68feee5556c3c8e1e6b0c1103364264bd3f67c65b?s=96&d=mm&r=g","caption":"Sportfrei"},"url":"https:\/\/www.nfv09.de\/home\/author\/sportfrei\/"}]}},"_links":{"self":[{"href":"https:\/\/www.nfv09.de\/home\/wp-json\/wp\/v2\/posts\/4121","targetHints":{"allow":["GET"]}}],"collection":[{"href":"https:\/\/www.nfv09.de\/home\/wp-json\/wp\/v2\/posts"}],"about":[{"href":"https:\/\/www.nfv09.de\/home\/wp-json\/wp\/v2\/types\/post"}],"author":[{"embeddable":true,"href":"https:\/\/www.nfv09.de\/home\/wp-json\/wp\/v2\/users\/17"}],"replies":[{"embeddable":true,"href":"https:\/\/www.nfv09.de\/home\/wp-json\/wp\/v2\/comments?post=4121"}],"version-history":[{"count":9,"href":"https:\/\/www.nfv09.de\/home\/wp-json\/wp\/v2\/posts\/4121\/revisions"}],"predecessor-version":[{"id":4200,"href":"https:\/\/www.nfv09.de\/home\/wp-json\/wp\/v2\/posts\/4121\/revisions\/4200"}],"wp:featuredmedia":[{"embeddable":true,"href":"https:\/\/www.nfv09.de\/home\/wp-json\/wp\/v2\/media\/4178"}],"wp:attachment":[{"href":"https:\/\/www.nfv09.de\/home\/wp-json\/wp\/v2\/media?parent=4121"}],"wp:term":[{"taxonomy":"category","embeddable":true,"href":"https:\/\/www.nfv09.de\/home\/wp-json\/wp\/v2\/categories?post=4121"},{"taxonomy":"post_tag","embeddable":true,"href":"https:\/\/www.nfv09.de\/home\/wp-json\/wp\/v2\/tags?post=4121"}],"curies":[{"name":"wp","href":"https:\/\/api.w.org\/{rel}","templated":true}]}}