{"id":4040,"date":"2023-02-10T14:53:00","date_gmt":"2023-02-10T13:53:00","guid":{"rendered":"https:\/\/www.nfv09.de\/home\/2022\/12\/05\/tagesordnung-der-ordentlichen-mitgliederversammlung-am-02-12-2022-2-3\/"},"modified":"2023-05-24T14:41:06","modified_gmt":"2023-05-24T12:41:06","slug":"nfv09-erhaelt-stiftungskapital-aus-der-dixie-doerner-stiftung-2","status":"publish","type":"post","link":"https:\/\/www.nfv09.de\/home\/2023\/02\/10\/nfv09-erhaelt-stiftungskapital-aus-der-dixie-doerner-stiftung-2\/","title":{"rendered":"NFV09 erh\u00e4lt Stiftungskapital aus der &#8222;Dixie-D\u00f6rner-Stiftung&#8220;"},"content":{"rendered":"\n<p>&nbsp;&nbsp;&nbsp;&nbsp;&nbsp;&nbsp;&nbsp;&nbsp;&nbsp;&nbsp;&nbsp;&nbsp;&nbsp;&nbsp;&nbsp;&nbsp;&nbsp;&nbsp;&nbsp;&nbsp;&nbsp;&nbsp;&nbsp;&nbsp;&nbsp;&nbsp;&nbsp;&nbsp;&nbsp;&nbsp;&nbsp;&nbsp;&nbsp;&nbsp;&nbsp;&nbsp;&nbsp;&nbsp;&nbsp;&nbsp;&nbsp;&nbsp;&nbsp;&nbsp;&nbsp;&nbsp;&nbsp;&nbsp;&nbsp;&nbsp;&nbsp;&nbsp;&nbsp;&nbsp;&nbsp;&nbsp;&nbsp;&nbsp;&nbsp;&nbsp;&nbsp;&nbsp;&nbsp;&nbsp;&nbsp;&nbsp;&nbsp;&nbsp;&nbsp;&nbsp;&nbsp;&nbsp;&nbsp;&nbsp;&nbsp;&nbsp;&nbsp;&nbsp;&nbsp;&nbsp;&nbsp;&nbsp;&nbsp;&nbsp;&nbsp;&nbsp;&nbsp;&nbsp;&nbsp;&nbsp;&nbsp;&nbsp;&nbsp;&nbsp;&nbsp;&nbsp;&nbsp;&nbsp;&nbsp;&nbsp;&nbsp;&nbsp;&nbsp;&nbsp;&nbsp;&nbsp;&nbsp;&nbsp;&nbsp;&nbsp;&nbsp;&nbsp;&nbsp;&nbsp;&nbsp;&nbsp;&nbsp;&nbsp; 08.02.2023<\/p>\n\n\n\n<p><strong>Pressemitteilung des NFV Gelb-Wei\u00df G\u00f6rlitz 09 e.V.<\/strong><\/p>\n\n\n\n<p>Dem NFV Gelb-Wei\u00df G\u00f6rlitz wurde eine hohe Ehre zuteil. Durch den Stiftungsrat der \u201eDixie-D\u00f6rner-Stiftung\u201c wurde im Januar beschlossen, erstmals Stiftungskapital auszusch\u00fctten. Damit wurden zwei Vereine geehrt, die mit Dixie D\u00f6rner in einer besonderen Beziehung stehen.<\/p>\n\n\n\n<p>Je 2000 Euro erhielten f\u00fcr ihre Jugendarbeit der Niederschlesische Fussballverein Gelb-Weiss G\u00f6rlitz 09 e.V. sowie die SG Einheit Dresden Mitte e.V. Beim Vorg\u00e4ngerverein von Gelb-Weiss, der BSG Motor WAMA G\u00f6rlitz, lernte Dixie das Fussballspielen, bei Einheit Dresden Mitte war er zuletzt als Trainer t\u00e4tig.<\/p>\n\n\n\n<p>Im Rahmen des Drittliga-Spiels von Dynamo Dresden gegen den HFC Chemie erfolgte die offizielle Scheck\u00fcbergabe durch die Stiftung. Pr\u00e4sident Carsten Liebig, Nachwuchs-Mannschaftsleiter Manfred Kretschmer und die Nachwuchsspieler Franz Michalzik und Fynn Palme wurden von den Mitgliedern des Stiftungsrates und von der Familie D\u00f6rner geehrt.<\/p>\n\n\n\n<p>F\u00fcr den NFV ist diese Auszeichnung gleichzeitig eine gro\u00dfe Verpflichtung. Dixie D\u00f6rner ist eine der gr\u00f6\u00dften Sportlerpers\u00f6nlichkeiten der Stadt G\u00f6rlitz, der Andenken dauerhaft bewahrt werden muss. Dazu wird der Verein seinen Beitrag leisten. Ganz im Sinne des Stiftungszwecks wird die F\u00f6rdersumme f\u00fcr vorgesehene Projekte im Nachwuchsbereich sinnvoll eingesetzt. Unter anderem sollen damit die Durchf\u00fchrung eines Nachwuchstages im Juni und eines Nachwuchs-Hallencups im Dezember unterst\u00fctzt werden.<\/p>\n\n\n\n<p>Carsten Liebig<\/p>\n\n\n\n<p>Pr\u00e4sident<\/p>\n\n\n\n<p>(Quelle: Fotocredit-SG Dynamo Dresden\/Dennis Hetzschold)<\/p>\n\n\n\n<hr class=\"wp-block-separator has-alpha-channel-opacity\"\/>\n\n\n\n<p><a>\u201eDixie-D\u00f6rner-Gedenkturnier\u201c<\/a> <strong>HIER GEHT ES ZUM -><\/strong> <strong><mark style=\"background-color:rgba(0, 0, 0, 0)\" class=\"has-inline-color has-vivid-red-color\"><a href=\"https:\/\/www.etix.com\/ticket\/v\/30674\/stadion-der-freundschaft-g%C3%B6rlitz\" target=\"_blank\" rel=\"noreferrer noopener\">T I C K E T S H O P<\/a><\/mark><mark style=\"background-color:rgba(0, 0, 0, 0)\" class=\"has-inline-color has-vivid-green-cyan-color\"> <\/mark><\/strong><\/p>\n","protected":false},"excerpt":{"rendered":"<p>&nbsp;&nbsp;&nbsp;&nbsp;&nbsp;&nbsp;&nbsp;&nbsp;&nbsp;&nbsp;&nbsp;&nbsp;&nbsp;&nbsp;&nbsp;&nbsp;&nbsp;&nbsp;&nbsp;&nbsp;&nbsp;&nbsp;&nbsp;&nbsp;&nbsp;&nbsp;&nbsp;&nbsp;&nbsp;&nbsp;&nbsp;&nbsp;&nbsp;&nbsp;&nbsp;&nbsp;&nbsp;&nbsp;&nbsp;&nbsp;&nbsp;&nbsp;&nbsp;&nbsp;&nbsp;&nbsp;&nbsp;&nbsp;&nbsp;&nbsp;&nbsp;&nbsp;&nbsp;&nbsp;&nbsp;&nbsp;&nbsp;&nbsp;&nbsp;&nbsp;&nbsp;&nbsp;&nbsp;&nbsp;&nbsp;&nbsp;&nbsp;&nbsp;&nbsp;&nbsp;&nbsp;&nbsp;&nbsp;&nbsp;&nbsp;&nbsp;&nbsp;&nbsp;&nbsp;&nbsp;&nbsp;&nbsp;&nbsp;&nbsp;&nbsp;&nbsp;&nbsp;&nbsp;&nbsp;&nbsp;&nbsp;&nbsp;&nbsp;&nbsp;&nbsp;&nbsp;&nbsp;&nbsp;&nbsp;&nbsp;&nbsp;&nbsp;&nbsp;&nbsp;&nbsp;&nbsp;&nbsp;&nbsp;&nbsp;&nbsp;&nbsp;&nbsp;&nbsp;&nbsp;&nbsp;&nbsp;&nbsp;&nbsp; 08.02.2023 Pressemitteilung des NFV Gelb-Wei\u00df G\u00f6rlitz 09 e.V. Dem NFV Gelb-Wei\u00df G\u00f6rlitz wurde eine hohe Ehre zuteil. Durch den Stiftungsrat der \u201eDixie-D\u00f6rner-Stiftung\u201c wurde im Januar beschlossen, erstmals Stiftungskapital auszusch\u00fctten. Damit wurden zwei Vereine geehrt, die mit Dixie D\u00f6rner in einer besonderen Beziehung stehen. Je 2000 Euro erhielten f\u00fcr ihre Jugendarbeit der Niederschlesische Fussballverein Gelb-Weiss [&hellip;]<\/p>\n","protected":false},"author":17,"featured_media":4027,"comment_status":"open","ping_status":"open","sticky":false,"template":"","format":"standard","meta":{"footnotes":""},"categories":[86,85],"tags":[],"class_list":["post-4040","post","type-post","status-publish","format-standard","has-post-thumbnail","hentry","category-presse","category-verein"],"yoast_head":"<!-- This site is optimized with the Yoast SEO plugin v27.4 - https:\/\/yoast.com\/product\/yoast-seo-wordpress\/ -->\n<title>NFV09 erh\u00e4lt Stiftungskapital aus der &quot;Dixie-D\u00f6rner-Stiftung&quot; - NFV Gelb-Wei\u00df G\u00f6rlitz 09 e.V.<\/title>\n<meta name=\"robots\" content=\"index, follow, max-snippet:-1, max-image-preview:large, max-video-preview:-1\" \/>\n<link rel=\"canonical\" href=\"https:\/\/www.nfv09.de\/home\/2023\/02\/10\/nfv09-erhaelt-stiftungskapital-aus-der-dixie-doerner-stiftung-2\/\" \/>\n<meta property=\"og:locale\" content=\"de_DE\" \/>\n<meta property=\"og:type\" content=\"article\" \/>\n<meta property=\"og:title\" content=\"NFV09 erh\u00e4lt Stiftungskapital aus der &quot;Dixie-D\u00f6rner-Stiftung&quot; - NFV Gelb-Wei\u00df G\u00f6rlitz 09 e.V.\" \/>\n<meta property=\"og:description\" content=\"&nbsp;&nbsp;&nbsp;&nbsp;&nbsp;&nbsp;&nbsp;&nbsp;&nbsp;&nbsp;&nbsp;&nbsp;&nbsp;&nbsp;&nbsp;&nbsp;&nbsp;&nbsp;&nbsp;&nbsp;&nbsp;&nbsp;&nbsp;&nbsp;&nbsp;&nbsp;&nbsp;&nbsp;&nbsp;&nbsp;&nbsp;&nbsp;&nbsp;&nbsp;&nbsp;&nbsp;&nbsp;&nbsp;&nbsp;&nbsp;&nbsp;&nbsp;&nbsp;&nbsp;&nbsp;&nbsp;&nbsp;&nbsp;&nbsp;&nbsp;&nbsp;&nbsp;&nbsp;&nbsp;&nbsp;&nbsp;&nbsp;&nbsp;&nbsp;&nbsp;&nbsp;&nbsp;&nbsp;&nbsp;&nbsp;&nbsp;&nbsp;&nbsp;&nbsp;&nbsp;&nbsp;&nbsp;&nbsp;&nbsp;&nbsp;&nbsp;&nbsp;&nbsp;&nbsp;&nbsp;&nbsp;&nbsp;&nbsp;&nbsp;&nbsp;&nbsp;&nbsp;&nbsp;&nbsp;&nbsp;&nbsp;&nbsp;&nbsp;&nbsp;&nbsp;&nbsp;&nbsp;&nbsp;&nbsp;&nbsp;&nbsp;&nbsp;&nbsp;&nbsp;&nbsp;&nbsp;&nbsp;&nbsp;&nbsp;&nbsp;&nbsp;&nbsp;&nbsp;&nbsp;&nbsp;&nbsp;&nbsp;&nbsp; 08.02.2023 Pressemitteilung des NFV Gelb-Wei\u00df G\u00f6rlitz 09 e.V. Dem NFV Gelb-Wei\u00df G\u00f6rlitz wurde eine hohe Ehre zuteil. Durch den Stiftungsrat der \u201eDixie-D\u00f6rner-Stiftung\u201c wurde im Januar beschlossen, erstmals Stiftungskapital auszusch\u00fctten. Damit wurden zwei Vereine geehrt, die mit Dixie D\u00f6rner in einer besonderen Beziehung stehen. Je 2000 Euro erhielten f\u00fcr ihre Jugendarbeit der Niederschlesische Fussballverein Gelb-Weiss [&hellip;]\" \/>\n<meta property=\"og:url\" content=\"https:\/\/www.nfv09.de\/home\/2023\/02\/10\/nfv09-erhaelt-stiftungskapital-aus-der-dixie-doerner-stiftung-2\/\" \/>\n<meta property=\"og:site_name\" content=\"NFV Gelb-Wei\u00df G\u00f6rlitz 09 e.V.\" \/>\n<meta property=\"article:published_time\" content=\"2023-02-10T13:53:00+00:00\" \/>\n<meta property=\"article:modified_time\" content=\"2023-05-24T12:41:06+00:00\" \/>\n<meta property=\"og:image\" content=\"https:\/\/www.nfv09.de\/home\/wp-content\/uploads\/2023\/02\/bild3-dynamo-scaled.jpg\" \/>\n\t<meta property=\"og:image:width\" content=\"2560\" \/>\n\t<meta property=\"og:image:height\" content=\"1707\" \/>\n\t<meta property=\"og:image:type\" content=\"image\/jpeg\" \/>\n<meta name=\"author\" content=\"Sportfrei\" \/>\n<meta name=\"twitter:card\" content=\"summary_large_image\" \/>\n<meta name=\"twitter:label1\" content=\"Verfasst von\" \/>\n\t<meta name=\"twitter:data1\" content=\"Sportfrei\" \/>\n\t<meta name=\"twitter:label2\" content=\"Gesch\u00e4tzte Lesezeit\" \/>\n\t<meta name=\"twitter:data2\" content=\"2\u00a0Minuten\" \/>\n<script type=\"application\/ld+json\" class=\"yoast-schema-graph\">{\"@context\":\"https:\\\/\\\/schema.org\",\"@graph\":[{\"@type\":\"Article\",\"@id\":\"https:\\\/\\\/www.nfv09.de\\\/home\\\/2023\\\/02\\\/10\\\/nfv09-erhaelt-stiftungskapital-aus-der-dixie-doerner-stiftung-2\\\/#article\",\"isPartOf\":{\"@id\":\"https:\\\/\\\/www.nfv09.de\\\/home\\\/2023\\\/02\\\/10\\\/nfv09-erhaelt-stiftungskapital-aus-der-dixie-doerner-stiftung-2\\\/\"},\"author\":{\"name\":\"Sportfrei\",\"@id\":\"https:\\\/\\\/www.nfv09.de\\\/home\\\/#\\\/schema\\\/person\\\/12221cb95508cd116641fb36225d6af4\"},\"headline\":\"NFV09 erh\u00e4lt Stiftungskapital aus der &#8222;Dixie-D\u00f6rner-Stiftung&#8220;\",\"datePublished\":\"2023-02-10T13:53:00+00:00\",\"dateModified\":\"2023-05-24T12:41:06+00:00\",\"mainEntityOfPage\":{\"@id\":\"https:\\\/\\\/www.nfv09.de\\\/home\\\/2023\\\/02\\\/10\\\/nfv09-erhaelt-stiftungskapital-aus-der-dixie-doerner-stiftung-2\\\/\"},\"wordCount\":371,\"commentCount\":0,\"publisher\":{\"@id\":\"https:\\\/\\\/www.nfv09.de\\\/home\\\/#\\\/schema\\\/person\\\/ed693ed28e6e4b3f80b32447b2b6cbc7\"},\"image\":{\"@id\":\"https:\\\/\\\/www.nfv09.de\\\/home\\\/2023\\\/02\\\/10\\\/nfv09-erhaelt-stiftungskapital-aus-der-dixie-doerner-stiftung-2\\\/#primaryimage\"},\"thumbnailUrl\":\"https:\\\/\\\/www.nfv09.de\\\/home\\\/wp-content\\\/uploads\\\/2023\\\/02\\\/bild3-dynamo-scaled.jpg\",\"articleSection\":[\"Presse\",\"Verein\"],\"inLanguage\":\"de\",\"potentialAction\":[{\"@type\":\"CommentAction\",\"name\":\"Comment\",\"target\":[\"https:\\\/\\\/www.nfv09.de\\\/home\\\/2023\\\/02\\\/10\\\/nfv09-erhaelt-stiftungskapital-aus-der-dixie-doerner-stiftung-2\\\/#respond\"]}]},{\"@type\":\"WebPage\",\"@id\":\"https:\\\/\\\/www.nfv09.de\\\/home\\\/2023\\\/02\\\/10\\\/nfv09-erhaelt-stiftungskapital-aus-der-dixie-doerner-stiftung-2\\\/\",\"url\":\"https:\\\/\\\/www.nfv09.de\\\/home\\\/2023\\\/02\\\/10\\\/nfv09-erhaelt-stiftungskapital-aus-der-dixie-doerner-stiftung-2\\\/\",\"name\":\"NFV09 erh\u00e4lt Stiftungskapital aus der \\\"Dixie-D\u00f6rner-Stiftung\\\" - NFV Gelb-Wei\u00df G\u00f6rlitz 09 e.V.\",\"isPartOf\":{\"@id\":\"https:\\\/\\\/www.nfv09.de\\\/home\\\/#website\"},\"primaryImageOfPage\":{\"@id\":\"https:\\\/\\\/www.nfv09.de\\\/home\\\/2023\\\/02\\\/10\\\/nfv09-erhaelt-stiftungskapital-aus-der-dixie-doerner-stiftung-2\\\/#primaryimage\"},\"image\":{\"@id\":\"https:\\\/\\\/www.nfv09.de\\\/home\\\/2023\\\/02\\\/10\\\/nfv09-erhaelt-stiftungskapital-aus-der-dixie-doerner-stiftung-2\\\/#primaryimage\"},\"thumbnailUrl\":\"https:\\\/\\\/www.nfv09.de\\\/home\\\/wp-content\\\/uploads\\\/2023\\\/02\\\/bild3-dynamo-scaled.jpg\",\"datePublished\":\"2023-02-10T13:53:00+00:00\",\"dateModified\":\"2023-05-24T12:41:06+00:00\",\"breadcrumb\":{\"@id\":\"https:\\\/\\\/www.nfv09.de\\\/home\\\/2023\\\/02\\\/10\\\/nfv09-erhaelt-stiftungskapital-aus-der-dixie-doerner-stiftung-2\\\/#breadcrumb\"},\"inLanguage\":\"de\",\"potentialAction\":[{\"@type\":\"ReadAction\",\"target\":[\"https:\\\/\\\/www.nfv09.de\\\/home\\\/2023\\\/02\\\/10\\\/nfv09-erhaelt-stiftungskapital-aus-der-dixie-doerner-stiftung-2\\\/\"]}]},{\"@type\":\"ImageObject\",\"inLanguage\":\"de\",\"@id\":\"https:\\\/\\\/www.nfv09.de\\\/home\\\/2023\\\/02\\\/10\\\/nfv09-erhaelt-stiftungskapital-aus-der-dixie-doerner-stiftung-2\\\/#primaryimage\",\"url\":\"https:\\\/\\\/www.nfv09.de\\\/home\\\/wp-content\\\/uploads\\\/2023\\\/02\\\/bild3-dynamo-scaled.jpg\",\"contentUrl\":\"https:\\\/\\\/www.nfv09.de\\\/home\\\/wp-content\\\/uploads\\\/2023\\\/02\\\/bild3-dynamo-scaled.jpg\",\"width\":2560,\"height\":1707,\"caption\":\"Die Dixie-D\u00f6rner-Stiftung (vertreten durch Gesch\u00e4ftsf\u00fchrer J\u00fcrgen Wehlend, Thomas Bl\u00fcmel, Sohn Steffen D\u00f6rner und Lebensgef\u00e4hrtin Anett Ha\u00dfpacher) \u00fcbergibt die ersten Schecks an die beg\u00fcnstigten Vereine Einheit Dresden Mitte und Gelb-Wei\u00df G\u00f6rlitz; SG Dynamo Dresden - Hallescher FC; Fu\u00dfball; 3. Liga; Saison 2022\\\/2023; 21. Spieltag; Rudolf-Harbig-Stadion; Dresden; 04. Februar 2023; Foto: Dennis Hetzschold\"},{\"@type\":\"BreadcrumbList\",\"@id\":\"https:\\\/\\\/www.nfv09.de\\\/home\\\/2023\\\/02\\\/10\\\/nfv09-erhaelt-stiftungskapital-aus-der-dixie-doerner-stiftung-2\\\/#breadcrumb\",\"itemListElement\":[{\"@type\":\"ListItem\",\"position\":1,\"name\":\"Startseite\",\"item\":\"https:\\\/\\\/www.nfv09.de\\\/home\\\/\"},{\"@type\":\"ListItem\",\"position\":2,\"name\":\"NFV09 erh\u00e4lt Stiftungskapital aus der &#8220;Dixie-D\u00f6rner-Stiftung&#8221;\"}]},{\"@type\":\"WebSite\",\"@id\":\"https:\\\/\\\/www.nfv09.de\\\/home\\\/#website\",\"url\":\"https:\\\/\\\/www.nfv09.de\\\/home\\\/\",\"name\":\"NFV Gelb-Wei\u00df G\u00f6rlitz 09 e.V.\",\"description\":\"Sachsenklasse Ost\",\"publisher\":{\"@id\":\"https:\\\/\\\/www.nfv09.de\\\/home\\\/#\\\/schema\\\/person\\\/ed693ed28e6e4b3f80b32447b2b6cbc7\"},\"potentialAction\":[{\"@type\":\"SearchAction\",\"target\":{\"@type\":\"EntryPoint\",\"urlTemplate\":\"https:\\\/\\\/www.nfv09.de\\\/home\\\/?s={search_term_string}\"},\"query-input\":{\"@type\":\"PropertyValueSpecification\",\"valueRequired\":true,\"valueName\":\"search_term_string\"}}],\"inLanguage\":\"de\"},{\"@type\":[\"Person\",\"Organization\"],\"@id\":\"https:\\\/\\\/www.nfv09.de\\\/home\\\/#\\\/schema\\\/person\\\/ed693ed28e6e4b3f80b32447b2b6cbc7\",\"name\":\"Regassi\",\"image\":{\"@type\":\"ImageObject\",\"inLanguage\":\"de\",\"@id\":\"https:\\\/\\\/www.nfv09.de\\\/home\\\/wp-content\\\/uploads\\\/2015\\\/04\\\/cropped-nfv-gelb-weiss-goerlitz-e1468573113314-1.gif\",\"url\":\"https:\\\/\\\/www.nfv09.de\\\/home\\\/wp-content\\\/uploads\\\/2015\\\/04\\\/cropped-nfv-gelb-weiss-goerlitz-e1468573113314-1.gif\",\"contentUrl\":\"https:\\\/\\\/www.nfv09.de\\\/home\\\/wp-content\\\/uploads\\\/2015\\\/04\\\/cropped-nfv-gelb-weiss-goerlitz-e1468573113314-1.gif\",\"width\":100,\"height\":122,\"caption\":\"Regassi\"},\"logo\":{\"@id\":\"https:\\\/\\\/www.nfv09.de\\\/home\\\/wp-content\\\/uploads\\\/2015\\\/04\\\/cropped-nfv-gelb-weiss-goerlitz-e1468573113314-1.gif\"}},{\"@type\":\"Person\",\"@id\":\"https:\\\/\\\/www.nfv09.de\\\/home\\\/#\\\/schema\\\/person\\\/12221cb95508cd116641fb36225d6af4\",\"name\":\"Sportfrei\",\"image\":{\"@type\":\"ImageObject\",\"inLanguage\":\"de\",\"@id\":\"https:\\\/\\\/secure.gravatar.com\\\/avatar\\\/c6ad063aa86ff33dbc32a5d68feee5556c3c8e1e6b0c1103364264bd3f67c65b?s=96&d=mm&r=g\",\"url\":\"https:\\\/\\\/secure.gravatar.com\\\/avatar\\\/c6ad063aa86ff33dbc32a5d68feee5556c3c8e1e6b0c1103364264bd3f67c65b?s=96&d=mm&r=g\",\"contentUrl\":\"https:\\\/\\\/secure.gravatar.com\\\/avatar\\\/c6ad063aa86ff33dbc32a5d68feee5556c3c8e1e6b0c1103364264bd3f67c65b?s=96&d=mm&r=g\",\"caption\":\"Sportfrei\"},\"url\":\"https:\\\/\\\/www.nfv09.de\\\/home\\\/author\\\/sportfrei\\\/\"}]}<\/script>\n<!-- \/ Yoast SEO plugin. -->","yoast_head_json":{"title":"NFV09 erh\u00e4lt Stiftungskapital aus der \"Dixie-D\u00f6rner-Stiftung\" - NFV Gelb-Wei\u00df G\u00f6rlitz 09 e.V.","robots":{"index":"index","follow":"follow","max-snippet":"max-snippet:-1","max-image-preview":"max-image-preview:large","max-video-preview":"max-video-preview:-1"},"canonical":"https:\/\/www.nfv09.de\/home\/2023\/02\/10\/nfv09-erhaelt-stiftungskapital-aus-der-dixie-doerner-stiftung-2\/","og_locale":"de_DE","og_type":"article","og_title":"NFV09 erh\u00e4lt Stiftungskapital aus der \"Dixie-D\u00f6rner-Stiftung\" - NFV Gelb-Wei\u00df G\u00f6rlitz 09 e.V.","og_description":"&nbsp;&nbsp;&nbsp;&nbsp;&nbsp;&nbsp;&nbsp;&nbsp;&nbsp;&nbsp;&nbsp;&nbsp;&nbsp;&nbsp;&nbsp;&nbsp;&nbsp;&nbsp;&nbsp;&nbsp;&nbsp;&nbsp;&nbsp;&nbsp;&nbsp;&nbsp;&nbsp;&nbsp;&nbsp;&nbsp;&nbsp;&nbsp;&nbsp;&nbsp;&nbsp;&nbsp;&nbsp;&nbsp;&nbsp;&nbsp;&nbsp;&nbsp;&nbsp;&nbsp;&nbsp;&nbsp;&nbsp;&nbsp;&nbsp;&nbsp;&nbsp;&nbsp;&nbsp;&nbsp;&nbsp;&nbsp;&nbsp;&nbsp;&nbsp;&nbsp;&nbsp;&nbsp;&nbsp;&nbsp;&nbsp;&nbsp;&nbsp;&nbsp;&nbsp;&nbsp;&nbsp;&nbsp;&nbsp;&nbsp;&nbsp;&nbsp;&nbsp;&nbsp;&nbsp;&nbsp;&nbsp;&nbsp;&nbsp;&nbsp;&nbsp;&nbsp;&nbsp;&nbsp;&nbsp;&nbsp;&nbsp;&nbsp;&nbsp;&nbsp;&nbsp;&nbsp;&nbsp;&nbsp;&nbsp;&nbsp;&nbsp;&nbsp;&nbsp;&nbsp;&nbsp;&nbsp;&nbsp;&nbsp;&nbsp;&nbsp;&nbsp;&nbsp;&nbsp;&nbsp;&nbsp;&nbsp;&nbsp;&nbsp; 08.02.2023 Pressemitteilung des NFV Gelb-Wei\u00df G\u00f6rlitz 09 e.V. Dem NFV Gelb-Wei\u00df G\u00f6rlitz wurde eine hohe Ehre zuteil. Durch den Stiftungsrat der \u201eDixie-D\u00f6rner-Stiftung\u201c wurde im Januar beschlossen, erstmals Stiftungskapital auszusch\u00fctten. Damit wurden zwei Vereine geehrt, die mit Dixie D\u00f6rner in einer besonderen Beziehung stehen. Je 2000 Euro erhielten f\u00fcr ihre Jugendarbeit der Niederschlesische Fussballverein Gelb-Weiss [&hellip;]","og_url":"https:\/\/www.nfv09.de\/home\/2023\/02\/10\/nfv09-erhaelt-stiftungskapital-aus-der-dixie-doerner-stiftung-2\/","og_site_name":"NFV Gelb-Wei\u00df G\u00f6rlitz 09 e.V.","article_published_time":"2023-02-10T13:53:00+00:00","article_modified_time":"2023-05-24T12:41:06+00:00","og_image":[{"width":2560,"height":1707,"url":"https:\/\/www.nfv09.de\/home\/wp-content\/uploads\/2023\/02\/bild3-dynamo-scaled.jpg","type":"image\/jpeg"}],"author":"Sportfrei","twitter_card":"summary_large_image","twitter_misc":{"Verfasst von":"Sportfrei","Gesch\u00e4tzte Lesezeit":"2\u00a0Minuten"},"schema":{"@context":"https:\/\/schema.org","@graph":[{"@type":"Article","@id":"https:\/\/www.nfv09.de\/home\/2023\/02\/10\/nfv09-erhaelt-stiftungskapital-aus-der-dixie-doerner-stiftung-2\/#article","isPartOf":{"@id":"https:\/\/www.nfv09.de\/home\/2023\/02\/10\/nfv09-erhaelt-stiftungskapital-aus-der-dixie-doerner-stiftung-2\/"},"author":{"name":"Sportfrei","@id":"https:\/\/www.nfv09.de\/home\/#\/schema\/person\/12221cb95508cd116641fb36225d6af4"},"headline":"NFV09 erh\u00e4lt Stiftungskapital aus der &#8222;Dixie-D\u00f6rner-Stiftung&#8220;","datePublished":"2023-02-10T13:53:00+00:00","dateModified":"2023-05-24T12:41:06+00:00","mainEntityOfPage":{"@id":"https:\/\/www.nfv09.de\/home\/2023\/02\/10\/nfv09-erhaelt-stiftungskapital-aus-der-dixie-doerner-stiftung-2\/"},"wordCount":371,"commentCount":0,"publisher":{"@id":"https:\/\/www.nfv09.de\/home\/#\/schema\/person\/ed693ed28e6e4b3f80b32447b2b6cbc7"},"image":{"@id":"https:\/\/www.nfv09.de\/home\/2023\/02\/10\/nfv09-erhaelt-stiftungskapital-aus-der-dixie-doerner-stiftung-2\/#primaryimage"},"thumbnailUrl":"https:\/\/www.nfv09.de\/home\/wp-content\/uploads\/2023\/02\/bild3-dynamo-scaled.jpg","articleSection":["Presse","Verein"],"inLanguage":"de","potentialAction":[{"@type":"CommentAction","name":"Comment","target":["https:\/\/www.nfv09.de\/home\/2023\/02\/10\/nfv09-erhaelt-stiftungskapital-aus-der-dixie-doerner-stiftung-2\/#respond"]}]},{"@type":"WebPage","@id":"https:\/\/www.nfv09.de\/home\/2023\/02\/10\/nfv09-erhaelt-stiftungskapital-aus-der-dixie-doerner-stiftung-2\/","url":"https:\/\/www.nfv09.de\/home\/2023\/02\/10\/nfv09-erhaelt-stiftungskapital-aus-der-dixie-doerner-stiftung-2\/","name":"NFV09 erh\u00e4lt Stiftungskapital aus der \"Dixie-D\u00f6rner-Stiftung\" - NFV Gelb-Wei\u00df G\u00f6rlitz 09 e.V.","isPartOf":{"@id":"https:\/\/www.nfv09.de\/home\/#website"},"primaryImageOfPage":{"@id":"https:\/\/www.nfv09.de\/home\/2023\/02\/10\/nfv09-erhaelt-stiftungskapital-aus-der-dixie-doerner-stiftung-2\/#primaryimage"},"image":{"@id":"https:\/\/www.nfv09.de\/home\/2023\/02\/10\/nfv09-erhaelt-stiftungskapital-aus-der-dixie-doerner-stiftung-2\/#primaryimage"},"thumbnailUrl":"https:\/\/www.nfv09.de\/home\/wp-content\/uploads\/2023\/02\/bild3-dynamo-scaled.jpg","datePublished":"2023-02-10T13:53:00+00:00","dateModified":"2023-05-24T12:41:06+00:00","breadcrumb":{"@id":"https:\/\/www.nfv09.de\/home\/2023\/02\/10\/nfv09-erhaelt-stiftungskapital-aus-der-dixie-doerner-stiftung-2\/#breadcrumb"},"inLanguage":"de","potentialAction":[{"@type":"ReadAction","target":["https:\/\/www.nfv09.de\/home\/2023\/02\/10\/nfv09-erhaelt-stiftungskapital-aus-der-dixie-doerner-stiftung-2\/"]}]},{"@type":"ImageObject","inLanguage":"de","@id":"https:\/\/www.nfv09.de\/home\/2023\/02\/10\/nfv09-erhaelt-stiftungskapital-aus-der-dixie-doerner-stiftung-2\/#primaryimage","url":"https:\/\/www.nfv09.de\/home\/wp-content\/uploads\/2023\/02\/bild3-dynamo-scaled.jpg","contentUrl":"https:\/\/www.nfv09.de\/home\/wp-content\/uploads\/2023\/02\/bild3-dynamo-scaled.jpg","width":2560,"height":1707,"caption":"Die Dixie-D\u00f6rner-Stiftung (vertreten durch Gesch\u00e4ftsf\u00fchrer J\u00fcrgen Wehlend, Thomas Bl\u00fcmel, Sohn Steffen D\u00f6rner und Lebensgef\u00e4hrtin Anett Ha\u00dfpacher) \u00fcbergibt die ersten Schecks an die beg\u00fcnstigten Vereine Einheit Dresden Mitte und Gelb-Wei\u00df G\u00f6rlitz; SG Dynamo Dresden - Hallescher FC; Fu\u00dfball; 3. Liga; Saison 2022\/2023; 21. Spieltag; Rudolf-Harbig-Stadion; Dresden; 04. Februar 2023; Foto: Dennis Hetzschold"},{"@type":"BreadcrumbList","@id":"https:\/\/www.nfv09.de\/home\/2023\/02\/10\/nfv09-erhaelt-stiftungskapital-aus-der-dixie-doerner-stiftung-2\/#breadcrumb","itemListElement":[{"@type":"ListItem","position":1,"name":"Startseite","item":"https:\/\/www.nfv09.de\/home\/"},{"@type":"ListItem","position":2,"name":"NFV09 erh\u00e4lt Stiftungskapital aus der &#8220;Dixie-D\u00f6rner-Stiftung&#8221;"}]},{"@type":"WebSite","@id":"https:\/\/www.nfv09.de\/home\/#website","url":"https:\/\/www.nfv09.de\/home\/","name":"NFV Gelb-Wei\u00df G\u00f6rlitz 09 e.V.","description":"Sachsenklasse Ost","publisher":{"@id":"https:\/\/www.nfv09.de\/home\/#\/schema\/person\/ed693ed28e6e4b3f80b32447b2b6cbc7"},"potentialAction":[{"@type":"SearchAction","target":{"@type":"EntryPoint","urlTemplate":"https:\/\/www.nfv09.de\/home\/?s={search_term_string}"},"query-input":{"@type":"PropertyValueSpecification","valueRequired":true,"valueName":"search_term_string"}}],"inLanguage":"de"},{"@type":["Person","Organization"],"@id":"https:\/\/www.nfv09.de\/home\/#\/schema\/person\/ed693ed28e6e4b3f80b32447b2b6cbc7","name":"Regassi","image":{"@type":"ImageObject","inLanguage":"de","@id":"https:\/\/www.nfv09.de\/home\/wp-content\/uploads\/2015\/04\/cropped-nfv-gelb-weiss-goerlitz-e1468573113314-1.gif","url":"https:\/\/www.nfv09.de\/home\/wp-content\/uploads\/2015\/04\/cropped-nfv-gelb-weiss-goerlitz-e1468573113314-1.gif","contentUrl":"https:\/\/www.nfv09.de\/home\/wp-content\/uploads\/2015\/04\/cropped-nfv-gelb-weiss-goerlitz-e1468573113314-1.gif","width":100,"height":122,"caption":"Regassi"},"logo":{"@id":"https:\/\/www.nfv09.de\/home\/wp-content\/uploads\/2015\/04\/cropped-nfv-gelb-weiss-goerlitz-e1468573113314-1.gif"}},{"@type":"Person","@id":"https:\/\/www.nfv09.de\/home\/#\/schema\/person\/12221cb95508cd116641fb36225d6af4","name":"Sportfrei","image":{"@type":"ImageObject","inLanguage":"de","@id":"https:\/\/secure.gravatar.com\/avatar\/c6ad063aa86ff33dbc32a5d68feee5556c3c8e1e6b0c1103364264bd3f67c65b?s=96&d=mm&r=g","url":"https:\/\/secure.gravatar.com\/avatar\/c6ad063aa86ff33dbc32a5d68feee5556c3c8e1e6b0c1103364264bd3f67c65b?s=96&d=mm&r=g","contentUrl":"https:\/\/secure.gravatar.com\/avatar\/c6ad063aa86ff33dbc32a5d68feee5556c3c8e1e6b0c1103364264bd3f67c65b?s=96&d=mm&r=g","caption":"Sportfrei"},"url":"https:\/\/www.nfv09.de\/home\/author\/sportfrei\/"}]}},"_links":{"self":[{"href":"https:\/\/www.nfv09.de\/home\/wp-json\/wp\/v2\/posts\/4040","targetHints":{"allow":["GET"]}}],"collection":[{"href":"https:\/\/www.nfv09.de\/home\/wp-json\/wp\/v2\/posts"}],"about":[{"href":"https:\/\/www.nfv09.de\/home\/wp-json\/wp\/v2\/types\/post"}],"author":[{"embeddable":true,"href":"https:\/\/www.nfv09.de\/home\/wp-json\/wp\/v2\/users\/17"}],"replies":[{"embeddable":true,"href":"https:\/\/www.nfv09.de\/home\/wp-json\/wp\/v2\/comments?post=4040"}],"version-history":[{"count":2,"href":"https:\/\/www.nfv09.de\/home\/wp-json\/wp\/v2\/posts\/4040\/revisions"}],"predecessor-version":[{"id":4167,"href":"https:\/\/www.nfv09.de\/home\/wp-json\/wp\/v2\/posts\/4040\/revisions\/4167"}],"wp:featuredmedia":[{"embeddable":true,"href":"https:\/\/www.nfv09.de\/home\/wp-json\/wp\/v2\/media\/4027"}],"wp:attachment":[{"href":"https:\/\/www.nfv09.de\/home\/wp-json\/wp\/v2\/media?parent=4040"}],"wp:term":[{"taxonomy":"category","embeddable":true,"href":"https:\/\/www.nfv09.de\/home\/wp-json\/wp\/v2\/categories?post=4040"},{"taxonomy":"post_tag","embeddable":true,"href":"https:\/\/www.nfv09.de\/home\/wp-json\/wp\/v2\/tags?post=4040"}],"curies":[{"name":"wp","href":"https:\/\/api.w.org\/{rel}","templated":true}]}}