{"id":3869,"date":"2022-11-09T06:00:00","date_gmt":"2022-11-09T05:00:00","guid":{"rendered":"https:\/\/www.nfv09.de\/home\/2022\/09\/07\/projekt_a-kooperation_gegen_den_trend_2022-09-07-2\/"},"modified":"2022-11-08T16:28:24","modified_gmt":"2022-11-08T15:28:24","slug":"mitgliederversammlung_2022","status":"publish","type":"post","link":"https:\/\/www.nfv09.de\/home\/2022\/11\/09\/mitgliederversammlung_2022\/","title":{"rendered":"Mitgliederversammlung\u00a0"},"content":{"rendered":"\n<p><strong>Einladung zur Mitgliederversammlung des NFV Gelb-Wei\u00df G\u00f6rlitz 09 e.V.<\/strong><\/p>\n\n\n\n<p><br>Der Vorstand des NFV Gelb-Wei\u00df G\u00f6rlitz 09 e.V. l\u00e4dt hiermit alle Mitglieder entsprechend \u00a7 14 der Vereinssatzung ein zur<br>Ordentlichen Mitgliederversammlung am Freitag, 2.12.2022 um 18:00 Uhr in der Vereinsbaracke auf dem Sportplatz \u201eJunge Welt\u201c.<br>Laut \u00a7 14, Absatz (4) der Satzung sind alle Mitglieder berechtigt, bis 2 Wochen vor dem Termin der Mitgliederversammlung schriftlich Antr\u00e4ge zur Tagesordnung mit Begr\u00fcndung beim Vorstand einzureichen.<\/p>\n\n\n\n<p><em>G\u00f6rlitz, 09.11.2022<\/em><br>Vorstand<\/p>\n","protected":false},"excerpt":{"rendered":"<p>Einladung zur Mitgliederversammlung des NFV Gelb-Wei\u00df G\u00f6rlitz 09 e.V. Der Vorstand des NFV Gelb-Wei\u00df G\u00f6rlitz 09 e.V. l\u00e4dt hiermit alle Mitglieder entsprechend \u00a7 14 der Vereinssatzung ein zurOrdentlichen Mitgliederversammlung am Freitag, 2.12.2022 um 18:00 Uhr in der Vereinsbaracke auf dem Sportplatz \u201eJunge Welt\u201c.Laut \u00a7 14, Absatz (4) der Satzung sind alle Mitglieder berechtigt, bis 2 [&hellip;]<\/p>\n","protected":false},"author":1,"featured_media":2980,"comment_status":"closed","ping_status":"closed","sticky":false,"template":"","format":"standard","meta":{"footnotes":""},"categories":[85,138],"tags":[94,104,113,92,160],"class_list":["post-3869","post","type-post","status-publish","format-standard","has-post-thumbnail","hentry","category-verein","category-information_des_vorstands","tag-gelb-weiss-goerlitz","tag-junge-welt","tag-mitgliederversammlung","tag-nfv09","tag-vereinsarbeit"],"yoast_head":"<!-- This site is optimized with the Yoast SEO plugin v27.5 - https:\/\/yoast.com\/product\/yoast-seo-wordpress\/ -->\n<title>Mitgliederversammlung\u00a0 - NFV Gelb-Wei\u00df G\u00f6rlitz 09 e.V.<\/title>\n<meta name=\"robots\" content=\"index, follow, max-snippet:-1, max-image-preview:large, max-video-preview:-1\" \/>\n<link rel=\"canonical\" href=\"https:\/\/www.nfv09.de\/home\/2022\/11\/09\/mitgliederversammlung_2022\/\" \/>\n<meta property=\"og:locale\" content=\"de_DE\" \/>\n<meta property=\"og:type\" content=\"article\" \/>\n<meta property=\"og:title\" content=\"Mitgliederversammlung\u00a0 - NFV Gelb-Wei\u00df G\u00f6rlitz 09 e.V.\" \/>\n<meta property=\"og:description\" content=\"Einladung zur Mitgliederversammlung des NFV Gelb-Wei\u00df G\u00f6rlitz 09 e.V. Der Vorstand des NFV Gelb-Wei\u00df G\u00f6rlitz 09 e.V. l\u00e4dt hiermit alle Mitglieder entsprechend \u00a7 14 der Vereinssatzung ein zurOrdentlichen Mitgliederversammlung am Freitag, 2.12.2022 um 18:00 Uhr in der Vereinsbaracke auf dem Sportplatz \u201eJunge Welt\u201c.Laut \u00a7 14, Absatz (4) der Satzung sind alle Mitglieder berechtigt, bis 2 [&hellip;]\" \/>\n<meta property=\"og:url\" content=\"https:\/\/www.nfv09.de\/home\/2022\/11\/09\/mitgliederversammlung_2022\/\" \/>\n<meta property=\"og:site_name\" content=\"NFV Gelb-Wei\u00df G\u00f6rlitz 09 e.V.\" \/>\n<meta property=\"article:published_time\" content=\"2022-11-09T05:00:00+00:00\" \/>\n<meta property=\"og:image\" content=\"https:\/\/www.nfv09.de\/home\/wp-content\/uploads\/2021\/05\/der_vorstand_informiert.jpg\" \/>\n\t<meta property=\"og:image:width\" content=\"1920\" \/>\n\t<meta property=\"og:image:height\" content=\"828\" \/>\n\t<meta property=\"og:image:type\" content=\"image\/jpeg\" \/>\n<meta name=\"author\" content=\"nfv09\" \/>\n<meta name=\"twitter:card\" content=\"summary_large_image\" \/>\n<meta name=\"twitter:label1\" content=\"Verfasst von\" \/>\n\t<meta name=\"twitter:data1\" content=\"nfv09\" \/>\n\t<meta name=\"twitter:label2\" content=\"Gesch\u00e4tzte Lesezeit\" \/>\n\t<meta name=\"twitter:data2\" content=\"1\u00a0Minute\" \/>\n<script type=\"application\/ld+json\" class=\"yoast-schema-graph\">{\"@context\":\"https:\\\/\\\/schema.org\",\"@graph\":[{\"@type\":\"Article\",\"@id\":\"https:\\\/\\\/www.nfv09.de\\\/home\\\/2022\\\/11\\\/09\\\/mitgliederversammlung_2022\\\/#article\",\"isPartOf\":{\"@id\":\"https:\\\/\\\/www.nfv09.de\\\/home\\\/2022\\\/11\\\/09\\\/mitgliederversammlung_2022\\\/\"},\"author\":{\"name\":\"nfv09\",\"@id\":\"https:\\\/\\\/www.nfv09.de\\\/home\\\/#\\\/schema\\\/person\\\/b863b38e8d72961293b5cb8741c63f23\"},\"headline\":\"Mitgliederversammlung\u00a0\",\"datePublished\":\"2022-11-09T05:00:00+00:00\",\"mainEntityOfPage\":{\"@id\":\"https:\\\/\\\/www.nfv09.de\\\/home\\\/2022\\\/11\\\/09\\\/mitgliederversammlung_2022\\\/\"},\"wordCount\":72,\"publisher\":{\"@id\":\"https:\\\/\\\/www.nfv09.de\\\/home\\\/#\\\/schema\\\/person\\\/ed693ed28e6e4b3f80b32447b2b6cbc7\"},\"image\":{\"@id\":\"https:\\\/\\\/www.nfv09.de\\\/home\\\/2022\\\/11\\\/09\\\/mitgliederversammlung_2022\\\/#primaryimage\"},\"thumbnailUrl\":\"https:\\\/\\\/www.nfv09.de\\\/home\\\/wp-content\\\/uploads\\\/2021\\\/05\\\/der_vorstand_informiert.jpg\",\"keywords\":[\"Gelb-Wei\u00df G\u00f6rlitz\",\"Junge Welt\",\"Mitgliederversammlung\",\"NFV09\",\"Vereinsarbeit\"],\"articleSection\":[\"Verein\",\"Vorstand\"],\"inLanguage\":\"de\"},{\"@type\":\"WebPage\",\"@id\":\"https:\\\/\\\/www.nfv09.de\\\/home\\\/2022\\\/11\\\/09\\\/mitgliederversammlung_2022\\\/\",\"url\":\"https:\\\/\\\/www.nfv09.de\\\/home\\\/2022\\\/11\\\/09\\\/mitgliederversammlung_2022\\\/\",\"name\":\"Mitgliederversammlung\u00a0 - NFV Gelb-Wei\u00df G\u00f6rlitz 09 e.V.\",\"isPartOf\":{\"@id\":\"https:\\\/\\\/www.nfv09.de\\\/home\\\/#website\"},\"primaryImageOfPage\":{\"@id\":\"https:\\\/\\\/www.nfv09.de\\\/home\\\/2022\\\/11\\\/09\\\/mitgliederversammlung_2022\\\/#primaryimage\"},\"image\":{\"@id\":\"https:\\\/\\\/www.nfv09.de\\\/home\\\/2022\\\/11\\\/09\\\/mitgliederversammlung_2022\\\/#primaryimage\"},\"thumbnailUrl\":\"https:\\\/\\\/www.nfv09.de\\\/home\\\/wp-content\\\/uploads\\\/2021\\\/05\\\/der_vorstand_informiert.jpg\",\"datePublished\":\"2022-11-09T05:00:00+00:00\",\"breadcrumb\":{\"@id\":\"https:\\\/\\\/www.nfv09.de\\\/home\\\/2022\\\/11\\\/09\\\/mitgliederversammlung_2022\\\/#breadcrumb\"},\"inLanguage\":\"de\",\"potentialAction\":[{\"@type\":\"ReadAction\",\"target\":[\"https:\\\/\\\/www.nfv09.de\\\/home\\\/2022\\\/11\\\/09\\\/mitgliederversammlung_2022\\\/\"]}]},{\"@type\":\"ImageObject\",\"inLanguage\":\"de\",\"@id\":\"https:\\\/\\\/www.nfv09.de\\\/home\\\/2022\\\/11\\\/09\\\/mitgliederversammlung_2022\\\/#primaryimage\",\"url\":\"https:\\\/\\\/www.nfv09.de\\\/home\\\/wp-content\\\/uploads\\\/2021\\\/05\\\/der_vorstand_informiert.jpg\",\"contentUrl\":\"https:\\\/\\\/www.nfv09.de\\\/home\\\/wp-content\\\/uploads\\\/2021\\\/05\\\/der_vorstand_informiert.jpg\",\"width\":1920,\"height\":828},{\"@type\":\"BreadcrumbList\",\"@id\":\"https:\\\/\\\/www.nfv09.de\\\/home\\\/2022\\\/11\\\/09\\\/mitgliederversammlung_2022\\\/#breadcrumb\",\"itemListElement\":[{\"@type\":\"ListItem\",\"position\":1,\"name\":\"Startseite\",\"item\":\"https:\\\/\\\/www.nfv09.de\\\/home\\\/\"},{\"@type\":\"ListItem\",\"position\":2,\"name\":\"Mitgliederversammlung\u00a0\"}]},{\"@type\":\"WebSite\",\"@id\":\"https:\\\/\\\/www.nfv09.de\\\/home\\\/#website\",\"url\":\"https:\\\/\\\/www.nfv09.de\\\/home\\\/\",\"name\":\"NFV Gelb-Wei\u00df G\u00f6rlitz 09 e.V.\",\"description\":\"Sachsenklasse Ost\",\"publisher\":{\"@id\":\"https:\\\/\\\/www.nfv09.de\\\/home\\\/#\\\/schema\\\/person\\\/ed693ed28e6e4b3f80b32447b2b6cbc7\"},\"potentialAction\":[{\"@type\":\"SearchAction\",\"target\":{\"@type\":\"EntryPoint\",\"urlTemplate\":\"https:\\\/\\\/www.nfv09.de\\\/home\\\/?s={search_term_string}\"},\"query-input\":{\"@type\":\"PropertyValueSpecification\",\"valueRequired\":true,\"valueName\":\"search_term_string\"}}],\"inLanguage\":\"de\"},{\"@type\":[\"Person\",\"Organization\"],\"@id\":\"https:\\\/\\\/www.nfv09.de\\\/home\\\/#\\\/schema\\\/person\\\/ed693ed28e6e4b3f80b32447b2b6cbc7\",\"name\":\"Regassi\",\"image\":{\"@type\":\"ImageObject\",\"inLanguage\":\"de\",\"@id\":\"https:\\\/\\\/www.nfv09.de\\\/home\\\/wp-content\\\/uploads\\\/2015\\\/04\\\/cropped-nfv-gelb-weiss-goerlitz-e1468573113314-1.gif\",\"url\":\"https:\\\/\\\/www.nfv09.de\\\/home\\\/wp-content\\\/uploads\\\/2015\\\/04\\\/cropped-nfv-gelb-weiss-goerlitz-e1468573113314-1.gif\",\"contentUrl\":\"https:\\\/\\\/www.nfv09.de\\\/home\\\/wp-content\\\/uploads\\\/2015\\\/04\\\/cropped-nfv-gelb-weiss-goerlitz-e1468573113314-1.gif\",\"width\":100,\"height\":122,\"caption\":\"Regassi\"},\"logo\":{\"@id\":\"https:\\\/\\\/www.nfv09.de\\\/home\\\/wp-content\\\/uploads\\\/2015\\\/04\\\/cropped-nfv-gelb-weiss-goerlitz-e1468573113314-1.gif\"}},{\"@type\":\"Person\",\"@id\":\"https:\\\/\\\/www.nfv09.de\\\/home\\\/#\\\/schema\\\/person\\\/b863b38e8d72961293b5cb8741c63f23\",\"name\":\"nfv09\",\"image\":{\"@type\":\"ImageObject\",\"inLanguage\":\"de\",\"@id\":\"https:\\\/\\\/secure.gravatar.com\\\/avatar\\\/7d94e77464b513659304af3dc292fd6ba3011545ddf76aa14e86246f1a30ac50?s=96&d=mm&r=g\",\"url\":\"https:\\\/\\\/secure.gravatar.com\\\/avatar\\\/7d94e77464b513659304af3dc292fd6ba3011545ddf76aa14e86246f1a30ac50?s=96&d=mm&r=g\",\"contentUrl\":\"https:\\\/\\\/secure.gravatar.com\\\/avatar\\\/7d94e77464b513659304af3dc292fd6ba3011545ddf76aa14e86246f1a30ac50?s=96&d=mm&r=g\",\"caption\":\"nfv09\"},\"url\":\"https:\\\/\\\/www.nfv09.de\\\/home\\\/author\\\/nfv09\\\/\"}]}<\/script>\n<!-- \/ Yoast SEO plugin. -->","yoast_head_json":{"title":"Mitgliederversammlung\u00a0 - NFV Gelb-Wei\u00df G\u00f6rlitz 09 e.V.","robots":{"index":"index","follow":"follow","max-snippet":"max-snippet:-1","max-image-preview":"max-image-preview:large","max-video-preview":"max-video-preview:-1"},"canonical":"https:\/\/www.nfv09.de\/home\/2022\/11\/09\/mitgliederversammlung_2022\/","og_locale":"de_DE","og_type":"article","og_title":"Mitgliederversammlung\u00a0 - NFV Gelb-Wei\u00df G\u00f6rlitz 09 e.V.","og_description":"Einladung zur Mitgliederversammlung des NFV Gelb-Wei\u00df G\u00f6rlitz 09 e.V. Der Vorstand des NFV Gelb-Wei\u00df G\u00f6rlitz 09 e.V. l\u00e4dt hiermit alle Mitglieder entsprechend \u00a7 14 der Vereinssatzung ein zurOrdentlichen Mitgliederversammlung am Freitag, 2.12.2022 um 18:00 Uhr in der Vereinsbaracke auf dem Sportplatz \u201eJunge Welt\u201c.Laut \u00a7 14, Absatz (4) der Satzung sind alle Mitglieder berechtigt, bis 2 [&hellip;]","og_url":"https:\/\/www.nfv09.de\/home\/2022\/11\/09\/mitgliederversammlung_2022\/","og_site_name":"NFV Gelb-Wei\u00df G\u00f6rlitz 09 e.V.","article_published_time":"2022-11-09T05:00:00+00:00","og_image":[{"width":1920,"height":828,"url":"https:\/\/www.nfv09.de\/home\/wp-content\/uploads\/2021\/05\/der_vorstand_informiert.jpg","type":"image\/jpeg"}],"author":"nfv09","twitter_card":"summary_large_image","twitter_misc":{"Verfasst von":"nfv09","Gesch\u00e4tzte Lesezeit":"1\u00a0Minute"},"schema":{"@context":"https:\/\/schema.org","@graph":[{"@type":"Article","@id":"https:\/\/www.nfv09.de\/home\/2022\/11\/09\/mitgliederversammlung_2022\/#article","isPartOf":{"@id":"https:\/\/www.nfv09.de\/home\/2022\/11\/09\/mitgliederversammlung_2022\/"},"author":{"name":"nfv09","@id":"https:\/\/www.nfv09.de\/home\/#\/schema\/person\/b863b38e8d72961293b5cb8741c63f23"},"headline":"Mitgliederversammlung\u00a0","datePublished":"2022-11-09T05:00:00+00:00","mainEntityOfPage":{"@id":"https:\/\/www.nfv09.de\/home\/2022\/11\/09\/mitgliederversammlung_2022\/"},"wordCount":72,"publisher":{"@id":"https:\/\/www.nfv09.de\/home\/#\/schema\/person\/ed693ed28e6e4b3f80b32447b2b6cbc7"},"image":{"@id":"https:\/\/www.nfv09.de\/home\/2022\/11\/09\/mitgliederversammlung_2022\/#primaryimage"},"thumbnailUrl":"https:\/\/www.nfv09.de\/home\/wp-content\/uploads\/2021\/05\/der_vorstand_informiert.jpg","keywords":["Gelb-Wei\u00df G\u00f6rlitz","Junge Welt","Mitgliederversammlung","NFV09","Vereinsarbeit"],"articleSection":["Verein","Vorstand"],"inLanguage":"de"},{"@type":"WebPage","@id":"https:\/\/www.nfv09.de\/home\/2022\/11\/09\/mitgliederversammlung_2022\/","url":"https:\/\/www.nfv09.de\/home\/2022\/11\/09\/mitgliederversammlung_2022\/","name":"Mitgliederversammlung\u00a0 - NFV Gelb-Wei\u00df G\u00f6rlitz 09 e.V.","isPartOf":{"@id":"https:\/\/www.nfv09.de\/home\/#website"},"primaryImageOfPage":{"@id":"https:\/\/www.nfv09.de\/home\/2022\/11\/09\/mitgliederversammlung_2022\/#primaryimage"},"image":{"@id":"https:\/\/www.nfv09.de\/home\/2022\/11\/09\/mitgliederversammlung_2022\/#primaryimage"},"thumbnailUrl":"https:\/\/www.nfv09.de\/home\/wp-content\/uploads\/2021\/05\/der_vorstand_informiert.jpg","datePublished":"2022-11-09T05:00:00+00:00","breadcrumb":{"@id":"https:\/\/www.nfv09.de\/home\/2022\/11\/09\/mitgliederversammlung_2022\/#breadcrumb"},"inLanguage":"de","potentialAction":[{"@type":"ReadAction","target":["https:\/\/www.nfv09.de\/home\/2022\/11\/09\/mitgliederversammlung_2022\/"]}]},{"@type":"ImageObject","inLanguage":"de","@id":"https:\/\/www.nfv09.de\/home\/2022\/11\/09\/mitgliederversammlung_2022\/#primaryimage","url":"https:\/\/www.nfv09.de\/home\/wp-content\/uploads\/2021\/05\/der_vorstand_informiert.jpg","contentUrl":"https:\/\/www.nfv09.de\/home\/wp-content\/uploads\/2021\/05\/der_vorstand_informiert.jpg","width":1920,"height":828},{"@type":"BreadcrumbList","@id":"https:\/\/www.nfv09.de\/home\/2022\/11\/09\/mitgliederversammlung_2022\/#breadcrumb","itemListElement":[{"@type":"ListItem","position":1,"name":"Startseite","item":"https:\/\/www.nfv09.de\/home\/"},{"@type":"ListItem","position":2,"name":"Mitgliederversammlung\u00a0"}]},{"@type":"WebSite","@id":"https:\/\/www.nfv09.de\/home\/#website","url":"https:\/\/www.nfv09.de\/home\/","name":"NFV Gelb-Wei\u00df G\u00f6rlitz 09 e.V.","description":"Sachsenklasse Ost","publisher":{"@id":"https:\/\/www.nfv09.de\/home\/#\/schema\/person\/ed693ed28e6e4b3f80b32447b2b6cbc7"},"potentialAction":[{"@type":"SearchAction","target":{"@type":"EntryPoint","urlTemplate":"https:\/\/www.nfv09.de\/home\/?s={search_term_string}"},"query-input":{"@type":"PropertyValueSpecification","valueRequired":true,"valueName":"search_term_string"}}],"inLanguage":"de"},{"@type":["Person","Organization"],"@id":"https:\/\/www.nfv09.de\/home\/#\/schema\/person\/ed693ed28e6e4b3f80b32447b2b6cbc7","name":"Regassi","image":{"@type":"ImageObject","inLanguage":"de","@id":"https:\/\/www.nfv09.de\/home\/wp-content\/uploads\/2015\/04\/cropped-nfv-gelb-weiss-goerlitz-e1468573113314-1.gif","url":"https:\/\/www.nfv09.de\/home\/wp-content\/uploads\/2015\/04\/cropped-nfv-gelb-weiss-goerlitz-e1468573113314-1.gif","contentUrl":"https:\/\/www.nfv09.de\/home\/wp-content\/uploads\/2015\/04\/cropped-nfv-gelb-weiss-goerlitz-e1468573113314-1.gif","width":100,"height":122,"caption":"Regassi"},"logo":{"@id":"https:\/\/www.nfv09.de\/home\/wp-content\/uploads\/2015\/04\/cropped-nfv-gelb-weiss-goerlitz-e1468573113314-1.gif"}},{"@type":"Person","@id":"https:\/\/www.nfv09.de\/home\/#\/schema\/person\/b863b38e8d72961293b5cb8741c63f23","name":"nfv09","image":{"@type":"ImageObject","inLanguage":"de","@id":"https:\/\/secure.gravatar.com\/avatar\/7d94e77464b513659304af3dc292fd6ba3011545ddf76aa14e86246f1a30ac50?s=96&d=mm&r=g","url":"https:\/\/secure.gravatar.com\/avatar\/7d94e77464b513659304af3dc292fd6ba3011545ddf76aa14e86246f1a30ac50?s=96&d=mm&r=g","contentUrl":"https:\/\/secure.gravatar.com\/avatar\/7d94e77464b513659304af3dc292fd6ba3011545ddf76aa14e86246f1a30ac50?s=96&d=mm&r=g","caption":"nfv09"},"url":"https:\/\/www.nfv09.de\/home\/author\/nfv09\/"}]}},"_links":{"self":[{"href":"https:\/\/www.nfv09.de\/home\/wp-json\/wp\/v2\/posts\/3869","targetHints":{"allow":["GET"]}}],"collection":[{"href":"https:\/\/www.nfv09.de\/home\/wp-json\/wp\/v2\/posts"}],"about":[{"href":"https:\/\/www.nfv09.de\/home\/wp-json\/wp\/v2\/types\/post"}],"author":[{"embeddable":true,"href":"https:\/\/www.nfv09.de\/home\/wp-json\/wp\/v2\/users\/1"}],"replies":[{"embeddable":true,"href":"https:\/\/www.nfv09.de\/home\/wp-json\/wp\/v2\/comments?post=3869"}],"version-history":[{"count":1,"href":"https:\/\/www.nfv09.de\/home\/wp-json\/wp\/v2\/posts\/3869\/revisions"}],"predecessor-version":[{"id":3871,"href":"https:\/\/www.nfv09.de\/home\/wp-json\/wp\/v2\/posts\/3869\/revisions\/3871"}],"wp:featuredmedia":[{"embeddable":true,"href":"https:\/\/www.nfv09.de\/home\/wp-json\/wp\/v2\/media\/2980"}],"wp:attachment":[{"href":"https:\/\/www.nfv09.de\/home\/wp-json\/wp\/v2\/media?parent=3869"}],"wp:term":[{"taxonomy":"category","embeddable":true,"href":"https:\/\/www.nfv09.de\/home\/wp-json\/wp\/v2\/categories?post=3869"},{"taxonomy":"post_tag","embeddable":true,"href":"https:\/\/www.nfv09.de\/home\/wp-json\/wp\/v2\/tags?post=3869"}],"curies":[{"name":"wp","href":"https:\/\/api.w.org\/{rel}","templated":true}]}}