{"id":3399,"date":"2021-11-19T10:00:00","date_gmt":"2021-11-19T09:00:00","guid":{"rendered":"http:\/\/www.nfv09.de\/home\/2021\/11\/16\/unterbrechung_spielbetrieb_2021-11-162-2\/"},"modified":"2021-11-23T08:10:46","modified_gmt":"2021-11-23T07:10:46","slug":"unterbrechung_spielbetrieb_2021-11-162-2","status":"publish","type":"post","link":"https:\/\/www.nfv09.de\/home\/2021\/11\/19\/unterbrechung_spielbetrieb_2021-11-162-2\/","title":{"rendered":"Trauer um Horst Jank"},"content":{"rendered":"\n<p><strong>Nachruf <\/strong><\/p>\n\n\n\n<p>Der Fu\u00dfball elektrisierte Horst Jank!<\/p>\n\n\n\n<p>Er war&nbsp;schon zu Lebzeiten eine hochgesch\u00e4tzte Legende und von seinen Fu\u00dfballjungs verehrt.<\/p>\n\n\n\n<p>&#8222;Ich habe bei den Spielen meiner kleinen Kicker geschwitzt und getr\u00e4umt, mitgefiebert, war entt\u00e4uscht&nbsp;und begeistert, als aber die d\u00fcnnen Beinchen aus den viel zu gro\u00dfen Hosen ragten und \u00fcber&nbsp;den&nbsp;Rasen schwebten, war ich der begeisterte \u00dcbungsleiter.&#8220;<\/p>\n\n\n\n<p>So hat er sich selbst einmal als engagierter Trainer an der Seitenlinie beschrieben.<\/p>\n\n\n\n<p>1947&nbsp;hat Horst seine aktive Zeit&nbsp;als Tormann begonnen, war Pr\u00e4sident&nbsp;des G\u00f6rlitzer Fu\u00dfballverbandes und&nbsp;Vereins- und Vorstandsmitglied des NFV Gelb Wei\u00df G\u00f6rlitz 09&nbsp;und&nbsp;hatdamit&nbsp;fast 75 Jahre Fu\u00dfballgeschichte geschrieben.&nbsp;<\/p>\n\n\n\n<p>Auf seiner Brust hatten wohl die vielen Auszeichnungen und Ehrungen von h\u00f6chster Stelle und der Stadt G\u00f6rlitz kaum Platz, jedoch die strahlenden Kinderaugen nach einem Sieg seiner Jungs war ihm Lob genug.&nbsp;<\/p>\n\n\n\n<p>Und wenn dann noch Vereinsnachwuchs weiter bei Dynamo Dresden ausgebildet&nbsp;wurde und Jens Jeremies f\u00fcr Bayern M\u00fcnchen&nbsp;und die deutsche Nationalmannschaft Erfolge feierte,&nbsp;war sein Fu\u00dfballgl\u00fcck vollkommen.<\/p>\n\n\n\n<p>Ein Diamant am G\u00f6rlitzer Fu\u00dfballhimmel&nbsp;hat uns verlassen.<\/p>\n\n\n\n<p>Danke Horst!<\/p>\n\n\n\n<p>Vorstand und Pr\u00e4sidium des NFV Gelb-Wei\u00df G\u00f6rlitz 09<\/p>\n","protected":false},"excerpt":{"rendered":"<p>Nachruf Der Fu\u00dfball elektrisierte Horst Jank! Er war&nbsp;schon zu Lebzeiten eine hochgesch\u00e4tzte Legende und von seinen Fu\u00dfballjungs verehrt. &#8222;Ich habe bei den Spielen meiner kleinen Kicker geschwitzt und getr\u00e4umt, mitgefiebert, war entt\u00e4uscht&nbsp;und begeistert, als aber die d\u00fcnnen Beinchen aus den viel zu gro\u00dfen Hosen ragten und \u00fcber&nbsp;den&nbsp;Rasen schwebten, war ich der begeisterte \u00dcbungsleiter.&#8220; So hat [&hellip;]<\/p>\n","protected":false},"author":1,"featured_media":2627,"comment_status":"closed","ping_status":"closed","sticky":false,"template":"","format":"standard","meta":{"footnotes":""},"categories":[85,138],"tags":[94,143,92],"class_list":["post-3399","post","type-post","status-publish","format-standard","has-post-thumbnail","hentry","category-verein","category-information_des_vorstands","tag-gelb-weiss-goerlitz","tag-horst-jank","tag-nfv09"],"yoast_head":"<!-- This site is optimized with the Yoast SEO plugin v27.5 - https:\/\/yoast.com\/product\/yoast-seo-wordpress\/ -->\n<title>Trauer um Horst Jank - NFV Gelb-Wei\u00df G\u00f6rlitz 09 e.V.<\/title>\n<meta name=\"robots\" content=\"index, follow, max-snippet:-1, max-image-preview:large, max-video-preview:-1\" \/>\n<link rel=\"canonical\" href=\"https:\/\/www.nfv09.de\/home\/2021\/11\/19\/unterbrechung_spielbetrieb_2021-11-162-2\/\" \/>\n<meta property=\"og:locale\" content=\"de_DE\" \/>\n<meta property=\"og:type\" content=\"article\" \/>\n<meta property=\"og:title\" content=\"Trauer um Horst Jank - NFV Gelb-Wei\u00df G\u00f6rlitz 09 e.V.\" \/>\n<meta property=\"og:description\" content=\"Nachruf Der Fu\u00dfball elektrisierte Horst Jank! Er war&nbsp;schon zu Lebzeiten eine hochgesch\u00e4tzte Legende und von seinen Fu\u00dfballjungs verehrt. &#8222;Ich habe bei den Spielen meiner kleinen Kicker geschwitzt und getr\u00e4umt, mitgefiebert, war entt\u00e4uscht&nbsp;und begeistert, als aber die d\u00fcnnen Beinchen aus den viel zu gro\u00dfen Hosen ragten und \u00fcber&nbsp;den&nbsp;Rasen schwebten, war ich der begeisterte \u00dcbungsleiter.&#8220; So hat [&hellip;]\" \/>\n<meta property=\"og:url\" content=\"https:\/\/www.nfv09.de\/home\/2021\/11\/19\/unterbrechung_spielbetrieb_2021-11-162-2\/\" \/>\n<meta property=\"og:site_name\" content=\"NFV Gelb-Wei\u00df G\u00f6rlitz 09 e.V.\" \/>\n<meta property=\"article:published_time\" content=\"2021-11-19T09:00:00+00:00\" \/>\n<meta property=\"article:modified_time\" content=\"2021-11-23T07:10:46+00:00\" \/>\n<meta property=\"og:image\" content=\"https:\/\/www.nfv09.de\/home\/wp-content\/uploads\/2018\/10\/IMG_3997.jpg\" \/>\n\t<meta property=\"og:image:width\" content=\"4032\" \/>\n\t<meta property=\"og:image:height\" content=\"3024\" \/>\n\t<meta property=\"og:image:type\" content=\"image\/jpeg\" \/>\n<meta name=\"author\" content=\"nfv09\" \/>\n<meta name=\"twitter:card\" content=\"summary_large_image\" \/>\n<meta name=\"twitter:label1\" content=\"Verfasst von\" \/>\n\t<meta name=\"twitter:data1\" content=\"nfv09\" \/>\n\t<meta name=\"twitter:label2\" content=\"Gesch\u00e4tzte Lesezeit\" \/>\n\t<meta name=\"twitter:data2\" content=\"1\u00a0Minute\" \/>\n<script type=\"application\/ld+json\" class=\"yoast-schema-graph\">{\"@context\":\"https:\\\/\\\/schema.org\",\"@graph\":[{\"@type\":\"Article\",\"@id\":\"https:\\\/\\\/www.nfv09.de\\\/home\\\/2021\\\/11\\\/19\\\/unterbrechung_spielbetrieb_2021-11-162-2\\\/#article\",\"isPartOf\":{\"@id\":\"https:\\\/\\\/www.nfv09.de\\\/home\\\/2021\\\/11\\\/19\\\/unterbrechung_spielbetrieb_2021-11-162-2\\\/\"},\"author\":{\"name\":\"nfv09\",\"@id\":\"https:\\\/\\\/www.nfv09.de\\\/home\\\/#\\\/schema\\\/person\\\/b863b38e8d72961293b5cb8741c63f23\"},\"headline\":\"Trauer um Horst Jank\",\"datePublished\":\"2021-11-19T09:00:00+00:00\",\"dateModified\":\"2021-11-23T07:10:46+00:00\",\"mainEntityOfPage\":{\"@id\":\"https:\\\/\\\/www.nfv09.de\\\/home\\\/2021\\\/11\\\/19\\\/unterbrechung_spielbetrieb_2021-11-162-2\\\/\"},\"wordCount\":217,\"publisher\":{\"@id\":\"https:\\\/\\\/www.nfv09.de\\\/home\\\/#\\\/schema\\\/person\\\/ed693ed28e6e4b3f80b32447b2b6cbc7\"},\"image\":{\"@id\":\"https:\\\/\\\/www.nfv09.de\\\/home\\\/2021\\\/11\\\/19\\\/unterbrechung_spielbetrieb_2021-11-162-2\\\/#primaryimage\"},\"thumbnailUrl\":\"https:\\\/\\\/www.nfv09.de\\\/home\\\/wp-content\\\/uploads\\\/2018\\\/10\\\/IMG_3997.jpg\",\"keywords\":[\"Gelb-Wei\u00df G\u00f6rlitz\",\"Horst Jank\",\"NFV09\"],\"articleSection\":[\"Verein\",\"Vorstand\"],\"inLanguage\":\"de\"},{\"@type\":\"WebPage\",\"@id\":\"https:\\\/\\\/www.nfv09.de\\\/home\\\/2021\\\/11\\\/19\\\/unterbrechung_spielbetrieb_2021-11-162-2\\\/\",\"url\":\"https:\\\/\\\/www.nfv09.de\\\/home\\\/2021\\\/11\\\/19\\\/unterbrechung_spielbetrieb_2021-11-162-2\\\/\",\"name\":\"Trauer um Horst Jank - NFV Gelb-Wei\u00df G\u00f6rlitz 09 e.V.\",\"isPartOf\":{\"@id\":\"https:\\\/\\\/www.nfv09.de\\\/home\\\/#website\"},\"primaryImageOfPage\":{\"@id\":\"https:\\\/\\\/www.nfv09.de\\\/home\\\/2021\\\/11\\\/19\\\/unterbrechung_spielbetrieb_2021-11-162-2\\\/#primaryimage\"},\"image\":{\"@id\":\"https:\\\/\\\/www.nfv09.de\\\/home\\\/2021\\\/11\\\/19\\\/unterbrechung_spielbetrieb_2021-11-162-2\\\/#primaryimage\"},\"thumbnailUrl\":\"https:\\\/\\\/www.nfv09.de\\\/home\\\/wp-content\\\/uploads\\\/2018\\\/10\\\/IMG_3997.jpg\",\"datePublished\":\"2021-11-19T09:00:00+00:00\",\"dateModified\":\"2021-11-23T07:10:46+00:00\",\"breadcrumb\":{\"@id\":\"https:\\\/\\\/www.nfv09.de\\\/home\\\/2021\\\/11\\\/19\\\/unterbrechung_spielbetrieb_2021-11-162-2\\\/#breadcrumb\"},\"inLanguage\":\"de\",\"potentialAction\":[{\"@type\":\"ReadAction\",\"target\":[\"https:\\\/\\\/www.nfv09.de\\\/home\\\/2021\\\/11\\\/19\\\/unterbrechung_spielbetrieb_2021-11-162-2\\\/\"]}]},{\"@type\":\"ImageObject\",\"inLanguage\":\"de\",\"@id\":\"https:\\\/\\\/www.nfv09.de\\\/home\\\/2021\\\/11\\\/19\\\/unterbrechung_spielbetrieb_2021-11-162-2\\\/#primaryimage\",\"url\":\"https:\\\/\\\/www.nfv09.de\\\/home\\\/wp-content\\\/uploads\\\/2018\\\/10\\\/IMG_3997.jpg\",\"contentUrl\":\"https:\\\/\\\/www.nfv09.de\\\/home\\\/wp-content\\\/uploads\\\/2018\\\/10\\\/IMG_3997.jpg\",\"width\":4032,\"height\":3024},{\"@type\":\"BreadcrumbList\",\"@id\":\"https:\\\/\\\/www.nfv09.de\\\/home\\\/2021\\\/11\\\/19\\\/unterbrechung_spielbetrieb_2021-11-162-2\\\/#breadcrumb\",\"itemListElement\":[{\"@type\":\"ListItem\",\"position\":1,\"name\":\"Startseite\",\"item\":\"https:\\\/\\\/www.nfv09.de\\\/home\\\/\"},{\"@type\":\"ListItem\",\"position\":2,\"name\":\"Trauer um Horst Jank\"}]},{\"@type\":\"WebSite\",\"@id\":\"https:\\\/\\\/www.nfv09.de\\\/home\\\/#website\",\"url\":\"https:\\\/\\\/www.nfv09.de\\\/home\\\/\",\"name\":\"NFV Gelb-Wei\u00df G\u00f6rlitz 09 e.V.\",\"description\":\"Sachsenklasse Ost\",\"publisher\":{\"@id\":\"https:\\\/\\\/www.nfv09.de\\\/home\\\/#\\\/schema\\\/person\\\/ed693ed28e6e4b3f80b32447b2b6cbc7\"},\"potentialAction\":[{\"@type\":\"SearchAction\",\"target\":{\"@type\":\"EntryPoint\",\"urlTemplate\":\"https:\\\/\\\/www.nfv09.de\\\/home\\\/?s={search_term_string}\"},\"query-input\":{\"@type\":\"PropertyValueSpecification\",\"valueRequired\":true,\"valueName\":\"search_term_string\"}}],\"inLanguage\":\"de\"},{\"@type\":[\"Person\",\"Organization\"],\"@id\":\"https:\\\/\\\/www.nfv09.de\\\/home\\\/#\\\/schema\\\/person\\\/ed693ed28e6e4b3f80b32447b2b6cbc7\",\"name\":\"Regassi\",\"image\":{\"@type\":\"ImageObject\",\"inLanguage\":\"de\",\"@id\":\"https:\\\/\\\/www.nfv09.de\\\/home\\\/wp-content\\\/uploads\\\/2015\\\/04\\\/cropped-nfv-gelb-weiss-goerlitz-e1468573113314-1.gif\",\"url\":\"https:\\\/\\\/www.nfv09.de\\\/home\\\/wp-content\\\/uploads\\\/2015\\\/04\\\/cropped-nfv-gelb-weiss-goerlitz-e1468573113314-1.gif\",\"contentUrl\":\"https:\\\/\\\/www.nfv09.de\\\/home\\\/wp-content\\\/uploads\\\/2015\\\/04\\\/cropped-nfv-gelb-weiss-goerlitz-e1468573113314-1.gif\",\"width\":100,\"height\":122,\"caption\":\"Regassi\"},\"logo\":{\"@id\":\"https:\\\/\\\/www.nfv09.de\\\/home\\\/wp-content\\\/uploads\\\/2015\\\/04\\\/cropped-nfv-gelb-weiss-goerlitz-e1468573113314-1.gif\"}},{\"@type\":\"Person\",\"@id\":\"https:\\\/\\\/www.nfv09.de\\\/home\\\/#\\\/schema\\\/person\\\/b863b38e8d72961293b5cb8741c63f23\",\"name\":\"nfv09\",\"image\":{\"@type\":\"ImageObject\",\"inLanguage\":\"de\",\"@id\":\"https:\\\/\\\/secure.gravatar.com\\\/avatar\\\/7d94e77464b513659304af3dc292fd6ba3011545ddf76aa14e86246f1a30ac50?s=96&d=mm&r=g\",\"url\":\"https:\\\/\\\/secure.gravatar.com\\\/avatar\\\/7d94e77464b513659304af3dc292fd6ba3011545ddf76aa14e86246f1a30ac50?s=96&d=mm&r=g\",\"contentUrl\":\"https:\\\/\\\/secure.gravatar.com\\\/avatar\\\/7d94e77464b513659304af3dc292fd6ba3011545ddf76aa14e86246f1a30ac50?s=96&d=mm&r=g\",\"caption\":\"nfv09\"},\"url\":\"https:\\\/\\\/www.nfv09.de\\\/home\\\/author\\\/nfv09\\\/\"}]}<\/script>\n<!-- \/ Yoast SEO plugin. -->","yoast_head_json":{"title":"Trauer um Horst Jank - NFV Gelb-Wei\u00df G\u00f6rlitz 09 e.V.","robots":{"index":"index","follow":"follow","max-snippet":"max-snippet:-1","max-image-preview":"max-image-preview:large","max-video-preview":"max-video-preview:-1"},"canonical":"https:\/\/www.nfv09.de\/home\/2021\/11\/19\/unterbrechung_spielbetrieb_2021-11-162-2\/","og_locale":"de_DE","og_type":"article","og_title":"Trauer um Horst Jank - NFV Gelb-Wei\u00df G\u00f6rlitz 09 e.V.","og_description":"Nachruf Der Fu\u00dfball elektrisierte Horst Jank! Er war&nbsp;schon zu Lebzeiten eine hochgesch\u00e4tzte Legende und von seinen Fu\u00dfballjungs verehrt. &#8222;Ich habe bei den Spielen meiner kleinen Kicker geschwitzt und getr\u00e4umt, mitgefiebert, war entt\u00e4uscht&nbsp;und begeistert, als aber die d\u00fcnnen Beinchen aus den viel zu gro\u00dfen Hosen ragten und \u00fcber&nbsp;den&nbsp;Rasen schwebten, war ich der begeisterte \u00dcbungsleiter.&#8220; So hat [&hellip;]","og_url":"https:\/\/www.nfv09.de\/home\/2021\/11\/19\/unterbrechung_spielbetrieb_2021-11-162-2\/","og_site_name":"NFV Gelb-Wei\u00df G\u00f6rlitz 09 e.V.","article_published_time":"2021-11-19T09:00:00+00:00","article_modified_time":"2021-11-23T07:10:46+00:00","og_image":[{"width":4032,"height":3024,"url":"https:\/\/www.nfv09.de\/home\/wp-content\/uploads\/2018\/10\/IMG_3997.jpg","type":"image\/jpeg"}],"author":"nfv09","twitter_card":"summary_large_image","twitter_misc":{"Verfasst von":"nfv09","Gesch\u00e4tzte Lesezeit":"1\u00a0Minute"},"schema":{"@context":"https:\/\/schema.org","@graph":[{"@type":"Article","@id":"https:\/\/www.nfv09.de\/home\/2021\/11\/19\/unterbrechung_spielbetrieb_2021-11-162-2\/#article","isPartOf":{"@id":"https:\/\/www.nfv09.de\/home\/2021\/11\/19\/unterbrechung_spielbetrieb_2021-11-162-2\/"},"author":{"name":"nfv09","@id":"https:\/\/www.nfv09.de\/home\/#\/schema\/person\/b863b38e8d72961293b5cb8741c63f23"},"headline":"Trauer um Horst Jank","datePublished":"2021-11-19T09:00:00+00:00","dateModified":"2021-11-23T07:10:46+00:00","mainEntityOfPage":{"@id":"https:\/\/www.nfv09.de\/home\/2021\/11\/19\/unterbrechung_spielbetrieb_2021-11-162-2\/"},"wordCount":217,"publisher":{"@id":"https:\/\/www.nfv09.de\/home\/#\/schema\/person\/ed693ed28e6e4b3f80b32447b2b6cbc7"},"image":{"@id":"https:\/\/www.nfv09.de\/home\/2021\/11\/19\/unterbrechung_spielbetrieb_2021-11-162-2\/#primaryimage"},"thumbnailUrl":"https:\/\/www.nfv09.de\/home\/wp-content\/uploads\/2018\/10\/IMG_3997.jpg","keywords":["Gelb-Wei\u00df G\u00f6rlitz","Horst Jank","NFV09"],"articleSection":["Verein","Vorstand"],"inLanguage":"de"},{"@type":"WebPage","@id":"https:\/\/www.nfv09.de\/home\/2021\/11\/19\/unterbrechung_spielbetrieb_2021-11-162-2\/","url":"https:\/\/www.nfv09.de\/home\/2021\/11\/19\/unterbrechung_spielbetrieb_2021-11-162-2\/","name":"Trauer um Horst Jank - NFV Gelb-Wei\u00df G\u00f6rlitz 09 e.V.","isPartOf":{"@id":"https:\/\/www.nfv09.de\/home\/#website"},"primaryImageOfPage":{"@id":"https:\/\/www.nfv09.de\/home\/2021\/11\/19\/unterbrechung_spielbetrieb_2021-11-162-2\/#primaryimage"},"image":{"@id":"https:\/\/www.nfv09.de\/home\/2021\/11\/19\/unterbrechung_spielbetrieb_2021-11-162-2\/#primaryimage"},"thumbnailUrl":"https:\/\/www.nfv09.de\/home\/wp-content\/uploads\/2018\/10\/IMG_3997.jpg","datePublished":"2021-11-19T09:00:00+00:00","dateModified":"2021-11-23T07:10:46+00:00","breadcrumb":{"@id":"https:\/\/www.nfv09.de\/home\/2021\/11\/19\/unterbrechung_spielbetrieb_2021-11-162-2\/#breadcrumb"},"inLanguage":"de","potentialAction":[{"@type":"ReadAction","target":["https:\/\/www.nfv09.de\/home\/2021\/11\/19\/unterbrechung_spielbetrieb_2021-11-162-2\/"]}]},{"@type":"ImageObject","inLanguage":"de","@id":"https:\/\/www.nfv09.de\/home\/2021\/11\/19\/unterbrechung_spielbetrieb_2021-11-162-2\/#primaryimage","url":"https:\/\/www.nfv09.de\/home\/wp-content\/uploads\/2018\/10\/IMG_3997.jpg","contentUrl":"https:\/\/www.nfv09.de\/home\/wp-content\/uploads\/2018\/10\/IMG_3997.jpg","width":4032,"height":3024},{"@type":"BreadcrumbList","@id":"https:\/\/www.nfv09.de\/home\/2021\/11\/19\/unterbrechung_spielbetrieb_2021-11-162-2\/#breadcrumb","itemListElement":[{"@type":"ListItem","position":1,"name":"Startseite","item":"https:\/\/www.nfv09.de\/home\/"},{"@type":"ListItem","position":2,"name":"Trauer um Horst Jank"}]},{"@type":"WebSite","@id":"https:\/\/www.nfv09.de\/home\/#website","url":"https:\/\/www.nfv09.de\/home\/","name":"NFV Gelb-Wei\u00df G\u00f6rlitz 09 e.V.","description":"Sachsenklasse Ost","publisher":{"@id":"https:\/\/www.nfv09.de\/home\/#\/schema\/person\/ed693ed28e6e4b3f80b32447b2b6cbc7"},"potentialAction":[{"@type":"SearchAction","target":{"@type":"EntryPoint","urlTemplate":"https:\/\/www.nfv09.de\/home\/?s={search_term_string}"},"query-input":{"@type":"PropertyValueSpecification","valueRequired":true,"valueName":"search_term_string"}}],"inLanguage":"de"},{"@type":["Person","Organization"],"@id":"https:\/\/www.nfv09.de\/home\/#\/schema\/person\/ed693ed28e6e4b3f80b32447b2b6cbc7","name":"Regassi","image":{"@type":"ImageObject","inLanguage":"de","@id":"https:\/\/www.nfv09.de\/home\/wp-content\/uploads\/2015\/04\/cropped-nfv-gelb-weiss-goerlitz-e1468573113314-1.gif","url":"https:\/\/www.nfv09.de\/home\/wp-content\/uploads\/2015\/04\/cropped-nfv-gelb-weiss-goerlitz-e1468573113314-1.gif","contentUrl":"https:\/\/www.nfv09.de\/home\/wp-content\/uploads\/2015\/04\/cropped-nfv-gelb-weiss-goerlitz-e1468573113314-1.gif","width":100,"height":122,"caption":"Regassi"},"logo":{"@id":"https:\/\/www.nfv09.de\/home\/wp-content\/uploads\/2015\/04\/cropped-nfv-gelb-weiss-goerlitz-e1468573113314-1.gif"}},{"@type":"Person","@id":"https:\/\/www.nfv09.de\/home\/#\/schema\/person\/b863b38e8d72961293b5cb8741c63f23","name":"nfv09","image":{"@type":"ImageObject","inLanguage":"de","@id":"https:\/\/secure.gravatar.com\/avatar\/7d94e77464b513659304af3dc292fd6ba3011545ddf76aa14e86246f1a30ac50?s=96&d=mm&r=g","url":"https:\/\/secure.gravatar.com\/avatar\/7d94e77464b513659304af3dc292fd6ba3011545ddf76aa14e86246f1a30ac50?s=96&d=mm&r=g","contentUrl":"https:\/\/secure.gravatar.com\/avatar\/7d94e77464b513659304af3dc292fd6ba3011545ddf76aa14e86246f1a30ac50?s=96&d=mm&r=g","caption":"nfv09"},"url":"https:\/\/www.nfv09.de\/home\/author\/nfv09\/"}]}},"_links":{"self":[{"href":"https:\/\/www.nfv09.de\/home\/wp-json\/wp\/v2\/posts\/3399","targetHints":{"allow":["GET"]}}],"collection":[{"href":"https:\/\/www.nfv09.de\/home\/wp-json\/wp\/v2\/posts"}],"about":[{"href":"https:\/\/www.nfv09.de\/home\/wp-json\/wp\/v2\/types\/post"}],"author":[{"embeddable":true,"href":"https:\/\/www.nfv09.de\/home\/wp-json\/wp\/v2\/users\/1"}],"replies":[{"embeddable":true,"href":"https:\/\/www.nfv09.de\/home\/wp-json\/wp\/v2\/comments?post=3399"}],"version-history":[{"count":1,"href":"https:\/\/www.nfv09.de\/home\/wp-json\/wp\/v2\/posts\/3399\/revisions"}],"predecessor-version":[{"id":3401,"href":"https:\/\/www.nfv09.de\/home\/wp-json\/wp\/v2\/posts\/3399\/revisions\/3401"}],"wp:featuredmedia":[{"embeddable":true,"href":"https:\/\/www.nfv09.de\/home\/wp-json\/wp\/v2\/media\/2627"}],"wp:attachment":[{"href":"https:\/\/www.nfv09.de\/home\/wp-json\/wp\/v2\/media?parent=3399"}],"wp:term":[{"taxonomy":"category","embeddable":true,"href":"https:\/\/www.nfv09.de\/home\/wp-json\/wp\/v2\/categories?post=3399"},{"taxonomy":"post_tag","embeddable":true,"href":"https:\/\/www.nfv09.de\/home\/wp-json\/wp\/v2\/tags?post=3399"}],"curies":[{"name":"wp","href":"https:\/\/api.w.org\/{rel}","templated":true}]}}