{"id":3342,"date":"2021-10-17T09:11:00","date_gmt":"2021-10-17T07:11:00","guid":{"rendered":"http:\/\/www.nfv09.de\/home\/2021\/09\/28\/urteil_des_amtsgerichts_2021-09-29-2-2\/"},"modified":"2021-10-18T08:56:44","modified_gmt":"2021-10-18T06:56:44","slug":"oppach_volle_punktzahl_2021-10-17-1","status":"publish","type":"post","link":"https:\/\/www.nfv09.de\/home\/2021\/10\/17\/oppach_volle_punktzahl_2021-10-17-1\/","title":{"rendered":"Volle Punktzahl"},"content":{"rendered":"\n<p><strong>NFV09 -:- FSV Oppach 3:1 (2:0)<\/strong><\/p>\n\n\n\n<p>Landskron-Oberlausitzliga 6. Spieltag<\/p>\n\n\n\n<p><strong>Der NFV siegt erneut und sackt die n\u00e4chsten drei Punkte ein<\/strong><\/p>\n\n\n\n<p>Eines kann man vorwegnehmen, langweilig war es an diesem Samstagnachmittag auf der altehrw\u00fcrdigen \u201eJungen Welt\u201c zu keinem Zeitpunkt.<\/p>\n\n\n\n<p>Die Gelb-Wei\u00dfen waren von Beginn an bissig und besch\u00e4ftigen die G\u00e4ste aus Oppach permanent.<\/p>\n\n\n\n<p>Schon in der 3. Minute f\u00fchlte Jeschke das erste Mal vor und pr\u00fcfte G\u00e4stekeeper Ke\u00dfler.<\/p>\n\n\n\n<p>Dieser blieb in dieser Szene genauso der Sieger wie nur drei Minuten sp\u00e4ter, als Pilarski steil ging und Ke\u00dfler gerade noch zur Ecke kl\u00e4ren konnte.<\/p>\n\n\n\n<p>Einen ersten zaghaften Versuch des Toreschie\u00dfens unternahmen die G\u00e4ste nach reichlich zehn Minuten, der Ball landete nach einem Fernschuss jedoch in den Armen von Torh\u00fcter Andruszczysyn.<\/p>\n\n\n\n<p>Im direkten Gegenzug ist es Pilarski der auf der linken Au\u00dfenbahn frei durch ist, seine Flanke aber ebenfalls in den Armen des Keepers landete. &nbsp;<\/p>\n\n\n\n<p>Kurz darauf Freist\u00f6\u00dfe auf beiden Seiten aus aussichtsreichen Positionen. Diese waren jedoch zu unpr\u00e4zise und brachten nichts Z\u00e4hlbares.<\/p>\n\n\n\n<p>In der 23. Minute war es wieder Pilarski der f\u00fcr eine sehenswerte Szene sorgte. Seine Direktabnahme aus 15m setzt er aber zur Entt\u00e4uschung der Gelb-Wei\u00dfen knapp \u00fcber die Latte.<\/p>\n\n\n\n<p>Sp\u00e4testens jetzt h\u00e4tten die Hausherren f\u00fchren m\u00fcssen.<\/p>\n\n\n\n<p>Stattdessen wurde es kurz etwas ruppig. Erst wird Jeschke gelegt und Vomacka holt sich Gelb ab. Dann bekommt Pilarski nur eine Minute sp\u00e4ter f\u00fcr einen Rempler auf der Au\u00dfenbahn genauso die Gelbe Karte wie Sekunden sp\u00e4ter Hak auf Seiten der G\u00e4ste, nachdem der Abwehrroutinier Simon unsanft auf den Rasen brachte.<\/p>\n\n\n\n<p>Gerade eine halbe Stunde war gespielt, da scheiterten die Hausherren nur knapp. Nach einer Ecke zischt ein Kopfball \u00fcber das Quergeb\u00e4lk. Im direkten Gegenzug ist es Jannasch, der frei durch ist und zum Gl\u00fcck f\u00fcr die Hausherren im Abschluss verzieht und die Kugel links am Tor vorbeischiebt.<\/p>\n\n\n\n<p>Was nun folgte war eine feine Solo-Show von St\u00fcrmer Jeschke. Erst verwandelt er aus 25 Metern einen Heber zur vielumjubelten und verdienten F\u00fchrung, nur 180 Sekunden sp\u00e4ter ist er auf der linken Seite frei durch, tankt sich in den Strafraum, aber anstatt in die Mitte zu legen, wo Mitspieler ebenfalls frei anspielbar standen, machte er es erneut selbst. Ein kleiner Haken und der Ball schl\u00e4gt wuchtig, halbhoch in der linken Ecke des Tores ein. Keine Chance f\u00fcr G\u00e4stekeeper Ke\u00dfler.<\/p>\n\n\n\n<div class=\"wp-block-image\"><figure class=\"alignleft size-medium\"><img fetchpriority=\"high\" decoding=\"async\" width=\"212\" height=\"300\" src=\"https:\/\/www.nfv09.de\/home\/wp-content\/uploads\/2021\/09\/Spieler_nfv09_-114-212x300.jpg\" alt=\"Jeschke, Michael (St\u00fcrmer NFV Gelb-Wei\u00df G\u00f6rlitz 09)\" class=\"wp-image-3294\" srcset=\"https:\/\/www.nfv09.de\/home\/wp-content\/uploads\/2021\/09\/Spieler_nfv09_-114-212x300.jpg 212w, https:\/\/www.nfv09.de\/home\/wp-content\/uploads\/2021\/09\/Spieler_nfv09_-114.jpg 566w\" sizes=\"(max-width: 212px) 100vw, 212px\" \/><figcaption>Jeschke, Michael<\/figcaption><\/figure><\/div>\n\n\n\n<p>Einen Fernschuss kurz vor der Pause setzt Block knapp rechts \u00fcber das Tor der Hausherren.<\/p>\n\n\n\n<p>Somit ging es mit einer verdienten 2:0 Halbzeitf\u00fchrung in die Kabine.<\/p>\n\n\n\n<p>Den Start in die zweite H\u00e4lfte verschliefen die Hausherren aber v\u00f6llig. Und so kam es wie es kommen musste. Die G\u00e4ste kommen \u00fcber die rechte Seite in den Strafraum, der Abwehrspieler rutscht, pl\u00f6tzlich gefordert, weg, der Ball wird vor dem G\u00f6rlitzer Kasten ungehindert quer gelegt und am langen Pfosten steht J\u00e4gr frei und versenkt den Ball zum Anschlusstreffer.<\/p>\n\n\n\n<p>Direkt nach Wiederanpfiff versuchen sich die G\u00f6rlitzer aus dem Halbkreis. Den langen Ball kann der, weit vor seinem Kasten stehende Ke\u00dfler aber abfangen.<\/p>\n\n\n\n<p>Kurz darauf (51.) brennt es lichterloh im Oppacher Strafraum. Es ist Krol der davon profitiert und ungehindert zum Abschluss kommt. Sein Schuss kann aber vom Oppacher Abwehrverband auf der Linie gekl\u00e4rt werden.<\/p>\n\n\n\n<p>Nur eine Minute sp\u00e4ter ist es abermals Jeschke der zum Abschluss kommt. Eine Flanke von rechts trifft er zwar noch, kann den Ball aber nicht kontrollieren und setzt ihn links am Kasten vorbei.<\/p>\n\n\n\n<p>Es folgte wieder eine kurze Phase in der es farbig zuging. Wieder waren es 3 Gelbe Karten die verteilt wurden.<\/p>\n\n\n\n<p>Als sich das Geschehen etwas beruhigt hat, ist es der eben eingewechselte Gawora, der \u00fcber die linke Seite steil geschickt wird und musterg\u00fcltig zum 3:1 netzen kann (71.).<\/p>\n\n\n\n<p>Der Oppacher Keeper pariert im Anschluss noch einmal einen flachen Schuss von Abdo (72.).<\/p>\n\n\n\n<p>In der 77. Minute holt sich Lehmann, auf Seiten der G\u00e4ste, seinen zweiten Karton ab und darf sich fr\u00fchzeitig zum duschen verabschieden.<\/p>\n\n\n\n<p>Bis auf einen Abschluss von Jeschke (83.) fiel nichts z\u00e4hlbares mehr an.<\/p>\n\n\n\n<p><\/p>\n\n\n\n<p><strong>NFV: <\/strong>Andruszczysyn, Simon, Niwek, Pilarski, Zydek (Gawora\/63.), Zablocki, Houry, K\u00fcsgen S., Abdo, Jeschke, Krol (Thomas\/87.)<\/p>\n\n\n\n<p><strong>FSV:<\/strong> Ke\u00dfler, Eichner, Richter (Buchwald 77.), J\u00e4gr, Jannasch (J\u00e4hne\/83.), Hak, Genc, Lehmann, Vomacka, Block (Meusel\/87.), Mikula (Stephan 63.)<\/p>\n\n\n\n<p><strong>Tore: <\/strong>1:0, 2:0 Jeschke (36.\/39.), 2:1 Jannasch (49.), 3:1 Gawora (74.)<\/p>\n\n\n\n<p><strong>Gelb: <\/strong>Pilarski, Houry, Jeschke \/ Vomacka, Hak, Jannasch, Lehmann, Eichner<\/p>\n\n\n\n<p><strong>Gelb-Rot: <\/strong>&#8211; \/ Lehmann (77.)<\/p>\n\n\n\n<p><strong>Rot: <\/strong>&#8211;<\/p>\n\n\n\n<p><strong>Zuschauer<\/strong>: 75<\/p>\n\n\n\n<p><strong>Schiedsrichter<\/strong>: Steffen Ott<\/p>\n\n\n\n<p>[BB]<\/p>\n","protected":false},"excerpt":{"rendered":"<p>NFV09 -:- FSV Oppach 3:1 (2:0) Landskron-Oberlausitzliga 6. Spieltag Der NFV siegt erneut und sackt die n\u00e4chsten drei Punkte ein Eines kann man vorwegnehmen, langweilig war es an diesem Samstagnachmittag auf der altehrw\u00fcrdigen \u201eJungen Welt\u201c zu keinem Zeitpunkt. Die Gelb-Wei\u00dfen waren von Beginn an bissig und besch\u00e4ftigen die G\u00e4ste aus Oppach permanent. Schon in der [&hellip;]<\/p>\n","protected":false},"author":1,"featured_media":1838,"comment_status":"closed","ping_status":"closed","sticky":false,"template":"","format":"standard","meta":{"footnotes":""},"categories":[82],"tags":[140,94,92,99],"class_list":["post-3342","post","type-post","status-publish","format-standard","has-post-thumbnail","hentry","category-1-mannschaft","tag-fsv-oppach","tag-gelb-weiss-goerlitz","tag-nfv09","tag-nfv09-1-mannschaft"],"yoast_head":"<!-- This site is optimized with the Yoast SEO plugin v27.5 - https:\/\/yoast.com\/product\/yoast-seo-wordpress\/ -->\n<title>Volle Punktzahl - NFV Gelb-Wei\u00df G\u00f6rlitz 09 e.V.<\/title>\n<meta name=\"robots\" content=\"index, follow, max-snippet:-1, max-image-preview:large, max-video-preview:-1\" \/>\n<link rel=\"canonical\" href=\"https:\/\/www.nfv09.de\/home\/2021\/10\/17\/oppach_volle_punktzahl_2021-10-17-1\/\" \/>\n<meta property=\"og:locale\" content=\"de_DE\" \/>\n<meta property=\"og:type\" content=\"article\" \/>\n<meta property=\"og:title\" content=\"Volle Punktzahl - NFV Gelb-Wei\u00df G\u00f6rlitz 09 e.V.\" \/>\n<meta property=\"og:description\" content=\"NFV09 -:- FSV Oppach 3:1 (2:0) Landskron-Oberlausitzliga 6. Spieltag Der NFV siegt erneut und sackt die n\u00e4chsten drei Punkte ein Eines kann man vorwegnehmen, langweilig war es an diesem Samstagnachmittag auf der altehrw\u00fcrdigen \u201eJungen Welt\u201c zu keinem Zeitpunkt. Die Gelb-Wei\u00dfen waren von Beginn an bissig und besch\u00e4ftigen die G\u00e4ste aus Oppach permanent. Schon in der [&hellip;]\" \/>\n<meta property=\"og:url\" content=\"https:\/\/www.nfv09.de\/home\/2021\/10\/17\/oppach_volle_punktzahl_2021-10-17-1\/\" \/>\n<meta property=\"og:site_name\" content=\"NFV Gelb-Wei\u00df G\u00f6rlitz 09 e.V.\" \/>\n<meta property=\"article:published_time\" content=\"2021-10-17T07:11:00+00:00\" \/>\n<meta property=\"article:modified_time\" content=\"2021-10-18T06:56:44+00:00\" \/>\n<meta property=\"og:image\" content=\"https:\/\/www.nfv09.de\/home\/wp-content\/uploads\/2015\/04\/fussball-104.jpg\" \/>\n\t<meta property=\"og:image:width\" content=\"1200\" \/>\n\t<meta property=\"og:image:height\" content=\"800\" \/>\n\t<meta property=\"og:image:type\" content=\"image\/jpeg\" \/>\n<meta name=\"author\" content=\"nfv09\" \/>\n<meta name=\"twitter:card\" content=\"summary_large_image\" \/>\n<meta name=\"twitter:label1\" content=\"Verfasst von\" \/>\n\t<meta name=\"twitter:data1\" content=\"nfv09\" \/>\n\t<meta name=\"twitter:label2\" content=\"Gesch\u00e4tzte Lesezeit\" \/>\n\t<meta name=\"twitter:data2\" content=\"4\u00a0Minuten\" \/>\n<script type=\"application\/ld+json\" class=\"yoast-schema-graph\">{\"@context\":\"https:\\\/\\\/schema.org\",\"@graph\":[{\"@type\":\"Article\",\"@id\":\"https:\\\/\\\/www.nfv09.de\\\/home\\\/2021\\\/10\\\/17\\\/oppach_volle_punktzahl_2021-10-17-1\\\/#article\",\"isPartOf\":{\"@id\":\"https:\\\/\\\/www.nfv09.de\\\/home\\\/2021\\\/10\\\/17\\\/oppach_volle_punktzahl_2021-10-17-1\\\/\"},\"author\":{\"name\":\"nfv09\",\"@id\":\"https:\\\/\\\/www.nfv09.de\\\/home\\\/#\\\/schema\\\/person\\\/b863b38e8d72961293b5cb8741c63f23\"},\"headline\":\"Volle Punktzahl\",\"datePublished\":\"2021-10-17T07:11:00+00:00\",\"dateModified\":\"2021-10-18T06:56:44+00:00\",\"mainEntityOfPage\":{\"@id\":\"https:\\\/\\\/www.nfv09.de\\\/home\\\/2021\\\/10\\\/17\\\/oppach_volle_punktzahl_2021-10-17-1\\\/\"},\"wordCount\":745,\"publisher\":{\"@id\":\"https:\\\/\\\/www.nfv09.de\\\/home\\\/#\\\/schema\\\/person\\\/ed693ed28e6e4b3f80b32447b2b6cbc7\"},\"image\":{\"@id\":\"https:\\\/\\\/www.nfv09.de\\\/home\\\/2021\\\/10\\\/17\\\/oppach_volle_punktzahl_2021-10-17-1\\\/#primaryimage\"},\"thumbnailUrl\":\"https:\\\/\\\/www.nfv09.de\\\/home\\\/wp-content\\\/uploads\\\/2015\\\/04\\\/fussball-104.jpg\",\"keywords\":[\"FSV Oppach\",\"Gelb-Wei\u00df G\u00f6rlitz\",\"NFV09\",\"NFV09 1. Mannschaft\"],\"articleSection\":[\"1. Mannschaft\"],\"inLanguage\":\"de\"},{\"@type\":\"WebPage\",\"@id\":\"https:\\\/\\\/www.nfv09.de\\\/home\\\/2021\\\/10\\\/17\\\/oppach_volle_punktzahl_2021-10-17-1\\\/\",\"url\":\"https:\\\/\\\/www.nfv09.de\\\/home\\\/2021\\\/10\\\/17\\\/oppach_volle_punktzahl_2021-10-17-1\\\/\",\"name\":\"Volle Punktzahl - NFV Gelb-Wei\u00df G\u00f6rlitz 09 e.V.\",\"isPartOf\":{\"@id\":\"https:\\\/\\\/www.nfv09.de\\\/home\\\/#website\"},\"primaryImageOfPage\":{\"@id\":\"https:\\\/\\\/www.nfv09.de\\\/home\\\/2021\\\/10\\\/17\\\/oppach_volle_punktzahl_2021-10-17-1\\\/#primaryimage\"},\"image\":{\"@id\":\"https:\\\/\\\/www.nfv09.de\\\/home\\\/2021\\\/10\\\/17\\\/oppach_volle_punktzahl_2021-10-17-1\\\/#primaryimage\"},\"thumbnailUrl\":\"https:\\\/\\\/www.nfv09.de\\\/home\\\/wp-content\\\/uploads\\\/2015\\\/04\\\/fussball-104.jpg\",\"datePublished\":\"2021-10-17T07:11:00+00:00\",\"dateModified\":\"2021-10-18T06:56:44+00:00\",\"breadcrumb\":{\"@id\":\"https:\\\/\\\/www.nfv09.de\\\/home\\\/2021\\\/10\\\/17\\\/oppach_volle_punktzahl_2021-10-17-1\\\/#breadcrumb\"},\"inLanguage\":\"de\",\"potentialAction\":[{\"@type\":\"ReadAction\",\"target\":[\"https:\\\/\\\/www.nfv09.de\\\/home\\\/2021\\\/10\\\/17\\\/oppach_volle_punktzahl_2021-10-17-1\\\/\"]}]},{\"@type\":\"ImageObject\",\"inLanguage\":\"de\",\"@id\":\"https:\\\/\\\/www.nfv09.de\\\/home\\\/2021\\\/10\\\/17\\\/oppach_volle_punktzahl_2021-10-17-1\\\/#primaryimage\",\"url\":\"https:\\\/\\\/www.nfv09.de\\\/home\\\/wp-content\\\/uploads\\\/2015\\\/04\\\/fussball-104.jpg\",\"contentUrl\":\"https:\\\/\\\/www.nfv09.de\\\/home\\\/wp-content\\\/uploads\\\/2015\\\/04\\\/fussball-104.jpg\",\"width\":1200,\"height\":800},{\"@type\":\"BreadcrumbList\",\"@id\":\"https:\\\/\\\/www.nfv09.de\\\/home\\\/2021\\\/10\\\/17\\\/oppach_volle_punktzahl_2021-10-17-1\\\/#breadcrumb\",\"itemListElement\":[{\"@type\":\"ListItem\",\"position\":1,\"name\":\"Startseite\",\"item\":\"https:\\\/\\\/www.nfv09.de\\\/home\\\/\"},{\"@type\":\"ListItem\",\"position\":2,\"name\":\"Volle Punktzahl\"}]},{\"@type\":\"WebSite\",\"@id\":\"https:\\\/\\\/www.nfv09.de\\\/home\\\/#website\",\"url\":\"https:\\\/\\\/www.nfv09.de\\\/home\\\/\",\"name\":\"NFV Gelb-Wei\u00df G\u00f6rlitz 09 e.V.\",\"description\":\"Sachsenklasse Ost\",\"publisher\":{\"@id\":\"https:\\\/\\\/www.nfv09.de\\\/home\\\/#\\\/schema\\\/person\\\/ed693ed28e6e4b3f80b32447b2b6cbc7\"},\"potentialAction\":[{\"@type\":\"SearchAction\",\"target\":{\"@type\":\"EntryPoint\",\"urlTemplate\":\"https:\\\/\\\/www.nfv09.de\\\/home\\\/?s={search_term_string}\"},\"query-input\":{\"@type\":\"PropertyValueSpecification\",\"valueRequired\":true,\"valueName\":\"search_term_string\"}}],\"inLanguage\":\"de\"},{\"@type\":[\"Person\",\"Organization\"],\"@id\":\"https:\\\/\\\/www.nfv09.de\\\/home\\\/#\\\/schema\\\/person\\\/ed693ed28e6e4b3f80b32447b2b6cbc7\",\"name\":\"Regassi\",\"image\":{\"@type\":\"ImageObject\",\"inLanguage\":\"de\",\"@id\":\"https:\\\/\\\/www.nfv09.de\\\/home\\\/wp-content\\\/uploads\\\/2015\\\/04\\\/cropped-nfv-gelb-weiss-goerlitz-e1468573113314-1.gif\",\"url\":\"https:\\\/\\\/www.nfv09.de\\\/home\\\/wp-content\\\/uploads\\\/2015\\\/04\\\/cropped-nfv-gelb-weiss-goerlitz-e1468573113314-1.gif\",\"contentUrl\":\"https:\\\/\\\/www.nfv09.de\\\/home\\\/wp-content\\\/uploads\\\/2015\\\/04\\\/cropped-nfv-gelb-weiss-goerlitz-e1468573113314-1.gif\",\"width\":100,\"height\":122,\"caption\":\"Regassi\"},\"logo\":{\"@id\":\"https:\\\/\\\/www.nfv09.de\\\/home\\\/wp-content\\\/uploads\\\/2015\\\/04\\\/cropped-nfv-gelb-weiss-goerlitz-e1468573113314-1.gif\"}},{\"@type\":\"Person\",\"@id\":\"https:\\\/\\\/www.nfv09.de\\\/home\\\/#\\\/schema\\\/person\\\/b863b38e8d72961293b5cb8741c63f23\",\"name\":\"nfv09\",\"image\":{\"@type\":\"ImageObject\",\"inLanguage\":\"de\",\"@id\":\"https:\\\/\\\/secure.gravatar.com\\\/avatar\\\/7d94e77464b513659304af3dc292fd6ba3011545ddf76aa14e86246f1a30ac50?s=96&d=mm&r=g\",\"url\":\"https:\\\/\\\/secure.gravatar.com\\\/avatar\\\/7d94e77464b513659304af3dc292fd6ba3011545ddf76aa14e86246f1a30ac50?s=96&d=mm&r=g\",\"contentUrl\":\"https:\\\/\\\/secure.gravatar.com\\\/avatar\\\/7d94e77464b513659304af3dc292fd6ba3011545ddf76aa14e86246f1a30ac50?s=96&d=mm&r=g\",\"caption\":\"nfv09\"},\"url\":\"https:\\\/\\\/www.nfv09.de\\\/home\\\/author\\\/nfv09\\\/\"}]}<\/script>\n<!-- \/ Yoast SEO plugin. -->","yoast_head_json":{"title":"Volle Punktzahl - NFV Gelb-Wei\u00df G\u00f6rlitz 09 e.V.","robots":{"index":"index","follow":"follow","max-snippet":"max-snippet:-1","max-image-preview":"max-image-preview:large","max-video-preview":"max-video-preview:-1"},"canonical":"https:\/\/www.nfv09.de\/home\/2021\/10\/17\/oppach_volle_punktzahl_2021-10-17-1\/","og_locale":"de_DE","og_type":"article","og_title":"Volle Punktzahl - NFV Gelb-Wei\u00df G\u00f6rlitz 09 e.V.","og_description":"NFV09 -:- FSV Oppach 3:1 (2:0) Landskron-Oberlausitzliga 6. Spieltag Der NFV siegt erneut und sackt die n\u00e4chsten drei Punkte ein Eines kann man vorwegnehmen, langweilig war es an diesem Samstagnachmittag auf der altehrw\u00fcrdigen \u201eJungen Welt\u201c zu keinem Zeitpunkt. Die Gelb-Wei\u00dfen waren von Beginn an bissig und besch\u00e4ftigen die G\u00e4ste aus Oppach permanent. Schon in der [&hellip;]","og_url":"https:\/\/www.nfv09.de\/home\/2021\/10\/17\/oppach_volle_punktzahl_2021-10-17-1\/","og_site_name":"NFV Gelb-Wei\u00df G\u00f6rlitz 09 e.V.","article_published_time":"2021-10-17T07:11:00+00:00","article_modified_time":"2021-10-18T06:56:44+00:00","og_image":[{"width":1200,"height":800,"url":"https:\/\/www.nfv09.de\/home\/wp-content\/uploads\/2015\/04\/fussball-104.jpg","type":"image\/jpeg"}],"author":"nfv09","twitter_card":"summary_large_image","twitter_misc":{"Verfasst von":"nfv09","Gesch\u00e4tzte Lesezeit":"4\u00a0Minuten"},"schema":{"@context":"https:\/\/schema.org","@graph":[{"@type":"Article","@id":"https:\/\/www.nfv09.de\/home\/2021\/10\/17\/oppach_volle_punktzahl_2021-10-17-1\/#article","isPartOf":{"@id":"https:\/\/www.nfv09.de\/home\/2021\/10\/17\/oppach_volle_punktzahl_2021-10-17-1\/"},"author":{"name":"nfv09","@id":"https:\/\/www.nfv09.de\/home\/#\/schema\/person\/b863b38e8d72961293b5cb8741c63f23"},"headline":"Volle Punktzahl","datePublished":"2021-10-17T07:11:00+00:00","dateModified":"2021-10-18T06:56:44+00:00","mainEntityOfPage":{"@id":"https:\/\/www.nfv09.de\/home\/2021\/10\/17\/oppach_volle_punktzahl_2021-10-17-1\/"},"wordCount":745,"publisher":{"@id":"https:\/\/www.nfv09.de\/home\/#\/schema\/person\/ed693ed28e6e4b3f80b32447b2b6cbc7"},"image":{"@id":"https:\/\/www.nfv09.de\/home\/2021\/10\/17\/oppach_volle_punktzahl_2021-10-17-1\/#primaryimage"},"thumbnailUrl":"https:\/\/www.nfv09.de\/home\/wp-content\/uploads\/2015\/04\/fussball-104.jpg","keywords":["FSV Oppach","Gelb-Wei\u00df G\u00f6rlitz","NFV09","NFV09 1. Mannschaft"],"articleSection":["1. Mannschaft"],"inLanguage":"de"},{"@type":"WebPage","@id":"https:\/\/www.nfv09.de\/home\/2021\/10\/17\/oppach_volle_punktzahl_2021-10-17-1\/","url":"https:\/\/www.nfv09.de\/home\/2021\/10\/17\/oppach_volle_punktzahl_2021-10-17-1\/","name":"Volle Punktzahl - NFV Gelb-Wei\u00df G\u00f6rlitz 09 e.V.","isPartOf":{"@id":"https:\/\/www.nfv09.de\/home\/#website"},"primaryImageOfPage":{"@id":"https:\/\/www.nfv09.de\/home\/2021\/10\/17\/oppach_volle_punktzahl_2021-10-17-1\/#primaryimage"},"image":{"@id":"https:\/\/www.nfv09.de\/home\/2021\/10\/17\/oppach_volle_punktzahl_2021-10-17-1\/#primaryimage"},"thumbnailUrl":"https:\/\/www.nfv09.de\/home\/wp-content\/uploads\/2015\/04\/fussball-104.jpg","datePublished":"2021-10-17T07:11:00+00:00","dateModified":"2021-10-18T06:56:44+00:00","breadcrumb":{"@id":"https:\/\/www.nfv09.de\/home\/2021\/10\/17\/oppach_volle_punktzahl_2021-10-17-1\/#breadcrumb"},"inLanguage":"de","potentialAction":[{"@type":"ReadAction","target":["https:\/\/www.nfv09.de\/home\/2021\/10\/17\/oppach_volle_punktzahl_2021-10-17-1\/"]}]},{"@type":"ImageObject","inLanguage":"de","@id":"https:\/\/www.nfv09.de\/home\/2021\/10\/17\/oppach_volle_punktzahl_2021-10-17-1\/#primaryimage","url":"https:\/\/www.nfv09.de\/home\/wp-content\/uploads\/2015\/04\/fussball-104.jpg","contentUrl":"https:\/\/www.nfv09.de\/home\/wp-content\/uploads\/2015\/04\/fussball-104.jpg","width":1200,"height":800},{"@type":"BreadcrumbList","@id":"https:\/\/www.nfv09.de\/home\/2021\/10\/17\/oppach_volle_punktzahl_2021-10-17-1\/#breadcrumb","itemListElement":[{"@type":"ListItem","position":1,"name":"Startseite","item":"https:\/\/www.nfv09.de\/home\/"},{"@type":"ListItem","position":2,"name":"Volle Punktzahl"}]},{"@type":"WebSite","@id":"https:\/\/www.nfv09.de\/home\/#website","url":"https:\/\/www.nfv09.de\/home\/","name":"NFV Gelb-Wei\u00df G\u00f6rlitz 09 e.V.","description":"Sachsenklasse Ost","publisher":{"@id":"https:\/\/www.nfv09.de\/home\/#\/schema\/person\/ed693ed28e6e4b3f80b32447b2b6cbc7"},"potentialAction":[{"@type":"SearchAction","target":{"@type":"EntryPoint","urlTemplate":"https:\/\/www.nfv09.de\/home\/?s={search_term_string}"},"query-input":{"@type":"PropertyValueSpecification","valueRequired":true,"valueName":"search_term_string"}}],"inLanguage":"de"},{"@type":["Person","Organization"],"@id":"https:\/\/www.nfv09.de\/home\/#\/schema\/person\/ed693ed28e6e4b3f80b32447b2b6cbc7","name":"Regassi","image":{"@type":"ImageObject","inLanguage":"de","@id":"https:\/\/www.nfv09.de\/home\/wp-content\/uploads\/2015\/04\/cropped-nfv-gelb-weiss-goerlitz-e1468573113314-1.gif","url":"https:\/\/www.nfv09.de\/home\/wp-content\/uploads\/2015\/04\/cropped-nfv-gelb-weiss-goerlitz-e1468573113314-1.gif","contentUrl":"https:\/\/www.nfv09.de\/home\/wp-content\/uploads\/2015\/04\/cropped-nfv-gelb-weiss-goerlitz-e1468573113314-1.gif","width":100,"height":122,"caption":"Regassi"},"logo":{"@id":"https:\/\/www.nfv09.de\/home\/wp-content\/uploads\/2015\/04\/cropped-nfv-gelb-weiss-goerlitz-e1468573113314-1.gif"}},{"@type":"Person","@id":"https:\/\/www.nfv09.de\/home\/#\/schema\/person\/b863b38e8d72961293b5cb8741c63f23","name":"nfv09","image":{"@type":"ImageObject","inLanguage":"de","@id":"https:\/\/secure.gravatar.com\/avatar\/7d94e77464b513659304af3dc292fd6ba3011545ddf76aa14e86246f1a30ac50?s=96&d=mm&r=g","url":"https:\/\/secure.gravatar.com\/avatar\/7d94e77464b513659304af3dc292fd6ba3011545ddf76aa14e86246f1a30ac50?s=96&d=mm&r=g","contentUrl":"https:\/\/secure.gravatar.com\/avatar\/7d94e77464b513659304af3dc292fd6ba3011545ddf76aa14e86246f1a30ac50?s=96&d=mm&r=g","caption":"nfv09"},"url":"https:\/\/www.nfv09.de\/home\/author\/nfv09\/"}]}},"_links":{"self":[{"href":"https:\/\/www.nfv09.de\/home\/wp-json\/wp\/v2\/posts\/3342","targetHints":{"allow":["GET"]}}],"collection":[{"href":"https:\/\/www.nfv09.de\/home\/wp-json\/wp\/v2\/posts"}],"about":[{"href":"https:\/\/www.nfv09.de\/home\/wp-json\/wp\/v2\/types\/post"}],"author":[{"embeddable":true,"href":"https:\/\/www.nfv09.de\/home\/wp-json\/wp\/v2\/users\/1"}],"replies":[{"embeddable":true,"href":"https:\/\/www.nfv09.de\/home\/wp-json\/wp\/v2\/comments?post=3342"}],"version-history":[{"count":7,"href":"https:\/\/www.nfv09.de\/home\/wp-json\/wp\/v2\/posts\/3342\/revisions"}],"predecessor-version":[{"id":3356,"href":"https:\/\/www.nfv09.de\/home\/wp-json\/wp\/v2\/posts\/3342\/revisions\/3356"}],"wp:featuredmedia":[{"embeddable":true,"href":"https:\/\/www.nfv09.de\/home\/wp-json\/wp\/v2\/media\/1838"}],"wp:attachment":[{"href":"https:\/\/www.nfv09.de\/home\/wp-json\/wp\/v2\/media?parent=3342"}],"wp:term":[{"taxonomy":"category","embeddable":true,"href":"https:\/\/www.nfv09.de\/home\/wp-json\/wp\/v2\/categories?post=3342"},{"taxonomy":"post_tag","embeddable":true,"href":"https:\/\/www.nfv09.de\/home\/wp-json\/wp\/v2\/tags?post=3342"}],"curies":[{"name":"wp","href":"https:\/\/api.w.org\/{rel}","templated":true}]}}