{"id":3310,"date":"2021-09-28T09:11:00","date_gmt":"2021-09-28T07:11:00","guid":{"rendered":"http:\/\/www.nfv09.de\/home\/2021\/09\/26\/heimsieg_niesky_2021-09-26-2\/"},"modified":"2021-09-29T08:17:30","modified_gmt":"2021-09-29T06:17:30","slug":"urteil_des_amtsgerichts_2021-09-29-2","status":"publish","type":"post","link":"https:\/\/www.nfv09.de\/home\/2021\/09\/28\/urteil_des_amtsgerichts_2021-09-29-2\/","title":{"rendered":"Urteil des Amtsgerichts G\u00f6rlitz"},"content":{"rendered":"\n<p>Liebe Sportfreunde,<\/p>\n\n\n\n<p>im Anhang das Urteil des Amtsgerichts G\u00f6rlitz vom 17.09.2021, aus dem hervorgeht, dass Harald Twupack seit dem 21.05.2021 kein Vereinsvorsitzender des NFV09 mehr ist und keine Befugnis mehr hat diesen nach au\u00dfen hin zu vertreten.<\/p>\n\n\n\n<p>Die Neuwahl des Vorstandes und somit auch des neuen Vereinsvorsitzenden, in der vom Pr\u00e4sidium am 03.05.2021 beschlossenen und anschlie\u00dfend einberufenen Au\u00dferordentlichen Mitgliederversammlung, durchgef\u00fchrt am 21.05.2021, ist Rechtens.<\/p>\n\n\n\n<p>Die von Harald Twupack einberufene Mitgliederversammlung und die dortige Neuwahl des Vorstandes am 04.06.2021 ist ung\u00fcltig.<\/p>\n\n\n\n<p>Die ausf\u00fchrliche Begr\u00fcndung des Urteils k\u00f6nnen die Vereinsmitglieder des NFV09 auf der Gesch\u00e4ftsstelle einsehen.<\/p>\n\n\n\n<p>Mit sportlichen Gr\u00fc\u00dfen<\/p>\n\n\n\n<p>Der Vorstand<\/p>\n\n\n\n<figure class=\"wp-block-gallery columns-1 wp-block-gallery-1 is-layout-flex wp-block-gallery-is-layout-flex\"><ul class=\"blocks-gallery-grid\"><li class=\"blocks-gallery-item\"><figure><img fetchpriority=\"high\" decoding=\"async\" width=\"724\" height=\"1024\" src=\"https:\/\/www.nfv09.de\/home\/wp-content\/uploads\/2021\/09\/Urteil-vom-17_09_2021_1-724x1024.jpg\" alt=\"\" data-id=\"3307\" data-full-url=\"https:\/\/www.nfv09.de\/home\/wp-content\/uploads\/2021\/09\/Urteil-vom-17_09_2021_1-scaled.jpg\" data-link=\"https:\/\/www.nfv09.de\/home\/urteil-vom-17_09_2021_1\/\" class=\"wp-image-3307\" srcset=\"https:\/\/www.nfv09.de\/home\/wp-content\/uploads\/2021\/09\/Urteil-vom-17_09_2021_1-724x1024.jpg 724w, https:\/\/www.nfv09.de\/home\/wp-content\/uploads\/2021\/09\/Urteil-vom-17_09_2021_1-212x300.jpg 212w, https:\/\/www.nfv09.de\/home\/wp-content\/uploads\/2021\/09\/Urteil-vom-17_09_2021_1-768x1086.jpg 768w, https:\/\/www.nfv09.de\/home\/wp-content\/uploads\/2021\/09\/Urteil-vom-17_09_2021_1-1086x1536.jpg 1086w, https:\/\/www.nfv09.de\/home\/wp-content\/uploads\/2021\/09\/Urteil-vom-17_09_2021_1-1448x2048.jpg 1448w, https:\/\/www.nfv09.de\/home\/wp-content\/uploads\/2021\/09\/Urteil-vom-17_09_2021_1-scaled.jpg 1810w\" sizes=\"(max-width: 724px) 100vw, 724px\" \/><figcaption class=\"blocks-gallery-item__caption\">Urteil des Amtsgerichts G\u00f6rlitz vom 17.09.2021<\/figcaption><\/figure><\/li><li class=\"blocks-gallery-item\"><figure><img decoding=\"async\" width=\"724\" height=\"1024\" src=\"https:\/\/www.nfv09.de\/home\/wp-content\/uploads\/2021\/09\/Urteil-vom-17_09_2021_2-724x1024.jpg\" alt=\"\" data-id=\"3306\" data-full-url=\"https:\/\/www.nfv09.de\/home\/wp-content\/uploads\/2021\/09\/Urteil-vom-17_09_2021_2-scaled.jpg\" data-link=\"https:\/\/www.nfv09.de\/home\/urteil-vom-17_09_2021_2\/\" class=\"wp-image-3306\" srcset=\"https:\/\/www.nfv09.de\/home\/wp-content\/uploads\/2021\/09\/Urteil-vom-17_09_2021_2-724x1024.jpg 724w, https:\/\/www.nfv09.de\/home\/wp-content\/uploads\/2021\/09\/Urteil-vom-17_09_2021_2-212x300.jpg 212w, https:\/\/www.nfv09.de\/home\/wp-content\/uploads\/2021\/09\/Urteil-vom-17_09_2021_2-768x1086.jpg 768w, https:\/\/www.nfv09.de\/home\/wp-content\/uploads\/2021\/09\/Urteil-vom-17_09_2021_2-1086x1536.jpg 1086w, https:\/\/www.nfv09.de\/home\/wp-content\/uploads\/2021\/09\/Urteil-vom-17_09_2021_2-1448x2048.jpg 1448w, https:\/\/www.nfv09.de\/home\/wp-content\/uploads\/2021\/09\/Urteil-vom-17_09_2021_2-scaled.jpg 1810w\" sizes=\"(max-width: 724px) 100vw, 724px\" \/><figcaption class=\"blocks-gallery-item__caption\">Urteil des Amtsgerichts G\u00f6rlitz vom 17.09.2021<\/figcaption><\/figure><\/li><\/ul><\/figure>\n","protected":false},"excerpt":{"rendered":"<p>Liebe Sportfreunde, im Anhang das Urteil des Amtsgerichts G\u00f6rlitz vom 17.09.2021, aus dem hervorgeht, dass Harald Twupack seit dem 21.05.2021 kein Vereinsvorsitzender des NFV09 mehr ist und keine Befugnis mehr hat diesen nach au\u00dfen hin zu vertreten. Die Neuwahl des Vorstandes und somit auch des neuen Vereinsvorsitzenden, in der vom Pr\u00e4sidium am 03.05.2021 beschlossenen und [&hellip;]<\/p>\n","protected":false},"author":1,"featured_media":2980,"comment_status":"closed","ping_status":"closed","sticky":false,"template":"","format":"standard","meta":{"footnotes":""},"categories":[85,138],"tags":[139,109,94,125,113,92],"class_list":["post-3310","post","type-post","status-publish","format-standard","has-post-thumbnail","hentry","category-verein","category-information_des_vorstands","tag-amtsgericht-goerlitz","tag-carsten-liebig","tag-gelb-weiss-goerlitz","tag-harald-twupack","tag-mitgliederversammlung","tag-nfv09"],"yoast_head":"<!-- This site is optimized with the Yoast SEO plugin v27.5 - https:\/\/yoast.com\/product\/yoast-seo-wordpress\/ -->\n<title>Urteil des Amtsgerichts G\u00f6rlitz - NFV Gelb-Wei\u00df G\u00f6rlitz 09 e.V.<\/title>\n<meta name=\"robots\" content=\"index, follow, max-snippet:-1, max-image-preview:large, max-video-preview:-1\" \/>\n<link rel=\"canonical\" href=\"https:\/\/www.nfv09.de\/home\/2021\/09\/28\/urteil_des_amtsgerichts_2021-09-29-2\/\" \/>\n<meta property=\"og:locale\" content=\"de_DE\" \/>\n<meta property=\"og:type\" content=\"article\" \/>\n<meta property=\"og:title\" content=\"Urteil des Amtsgerichts G\u00f6rlitz - NFV Gelb-Wei\u00df G\u00f6rlitz 09 e.V.\" \/>\n<meta property=\"og:description\" content=\"Liebe Sportfreunde, im Anhang das Urteil des Amtsgerichts G\u00f6rlitz vom 17.09.2021, aus dem hervorgeht, dass Harald Twupack seit dem 21.05.2021 kein Vereinsvorsitzender des NFV09 mehr ist und keine Befugnis mehr hat diesen nach au\u00dfen hin zu vertreten. Die Neuwahl des Vorstandes und somit auch des neuen Vereinsvorsitzenden, in der vom Pr\u00e4sidium am 03.05.2021 beschlossenen und [&hellip;]\" \/>\n<meta property=\"og:url\" content=\"https:\/\/www.nfv09.de\/home\/2021\/09\/28\/urteil_des_amtsgerichts_2021-09-29-2\/\" \/>\n<meta property=\"og:site_name\" content=\"NFV Gelb-Wei\u00df G\u00f6rlitz 09 e.V.\" \/>\n<meta property=\"article:published_time\" content=\"2021-09-28T07:11:00+00:00\" \/>\n<meta property=\"article:modified_time\" content=\"2021-09-29T06:17:30+00:00\" \/>\n<meta property=\"og:image\" content=\"https:\/\/www.nfv09.de\/home\/wp-content\/uploads\/2021\/05\/der_vorstand_informiert.jpg\" \/>\n\t<meta property=\"og:image:width\" content=\"1920\" \/>\n\t<meta property=\"og:image:height\" content=\"828\" \/>\n\t<meta property=\"og:image:type\" content=\"image\/jpeg\" \/>\n<meta name=\"author\" content=\"nfv09\" \/>\n<meta name=\"twitter:card\" content=\"summary_large_image\" \/>\n<meta name=\"twitter:label1\" content=\"Verfasst von\" \/>\n\t<meta name=\"twitter:data1\" content=\"nfv09\" \/>\n\t<meta name=\"twitter:label2\" content=\"Gesch\u00e4tzte Lesezeit\" \/>\n\t<meta name=\"twitter:data2\" content=\"1\u00a0Minute\" \/>\n<script type=\"application\/ld+json\" class=\"yoast-schema-graph\">{\"@context\":\"https:\\\/\\\/schema.org\",\"@graph\":[{\"@type\":\"Article\",\"@id\":\"https:\\\/\\\/www.nfv09.de\\\/home\\\/2021\\\/09\\\/28\\\/urteil_des_amtsgerichts_2021-09-29-2\\\/#article\",\"isPartOf\":{\"@id\":\"https:\\\/\\\/www.nfv09.de\\\/home\\\/2021\\\/09\\\/28\\\/urteil_des_amtsgerichts_2021-09-29-2\\\/\"},\"author\":{\"name\":\"nfv09\",\"@id\":\"https:\\\/\\\/www.nfv09.de\\\/home\\\/#\\\/schema\\\/person\\\/b863b38e8d72961293b5cb8741c63f23\"},\"headline\":\"Urteil des Amtsgerichts G\u00f6rlitz\",\"datePublished\":\"2021-09-28T07:11:00+00:00\",\"dateModified\":\"2021-09-29T06:17:30+00:00\",\"mainEntityOfPage\":{\"@id\":\"https:\\\/\\\/www.nfv09.de\\\/home\\\/2021\\\/09\\\/28\\\/urteil_des_amtsgerichts_2021-09-29-2\\\/\"},\"wordCount\":123,\"publisher\":{\"@id\":\"https:\\\/\\\/www.nfv09.de\\\/home\\\/#\\\/schema\\\/person\\\/ed693ed28e6e4b3f80b32447b2b6cbc7\"},\"image\":{\"@id\":\"https:\\\/\\\/www.nfv09.de\\\/home\\\/2021\\\/09\\\/28\\\/urteil_des_amtsgerichts_2021-09-29-2\\\/#primaryimage\"},\"thumbnailUrl\":\"https:\\\/\\\/www.nfv09.de\\\/home\\\/wp-content\\\/uploads\\\/2021\\\/05\\\/der_vorstand_informiert.jpg\",\"keywords\":[\"Amtsgericht G\u00f6rlitz\",\"Carsten Liebig\",\"Gelb-Wei\u00df G\u00f6rlitz\",\"Harald Twupack\",\"Mitgliederversammlung\",\"NFV09\"],\"articleSection\":[\"Verein\",\"Vorstand\"],\"inLanguage\":\"de\"},{\"@type\":\"WebPage\",\"@id\":\"https:\\\/\\\/www.nfv09.de\\\/home\\\/2021\\\/09\\\/28\\\/urteil_des_amtsgerichts_2021-09-29-2\\\/\",\"url\":\"https:\\\/\\\/www.nfv09.de\\\/home\\\/2021\\\/09\\\/28\\\/urteil_des_amtsgerichts_2021-09-29-2\\\/\",\"name\":\"Urteil des Amtsgerichts G\u00f6rlitz - NFV Gelb-Wei\u00df G\u00f6rlitz 09 e.V.\",\"isPartOf\":{\"@id\":\"https:\\\/\\\/www.nfv09.de\\\/home\\\/#website\"},\"primaryImageOfPage\":{\"@id\":\"https:\\\/\\\/www.nfv09.de\\\/home\\\/2021\\\/09\\\/28\\\/urteil_des_amtsgerichts_2021-09-29-2\\\/#primaryimage\"},\"image\":{\"@id\":\"https:\\\/\\\/www.nfv09.de\\\/home\\\/2021\\\/09\\\/28\\\/urteil_des_amtsgerichts_2021-09-29-2\\\/#primaryimage\"},\"thumbnailUrl\":\"https:\\\/\\\/www.nfv09.de\\\/home\\\/wp-content\\\/uploads\\\/2021\\\/05\\\/der_vorstand_informiert.jpg\",\"datePublished\":\"2021-09-28T07:11:00+00:00\",\"dateModified\":\"2021-09-29T06:17:30+00:00\",\"breadcrumb\":{\"@id\":\"https:\\\/\\\/www.nfv09.de\\\/home\\\/2021\\\/09\\\/28\\\/urteil_des_amtsgerichts_2021-09-29-2\\\/#breadcrumb\"},\"inLanguage\":\"de\",\"potentialAction\":[{\"@type\":\"ReadAction\",\"target\":[\"https:\\\/\\\/www.nfv09.de\\\/home\\\/2021\\\/09\\\/28\\\/urteil_des_amtsgerichts_2021-09-29-2\\\/\"]}]},{\"@type\":\"ImageObject\",\"inLanguage\":\"de\",\"@id\":\"https:\\\/\\\/www.nfv09.de\\\/home\\\/2021\\\/09\\\/28\\\/urteil_des_amtsgerichts_2021-09-29-2\\\/#primaryimage\",\"url\":\"https:\\\/\\\/www.nfv09.de\\\/home\\\/wp-content\\\/uploads\\\/2021\\\/05\\\/der_vorstand_informiert.jpg\",\"contentUrl\":\"https:\\\/\\\/www.nfv09.de\\\/home\\\/wp-content\\\/uploads\\\/2021\\\/05\\\/der_vorstand_informiert.jpg\",\"width\":1920,\"height\":828},{\"@type\":\"BreadcrumbList\",\"@id\":\"https:\\\/\\\/www.nfv09.de\\\/home\\\/2021\\\/09\\\/28\\\/urteil_des_amtsgerichts_2021-09-29-2\\\/#breadcrumb\",\"itemListElement\":[{\"@type\":\"ListItem\",\"position\":1,\"name\":\"Startseite\",\"item\":\"https:\\\/\\\/www.nfv09.de\\\/home\\\/\"},{\"@type\":\"ListItem\",\"position\":2,\"name\":\"Urteil des Amtsgerichts G\u00f6rlitz\"}]},{\"@type\":\"WebSite\",\"@id\":\"https:\\\/\\\/www.nfv09.de\\\/home\\\/#website\",\"url\":\"https:\\\/\\\/www.nfv09.de\\\/home\\\/\",\"name\":\"NFV Gelb-Wei\u00df G\u00f6rlitz 09 e.V.\",\"description\":\"Sachsenklasse Ost\",\"publisher\":{\"@id\":\"https:\\\/\\\/www.nfv09.de\\\/home\\\/#\\\/schema\\\/person\\\/ed693ed28e6e4b3f80b32447b2b6cbc7\"},\"potentialAction\":[{\"@type\":\"SearchAction\",\"target\":{\"@type\":\"EntryPoint\",\"urlTemplate\":\"https:\\\/\\\/www.nfv09.de\\\/home\\\/?s={search_term_string}\"},\"query-input\":{\"@type\":\"PropertyValueSpecification\",\"valueRequired\":true,\"valueName\":\"search_term_string\"}}],\"inLanguage\":\"de\"},{\"@type\":[\"Person\",\"Organization\"],\"@id\":\"https:\\\/\\\/www.nfv09.de\\\/home\\\/#\\\/schema\\\/person\\\/ed693ed28e6e4b3f80b32447b2b6cbc7\",\"name\":\"Regassi\",\"image\":{\"@type\":\"ImageObject\",\"inLanguage\":\"de\",\"@id\":\"https:\\\/\\\/www.nfv09.de\\\/home\\\/wp-content\\\/uploads\\\/2015\\\/04\\\/cropped-nfv-gelb-weiss-goerlitz-e1468573113314-1.gif\",\"url\":\"https:\\\/\\\/www.nfv09.de\\\/home\\\/wp-content\\\/uploads\\\/2015\\\/04\\\/cropped-nfv-gelb-weiss-goerlitz-e1468573113314-1.gif\",\"contentUrl\":\"https:\\\/\\\/www.nfv09.de\\\/home\\\/wp-content\\\/uploads\\\/2015\\\/04\\\/cropped-nfv-gelb-weiss-goerlitz-e1468573113314-1.gif\",\"width\":100,\"height\":122,\"caption\":\"Regassi\"},\"logo\":{\"@id\":\"https:\\\/\\\/www.nfv09.de\\\/home\\\/wp-content\\\/uploads\\\/2015\\\/04\\\/cropped-nfv-gelb-weiss-goerlitz-e1468573113314-1.gif\"}},{\"@type\":\"Person\",\"@id\":\"https:\\\/\\\/www.nfv09.de\\\/home\\\/#\\\/schema\\\/person\\\/b863b38e8d72961293b5cb8741c63f23\",\"name\":\"nfv09\",\"image\":{\"@type\":\"ImageObject\",\"inLanguage\":\"de\",\"@id\":\"https:\\\/\\\/secure.gravatar.com\\\/avatar\\\/7d94e77464b513659304af3dc292fd6ba3011545ddf76aa14e86246f1a30ac50?s=96&d=mm&r=g\",\"url\":\"https:\\\/\\\/secure.gravatar.com\\\/avatar\\\/7d94e77464b513659304af3dc292fd6ba3011545ddf76aa14e86246f1a30ac50?s=96&d=mm&r=g\",\"contentUrl\":\"https:\\\/\\\/secure.gravatar.com\\\/avatar\\\/7d94e77464b513659304af3dc292fd6ba3011545ddf76aa14e86246f1a30ac50?s=96&d=mm&r=g\",\"caption\":\"nfv09\"},\"url\":\"https:\\\/\\\/www.nfv09.de\\\/home\\\/author\\\/nfv09\\\/\"}]}<\/script>\n<!-- \/ Yoast SEO plugin. -->","yoast_head_json":{"title":"Urteil des Amtsgerichts G\u00f6rlitz - NFV Gelb-Wei\u00df G\u00f6rlitz 09 e.V.","robots":{"index":"index","follow":"follow","max-snippet":"max-snippet:-1","max-image-preview":"max-image-preview:large","max-video-preview":"max-video-preview:-1"},"canonical":"https:\/\/www.nfv09.de\/home\/2021\/09\/28\/urteil_des_amtsgerichts_2021-09-29-2\/","og_locale":"de_DE","og_type":"article","og_title":"Urteil des Amtsgerichts G\u00f6rlitz - NFV Gelb-Wei\u00df G\u00f6rlitz 09 e.V.","og_description":"Liebe Sportfreunde, im Anhang das Urteil des Amtsgerichts G\u00f6rlitz vom 17.09.2021, aus dem hervorgeht, dass Harald Twupack seit dem 21.05.2021 kein Vereinsvorsitzender des NFV09 mehr ist und keine Befugnis mehr hat diesen nach au\u00dfen hin zu vertreten. Die Neuwahl des Vorstandes und somit auch des neuen Vereinsvorsitzenden, in der vom Pr\u00e4sidium am 03.05.2021 beschlossenen und [&hellip;]","og_url":"https:\/\/www.nfv09.de\/home\/2021\/09\/28\/urteil_des_amtsgerichts_2021-09-29-2\/","og_site_name":"NFV Gelb-Wei\u00df G\u00f6rlitz 09 e.V.","article_published_time":"2021-09-28T07:11:00+00:00","article_modified_time":"2021-09-29T06:17:30+00:00","og_image":[{"width":1920,"height":828,"url":"https:\/\/www.nfv09.de\/home\/wp-content\/uploads\/2021\/05\/der_vorstand_informiert.jpg","type":"image\/jpeg"}],"author":"nfv09","twitter_card":"summary_large_image","twitter_misc":{"Verfasst von":"nfv09","Gesch\u00e4tzte Lesezeit":"1\u00a0Minute"},"schema":{"@context":"https:\/\/schema.org","@graph":[{"@type":"Article","@id":"https:\/\/www.nfv09.de\/home\/2021\/09\/28\/urteil_des_amtsgerichts_2021-09-29-2\/#article","isPartOf":{"@id":"https:\/\/www.nfv09.de\/home\/2021\/09\/28\/urteil_des_amtsgerichts_2021-09-29-2\/"},"author":{"name":"nfv09","@id":"https:\/\/www.nfv09.de\/home\/#\/schema\/person\/b863b38e8d72961293b5cb8741c63f23"},"headline":"Urteil des Amtsgerichts G\u00f6rlitz","datePublished":"2021-09-28T07:11:00+00:00","dateModified":"2021-09-29T06:17:30+00:00","mainEntityOfPage":{"@id":"https:\/\/www.nfv09.de\/home\/2021\/09\/28\/urteil_des_amtsgerichts_2021-09-29-2\/"},"wordCount":123,"publisher":{"@id":"https:\/\/www.nfv09.de\/home\/#\/schema\/person\/ed693ed28e6e4b3f80b32447b2b6cbc7"},"image":{"@id":"https:\/\/www.nfv09.de\/home\/2021\/09\/28\/urteil_des_amtsgerichts_2021-09-29-2\/#primaryimage"},"thumbnailUrl":"https:\/\/www.nfv09.de\/home\/wp-content\/uploads\/2021\/05\/der_vorstand_informiert.jpg","keywords":["Amtsgericht G\u00f6rlitz","Carsten Liebig","Gelb-Wei\u00df G\u00f6rlitz","Harald Twupack","Mitgliederversammlung","NFV09"],"articleSection":["Verein","Vorstand"],"inLanguage":"de"},{"@type":"WebPage","@id":"https:\/\/www.nfv09.de\/home\/2021\/09\/28\/urteil_des_amtsgerichts_2021-09-29-2\/","url":"https:\/\/www.nfv09.de\/home\/2021\/09\/28\/urteil_des_amtsgerichts_2021-09-29-2\/","name":"Urteil des Amtsgerichts G\u00f6rlitz - NFV Gelb-Wei\u00df G\u00f6rlitz 09 e.V.","isPartOf":{"@id":"https:\/\/www.nfv09.de\/home\/#website"},"primaryImageOfPage":{"@id":"https:\/\/www.nfv09.de\/home\/2021\/09\/28\/urteil_des_amtsgerichts_2021-09-29-2\/#primaryimage"},"image":{"@id":"https:\/\/www.nfv09.de\/home\/2021\/09\/28\/urteil_des_amtsgerichts_2021-09-29-2\/#primaryimage"},"thumbnailUrl":"https:\/\/www.nfv09.de\/home\/wp-content\/uploads\/2021\/05\/der_vorstand_informiert.jpg","datePublished":"2021-09-28T07:11:00+00:00","dateModified":"2021-09-29T06:17:30+00:00","breadcrumb":{"@id":"https:\/\/www.nfv09.de\/home\/2021\/09\/28\/urteil_des_amtsgerichts_2021-09-29-2\/#breadcrumb"},"inLanguage":"de","potentialAction":[{"@type":"ReadAction","target":["https:\/\/www.nfv09.de\/home\/2021\/09\/28\/urteil_des_amtsgerichts_2021-09-29-2\/"]}]},{"@type":"ImageObject","inLanguage":"de","@id":"https:\/\/www.nfv09.de\/home\/2021\/09\/28\/urteil_des_amtsgerichts_2021-09-29-2\/#primaryimage","url":"https:\/\/www.nfv09.de\/home\/wp-content\/uploads\/2021\/05\/der_vorstand_informiert.jpg","contentUrl":"https:\/\/www.nfv09.de\/home\/wp-content\/uploads\/2021\/05\/der_vorstand_informiert.jpg","width":1920,"height":828},{"@type":"BreadcrumbList","@id":"https:\/\/www.nfv09.de\/home\/2021\/09\/28\/urteil_des_amtsgerichts_2021-09-29-2\/#breadcrumb","itemListElement":[{"@type":"ListItem","position":1,"name":"Startseite","item":"https:\/\/www.nfv09.de\/home\/"},{"@type":"ListItem","position":2,"name":"Urteil des Amtsgerichts G\u00f6rlitz"}]},{"@type":"WebSite","@id":"https:\/\/www.nfv09.de\/home\/#website","url":"https:\/\/www.nfv09.de\/home\/","name":"NFV Gelb-Wei\u00df G\u00f6rlitz 09 e.V.","description":"Sachsenklasse Ost","publisher":{"@id":"https:\/\/www.nfv09.de\/home\/#\/schema\/person\/ed693ed28e6e4b3f80b32447b2b6cbc7"},"potentialAction":[{"@type":"SearchAction","target":{"@type":"EntryPoint","urlTemplate":"https:\/\/www.nfv09.de\/home\/?s={search_term_string}"},"query-input":{"@type":"PropertyValueSpecification","valueRequired":true,"valueName":"search_term_string"}}],"inLanguage":"de"},{"@type":["Person","Organization"],"@id":"https:\/\/www.nfv09.de\/home\/#\/schema\/person\/ed693ed28e6e4b3f80b32447b2b6cbc7","name":"Regassi","image":{"@type":"ImageObject","inLanguage":"de","@id":"https:\/\/www.nfv09.de\/home\/wp-content\/uploads\/2015\/04\/cropped-nfv-gelb-weiss-goerlitz-e1468573113314-1.gif","url":"https:\/\/www.nfv09.de\/home\/wp-content\/uploads\/2015\/04\/cropped-nfv-gelb-weiss-goerlitz-e1468573113314-1.gif","contentUrl":"https:\/\/www.nfv09.de\/home\/wp-content\/uploads\/2015\/04\/cropped-nfv-gelb-weiss-goerlitz-e1468573113314-1.gif","width":100,"height":122,"caption":"Regassi"},"logo":{"@id":"https:\/\/www.nfv09.de\/home\/wp-content\/uploads\/2015\/04\/cropped-nfv-gelb-weiss-goerlitz-e1468573113314-1.gif"}},{"@type":"Person","@id":"https:\/\/www.nfv09.de\/home\/#\/schema\/person\/b863b38e8d72961293b5cb8741c63f23","name":"nfv09","image":{"@type":"ImageObject","inLanguage":"de","@id":"https:\/\/secure.gravatar.com\/avatar\/7d94e77464b513659304af3dc292fd6ba3011545ddf76aa14e86246f1a30ac50?s=96&d=mm&r=g","url":"https:\/\/secure.gravatar.com\/avatar\/7d94e77464b513659304af3dc292fd6ba3011545ddf76aa14e86246f1a30ac50?s=96&d=mm&r=g","contentUrl":"https:\/\/secure.gravatar.com\/avatar\/7d94e77464b513659304af3dc292fd6ba3011545ddf76aa14e86246f1a30ac50?s=96&d=mm&r=g","caption":"nfv09"},"url":"https:\/\/www.nfv09.de\/home\/author\/nfv09\/"}]}},"_links":{"self":[{"href":"https:\/\/www.nfv09.de\/home\/wp-json\/wp\/v2\/posts\/3310","targetHints":{"allow":["GET"]}}],"collection":[{"href":"https:\/\/www.nfv09.de\/home\/wp-json\/wp\/v2\/posts"}],"about":[{"href":"https:\/\/www.nfv09.de\/home\/wp-json\/wp\/v2\/types\/post"}],"author":[{"embeddable":true,"href":"https:\/\/www.nfv09.de\/home\/wp-json\/wp\/v2\/users\/1"}],"replies":[{"embeddable":true,"href":"https:\/\/www.nfv09.de\/home\/wp-json\/wp\/v2\/comments?post=3310"}],"version-history":[{"count":3,"href":"https:\/\/www.nfv09.de\/home\/wp-json\/wp\/v2\/posts\/3310\/revisions"}],"predecessor-version":[{"id":3315,"href":"https:\/\/www.nfv09.de\/home\/wp-json\/wp\/v2\/posts\/3310\/revisions\/3315"}],"wp:featuredmedia":[{"embeddable":true,"href":"https:\/\/www.nfv09.de\/home\/wp-json\/wp\/v2\/media\/2980"}],"wp:attachment":[{"href":"https:\/\/www.nfv09.de\/home\/wp-json\/wp\/v2\/media?parent=3310"}],"wp:term":[{"taxonomy":"category","embeddable":true,"href":"https:\/\/www.nfv09.de\/home\/wp-json\/wp\/v2\/categories?post=3310"},{"taxonomy":"post_tag","embeddable":true,"href":"https:\/\/www.nfv09.de\/home\/wp-json\/wp\/v2\/tags?post=3310"}],"curies":[{"name":"wp","href":"https:\/\/api.w.org\/{rel}","templated":true}]}}