{"id":2986,"date":"2021-06-02T10:54:31","date_gmt":"2021-06-02T08:54:31","guid":{"rendered":"http:\/\/www.nfv09.de\/home\/?p=2986"},"modified":"2021-06-02T12:51:18","modified_gmt":"2021-06-02T10:51:18","slug":"vorstandsbeschluesse-21-05-und-31-05-2021","status":"publish","type":"post","link":"https:\/\/www.nfv09.de\/home\/2021\/06\/02\/vorstandsbeschluesse-21-05-und-31-05-2021\/","title":{"rendered":"Vorstandsbeschl\u00fcsse 21.05. und 31.05.2021"},"content":{"rendered":"\n<p>Der Vorstand des NFV Gelb-Wei\u00df G\u00f6rlitz 09 e.V. hat in seinen Vorstandssitzungen am 21.05. und 31.05.2021 folgende<br>Beschl\u00fcsse getroffen und Vereinsausschlussverfahren gegen die unten genannten<br>Personen er\u00f6ffnet:<\/p>\n\n\n\n<div class=\"wp-block-file\"><a href=\"https:\/\/www.nfv09.de\/home\/wp-content\/uploads\/2021\/06\/Ausschluss_Twupack.pdf\">Ausschluss_Twupack<\/a><a href=\"https:\/\/www.nfv09.de\/home\/wp-content\/uploads\/2021\/06\/Ausschluss_Twupack.pdf\" class=\"wp-block-file__button\" download>Herunterladen<\/a><\/div>\n\n\n\n<div class=\"wp-block-file\"><a href=\"https:\/\/www.nfv09.de\/home\/wp-content\/uploads\/2021\/06\/AusschlLeszczy.pdf\">Ausschluss_Leszczynski<\/a><a href=\"https:\/\/www.nfv09.de\/home\/wp-content\/uploads\/2021\/06\/AusschlLeszczy.pdf\" class=\"wp-block-file__button\" download>Herunterladen<\/a><\/div>\n\n\n\n<p>Der Vorstand<\/p>\n","protected":false},"excerpt":{"rendered":"<p>Der Vorstand des NFV Gelb-Wei\u00df G\u00f6rlitz 09 e.V. hat in seinen Vorstandssitzungen am 21.05. und 31.05.2021 folgendeBeschl\u00fcsse getroffen und Vereinsausschlussverfahren gegen die unten genanntenPersonen er\u00f6ffnet: Der Vorstand<\/p>\n","protected":false},"author":1,"featured_media":2980,"comment_status":"closed","ping_status":"closed","sticky":false,"template":"","format":"aside","meta":{"footnotes":""},"categories":[85,138],"tags":[],"class_list":["post-2986","post","type-post","status-publish","format-aside","has-post-thumbnail","hentry","category-verein","category-information_des_vorstands","post_format-post-format-aside"],"yoast_head":"<!-- This site is optimized with the Yoast SEO plugin v27.5 - https:\/\/yoast.com\/product\/yoast-seo-wordpress\/ -->\n<title>Vorstandsbeschl\u00fcsse 21.05. und 31.05.2021 - NFV Gelb-Wei\u00df G\u00f6rlitz 09 e.V.<\/title>\n<meta name=\"robots\" content=\"index, follow, max-snippet:-1, max-image-preview:large, max-video-preview:-1\" \/>\n<link rel=\"canonical\" href=\"https:\/\/www.nfv09.de\/home\/2021\/06\/02\/vorstandsbeschluesse-21-05-und-31-05-2021\/\" \/>\n<meta property=\"og:locale\" content=\"de_DE\" \/>\n<meta property=\"og:type\" content=\"article\" \/>\n<meta property=\"og:title\" content=\"Vorstandsbeschl\u00fcsse 21.05. und 31.05.2021 - NFV Gelb-Wei\u00df G\u00f6rlitz 09 e.V.\" \/>\n<meta property=\"og:description\" content=\"Der Vorstand des NFV Gelb-Wei\u00df G\u00f6rlitz 09 e.V. hat in seinen Vorstandssitzungen am 21.05. und 31.05.2021 folgendeBeschl\u00fcsse getroffen und Vereinsausschlussverfahren gegen die unten genanntenPersonen er\u00f6ffnet: Der Vorstand\" \/>\n<meta property=\"og:url\" content=\"https:\/\/www.nfv09.de\/home\/2021\/06\/02\/vorstandsbeschluesse-21-05-und-31-05-2021\/\" \/>\n<meta property=\"og:site_name\" content=\"NFV Gelb-Wei\u00df G\u00f6rlitz 09 e.V.\" \/>\n<meta property=\"article:published_time\" content=\"2021-06-02T08:54:31+00:00\" \/>\n<meta property=\"article:modified_time\" content=\"2021-06-02T10:51:18+00:00\" \/>\n<meta property=\"og:image\" content=\"https:\/\/www.nfv09.de\/home\/wp-content\/uploads\/2021\/05\/der_vorstand_informiert.jpg\" \/>\n\t<meta property=\"og:image:width\" content=\"1920\" \/>\n\t<meta property=\"og:image:height\" content=\"828\" \/>\n\t<meta property=\"og:image:type\" content=\"image\/jpeg\" \/>\n<meta name=\"author\" content=\"nfv09\" \/>\n<meta name=\"twitter:card\" content=\"summary_large_image\" \/>\n<meta name=\"twitter:label1\" content=\"Verfasst von\" \/>\n\t<meta name=\"twitter:data1\" content=\"nfv09\" \/>\n\t<meta name=\"twitter:label2\" content=\"Gesch\u00e4tzte Lesezeit\" \/>\n\t<meta name=\"twitter:data2\" content=\"1\u00a0Minute\" \/>\n<script type=\"application\/ld+json\" class=\"yoast-schema-graph\">{\"@context\":\"https:\\\/\\\/schema.org\",\"@graph\":[{\"@type\":\"Article\",\"@id\":\"https:\\\/\\\/www.nfv09.de\\\/home\\\/2021\\\/06\\\/02\\\/vorstandsbeschluesse-21-05-und-31-05-2021\\\/#article\",\"isPartOf\":{\"@id\":\"https:\\\/\\\/www.nfv09.de\\\/home\\\/2021\\\/06\\\/02\\\/vorstandsbeschluesse-21-05-und-31-05-2021\\\/\"},\"author\":{\"name\":\"nfv09\",\"@id\":\"https:\\\/\\\/www.nfv09.de\\\/home\\\/#\\\/schema\\\/person\\\/b863b38e8d72961293b5cb8741c63f23\"},\"headline\":\"Vorstandsbeschl\u00fcsse 21.05. und 31.05.2021\",\"datePublished\":\"2021-06-02T08:54:31+00:00\",\"dateModified\":\"2021-06-02T10:51:18+00:00\",\"mainEntityOfPage\":{\"@id\":\"https:\\\/\\\/www.nfv09.de\\\/home\\\/2021\\\/06\\\/02\\\/vorstandsbeschluesse-21-05-und-31-05-2021\\\/\"},\"wordCount\":37,\"publisher\":{\"@id\":\"https:\\\/\\\/www.nfv09.de\\\/home\\\/#\\\/schema\\\/person\\\/ed693ed28e6e4b3f80b32447b2b6cbc7\"},\"image\":{\"@id\":\"https:\\\/\\\/www.nfv09.de\\\/home\\\/2021\\\/06\\\/02\\\/vorstandsbeschluesse-21-05-und-31-05-2021\\\/#primaryimage\"},\"thumbnailUrl\":\"https:\\\/\\\/www.nfv09.de\\\/home\\\/wp-content\\\/uploads\\\/2021\\\/05\\\/der_vorstand_informiert.jpg\",\"articleSection\":[\"Verein\",\"Vorstand\"],\"inLanguage\":\"de\"},{\"@type\":\"WebPage\",\"@id\":\"https:\\\/\\\/www.nfv09.de\\\/home\\\/2021\\\/06\\\/02\\\/vorstandsbeschluesse-21-05-und-31-05-2021\\\/\",\"url\":\"https:\\\/\\\/www.nfv09.de\\\/home\\\/2021\\\/06\\\/02\\\/vorstandsbeschluesse-21-05-und-31-05-2021\\\/\",\"name\":\"Vorstandsbeschl\u00fcsse 21.05. und 31.05.2021 - NFV Gelb-Wei\u00df G\u00f6rlitz 09 e.V.\",\"isPartOf\":{\"@id\":\"https:\\\/\\\/www.nfv09.de\\\/home\\\/#website\"},\"primaryImageOfPage\":{\"@id\":\"https:\\\/\\\/www.nfv09.de\\\/home\\\/2021\\\/06\\\/02\\\/vorstandsbeschluesse-21-05-und-31-05-2021\\\/#primaryimage\"},\"image\":{\"@id\":\"https:\\\/\\\/www.nfv09.de\\\/home\\\/2021\\\/06\\\/02\\\/vorstandsbeschluesse-21-05-und-31-05-2021\\\/#primaryimage\"},\"thumbnailUrl\":\"https:\\\/\\\/www.nfv09.de\\\/home\\\/wp-content\\\/uploads\\\/2021\\\/05\\\/der_vorstand_informiert.jpg\",\"datePublished\":\"2021-06-02T08:54:31+00:00\",\"dateModified\":\"2021-06-02T10:51:18+00:00\",\"breadcrumb\":{\"@id\":\"https:\\\/\\\/www.nfv09.de\\\/home\\\/2021\\\/06\\\/02\\\/vorstandsbeschluesse-21-05-und-31-05-2021\\\/#breadcrumb\"},\"inLanguage\":\"de\",\"potentialAction\":[{\"@type\":\"ReadAction\",\"target\":[\"https:\\\/\\\/www.nfv09.de\\\/home\\\/2021\\\/06\\\/02\\\/vorstandsbeschluesse-21-05-und-31-05-2021\\\/\"]}]},{\"@type\":\"ImageObject\",\"inLanguage\":\"de\",\"@id\":\"https:\\\/\\\/www.nfv09.de\\\/home\\\/2021\\\/06\\\/02\\\/vorstandsbeschluesse-21-05-und-31-05-2021\\\/#primaryimage\",\"url\":\"https:\\\/\\\/www.nfv09.de\\\/home\\\/wp-content\\\/uploads\\\/2021\\\/05\\\/der_vorstand_informiert.jpg\",\"contentUrl\":\"https:\\\/\\\/www.nfv09.de\\\/home\\\/wp-content\\\/uploads\\\/2021\\\/05\\\/der_vorstand_informiert.jpg\",\"width\":1920,\"height\":828},{\"@type\":\"BreadcrumbList\",\"@id\":\"https:\\\/\\\/www.nfv09.de\\\/home\\\/2021\\\/06\\\/02\\\/vorstandsbeschluesse-21-05-und-31-05-2021\\\/#breadcrumb\",\"itemListElement\":[{\"@type\":\"ListItem\",\"position\":1,\"name\":\"Startseite\",\"item\":\"https:\\\/\\\/www.nfv09.de\\\/home\\\/\"},{\"@type\":\"ListItem\",\"position\":2,\"name\":\"Vorstandsbeschl\u00fcsse 21.05. und 31.05.2021\"}]},{\"@type\":\"WebSite\",\"@id\":\"https:\\\/\\\/www.nfv09.de\\\/home\\\/#website\",\"url\":\"https:\\\/\\\/www.nfv09.de\\\/home\\\/\",\"name\":\"NFV Gelb-Wei\u00df G\u00f6rlitz 09 e.V.\",\"description\":\"Sachsenklasse Ost\",\"publisher\":{\"@id\":\"https:\\\/\\\/www.nfv09.de\\\/home\\\/#\\\/schema\\\/person\\\/ed693ed28e6e4b3f80b32447b2b6cbc7\"},\"potentialAction\":[{\"@type\":\"SearchAction\",\"target\":{\"@type\":\"EntryPoint\",\"urlTemplate\":\"https:\\\/\\\/www.nfv09.de\\\/home\\\/?s={search_term_string}\"},\"query-input\":{\"@type\":\"PropertyValueSpecification\",\"valueRequired\":true,\"valueName\":\"search_term_string\"}}],\"inLanguage\":\"de\"},{\"@type\":[\"Person\",\"Organization\"],\"@id\":\"https:\\\/\\\/www.nfv09.de\\\/home\\\/#\\\/schema\\\/person\\\/ed693ed28e6e4b3f80b32447b2b6cbc7\",\"name\":\"Regassi\",\"image\":{\"@type\":\"ImageObject\",\"inLanguage\":\"de\",\"@id\":\"https:\\\/\\\/www.nfv09.de\\\/home\\\/wp-content\\\/uploads\\\/2015\\\/04\\\/cropped-nfv-gelb-weiss-goerlitz-e1468573113314-1.gif\",\"url\":\"https:\\\/\\\/www.nfv09.de\\\/home\\\/wp-content\\\/uploads\\\/2015\\\/04\\\/cropped-nfv-gelb-weiss-goerlitz-e1468573113314-1.gif\",\"contentUrl\":\"https:\\\/\\\/www.nfv09.de\\\/home\\\/wp-content\\\/uploads\\\/2015\\\/04\\\/cropped-nfv-gelb-weiss-goerlitz-e1468573113314-1.gif\",\"width\":100,\"height\":122,\"caption\":\"Regassi\"},\"logo\":{\"@id\":\"https:\\\/\\\/www.nfv09.de\\\/home\\\/wp-content\\\/uploads\\\/2015\\\/04\\\/cropped-nfv-gelb-weiss-goerlitz-e1468573113314-1.gif\"}},{\"@type\":\"Person\",\"@id\":\"https:\\\/\\\/www.nfv09.de\\\/home\\\/#\\\/schema\\\/person\\\/b863b38e8d72961293b5cb8741c63f23\",\"name\":\"nfv09\",\"image\":{\"@type\":\"ImageObject\",\"inLanguage\":\"de\",\"@id\":\"https:\\\/\\\/secure.gravatar.com\\\/avatar\\\/7d94e77464b513659304af3dc292fd6ba3011545ddf76aa14e86246f1a30ac50?s=96&d=mm&r=g\",\"url\":\"https:\\\/\\\/secure.gravatar.com\\\/avatar\\\/7d94e77464b513659304af3dc292fd6ba3011545ddf76aa14e86246f1a30ac50?s=96&d=mm&r=g\",\"contentUrl\":\"https:\\\/\\\/secure.gravatar.com\\\/avatar\\\/7d94e77464b513659304af3dc292fd6ba3011545ddf76aa14e86246f1a30ac50?s=96&d=mm&r=g\",\"caption\":\"nfv09\"},\"url\":\"https:\\\/\\\/www.nfv09.de\\\/home\\\/author\\\/nfv09\\\/\"}]}<\/script>\n<!-- \/ Yoast SEO plugin. -->","yoast_head_json":{"title":"Vorstandsbeschl\u00fcsse 21.05. und 31.05.2021 - NFV Gelb-Wei\u00df G\u00f6rlitz 09 e.V.","robots":{"index":"index","follow":"follow","max-snippet":"max-snippet:-1","max-image-preview":"max-image-preview:large","max-video-preview":"max-video-preview:-1"},"canonical":"https:\/\/www.nfv09.de\/home\/2021\/06\/02\/vorstandsbeschluesse-21-05-und-31-05-2021\/","og_locale":"de_DE","og_type":"article","og_title":"Vorstandsbeschl\u00fcsse 21.05. und 31.05.2021 - NFV Gelb-Wei\u00df G\u00f6rlitz 09 e.V.","og_description":"Der Vorstand des NFV Gelb-Wei\u00df G\u00f6rlitz 09 e.V. hat in seinen Vorstandssitzungen am 21.05. und 31.05.2021 folgendeBeschl\u00fcsse getroffen und Vereinsausschlussverfahren gegen die unten genanntenPersonen er\u00f6ffnet: Der Vorstand","og_url":"https:\/\/www.nfv09.de\/home\/2021\/06\/02\/vorstandsbeschluesse-21-05-und-31-05-2021\/","og_site_name":"NFV Gelb-Wei\u00df G\u00f6rlitz 09 e.V.","article_published_time":"2021-06-02T08:54:31+00:00","article_modified_time":"2021-06-02T10:51:18+00:00","og_image":[{"width":1920,"height":828,"url":"https:\/\/www.nfv09.de\/home\/wp-content\/uploads\/2021\/05\/der_vorstand_informiert.jpg","type":"image\/jpeg"}],"author":"nfv09","twitter_card":"summary_large_image","twitter_misc":{"Verfasst von":"nfv09","Gesch\u00e4tzte Lesezeit":"1\u00a0Minute"},"schema":{"@context":"https:\/\/schema.org","@graph":[{"@type":"Article","@id":"https:\/\/www.nfv09.de\/home\/2021\/06\/02\/vorstandsbeschluesse-21-05-und-31-05-2021\/#article","isPartOf":{"@id":"https:\/\/www.nfv09.de\/home\/2021\/06\/02\/vorstandsbeschluesse-21-05-und-31-05-2021\/"},"author":{"name":"nfv09","@id":"https:\/\/www.nfv09.de\/home\/#\/schema\/person\/b863b38e8d72961293b5cb8741c63f23"},"headline":"Vorstandsbeschl\u00fcsse 21.05. und 31.05.2021","datePublished":"2021-06-02T08:54:31+00:00","dateModified":"2021-06-02T10:51:18+00:00","mainEntityOfPage":{"@id":"https:\/\/www.nfv09.de\/home\/2021\/06\/02\/vorstandsbeschluesse-21-05-und-31-05-2021\/"},"wordCount":37,"publisher":{"@id":"https:\/\/www.nfv09.de\/home\/#\/schema\/person\/ed693ed28e6e4b3f80b32447b2b6cbc7"},"image":{"@id":"https:\/\/www.nfv09.de\/home\/2021\/06\/02\/vorstandsbeschluesse-21-05-und-31-05-2021\/#primaryimage"},"thumbnailUrl":"https:\/\/www.nfv09.de\/home\/wp-content\/uploads\/2021\/05\/der_vorstand_informiert.jpg","articleSection":["Verein","Vorstand"],"inLanguage":"de"},{"@type":"WebPage","@id":"https:\/\/www.nfv09.de\/home\/2021\/06\/02\/vorstandsbeschluesse-21-05-und-31-05-2021\/","url":"https:\/\/www.nfv09.de\/home\/2021\/06\/02\/vorstandsbeschluesse-21-05-und-31-05-2021\/","name":"Vorstandsbeschl\u00fcsse 21.05. und 31.05.2021 - NFV Gelb-Wei\u00df G\u00f6rlitz 09 e.V.","isPartOf":{"@id":"https:\/\/www.nfv09.de\/home\/#website"},"primaryImageOfPage":{"@id":"https:\/\/www.nfv09.de\/home\/2021\/06\/02\/vorstandsbeschluesse-21-05-und-31-05-2021\/#primaryimage"},"image":{"@id":"https:\/\/www.nfv09.de\/home\/2021\/06\/02\/vorstandsbeschluesse-21-05-und-31-05-2021\/#primaryimage"},"thumbnailUrl":"https:\/\/www.nfv09.de\/home\/wp-content\/uploads\/2021\/05\/der_vorstand_informiert.jpg","datePublished":"2021-06-02T08:54:31+00:00","dateModified":"2021-06-02T10:51:18+00:00","breadcrumb":{"@id":"https:\/\/www.nfv09.de\/home\/2021\/06\/02\/vorstandsbeschluesse-21-05-und-31-05-2021\/#breadcrumb"},"inLanguage":"de","potentialAction":[{"@type":"ReadAction","target":["https:\/\/www.nfv09.de\/home\/2021\/06\/02\/vorstandsbeschluesse-21-05-und-31-05-2021\/"]}]},{"@type":"ImageObject","inLanguage":"de","@id":"https:\/\/www.nfv09.de\/home\/2021\/06\/02\/vorstandsbeschluesse-21-05-und-31-05-2021\/#primaryimage","url":"https:\/\/www.nfv09.de\/home\/wp-content\/uploads\/2021\/05\/der_vorstand_informiert.jpg","contentUrl":"https:\/\/www.nfv09.de\/home\/wp-content\/uploads\/2021\/05\/der_vorstand_informiert.jpg","width":1920,"height":828},{"@type":"BreadcrumbList","@id":"https:\/\/www.nfv09.de\/home\/2021\/06\/02\/vorstandsbeschluesse-21-05-und-31-05-2021\/#breadcrumb","itemListElement":[{"@type":"ListItem","position":1,"name":"Startseite","item":"https:\/\/www.nfv09.de\/home\/"},{"@type":"ListItem","position":2,"name":"Vorstandsbeschl\u00fcsse 21.05. und 31.05.2021"}]},{"@type":"WebSite","@id":"https:\/\/www.nfv09.de\/home\/#website","url":"https:\/\/www.nfv09.de\/home\/","name":"NFV Gelb-Wei\u00df G\u00f6rlitz 09 e.V.","description":"Sachsenklasse Ost","publisher":{"@id":"https:\/\/www.nfv09.de\/home\/#\/schema\/person\/ed693ed28e6e4b3f80b32447b2b6cbc7"},"potentialAction":[{"@type":"SearchAction","target":{"@type":"EntryPoint","urlTemplate":"https:\/\/www.nfv09.de\/home\/?s={search_term_string}"},"query-input":{"@type":"PropertyValueSpecification","valueRequired":true,"valueName":"search_term_string"}}],"inLanguage":"de"},{"@type":["Person","Organization"],"@id":"https:\/\/www.nfv09.de\/home\/#\/schema\/person\/ed693ed28e6e4b3f80b32447b2b6cbc7","name":"Regassi","image":{"@type":"ImageObject","inLanguage":"de","@id":"https:\/\/www.nfv09.de\/home\/wp-content\/uploads\/2015\/04\/cropped-nfv-gelb-weiss-goerlitz-e1468573113314-1.gif","url":"https:\/\/www.nfv09.de\/home\/wp-content\/uploads\/2015\/04\/cropped-nfv-gelb-weiss-goerlitz-e1468573113314-1.gif","contentUrl":"https:\/\/www.nfv09.de\/home\/wp-content\/uploads\/2015\/04\/cropped-nfv-gelb-weiss-goerlitz-e1468573113314-1.gif","width":100,"height":122,"caption":"Regassi"},"logo":{"@id":"https:\/\/www.nfv09.de\/home\/wp-content\/uploads\/2015\/04\/cropped-nfv-gelb-weiss-goerlitz-e1468573113314-1.gif"}},{"@type":"Person","@id":"https:\/\/www.nfv09.de\/home\/#\/schema\/person\/b863b38e8d72961293b5cb8741c63f23","name":"nfv09","image":{"@type":"ImageObject","inLanguage":"de","@id":"https:\/\/secure.gravatar.com\/avatar\/7d94e77464b513659304af3dc292fd6ba3011545ddf76aa14e86246f1a30ac50?s=96&d=mm&r=g","url":"https:\/\/secure.gravatar.com\/avatar\/7d94e77464b513659304af3dc292fd6ba3011545ddf76aa14e86246f1a30ac50?s=96&d=mm&r=g","contentUrl":"https:\/\/secure.gravatar.com\/avatar\/7d94e77464b513659304af3dc292fd6ba3011545ddf76aa14e86246f1a30ac50?s=96&d=mm&r=g","caption":"nfv09"},"url":"https:\/\/www.nfv09.de\/home\/author\/nfv09\/"}]}},"_links":{"self":[{"href":"https:\/\/www.nfv09.de\/home\/wp-json\/wp\/v2\/posts\/2986","targetHints":{"allow":["GET"]}}],"collection":[{"href":"https:\/\/www.nfv09.de\/home\/wp-json\/wp\/v2\/posts"}],"about":[{"href":"https:\/\/www.nfv09.de\/home\/wp-json\/wp\/v2\/types\/post"}],"author":[{"embeddable":true,"href":"https:\/\/www.nfv09.de\/home\/wp-json\/wp\/v2\/users\/1"}],"replies":[{"embeddable":true,"href":"https:\/\/www.nfv09.de\/home\/wp-json\/wp\/v2\/comments?post=2986"}],"version-history":[{"count":4,"href":"https:\/\/www.nfv09.de\/home\/wp-json\/wp\/v2\/posts\/2986\/revisions"}],"predecessor-version":[{"id":2992,"href":"https:\/\/www.nfv09.de\/home\/wp-json\/wp\/v2\/posts\/2986\/revisions\/2992"}],"wp:featuredmedia":[{"embeddable":true,"href":"https:\/\/www.nfv09.de\/home\/wp-json\/wp\/v2\/media\/2980"}],"wp:attachment":[{"href":"https:\/\/www.nfv09.de\/home\/wp-json\/wp\/v2\/media?parent=2986"}],"wp:term":[{"taxonomy":"category","embeddable":true,"href":"https:\/\/www.nfv09.de\/home\/wp-json\/wp\/v2\/categories?post=2986"},{"taxonomy":"post_tag","embeddable":true,"href":"https:\/\/www.nfv09.de\/home\/wp-json\/wp\/v2\/tags?post=2986"}],"curies":[{"name":"wp","href":"https:\/\/api.w.org\/{rel}","templated":true}]}}