{"id":2874,"date":"2020-12-01T22:53:03","date_gmt":"2020-12-01T21:53:03","guid":{"rendered":"http:\/\/www.nfv09.de\/home\/?p=2874"},"modified":"2020-12-01T23:25:38","modified_gmt":"2020-12-01T22:25:38","slug":"trauer-um-martin-runge","status":"publish","type":"post","link":"https:\/\/www.nfv09.de\/home\/2020\/12\/01\/trauer-um-martin-runge\/","title":{"rendered":"Trauer um Martin Runge"},"content":{"rendered":"\n<p class=\"has-text-color has-background has-very-light-gray-color has-very-dark-gray-background-color\"><strong>Mit tiefer Best\u00fcrzung haben wir am heutigen Tag, vom Tod unseres \u201cEdel-Fans\u201c Martin Runge erfahren. <\/strong><\/p>\n\n\n\n<p class=\"has-text-color has-background has-very-light-gray-color has-very-dark-gray-background-color\"><strong>Seit Jahrzehnten war Martin, als treuer Begleiter von Motor WAMA, dem NSV und dem heutigen NFV aus den Stadien der Region und weit dar\u00fcber hinaus nicht wegzudenken. <\/strong><\/p>\n\n\n\n<p class=\"has-text-color has-background has-very-light-gray-color has-very-dark-gray-background-color\"><strong>Bei Wind und Wetter begleitete und trug er die Gelb-Wei\u00dfen Farben mit Bus und Bahn durch die Lande und unterst\u00fctzte das Team stets lautstark von den Zuschauerr\u00e4ngen. <\/strong><\/p>\n\n\n\n<p class=\"has-text-color has-background has-very-light-gray-color has-very-dark-gray-background-color\"><strong>Mit Martin Runge wird uns ein \u201eFu\u00dfballverr\u00fccktes\u201c Original fehlen, sein schallendes \u201cNFV, Schlesien!\u201c  f\u00fcr immer, in positiver Erinnerung, in unseren Ohren bleiben. <\/strong><\/p>\n\n\n\n<p class=\"has-text-color has-background has-very-light-gray-color has-very-dark-gray-background-color\"><strong>In Dankbarkeit f\u00fcr seine Treue, Unterst\u00fctzung und in ehrendem Gedenken<\/strong><\/p>\n\n\n\n<p class=\"has-text-color has-background has-very-light-gray-color has-very-dark-gray-background-color\"><strong>Pr\u00e4sidium, Vorstand &amp; Mitglieder des NFV09 <\/strong><\/p>\n\n\n\n<p class=\"has-text-color has-background has-very-light-gray-color has-very-dark-gray-background-color\"><strong>01.12.2020<\/strong><\/p>\n","protected":false},"excerpt":{"rendered":"<p>Mit tiefer Best\u00fcrzung haben wir am heutigen Tag, vom Tod unseres \u201cEdel-Fans\u201c Martin Runge erfahren. Seit Jahrzehnten war Martin, als treuer Begleiter von Motor WAMA, dem NSV und dem heutigen NFV aus den Stadien der Region und weit dar\u00fcber hinaus nicht wegzudenken. Bei Wind und Wetter begleitete und trug er die Gelb-Wei\u00dfen Farben mit Bus [&hellip;]<\/p>\n","protected":false},"author":3,"featured_media":2885,"comment_status":"open","ping_status":"open","sticky":false,"template":"","format":"aside","meta":{"footnotes":""},"categories":[85],"tags":[],"class_list":["post-2874","post","type-post","status-publish","format-aside","has-post-thumbnail","hentry","category-verein","post_format-post-format-aside"],"yoast_head":"<!-- This site is optimized with the Yoast SEO plugin v27.5 - https:\/\/yoast.com\/product\/yoast-seo-wordpress\/ -->\n<title>Trauer um Martin Runge - NFV Gelb-Wei\u00df G\u00f6rlitz 09 e.V.<\/title>\n<meta name=\"robots\" content=\"index, follow, max-snippet:-1, max-image-preview:large, max-video-preview:-1\" \/>\n<link rel=\"canonical\" href=\"https:\/\/www.nfv09.de\/home\/2020\/12\/01\/trauer-um-martin-runge\/\" \/>\n<meta property=\"og:locale\" content=\"de_DE\" \/>\n<meta property=\"og:type\" content=\"article\" \/>\n<meta property=\"og:title\" content=\"Trauer um Martin Runge - NFV Gelb-Wei\u00df G\u00f6rlitz 09 e.V.\" \/>\n<meta property=\"og:description\" content=\"Mit tiefer Best\u00fcrzung haben wir am heutigen Tag, vom Tod unseres \u201cEdel-Fans\u201c Martin Runge erfahren. Seit Jahrzehnten war Martin, als treuer Begleiter von Motor WAMA, dem NSV und dem heutigen NFV aus den Stadien der Region und weit dar\u00fcber hinaus nicht wegzudenken. Bei Wind und Wetter begleitete und trug er die Gelb-Wei\u00dfen Farben mit Bus [&hellip;]\" \/>\n<meta property=\"og:url\" content=\"https:\/\/www.nfv09.de\/home\/2020\/12\/01\/trauer-um-martin-runge\/\" \/>\n<meta property=\"og:site_name\" content=\"NFV Gelb-Wei\u00df G\u00f6rlitz 09 e.V.\" \/>\n<meta property=\"article:published_time\" content=\"2020-12-01T21:53:03+00:00\" \/>\n<meta property=\"article:modified_time\" content=\"2020-12-01T22:25:38+00:00\" \/>\n<meta property=\"og:image\" content=\"https:\/\/www.nfv09.de\/home\/wp-content\/uploads\/2020\/12\/7EA65735-9F91-45D7-8CFF-BDF88718D48C.jpeg\" \/>\n\t<meta property=\"og:image:width\" content=\"465\" \/>\n\t<meta property=\"og:image:height\" content=\"386\" \/>\n\t<meta property=\"og:image:type\" content=\"image\/jpeg\" \/>\n<meta name=\"author\" content=\"Regassi\" \/>\n<meta name=\"twitter:card\" content=\"summary_large_image\" \/>\n<meta name=\"twitter:label1\" content=\"Verfasst von\" \/>\n\t<meta name=\"twitter:data1\" content=\"Regassi\" \/>\n\t<meta name=\"twitter:label2\" content=\"Gesch\u00e4tzte Lesezeit\" \/>\n\t<meta name=\"twitter:data2\" content=\"1\u00a0Minute\" \/>\n<script type=\"application\/ld+json\" class=\"yoast-schema-graph\">{\"@context\":\"https:\\\/\\\/schema.org\",\"@graph\":[{\"@type\":\"Article\",\"@id\":\"https:\\\/\\\/www.nfv09.de\\\/home\\\/2020\\\/12\\\/01\\\/trauer-um-martin-runge\\\/#article\",\"isPartOf\":{\"@id\":\"https:\\\/\\\/www.nfv09.de\\\/home\\\/2020\\\/12\\\/01\\\/trauer-um-martin-runge\\\/\"},\"author\":{\"name\":\"Regassi\",\"@id\":\"https:\\\/\\\/www.nfv09.de\\\/home\\\/#\\\/schema\\\/person\\\/ed693ed28e6e4b3f80b32447b2b6cbc7\"},\"headline\":\"Trauer um Martin Runge\",\"datePublished\":\"2020-12-01T21:53:03+00:00\",\"dateModified\":\"2020-12-01T22:25:38+00:00\",\"mainEntityOfPage\":{\"@id\":\"https:\\\/\\\/www.nfv09.de\\\/home\\\/2020\\\/12\\\/01\\\/trauer-um-martin-runge\\\/\"},\"wordCount\":122,\"commentCount\":0,\"publisher\":{\"@id\":\"https:\\\/\\\/www.nfv09.de\\\/home\\\/#\\\/schema\\\/person\\\/ed693ed28e6e4b3f80b32447b2b6cbc7\"},\"image\":{\"@id\":\"https:\\\/\\\/www.nfv09.de\\\/home\\\/2020\\\/12\\\/01\\\/trauer-um-martin-runge\\\/#primaryimage\"},\"thumbnailUrl\":\"https:\\\/\\\/www.nfv09.de\\\/home\\\/wp-content\\\/uploads\\\/2020\\\/12\\\/7EA65735-9F91-45D7-8CFF-BDF88718D48C.jpeg\",\"articleSection\":[\"Verein\"],\"inLanguage\":\"de\",\"potentialAction\":[{\"@type\":\"CommentAction\",\"name\":\"Comment\",\"target\":[\"https:\\\/\\\/www.nfv09.de\\\/home\\\/2020\\\/12\\\/01\\\/trauer-um-martin-runge\\\/#respond\"]}]},{\"@type\":\"WebPage\",\"@id\":\"https:\\\/\\\/www.nfv09.de\\\/home\\\/2020\\\/12\\\/01\\\/trauer-um-martin-runge\\\/\",\"url\":\"https:\\\/\\\/www.nfv09.de\\\/home\\\/2020\\\/12\\\/01\\\/trauer-um-martin-runge\\\/\",\"name\":\"Trauer um Martin Runge - NFV Gelb-Wei\u00df G\u00f6rlitz 09 e.V.\",\"isPartOf\":{\"@id\":\"https:\\\/\\\/www.nfv09.de\\\/home\\\/#website\"},\"primaryImageOfPage\":{\"@id\":\"https:\\\/\\\/www.nfv09.de\\\/home\\\/2020\\\/12\\\/01\\\/trauer-um-martin-runge\\\/#primaryimage\"},\"image\":{\"@id\":\"https:\\\/\\\/www.nfv09.de\\\/home\\\/2020\\\/12\\\/01\\\/trauer-um-martin-runge\\\/#primaryimage\"},\"thumbnailUrl\":\"https:\\\/\\\/www.nfv09.de\\\/home\\\/wp-content\\\/uploads\\\/2020\\\/12\\\/7EA65735-9F91-45D7-8CFF-BDF88718D48C.jpeg\",\"datePublished\":\"2020-12-01T21:53:03+00:00\",\"dateModified\":\"2020-12-01T22:25:38+00:00\",\"breadcrumb\":{\"@id\":\"https:\\\/\\\/www.nfv09.de\\\/home\\\/2020\\\/12\\\/01\\\/trauer-um-martin-runge\\\/#breadcrumb\"},\"inLanguage\":\"de\",\"potentialAction\":[{\"@type\":\"ReadAction\",\"target\":[\"https:\\\/\\\/www.nfv09.de\\\/home\\\/2020\\\/12\\\/01\\\/trauer-um-martin-runge\\\/\"]}]},{\"@type\":\"ImageObject\",\"inLanguage\":\"de\",\"@id\":\"https:\\\/\\\/www.nfv09.de\\\/home\\\/2020\\\/12\\\/01\\\/trauer-um-martin-runge\\\/#primaryimage\",\"url\":\"https:\\\/\\\/www.nfv09.de\\\/home\\\/wp-content\\\/uploads\\\/2020\\\/12\\\/7EA65735-9F91-45D7-8CFF-BDF88718D48C.jpeg\",\"contentUrl\":\"https:\\\/\\\/www.nfv09.de\\\/home\\\/wp-content\\\/uploads\\\/2020\\\/12\\\/7EA65735-9F91-45D7-8CFF-BDF88718D48C.jpeg\",\"width\":465,\"height\":386},{\"@type\":\"BreadcrumbList\",\"@id\":\"https:\\\/\\\/www.nfv09.de\\\/home\\\/2020\\\/12\\\/01\\\/trauer-um-martin-runge\\\/#breadcrumb\",\"itemListElement\":[{\"@type\":\"ListItem\",\"position\":1,\"name\":\"Startseite\",\"item\":\"https:\\\/\\\/www.nfv09.de\\\/home\\\/\"},{\"@type\":\"ListItem\",\"position\":2,\"name\":\"Trauer um Martin Runge\"}]},{\"@type\":\"WebSite\",\"@id\":\"https:\\\/\\\/www.nfv09.de\\\/home\\\/#website\",\"url\":\"https:\\\/\\\/www.nfv09.de\\\/home\\\/\",\"name\":\"NFV Gelb-Wei\u00df G\u00f6rlitz 09 e.V.\",\"description\":\"Sachsenklasse Ost\",\"publisher\":{\"@id\":\"https:\\\/\\\/www.nfv09.de\\\/home\\\/#\\\/schema\\\/person\\\/ed693ed28e6e4b3f80b32447b2b6cbc7\"},\"potentialAction\":[{\"@type\":\"SearchAction\",\"target\":{\"@type\":\"EntryPoint\",\"urlTemplate\":\"https:\\\/\\\/www.nfv09.de\\\/home\\\/?s={search_term_string}\"},\"query-input\":{\"@type\":\"PropertyValueSpecification\",\"valueRequired\":true,\"valueName\":\"search_term_string\"}}],\"inLanguage\":\"de\"},{\"@type\":[\"Person\",\"Organization\"],\"@id\":\"https:\\\/\\\/www.nfv09.de\\\/home\\\/#\\\/schema\\\/person\\\/ed693ed28e6e4b3f80b32447b2b6cbc7\",\"name\":\"Regassi\",\"image\":{\"@type\":\"ImageObject\",\"inLanguage\":\"de\",\"@id\":\"https:\\\/\\\/www.nfv09.de\\\/home\\\/wp-content\\\/uploads\\\/2015\\\/04\\\/cropped-nfv-gelb-weiss-goerlitz-e1468573113314-1.gif\",\"url\":\"https:\\\/\\\/www.nfv09.de\\\/home\\\/wp-content\\\/uploads\\\/2015\\\/04\\\/cropped-nfv-gelb-weiss-goerlitz-e1468573113314-1.gif\",\"contentUrl\":\"https:\\\/\\\/www.nfv09.de\\\/home\\\/wp-content\\\/uploads\\\/2015\\\/04\\\/cropped-nfv-gelb-weiss-goerlitz-e1468573113314-1.gif\",\"width\":100,\"height\":122,\"caption\":\"Regassi\"},\"logo\":{\"@id\":\"https:\\\/\\\/www.nfv09.de\\\/home\\\/wp-content\\\/uploads\\\/2015\\\/04\\\/cropped-nfv-gelb-weiss-goerlitz-e1468573113314-1.gif\"},\"url\":\"https:\\\/\\\/www.nfv09.de\\\/home\\\/author\\\/regassi\\\/\"}]}<\/script>\n<!-- \/ Yoast SEO plugin. -->","yoast_head_json":{"title":"Trauer um Martin Runge - NFV Gelb-Wei\u00df G\u00f6rlitz 09 e.V.","robots":{"index":"index","follow":"follow","max-snippet":"max-snippet:-1","max-image-preview":"max-image-preview:large","max-video-preview":"max-video-preview:-1"},"canonical":"https:\/\/www.nfv09.de\/home\/2020\/12\/01\/trauer-um-martin-runge\/","og_locale":"de_DE","og_type":"article","og_title":"Trauer um Martin Runge - NFV Gelb-Wei\u00df G\u00f6rlitz 09 e.V.","og_description":"Mit tiefer Best\u00fcrzung haben wir am heutigen Tag, vom Tod unseres \u201cEdel-Fans\u201c Martin Runge erfahren. Seit Jahrzehnten war Martin, als treuer Begleiter von Motor WAMA, dem NSV und dem heutigen NFV aus den Stadien der Region und weit dar\u00fcber hinaus nicht wegzudenken. Bei Wind und Wetter begleitete und trug er die Gelb-Wei\u00dfen Farben mit Bus [&hellip;]","og_url":"https:\/\/www.nfv09.de\/home\/2020\/12\/01\/trauer-um-martin-runge\/","og_site_name":"NFV Gelb-Wei\u00df G\u00f6rlitz 09 e.V.","article_published_time":"2020-12-01T21:53:03+00:00","article_modified_time":"2020-12-01T22:25:38+00:00","og_image":[{"width":465,"height":386,"url":"https:\/\/www.nfv09.de\/home\/wp-content\/uploads\/2020\/12\/7EA65735-9F91-45D7-8CFF-BDF88718D48C.jpeg","type":"image\/jpeg"}],"author":"Regassi","twitter_card":"summary_large_image","twitter_misc":{"Verfasst von":"Regassi","Gesch\u00e4tzte Lesezeit":"1\u00a0Minute"},"schema":{"@context":"https:\/\/schema.org","@graph":[{"@type":"Article","@id":"https:\/\/www.nfv09.de\/home\/2020\/12\/01\/trauer-um-martin-runge\/#article","isPartOf":{"@id":"https:\/\/www.nfv09.de\/home\/2020\/12\/01\/trauer-um-martin-runge\/"},"author":{"name":"Regassi","@id":"https:\/\/www.nfv09.de\/home\/#\/schema\/person\/ed693ed28e6e4b3f80b32447b2b6cbc7"},"headline":"Trauer um Martin Runge","datePublished":"2020-12-01T21:53:03+00:00","dateModified":"2020-12-01T22:25:38+00:00","mainEntityOfPage":{"@id":"https:\/\/www.nfv09.de\/home\/2020\/12\/01\/trauer-um-martin-runge\/"},"wordCount":122,"commentCount":0,"publisher":{"@id":"https:\/\/www.nfv09.de\/home\/#\/schema\/person\/ed693ed28e6e4b3f80b32447b2b6cbc7"},"image":{"@id":"https:\/\/www.nfv09.de\/home\/2020\/12\/01\/trauer-um-martin-runge\/#primaryimage"},"thumbnailUrl":"https:\/\/www.nfv09.de\/home\/wp-content\/uploads\/2020\/12\/7EA65735-9F91-45D7-8CFF-BDF88718D48C.jpeg","articleSection":["Verein"],"inLanguage":"de","potentialAction":[{"@type":"CommentAction","name":"Comment","target":["https:\/\/www.nfv09.de\/home\/2020\/12\/01\/trauer-um-martin-runge\/#respond"]}]},{"@type":"WebPage","@id":"https:\/\/www.nfv09.de\/home\/2020\/12\/01\/trauer-um-martin-runge\/","url":"https:\/\/www.nfv09.de\/home\/2020\/12\/01\/trauer-um-martin-runge\/","name":"Trauer um Martin Runge - NFV Gelb-Wei\u00df G\u00f6rlitz 09 e.V.","isPartOf":{"@id":"https:\/\/www.nfv09.de\/home\/#website"},"primaryImageOfPage":{"@id":"https:\/\/www.nfv09.de\/home\/2020\/12\/01\/trauer-um-martin-runge\/#primaryimage"},"image":{"@id":"https:\/\/www.nfv09.de\/home\/2020\/12\/01\/trauer-um-martin-runge\/#primaryimage"},"thumbnailUrl":"https:\/\/www.nfv09.de\/home\/wp-content\/uploads\/2020\/12\/7EA65735-9F91-45D7-8CFF-BDF88718D48C.jpeg","datePublished":"2020-12-01T21:53:03+00:00","dateModified":"2020-12-01T22:25:38+00:00","breadcrumb":{"@id":"https:\/\/www.nfv09.de\/home\/2020\/12\/01\/trauer-um-martin-runge\/#breadcrumb"},"inLanguage":"de","potentialAction":[{"@type":"ReadAction","target":["https:\/\/www.nfv09.de\/home\/2020\/12\/01\/trauer-um-martin-runge\/"]}]},{"@type":"ImageObject","inLanguage":"de","@id":"https:\/\/www.nfv09.de\/home\/2020\/12\/01\/trauer-um-martin-runge\/#primaryimage","url":"https:\/\/www.nfv09.de\/home\/wp-content\/uploads\/2020\/12\/7EA65735-9F91-45D7-8CFF-BDF88718D48C.jpeg","contentUrl":"https:\/\/www.nfv09.de\/home\/wp-content\/uploads\/2020\/12\/7EA65735-9F91-45D7-8CFF-BDF88718D48C.jpeg","width":465,"height":386},{"@type":"BreadcrumbList","@id":"https:\/\/www.nfv09.de\/home\/2020\/12\/01\/trauer-um-martin-runge\/#breadcrumb","itemListElement":[{"@type":"ListItem","position":1,"name":"Startseite","item":"https:\/\/www.nfv09.de\/home\/"},{"@type":"ListItem","position":2,"name":"Trauer um Martin Runge"}]},{"@type":"WebSite","@id":"https:\/\/www.nfv09.de\/home\/#website","url":"https:\/\/www.nfv09.de\/home\/","name":"NFV Gelb-Wei\u00df G\u00f6rlitz 09 e.V.","description":"Sachsenklasse Ost","publisher":{"@id":"https:\/\/www.nfv09.de\/home\/#\/schema\/person\/ed693ed28e6e4b3f80b32447b2b6cbc7"},"potentialAction":[{"@type":"SearchAction","target":{"@type":"EntryPoint","urlTemplate":"https:\/\/www.nfv09.de\/home\/?s={search_term_string}"},"query-input":{"@type":"PropertyValueSpecification","valueRequired":true,"valueName":"search_term_string"}}],"inLanguage":"de"},{"@type":["Person","Organization"],"@id":"https:\/\/www.nfv09.de\/home\/#\/schema\/person\/ed693ed28e6e4b3f80b32447b2b6cbc7","name":"Regassi","image":{"@type":"ImageObject","inLanguage":"de","@id":"https:\/\/www.nfv09.de\/home\/wp-content\/uploads\/2015\/04\/cropped-nfv-gelb-weiss-goerlitz-e1468573113314-1.gif","url":"https:\/\/www.nfv09.de\/home\/wp-content\/uploads\/2015\/04\/cropped-nfv-gelb-weiss-goerlitz-e1468573113314-1.gif","contentUrl":"https:\/\/www.nfv09.de\/home\/wp-content\/uploads\/2015\/04\/cropped-nfv-gelb-weiss-goerlitz-e1468573113314-1.gif","width":100,"height":122,"caption":"Regassi"},"logo":{"@id":"https:\/\/www.nfv09.de\/home\/wp-content\/uploads\/2015\/04\/cropped-nfv-gelb-weiss-goerlitz-e1468573113314-1.gif"},"url":"https:\/\/www.nfv09.de\/home\/author\/regassi\/"}]}},"_links":{"self":[{"href":"https:\/\/www.nfv09.de\/home\/wp-json\/wp\/v2\/posts\/2874","targetHints":{"allow":["GET"]}}],"collection":[{"href":"https:\/\/www.nfv09.de\/home\/wp-json\/wp\/v2\/posts"}],"about":[{"href":"https:\/\/www.nfv09.de\/home\/wp-json\/wp\/v2\/types\/post"}],"author":[{"embeddable":true,"href":"https:\/\/www.nfv09.de\/home\/wp-json\/wp\/v2\/users\/3"}],"replies":[{"embeddable":true,"href":"https:\/\/www.nfv09.de\/home\/wp-json\/wp\/v2\/comments?post=2874"}],"version-history":[{"count":9,"href":"https:\/\/www.nfv09.de\/home\/wp-json\/wp\/v2\/posts\/2874\/revisions"}],"predecessor-version":[{"id":2886,"href":"https:\/\/www.nfv09.de\/home\/wp-json\/wp\/v2\/posts\/2874\/revisions\/2886"}],"wp:featuredmedia":[{"embeddable":true,"href":"https:\/\/www.nfv09.de\/home\/wp-json\/wp\/v2\/media\/2885"}],"wp:attachment":[{"href":"https:\/\/www.nfv09.de\/home\/wp-json\/wp\/v2\/media?parent=2874"}],"wp:term":[{"taxonomy":"category","embeddable":true,"href":"https:\/\/www.nfv09.de\/home\/wp-json\/wp\/v2\/categories?post=2874"},{"taxonomy":"post_tag","embeddable":true,"href":"https:\/\/www.nfv09.de\/home\/wp-json\/wp\/v2\/tags?post=2874"}],"curies":[{"name":"wp","href":"https:\/\/api.w.org\/{rel}","templated":true}]}}