{"id":2712,"date":"2020-03-16T23:53:12","date_gmt":"2020-03-16T22:53:12","guid":{"rendered":"http:\/\/www.nfv09.de\/home\/?p=2712"},"modified":"2022-07-19T08:30:49","modified_gmt":"2022-07-19T06:30:49","slug":"coronakrise","status":"publish","type":"post","link":"https:\/\/www.nfv09.de\/home\/2020\/03\/16\/coronakrise\/","title":{"rendered":"!!! Coronakrise !!!"},"content":{"rendered":"<div class=\"wp-block-image\">\n<figure class=\"aligncenter size-large\"><img decoding=\"async\" src=\"https:\/\/www.nfv09.de\/home\/wp-content\/uploads\/2020\/03\/sfv_corona_400x267-1.jpg\" alt=\"\" class=\"wp-image-2714\"\/><\/figure>\n<\/div>\n\n\n<p style=\"font-size:14px\"><a href=\"http:\/\/nfv09jugend.de\/wp-content\/uploads\/2020\/03\/03_nfv_mittlg_coronakrise_2020-03-17.pdf\"><strong>03.&nbsp; NFV Mitteilung 2020 zur Coronakrise (Stand: Di., 17.03.2020 \/ 12:00 Uhr) <\/strong>[anklicken]<\/a><\/p>\n\n\n\n<p style=\"font-size:14px\">Der Spielbetrieb im Verbandsgebiet des FV Oberlausitz (FVO) wird nunmehr f\u00fcr den Zeitraum<br>vom Fr., 13.03.2020 bis einschlie\u00dflich Mo., 06.04.2020 ausgesetzt!<br>Dabei ist mit einer weiteren Aussetzung des Spielbetriebes auch nach&nbsp; Mo., 06.04.2020 zu rechnen!<br>Hinweis: Zum gegenw\u00e4rtigen Zeitpunkt sind bereits alle Sportst\u00e4tten des Landkreises und der Stadt G\u00f6rlitz bis einschlie\u00dflich So., 19.04.2020 geschlossen.<\/p>\n\n\n\n<p style=\"font-size:14px\">Zus\u00e4tzlich wird der NFV Trainingsbetrieb f\u00fcr den M\u00e4nner- und Nachwuchsbereich vom Fr., 13.03.2020 bis einschlie\u00dflich Mo., 06.04.2020 eingestellt.<\/p>\n\n\n\n<p style=\"font-size:14px\">Unabh\u00e4ngig davon wird unseren Sportlern bzw. Fu\u00dfballern empfohlen, durch geeignete, pers\u00f6nliche Trainingsma\u00dfnahmen ihren Fitnesszustand auf einem hohen Niveau auch au\u00dferhalb geschlossener Sportst\u00e4tten zu halten.<br>Entsprechende Vorschl\u00e4ge k\u00f6nnen durch unsere Trainer und \u00dcbungsleiter unterbreitet werden.<br>Unsere Trainer und \u00dcbungsleiter informieren bitte Spieler und Elternschaft in \u00fcblicher bzw. geeigneter Weise. Neue Festlegungen und Informationen werden zeitnah bekanntgegeben.<br><\/p>\n\n\n\n<p style=\"font-size:14px\"><a href=\"http:\/\/nfv09jugend.de\/wp-content\/uploads\/2020\/03\/02_nfv_mittlg_coronakrise_2020-03-16.pdf\"><strong>02.&nbsp; NFV Mitteilung 2020 zur Coronakrise (Stand: Mo., 16.03.2020) <\/strong>[anklicken]<\/a><br>Landkreis G\u00f6rlitz:<br>Ab  sofort werden alle Sportpl\u00e4tze und Sporthallen in Tr\u00e4gerschaft des  Landkreises G\u00f6rlitz bis einschlie\u00dflich So., 19.04.2020 f\u00fcr jegliche  Nutzung geschlossen!<\/p>\n\n\n\n<p style=\"font-size:14px\">Stadt G\u00f6rlitz: <br>Alle kommunalen Sportst\u00e4tten (Sportpl\u00e4tze und \nSporthallen) der Stadt G\u00f6rlitz bleiben bis einschlie\u00dflich So., \n19.04.2020 geschlossen!<\/p>\n\n\n\n<p style=\"font-size:14px\">NFV Gelb-Wei\u00df G\u00f6rlitz 09 e. V.:<br>Die Gesch\u00e4ftsstelle des NFV \u2013 \nGirbigsdorfer Stra\u00dfe 49, 02828 G\u00f6rlitz \u2013 wird bis auf weiteres nur bei \nBedarf besetzt. In dringenden F\u00e4llen sind bitte vorher telefonisch \nTermine zu vereinbaren. Kontakt siehe unten!<br>Unsere Trainer und \n\u00dcbungsleiter informieren bitte Spieler und Elternschaft in \u00fcblicher bzw.\n geeigneter Weise. Neue Festlegungen und Informationen werden zeitnah \nbekanntgegeben.<\/p>\n\n\n\n<p style=\"font-size:14px\">Zus\u00e4tzliche Fragen sind bitte vorzugsweise an &#98;u&#x65;r&#x6f;&#64;&#x6e;&#102;&#x76;&#48;&#x39;&#46;d&#x65; zu richten. <br>In dringenden Notf\u00e4llen sind wir \u00fcber 0162 4273829 zu erreichen. <br><\/p>\n\n\n\n<p style=\"font-size:14px\"><a href=\"http:\/\/nfv09jugend.de\/wp-content\/uploads\/2020\/03\/01_nfv_mittlg_coronakrise_2020-03-13.pdf\"><strong>01.&nbsp; NFV Mitteilung 2020 zur Coronakrise (Stand: Fr., 13.03.2020) <\/strong>[anklicken]<\/a><br>Auf  Grund der aktuellen Entwicklung in der Coronakrise hat der  Fu\u00dfballverband Oberlausitz (FVO) auf Empfehlung des S\u00e4chsischen  Fu\u00dfball-Verbands (SFV) den gesamten Spielbetrieb im FVO Verbandsgebiet  vom Fr., 13.03.2020 bis einschlie\u00dflich So., 22.03.2020 ausgesetzt.<\/p>\n\n\n\n<p style=\"font-size:14px\">In Selbstverantwortung, Sorge um die Gesundheit und zum Schutz unser \nMitglieder und Spieler im M\u00e4nner- und Nachwuchsbereich des NFV Gelb-Wei\u00df\n G\u00f6rlitz 09 e. V. wird zus\u00e4tzlich unser Trainingsbetrieb vom Fr., \n13.03.2020 bis einschlie\u00dflich So., 22.03.2020 eingestellt.<\/p>\n\n\n\n<p style=\"font-size:14px\">Mit Eingang neuer Festlegungen zum Spielbetrieb werden wir die \nSituation dann neu bewerten, entsprechende Entscheidungen treffen und \numgehend bekanntgeben.<br>Der f\u00fcr Sa., 21.03.2020 vorgesehene NFV \nSchnuppertag f\u00fcr den Jugendfu\u00dfball in G\u00f6rlitz in der Sporthalle \nWindm\u00fchlenweg 8 in 02828 G\u00f6rlitz-K\u00f6nigshufen wird verschoben.<\/p>\n\n\n\n<p style=\"font-size:14px\">Weiterf\u00fchrende Fu\u00dfballinformationen zur Coronakrise sind bitte dem Internet zu entnehmen:<br><a href=\"http:\/\/www.sfv-online.de\">www.sfv-online.de<\/a>, <a href=\"http:\/\/www.fussballverband-oberlausitz.de\">www.fussballverband-oberlausitz.de<\/a>, <a href=\"http:\/\/www.kreis-goerlitz.de,\">www.kreis-goerlitz.de,<\/a> <a href=\"http:\/\/www.goerlitz.de\">www.goerlitz.de<\/a><\/p>\n","protected":false},"excerpt":{"rendered":"<p>03.&nbsp; NFV Mitteilung 2020 zur Coronakrise (Stand: Di., 17.03.2020 \/ 12:00 Uhr) [anklicken] Der Spielbetrieb im Verbandsgebiet des FV Oberlausitz (FVO) wird nunmehr f\u00fcr den Zeitraumvom Fr., 13.03.2020 bis einschlie\u00dflich Mo., 06.04.2020 ausgesetzt!Dabei ist mit einer weiteren Aussetzung des Spielbetriebes auch nach&nbsp; Mo., 06.04.2020 zu rechnen!Hinweis: Zum gegenw\u00e4rtigen Zeitpunkt sind bereits alle Sportst\u00e4tten des Landkreises [&hellip;]<\/p>\n","protected":false},"author":15,"featured_media":2726,"comment_status":"open","ping_status":"open","sticky":false,"template":"","format":"aside","meta":{"footnotes":""},"categories":[85],"tags":[125],"class_list":["post-2712","post","type-post","status-publish","format-aside","has-post-thumbnail","hentry","category-verein","tag-harald-twupack","post_format-post-format-aside"],"yoast_head":"<!-- This site is optimized with the Yoast SEO plugin v27.5 - https:\/\/yoast.com\/product\/yoast-seo-wordpress\/ -->\n<title>!!! Coronakrise !!! - NFV Gelb-Wei\u00df G\u00f6rlitz 09 e.V.<\/title>\n<meta name=\"robots\" content=\"index, follow, max-snippet:-1, max-image-preview:large, max-video-preview:-1\" \/>\n<link rel=\"canonical\" href=\"https:\/\/www.nfv09.de\/home\/2020\/03\/16\/coronakrise\/\" \/>\n<meta property=\"og:locale\" content=\"de_DE\" \/>\n<meta property=\"og:type\" content=\"article\" \/>\n<meta property=\"og:title\" content=\"!!! Coronakrise !!! - NFV Gelb-Wei\u00df G\u00f6rlitz 09 e.V.\" \/>\n<meta property=\"og:description\" content=\"03.&nbsp; NFV Mitteilung 2020 zur Coronakrise (Stand: Di., 17.03.2020 \/ 12:00 Uhr) [anklicken] Der Spielbetrieb im Verbandsgebiet des FV Oberlausitz (FVO) wird nunmehr f\u00fcr den Zeitraumvom Fr., 13.03.2020 bis einschlie\u00dflich Mo., 06.04.2020 ausgesetzt!Dabei ist mit einer weiteren Aussetzung des Spielbetriebes auch nach&nbsp; Mo., 06.04.2020 zu rechnen!Hinweis: Zum gegenw\u00e4rtigen Zeitpunkt sind bereits alle Sportst\u00e4tten des Landkreises [&hellip;]\" \/>\n<meta property=\"og:url\" content=\"https:\/\/www.nfv09.de\/home\/2020\/03\/16\/coronakrise\/\" \/>\n<meta property=\"og:site_name\" content=\"NFV Gelb-Wei\u00df G\u00f6rlitz 09 e.V.\" \/>\n<meta property=\"article:published_time\" content=\"2020-03-16T22:53:12+00:00\" \/>\n<meta property=\"article:modified_time\" content=\"2022-07-19T06:30:49+00:00\" \/>\n<meta property=\"og:image\" content=\"https:\/\/www.nfv09.de\/home\/wp-content\/uploads\/2020\/03\/sfv_corona_500x333.jpg\" \/>\n\t<meta property=\"og:image:width\" content=\"500\" \/>\n\t<meta property=\"og:image:height\" content=\"333\" \/>\n\t<meta property=\"og:image:type\" content=\"image\/jpeg\" \/>\n<meta name=\"author\" content=\"Harri\" \/>\n<meta name=\"twitter:card\" content=\"summary_large_image\" \/>\n<meta name=\"twitter:label1\" content=\"Verfasst von\" \/>\n\t<meta name=\"twitter:data1\" content=\"Harri\" \/>\n\t<meta name=\"twitter:label2\" content=\"Gesch\u00e4tzte Lesezeit\" \/>\n\t<meta name=\"twitter:data2\" content=\"3\u00a0Minuten\" \/>\n<script type=\"application\/ld+json\" class=\"yoast-schema-graph\">{\"@context\":\"https:\\\/\\\/schema.org\",\"@graph\":[{\"@type\":\"Article\",\"@id\":\"https:\\\/\\\/www.nfv09.de\\\/home\\\/2020\\\/03\\\/16\\\/coronakrise\\\/#article\",\"isPartOf\":{\"@id\":\"https:\\\/\\\/www.nfv09.de\\\/home\\\/2020\\\/03\\\/16\\\/coronakrise\\\/\"},\"author\":{\"name\":\"Harri\",\"@id\":\"https:\\\/\\\/www.nfv09.de\\\/home\\\/#\\\/schema\\\/person\\\/0cf53b6c7306b2d817857a47bbc9296e\"},\"headline\":\"!!! Coronakrise !!!\",\"datePublished\":\"2020-03-16T22:53:12+00:00\",\"dateModified\":\"2022-07-19T06:30:49+00:00\",\"mainEntityOfPage\":{\"@id\":\"https:\\\/\\\/www.nfv09.de\\\/home\\\/2020\\\/03\\\/16\\\/coronakrise\\\/\"},\"wordCount\":434,\"commentCount\":0,\"publisher\":{\"@id\":\"https:\\\/\\\/www.nfv09.de\\\/home\\\/#\\\/schema\\\/person\\\/ed693ed28e6e4b3f80b32447b2b6cbc7\"},\"image\":{\"@id\":\"https:\\\/\\\/www.nfv09.de\\\/home\\\/2020\\\/03\\\/16\\\/coronakrise\\\/#primaryimage\"},\"thumbnailUrl\":\"https:\\\/\\\/www.nfv09.de\\\/home\\\/wp-content\\\/uploads\\\/2020\\\/03\\\/sfv_corona_500x333.jpg\",\"keywords\":[\"Harald Twupack\"],\"articleSection\":[\"Verein\"],\"inLanguage\":\"de\",\"potentialAction\":[{\"@type\":\"CommentAction\",\"name\":\"Comment\",\"target\":[\"https:\\\/\\\/www.nfv09.de\\\/home\\\/2020\\\/03\\\/16\\\/coronakrise\\\/#respond\"]}]},{\"@type\":\"WebPage\",\"@id\":\"https:\\\/\\\/www.nfv09.de\\\/home\\\/2020\\\/03\\\/16\\\/coronakrise\\\/\",\"url\":\"https:\\\/\\\/www.nfv09.de\\\/home\\\/2020\\\/03\\\/16\\\/coronakrise\\\/\",\"name\":\"!!! Coronakrise !!! - NFV Gelb-Wei\u00df G\u00f6rlitz 09 e.V.\",\"isPartOf\":{\"@id\":\"https:\\\/\\\/www.nfv09.de\\\/home\\\/#website\"},\"primaryImageOfPage\":{\"@id\":\"https:\\\/\\\/www.nfv09.de\\\/home\\\/2020\\\/03\\\/16\\\/coronakrise\\\/#primaryimage\"},\"image\":{\"@id\":\"https:\\\/\\\/www.nfv09.de\\\/home\\\/2020\\\/03\\\/16\\\/coronakrise\\\/#primaryimage\"},\"thumbnailUrl\":\"https:\\\/\\\/www.nfv09.de\\\/home\\\/wp-content\\\/uploads\\\/2020\\\/03\\\/sfv_corona_500x333.jpg\",\"datePublished\":\"2020-03-16T22:53:12+00:00\",\"dateModified\":\"2022-07-19T06:30:49+00:00\",\"breadcrumb\":{\"@id\":\"https:\\\/\\\/www.nfv09.de\\\/home\\\/2020\\\/03\\\/16\\\/coronakrise\\\/#breadcrumb\"},\"inLanguage\":\"de\",\"potentialAction\":[{\"@type\":\"ReadAction\",\"target\":[\"https:\\\/\\\/www.nfv09.de\\\/home\\\/2020\\\/03\\\/16\\\/coronakrise\\\/\"]}]},{\"@type\":\"ImageObject\",\"inLanguage\":\"de\",\"@id\":\"https:\\\/\\\/www.nfv09.de\\\/home\\\/2020\\\/03\\\/16\\\/coronakrise\\\/#primaryimage\",\"url\":\"https:\\\/\\\/www.nfv09.de\\\/home\\\/wp-content\\\/uploads\\\/2020\\\/03\\\/sfv_corona_500x333.jpg\",\"contentUrl\":\"https:\\\/\\\/www.nfv09.de\\\/home\\\/wp-content\\\/uploads\\\/2020\\\/03\\\/sfv_corona_500x333.jpg\",\"width\":500,\"height\":333},{\"@type\":\"BreadcrumbList\",\"@id\":\"https:\\\/\\\/www.nfv09.de\\\/home\\\/2020\\\/03\\\/16\\\/coronakrise\\\/#breadcrumb\",\"itemListElement\":[{\"@type\":\"ListItem\",\"position\":1,\"name\":\"Startseite\",\"item\":\"https:\\\/\\\/www.nfv09.de\\\/home\\\/\"},{\"@type\":\"ListItem\",\"position\":2,\"name\":\"!!! Coronakrise !!!\"}]},{\"@type\":\"WebSite\",\"@id\":\"https:\\\/\\\/www.nfv09.de\\\/home\\\/#website\",\"url\":\"https:\\\/\\\/www.nfv09.de\\\/home\\\/\",\"name\":\"NFV Gelb-Wei\u00df G\u00f6rlitz 09 e.V.\",\"description\":\"Sachsenklasse Ost\",\"publisher\":{\"@id\":\"https:\\\/\\\/www.nfv09.de\\\/home\\\/#\\\/schema\\\/person\\\/ed693ed28e6e4b3f80b32447b2b6cbc7\"},\"potentialAction\":[{\"@type\":\"SearchAction\",\"target\":{\"@type\":\"EntryPoint\",\"urlTemplate\":\"https:\\\/\\\/www.nfv09.de\\\/home\\\/?s={search_term_string}\"},\"query-input\":{\"@type\":\"PropertyValueSpecification\",\"valueRequired\":true,\"valueName\":\"search_term_string\"}}],\"inLanguage\":\"de\"},{\"@type\":[\"Person\",\"Organization\"],\"@id\":\"https:\\\/\\\/www.nfv09.de\\\/home\\\/#\\\/schema\\\/person\\\/ed693ed28e6e4b3f80b32447b2b6cbc7\",\"name\":\"Regassi\",\"image\":{\"@type\":\"ImageObject\",\"inLanguage\":\"de\",\"@id\":\"https:\\\/\\\/www.nfv09.de\\\/home\\\/wp-content\\\/uploads\\\/2015\\\/04\\\/cropped-nfv-gelb-weiss-goerlitz-e1468573113314-1.gif\",\"url\":\"https:\\\/\\\/www.nfv09.de\\\/home\\\/wp-content\\\/uploads\\\/2015\\\/04\\\/cropped-nfv-gelb-weiss-goerlitz-e1468573113314-1.gif\",\"contentUrl\":\"https:\\\/\\\/www.nfv09.de\\\/home\\\/wp-content\\\/uploads\\\/2015\\\/04\\\/cropped-nfv-gelb-weiss-goerlitz-e1468573113314-1.gif\",\"width\":100,\"height\":122,\"caption\":\"Regassi\"},\"logo\":{\"@id\":\"https:\\\/\\\/www.nfv09.de\\\/home\\\/wp-content\\\/uploads\\\/2015\\\/04\\\/cropped-nfv-gelb-weiss-goerlitz-e1468573113314-1.gif\"}},{\"@type\":\"Person\",\"@id\":\"https:\\\/\\\/www.nfv09.de\\\/home\\\/#\\\/schema\\\/person\\\/0cf53b6c7306b2d817857a47bbc9296e\",\"name\":\"Harri\",\"image\":{\"@type\":\"ImageObject\",\"inLanguage\":\"de\",\"@id\":\"https:\\\/\\\/secure.gravatar.com\\\/avatar\\\/768cbec33064b4886e3c3f10134196228c404e9cc50db9604243cf1aaab1e04a?s=96&d=mm&r=g\",\"url\":\"https:\\\/\\\/secure.gravatar.com\\\/avatar\\\/768cbec33064b4886e3c3f10134196228c404e9cc50db9604243cf1aaab1e04a?s=96&d=mm&r=g\",\"contentUrl\":\"https:\\\/\\\/secure.gravatar.com\\\/avatar\\\/768cbec33064b4886e3c3f10134196228c404e9cc50db9604243cf1aaab1e04a?s=96&d=mm&r=g\",\"caption\":\"Harri\"},\"url\":\"https:\\\/\\\/www.nfv09.de\\\/home\\\/author\\\/harri\\\/\"}]}<\/script>\n<!-- \/ Yoast SEO plugin. -->","yoast_head_json":{"title":"!!! Coronakrise !!! - NFV Gelb-Wei\u00df G\u00f6rlitz 09 e.V.","robots":{"index":"index","follow":"follow","max-snippet":"max-snippet:-1","max-image-preview":"max-image-preview:large","max-video-preview":"max-video-preview:-1"},"canonical":"https:\/\/www.nfv09.de\/home\/2020\/03\/16\/coronakrise\/","og_locale":"de_DE","og_type":"article","og_title":"!!! Coronakrise !!! - NFV Gelb-Wei\u00df G\u00f6rlitz 09 e.V.","og_description":"03.&nbsp; NFV Mitteilung 2020 zur Coronakrise (Stand: Di., 17.03.2020 \/ 12:00 Uhr) [anklicken] Der Spielbetrieb im Verbandsgebiet des FV Oberlausitz (FVO) wird nunmehr f\u00fcr den Zeitraumvom Fr., 13.03.2020 bis einschlie\u00dflich Mo., 06.04.2020 ausgesetzt!Dabei ist mit einer weiteren Aussetzung des Spielbetriebes auch nach&nbsp; Mo., 06.04.2020 zu rechnen!Hinweis: Zum gegenw\u00e4rtigen Zeitpunkt sind bereits alle Sportst\u00e4tten des Landkreises [&hellip;]","og_url":"https:\/\/www.nfv09.de\/home\/2020\/03\/16\/coronakrise\/","og_site_name":"NFV Gelb-Wei\u00df G\u00f6rlitz 09 e.V.","article_published_time":"2020-03-16T22:53:12+00:00","article_modified_time":"2022-07-19T06:30:49+00:00","og_image":[{"width":500,"height":333,"url":"https:\/\/www.nfv09.de\/home\/wp-content\/uploads\/2020\/03\/sfv_corona_500x333.jpg","type":"image\/jpeg"}],"author":"Harri","twitter_card":"summary_large_image","twitter_misc":{"Verfasst von":"Harri","Gesch\u00e4tzte Lesezeit":"3\u00a0Minuten"},"schema":{"@context":"https:\/\/schema.org","@graph":[{"@type":"Article","@id":"https:\/\/www.nfv09.de\/home\/2020\/03\/16\/coronakrise\/#article","isPartOf":{"@id":"https:\/\/www.nfv09.de\/home\/2020\/03\/16\/coronakrise\/"},"author":{"name":"Harri","@id":"https:\/\/www.nfv09.de\/home\/#\/schema\/person\/0cf53b6c7306b2d817857a47bbc9296e"},"headline":"!!! Coronakrise !!!","datePublished":"2020-03-16T22:53:12+00:00","dateModified":"2022-07-19T06:30:49+00:00","mainEntityOfPage":{"@id":"https:\/\/www.nfv09.de\/home\/2020\/03\/16\/coronakrise\/"},"wordCount":434,"commentCount":0,"publisher":{"@id":"https:\/\/www.nfv09.de\/home\/#\/schema\/person\/ed693ed28e6e4b3f80b32447b2b6cbc7"},"image":{"@id":"https:\/\/www.nfv09.de\/home\/2020\/03\/16\/coronakrise\/#primaryimage"},"thumbnailUrl":"https:\/\/www.nfv09.de\/home\/wp-content\/uploads\/2020\/03\/sfv_corona_500x333.jpg","keywords":["Harald Twupack"],"articleSection":["Verein"],"inLanguage":"de","potentialAction":[{"@type":"CommentAction","name":"Comment","target":["https:\/\/www.nfv09.de\/home\/2020\/03\/16\/coronakrise\/#respond"]}]},{"@type":"WebPage","@id":"https:\/\/www.nfv09.de\/home\/2020\/03\/16\/coronakrise\/","url":"https:\/\/www.nfv09.de\/home\/2020\/03\/16\/coronakrise\/","name":"!!! Coronakrise !!! - NFV Gelb-Wei\u00df G\u00f6rlitz 09 e.V.","isPartOf":{"@id":"https:\/\/www.nfv09.de\/home\/#website"},"primaryImageOfPage":{"@id":"https:\/\/www.nfv09.de\/home\/2020\/03\/16\/coronakrise\/#primaryimage"},"image":{"@id":"https:\/\/www.nfv09.de\/home\/2020\/03\/16\/coronakrise\/#primaryimage"},"thumbnailUrl":"https:\/\/www.nfv09.de\/home\/wp-content\/uploads\/2020\/03\/sfv_corona_500x333.jpg","datePublished":"2020-03-16T22:53:12+00:00","dateModified":"2022-07-19T06:30:49+00:00","breadcrumb":{"@id":"https:\/\/www.nfv09.de\/home\/2020\/03\/16\/coronakrise\/#breadcrumb"},"inLanguage":"de","potentialAction":[{"@type":"ReadAction","target":["https:\/\/www.nfv09.de\/home\/2020\/03\/16\/coronakrise\/"]}]},{"@type":"ImageObject","inLanguage":"de","@id":"https:\/\/www.nfv09.de\/home\/2020\/03\/16\/coronakrise\/#primaryimage","url":"https:\/\/www.nfv09.de\/home\/wp-content\/uploads\/2020\/03\/sfv_corona_500x333.jpg","contentUrl":"https:\/\/www.nfv09.de\/home\/wp-content\/uploads\/2020\/03\/sfv_corona_500x333.jpg","width":500,"height":333},{"@type":"BreadcrumbList","@id":"https:\/\/www.nfv09.de\/home\/2020\/03\/16\/coronakrise\/#breadcrumb","itemListElement":[{"@type":"ListItem","position":1,"name":"Startseite","item":"https:\/\/www.nfv09.de\/home\/"},{"@type":"ListItem","position":2,"name":"!!! Coronakrise !!!"}]},{"@type":"WebSite","@id":"https:\/\/www.nfv09.de\/home\/#website","url":"https:\/\/www.nfv09.de\/home\/","name":"NFV Gelb-Wei\u00df G\u00f6rlitz 09 e.V.","description":"Sachsenklasse Ost","publisher":{"@id":"https:\/\/www.nfv09.de\/home\/#\/schema\/person\/ed693ed28e6e4b3f80b32447b2b6cbc7"},"potentialAction":[{"@type":"SearchAction","target":{"@type":"EntryPoint","urlTemplate":"https:\/\/www.nfv09.de\/home\/?s={search_term_string}"},"query-input":{"@type":"PropertyValueSpecification","valueRequired":true,"valueName":"search_term_string"}}],"inLanguage":"de"},{"@type":["Person","Organization"],"@id":"https:\/\/www.nfv09.de\/home\/#\/schema\/person\/ed693ed28e6e4b3f80b32447b2b6cbc7","name":"Regassi","image":{"@type":"ImageObject","inLanguage":"de","@id":"https:\/\/www.nfv09.de\/home\/wp-content\/uploads\/2015\/04\/cropped-nfv-gelb-weiss-goerlitz-e1468573113314-1.gif","url":"https:\/\/www.nfv09.de\/home\/wp-content\/uploads\/2015\/04\/cropped-nfv-gelb-weiss-goerlitz-e1468573113314-1.gif","contentUrl":"https:\/\/www.nfv09.de\/home\/wp-content\/uploads\/2015\/04\/cropped-nfv-gelb-weiss-goerlitz-e1468573113314-1.gif","width":100,"height":122,"caption":"Regassi"},"logo":{"@id":"https:\/\/www.nfv09.de\/home\/wp-content\/uploads\/2015\/04\/cropped-nfv-gelb-weiss-goerlitz-e1468573113314-1.gif"}},{"@type":"Person","@id":"https:\/\/www.nfv09.de\/home\/#\/schema\/person\/0cf53b6c7306b2d817857a47bbc9296e","name":"Harri","image":{"@type":"ImageObject","inLanguage":"de","@id":"https:\/\/secure.gravatar.com\/avatar\/768cbec33064b4886e3c3f10134196228c404e9cc50db9604243cf1aaab1e04a?s=96&d=mm&r=g","url":"https:\/\/secure.gravatar.com\/avatar\/768cbec33064b4886e3c3f10134196228c404e9cc50db9604243cf1aaab1e04a?s=96&d=mm&r=g","contentUrl":"https:\/\/secure.gravatar.com\/avatar\/768cbec33064b4886e3c3f10134196228c404e9cc50db9604243cf1aaab1e04a?s=96&d=mm&r=g","caption":"Harri"},"url":"https:\/\/www.nfv09.de\/home\/author\/harri\/"}]}},"_links":{"self":[{"href":"https:\/\/www.nfv09.de\/home\/wp-json\/wp\/v2\/posts\/2712","targetHints":{"allow":["GET"]}}],"collection":[{"href":"https:\/\/www.nfv09.de\/home\/wp-json\/wp\/v2\/posts"}],"about":[{"href":"https:\/\/www.nfv09.de\/home\/wp-json\/wp\/v2\/types\/post"}],"author":[{"embeddable":true,"href":"https:\/\/www.nfv09.de\/home\/wp-json\/wp\/v2\/users\/15"}],"replies":[{"embeddable":true,"href":"https:\/\/www.nfv09.de\/home\/wp-json\/wp\/v2\/comments?post=2712"}],"version-history":[{"count":10,"href":"https:\/\/www.nfv09.de\/home\/wp-json\/wp\/v2\/posts\/2712\/revisions"}],"predecessor-version":[{"id":3517,"href":"https:\/\/www.nfv09.de\/home\/wp-json\/wp\/v2\/posts\/2712\/revisions\/3517"}],"wp:featuredmedia":[{"embeddable":true,"href":"https:\/\/www.nfv09.de\/home\/wp-json\/wp\/v2\/media\/2726"}],"wp:attachment":[{"href":"https:\/\/www.nfv09.de\/home\/wp-json\/wp\/v2\/media?parent=2712"}],"wp:term":[{"taxonomy":"category","embeddable":true,"href":"https:\/\/www.nfv09.de\/home\/wp-json\/wp\/v2\/categories?post=2712"},{"taxonomy":"post_tag","embeddable":true,"href":"https:\/\/www.nfv09.de\/home\/wp-json\/wp\/v2\/tags?post=2712"}],"curies":[{"name":"wp","href":"https:\/\/api.w.org\/{rel}","templated":true}]}}