{"id":2668,"date":"2019-07-02T16:30:11","date_gmt":"2019-07-02T14:30:11","guid":{"rendered":"http:\/\/www.nfv09.de\/home\/?p=2668"},"modified":"2019-07-23T16:20:36","modified_gmt":"2019-07-23T14:20:36","slug":"die-fuechse-kommen","status":"publish","type":"post","link":"https:\/\/www.nfv09.de\/home\/2019\/07\/02\/die-fuechse-kommen\/","title":{"rendered":"FREUNDSCHAFTSSPIEL gegen den EHC Lausitzer F\u00fcchse"},"content":{"rendered":"\n<p>Freundschaftsspiel 2019 <\/p>\n\n\n\n<p>Die F\u00fcchse kommen<\/p>\n\n\n\n<p>Am 27.7.2019 kommt es im altehrw\u00fcrdigen Stadion &#8222;Junge Welt&#8220; in G\u00f6rlitz zu einem besonderen Aufeinandertreffen. <\/p>\n\n\n\n<p>Die DEL2 Mannschaft der Lausitzer F\u00fcchse aus Weisswasser gibt sich beim Kreisoberligisten NFV09 die Ehre. <\/p>\n\n\n\n<p>Ein ungew\u00f6hnliches, aber sicher unterhaltsames Spiel erwartet die Anh\u00e4nger beider Teams.<\/p>\n\n\n\n<p>Nat\u00fcrlich steht der Spa\u00df an diesem Nachmittag im Vordergrund. Es wird sicher gen\u00fcgend Zeit und Gelegenheit geben, die &#8222;Kufencracks&#8220; aus n\u00e4chster N\u00e4he genauer unter die Lupe zu nehmen. <\/p>\n\n\n\n<p>Bereits am fr\u00fchen Nachmittag beginnt die Veranstaltung mit einem Vorspiel. <\/p>\n\n\n\n<p>In diesem trifft der SV Reichenbach auf die Vertretung von Lok Schleife. <\/p>\n\n\n\n<p>Der ANSTOSS gegen die LAUSITZER F\u00dcCHSE erfolgt um 17:00 Uhr.<\/p>\n\n\n\n<p>\n\nDas Vorspiel beginnt um 14:30 Uhr. \n\n<\/p>\n\n\n\n<p>+++Weitere Details und Informationen zu Tickets und der Veranstaltung folgen in K\u00fcrze.+++<\/p>\n\n\n\n<figure class=\"wp-block-image\"><img fetchpriority=\"high\" decoding=\"async\" width=\"1024\" height=\"360\" src=\"https:\/\/www.nfv09.de\/home\/wp-content\/uploads\/2019\/07\/2019.07.07_nfv_vs_fuechse_banner_din_a7_lang-1-1024x360.jpg\" alt=\"\" class=\"wp-image-2685\" srcset=\"https:\/\/www.nfv09.de\/home\/wp-content\/uploads\/2019\/07\/2019.07.07_nfv_vs_fuechse_banner_din_a7_lang-1-1024x360.jpg 1024w, https:\/\/www.nfv09.de\/home\/wp-content\/uploads\/2019\/07\/2019.07.07_nfv_vs_fuechse_banner_din_a7_lang-1-300x105.jpg 300w, https:\/\/www.nfv09.de\/home\/wp-content\/uploads\/2019\/07\/2019.07.07_nfv_vs_fuechse_banner_din_a7_lang-1-768x270.jpg 768w, https:\/\/www.nfv09.de\/home\/wp-content\/uploads\/2019\/07\/2019.07.07_nfv_vs_fuechse_banner_din_a7_lang-1.jpg 1748w\" sizes=\"(max-width: 1024px) 100vw, 1024px\" \/><\/figure>\n\n\n\n<p><\/p>\n","protected":false},"excerpt":{"rendered":"<p>Freundschaftsspiel 2019 Die F\u00fcchse kommen Am 27.7.2019 kommt es im altehrw\u00fcrdigen Stadion &#8222;Junge Welt&#8220; in G\u00f6rlitz zu einem besonderen Aufeinandertreffen. Die DEL2 Mannschaft der Lausitzer F\u00fcchse aus Weisswasser gibt sich beim Kreisoberligisten NFV09 die Ehre. Ein ungew\u00f6hnliches, aber sicher unterhaltsames Spiel erwartet die Anh\u00e4nger beider Teams. Nat\u00fcrlich steht der Spa\u00df an diesem Nachmittag im Vordergrund. [&hellip;]<\/p>\n","protected":false},"author":3,"featured_media":2683,"comment_status":"open","ping_status":"open","sticky":false,"template":"","format":"aside","meta":{"footnotes":""},"categories":[90,85],"tags":[],"class_list":["post-2668","post","type-post","status-publish","format-aside","has-post-thumbnail","hentry","category-homepage","category-verein","post_format-post-format-aside"],"yoast_head":"<!-- This site is optimized with the Yoast SEO plugin v27.5 - https:\/\/yoast.com\/product\/yoast-seo-wordpress\/ -->\n<title>FREUNDSCHAFTSSPIEL gegen den EHC Lausitzer F\u00fcchse - NFV Gelb-Wei\u00df G\u00f6rlitz 09 e.V.<\/title>\n<meta name=\"robots\" content=\"index, follow, max-snippet:-1, max-image-preview:large, max-video-preview:-1\" \/>\n<link rel=\"canonical\" href=\"https:\/\/www.nfv09.de\/home\/2019\/07\/02\/die-fuechse-kommen\/\" \/>\n<meta property=\"og:locale\" content=\"de_DE\" \/>\n<meta property=\"og:type\" content=\"article\" \/>\n<meta property=\"og:title\" content=\"FREUNDSCHAFTSSPIEL gegen den EHC Lausitzer F\u00fcchse - NFV Gelb-Wei\u00df G\u00f6rlitz 09 e.V.\" \/>\n<meta property=\"og:description\" content=\"Freundschaftsspiel 2019 Die F\u00fcchse kommen Am 27.7.2019 kommt es im altehrw\u00fcrdigen Stadion &#8222;Junge Welt&#8220; in G\u00f6rlitz zu einem besonderen Aufeinandertreffen. Die DEL2 Mannschaft der Lausitzer F\u00fcchse aus Weisswasser gibt sich beim Kreisoberligisten NFV09 die Ehre. Ein ungew\u00f6hnliches, aber sicher unterhaltsames Spiel erwartet die Anh\u00e4nger beider Teams. Nat\u00fcrlich steht der Spa\u00df an diesem Nachmittag im Vordergrund. [&hellip;]\" \/>\n<meta property=\"og:url\" content=\"https:\/\/www.nfv09.de\/home\/2019\/07\/02\/die-fuechse-kommen\/\" \/>\n<meta property=\"og:site_name\" content=\"NFV Gelb-Wei\u00df G\u00f6rlitz 09 e.V.\" \/>\n<meta property=\"article:published_time\" content=\"2019-07-02T14:30:11+00:00\" \/>\n<meta property=\"article:modified_time\" content=\"2019-07-23T14:20:36+00:00\" \/>\n<meta property=\"og:image\" content=\"https:\/\/www.nfv09.de\/home\/wp-content\/uploads\/2019\/07\/2019.07.07_nfv_vs_fuechse_banner_din_a7_lang.jpg\" \/>\n\t<meta property=\"og:image:width\" content=\"1748\" \/>\n\t<meta property=\"og:image:height\" content=\"614\" \/>\n\t<meta property=\"og:image:type\" content=\"image\/jpeg\" \/>\n<meta name=\"author\" content=\"Regassi\" \/>\n<meta name=\"twitter:card\" content=\"summary_large_image\" \/>\n<meta name=\"twitter:label1\" content=\"Verfasst von\" \/>\n\t<meta name=\"twitter:data1\" content=\"Regassi\" \/>\n\t<meta name=\"twitter:label2\" content=\"Gesch\u00e4tzte Lesezeit\" \/>\n\t<meta name=\"twitter:data2\" content=\"1\u00a0Minute\" \/>\n<script type=\"application\/ld+json\" class=\"yoast-schema-graph\">{\"@context\":\"https:\\\/\\\/schema.org\",\"@graph\":[{\"@type\":\"Article\",\"@id\":\"https:\\\/\\\/www.nfv09.de\\\/home\\\/2019\\\/07\\\/02\\\/die-fuechse-kommen\\\/#article\",\"isPartOf\":{\"@id\":\"https:\\\/\\\/www.nfv09.de\\\/home\\\/2019\\\/07\\\/02\\\/die-fuechse-kommen\\\/\"},\"author\":{\"name\":\"Regassi\",\"@id\":\"https:\\\/\\\/www.nfv09.de\\\/home\\\/#\\\/schema\\\/person\\\/ed693ed28e6e4b3f80b32447b2b6cbc7\"},\"headline\":\"FREUNDSCHAFTSSPIEL gegen den EHC Lausitzer F\u00fcchse\",\"datePublished\":\"2019-07-02T14:30:11+00:00\",\"dateModified\":\"2019-07-23T14:20:36+00:00\",\"mainEntityOfPage\":{\"@id\":\"https:\\\/\\\/www.nfv09.de\\\/home\\\/2019\\\/07\\\/02\\\/die-fuechse-kommen\\\/\"},\"wordCount\":140,\"commentCount\":0,\"publisher\":{\"@id\":\"https:\\\/\\\/www.nfv09.de\\\/home\\\/#\\\/schema\\\/person\\\/ed693ed28e6e4b3f80b32447b2b6cbc7\"},\"image\":{\"@id\":\"https:\\\/\\\/www.nfv09.de\\\/home\\\/2019\\\/07\\\/02\\\/die-fuechse-kommen\\\/#primaryimage\"},\"thumbnailUrl\":\"https:\\\/\\\/www.nfv09.de\\\/home\\\/wp-content\\\/uploads\\\/2019\\\/07\\\/2019.07.07_nfv_vs_fuechse_banner_din_a7_lang.jpg\",\"articleSection\":[\"Homepage\",\"Verein\"],\"inLanguage\":\"de\",\"potentialAction\":[{\"@type\":\"CommentAction\",\"name\":\"Comment\",\"target\":[\"https:\\\/\\\/www.nfv09.de\\\/home\\\/2019\\\/07\\\/02\\\/die-fuechse-kommen\\\/#respond\"]}]},{\"@type\":\"WebPage\",\"@id\":\"https:\\\/\\\/www.nfv09.de\\\/home\\\/2019\\\/07\\\/02\\\/die-fuechse-kommen\\\/\",\"url\":\"https:\\\/\\\/www.nfv09.de\\\/home\\\/2019\\\/07\\\/02\\\/die-fuechse-kommen\\\/\",\"name\":\"FREUNDSCHAFTSSPIEL gegen den EHC Lausitzer F\u00fcchse - NFV Gelb-Wei\u00df G\u00f6rlitz 09 e.V.\",\"isPartOf\":{\"@id\":\"https:\\\/\\\/www.nfv09.de\\\/home\\\/#website\"},\"primaryImageOfPage\":{\"@id\":\"https:\\\/\\\/www.nfv09.de\\\/home\\\/2019\\\/07\\\/02\\\/die-fuechse-kommen\\\/#primaryimage\"},\"image\":{\"@id\":\"https:\\\/\\\/www.nfv09.de\\\/home\\\/2019\\\/07\\\/02\\\/die-fuechse-kommen\\\/#primaryimage\"},\"thumbnailUrl\":\"https:\\\/\\\/www.nfv09.de\\\/home\\\/wp-content\\\/uploads\\\/2019\\\/07\\\/2019.07.07_nfv_vs_fuechse_banner_din_a7_lang.jpg\",\"datePublished\":\"2019-07-02T14:30:11+00:00\",\"dateModified\":\"2019-07-23T14:20:36+00:00\",\"breadcrumb\":{\"@id\":\"https:\\\/\\\/www.nfv09.de\\\/home\\\/2019\\\/07\\\/02\\\/die-fuechse-kommen\\\/#breadcrumb\"},\"inLanguage\":\"de\",\"potentialAction\":[{\"@type\":\"ReadAction\",\"target\":[\"https:\\\/\\\/www.nfv09.de\\\/home\\\/2019\\\/07\\\/02\\\/die-fuechse-kommen\\\/\"]}]},{\"@type\":\"ImageObject\",\"inLanguage\":\"de\",\"@id\":\"https:\\\/\\\/www.nfv09.de\\\/home\\\/2019\\\/07\\\/02\\\/die-fuechse-kommen\\\/#primaryimage\",\"url\":\"https:\\\/\\\/www.nfv09.de\\\/home\\\/wp-content\\\/uploads\\\/2019\\\/07\\\/2019.07.07_nfv_vs_fuechse_banner_din_a7_lang.jpg\",\"contentUrl\":\"https:\\\/\\\/www.nfv09.de\\\/home\\\/wp-content\\\/uploads\\\/2019\\\/07\\\/2019.07.07_nfv_vs_fuechse_banner_din_a7_lang.jpg\",\"width\":1748,\"height\":614},{\"@type\":\"BreadcrumbList\",\"@id\":\"https:\\\/\\\/www.nfv09.de\\\/home\\\/2019\\\/07\\\/02\\\/die-fuechse-kommen\\\/#breadcrumb\",\"itemListElement\":[{\"@type\":\"ListItem\",\"position\":1,\"name\":\"Startseite\",\"item\":\"https:\\\/\\\/www.nfv09.de\\\/home\\\/\"},{\"@type\":\"ListItem\",\"position\":2,\"name\":\"FREUNDSCHAFTSSPIEL gegen den EHC Lausitzer F\u00fcchse\"}]},{\"@type\":\"WebSite\",\"@id\":\"https:\\\/\\\/www.nfv09.de\\\/home\\\/#website\",\"url\":\"https:\\\/\\\/www.nfv09.de\\\/home\\\/\",\"name\":\"NFV Gelb-Wei\u00df G\u00f6rlitz 09 e.V.\",\"description\":\"Sachsenklasse Ost\",\"publisher\":{\"@id\":\"https:\\\/\\\/www.nfv09.de\\\/home\\\/#\\\/schema\\\/person\\\/ed693ed28e6e4b3f80b32447b2b6cbc7\"},\"potentialAction\":[{\"@type\":\"SearchAction\",\"target\":{\"@type\":\"EntryPoint\",\"urlTemplate\":\"https:\\\/\\\/www.nfv09.de\\\/home\\\/?s={search_term_string}\"},\"query-input\":{\"@type\":\"PropertyValueSpecification\",\"valueRequired\":true,\"valueName\":\"search_term_string\"}}],\"inLanguage\":\"de\"},{\"@type\":[\"Person\",\"Organization\"],\"@id\":\"https:\\\/\\\/www.nfv09.de\\\/home\\\/#\\\/schema\\\/person\\\/ed693ed28e6e4b3f80b32447b2b6cbc7\",\"name\":\"Regassi\",\"image\":{\"@type\":\"ImageObject\",\"inLanguage\":\"de\",\"@id\":\"https:\\\/\\\/www.nfv09.de\\\/home\\\/wp-content\\\/uploads\\\/2015\\\/04\\\/cropped-nfv-gelb-weiss-goerlitz-e1468573113314-1.gif\",\"url\":\"https:\\\/\\\/www.nfv09.de\\\/home\\\/wp-content\\\/uploads\\\/2015\\\/04\\\/cropped-nfv-gelb-weiss-goerlitz-e1468573113314-1.gif\",\"contentUrl\":\"https:\\\/\\\/www.nfv09.de\\\/home\\\/wp-content\\\/uploads\\\/2015\\\/04\\\/cropped-nfv-gelb-weiss-goerlitz-e1468573113314-1.gif\",\"width\":100,\"height\":122,\"caption\":\"Regassi\"},\"logo\":{\"@id\":\"https:\\\/\\\/www.nfv09.de\\\/home\\\/wp-content\\\/uploads\\\/2015\\\/04\\\/cropped-nfv-gelb-weiss-goerlitz-e1468573113314-1.gif\"},\"url\":\"https:\\\/\\\/www.nfv09.de\\\/home\\\/author\\\/regassi\\\/\"}]}<\/script>\n<!-- \/ Yoast SEO plugin. -->","yoast_head_json":{"title":"FREUNDSCHAFTSSPIEL gegen den EHC Lausitzer F\u00fcchse - NFV Gelb-Wei\u00df G\u00f6rlitz 09 e.V.","robots":{"index":"index","follow":"follow","max-snippet":"max-snippet:-1","max-image-preview":"max-image-preview:large","max-video-preview":"max-video-preview:-1"},"canonical":"https:\/\/www.nfv09.de\/home\/2019\/07\/02\/die-fuechse-kommen\/","og_locale":"de_DE","og_type":"article","og_title":"FREUNDSCHAFTSSPIEL gegen den EHC Lausitzer F\u00fcchse - NFV Gelb-Wei\u00df G\u00f6rlitz 09 e.V.","og_description":"Freundschaftsspiel 2019 Die F\u00fcchse kommen Am 27.7.2019 kommt es im altehrw\u00fcrdigen Stadion &#8222;Junge Welt&#8220; in G\u00f6rlitz zu einem besonderen Aufeinandertreffen. Die DEL2 Mannschaft der Lausitzer F\u00fcchse aus Weisswasser gibt sich beim Kreisoberligisten NFV09 die Ehre. Ein ungew\u00f6hnliches, aber sicher unterhaltsames Spiel erwartet die Anh\u00e4nger beider Teams. Nat\u00fcrlich steht der Spa\u00df an diesem Nachmittag im Vordergrund. [&hellip;]","og_url":"https:\/\/www.nfv09.de\/home\/2019\/07\/02\/die-fuechse-kommen\/","og_site_name":"NFV Gelb-Wei\u00df G\u00f6rlitz 09 e.V.","article_published_time":"2019-07-02T14:30:11+00:00","article_modified_time":"2019-07-23T14:20:36+00:00","og_image":[{"width":1748,"height":614,"url":"https:\/\/www.nfv09.de\/home\/wp-content\/uploads\/2019\/07\/2019.07.07_nfv_vs_fuechse_banner_din_a7_lang.jpg","type":"image\/jpeg"}],"author":"Regassi","twitter_card":"summary_large_image","twitter_misc":{"Verfasst von":"Regassi","Gesch\u00e4tzte Lesezeit":"1\u00a0Minute"},"schema":{"@context":"https:\/\/schema.org","@graph":[{"@type":"Article","@id":"https:\/\/www.nfv09.de\/home\/2019\/07\/02\/die-fuechse-kommen\/#article","isPartOf":{"@id":"https:\/\/www.nfv09.de\/home\/2019\/07\/02\/die-fuechse-kommen\/"},"author":{"name":"Regassi","@id":"https:\/\/www.nfv09.de\/home\/#\/schema\/person\/ed693ed28e6e4b3f80b32447b2b6cbc7"},"headline":"FREUNDSCHAFTSSPIEL gegen den EHC Lausitzer F\u00fcchse","datePublished":"2019-07-02T14:30:11+00:00","dateModified":"2019-07-23T14:20:36+00:00","mainEntityOfPage":{"@id":"https:\/\/www.nfv09.de\/home\/2019\/07\/02\/die-fuechse-kommen\/"},"wordCount":140,"commentCount":0,"publisher":{"@id":"https:\/\/www.nfv09.de\/home\/#\/schema\/person\/ed693ed28e6e4b3f80b32447b2b6cbc7"},"image":{"@id":"https:\/\/www.nfv09.de\/home\/2019\/07\/02\/die-fuechse-kommen\/#primaryimage"},"thumbnailUrl":"https:\/\/www.nfv09.de\/home\/wp-content\/uploads\/2019\/07\/2019.07.07_nfv_vs_fuechse_banner_din_a7_lang.jpg","articleSection":["Homepage","Verein"],"inLanguage":"de","potentialAction":[{"@type":"CommentAction","name":"Comment","target":["https:\/\/www.nfv09.de\/home\/2019\/07\/02\/die-fuechse-kommen\/#respond"]}]},{"@type":"WebPage","@id":"https:\/\/www.nfv09.de\/home\/2019\/07\/02\/die-fuechse-kommen\/","url":"https:\/\/www.nfv09.de\/home\/2019\/07\/02\/die-fuechse-kommen\/","name":"FREUNDSCHAFTSSPIEL gegen den EHC Lausitzer F\u00fcchse - NFV Gelb-Wei\u00df G\u00f6rlitz 09 e.V.","isPartOf":{"@id":"https:\/\/www.nfv09.de\/home\/#website"},"primaryImageOfPage":{"@id":"https:\/\/www.nfv09.de\/home\/2019\/07\/02\/die-fuechse-kommen\/#primaryimage"},"image":{"@id":"https:\/\/www.nfv09.de\/home\/2019\/07\/02\/die-fuechse-kommen\/#primaryimage"},"thumbnailUrl":"https:\/\/www.nfv09.de\/home\/wp-content\/uploads\/2019\/07\/2019.07.07_nfv_vs_fuechse_banner_din_a7_lang.jpg","datePublished":"2019-07-02T14:30:11+00:00","dateModified":"2019-07-23T14:20:36+00:00","breadcrumb":{"@id":"https:\/\/www.nfv09.de\/home\/2019\/07\/02\/die-fuechse-kommen\/#breadcrumb"},"inLanguage":"de","potentialAction":[{"@type":"ReadAction","target":["https:\/\/www.nfv09.de\/home\/2019\/07\/02\/die-fuechse-kommen\/"]}]},{"@type":"ImageObject","inLanguage":"de","@id":"https:\/\/www.nfv09.de\/home\/2019\/07\/02\/die-fuechse-kommen\/#primaryimage","url":"https:\/\/www.nfv09.de\/home\/wp-content\/uploads\/2019\/07\/2019.07.07_nfv_vs_fuechse_banner_din_a7_lang.jpg","contentUrl":"https:\/\/www.nfv09.de\/home\/wp-content\/uploads\/2019\/07\/2019.07.07_nfv_vs_fuechse_banner_din_a7_lang.jpg","width":1748,"height":614},{"@type":"BreadcrumbList","@id":"https:\/\/www.nfv09.de\/home\/2019\/07\/02\/die-fuechse-kommen\/#breadcrumb","itemListElement":[{"@type":"ListItem","position":1,"name":"Startseite","item":"https:\/\/www.nfv09.de\/home\/"},{"@type":"ListItem","position":2,"name":"FREUNDSCHAFTSSPIEL gegen den EHC Lausitzer F\u00fcchse"}]},{"@type":"WebSite","@id":"https:\/\/www.nfv09.de\/home\/#website","url":"https:\/\/www.nfv09.de\/home\/","name":"NFV Gelb-Wei\u00df G\u00f6rlitz 09 e.V.","description":"Sachsenklasse Ost","publisher":{"@id":"https:\/\/www.nfv09.de\/home\/#\/schema\/person\/ed693ed28e6e4b3f80b32447b2b6cbc7"},"potentialAction":[{"@type":"SearchAction","target":{"@type":"EntryPoint","urlTemplate":"https:\/\/www.nfv09.de\/home\/?s={search_term_string}"},"query-input":{"@type":"PropertyValueSpecification","valueRequired":true,"valueName":"search_term_string"}}],"inLanguage":"de"},{"@type":["Person","Organization"],"@id":"https:\/\/www.nfv09.de\/home\/#\/schema\/person\/ed693ed28e6e4b3f80b32447b2b6cbc7","name":"Regassi","image":{"@type":"ImageObject","inLanguage":"de","@id":"https:\/\/www.nfv09.de\/home\/wp-content\/uploads\/2015\/04\/cropped-nfv-gelb-weiss-goerlitz-e1468573113314-1.gif","url":"https:\/\/www.nfv09.de\/home\/wp-content\/uploads\/2015\/04\/cropped-nfv-gelb-weiss-goerlitz-e1468573113314-1.gif","contentUrl":"https:\/\/www.nfv09.de\/home\/wp-content\/uploads\/2015\/04\/cropped-nfv-gelb-weiss-goerlitz-e1468573113314-1.gif","width":100,"height":122,"caption":"Regassi"},"logo":{"@id":"https:\/\/www.nfv09.de\/home\/wp-content\/uploads\/2015\/04\/cropped-nfv-gelb-weiss-goerlitz-e1468573113314-1.gif"},"url":"https:\/\/www.nfv09.de\/home\/author\/regassi\/"}]}},"_links":{"self":[{"href":"https:\/\/www.nfv09.de\/home\/wp-json\/wp\/v2\/posts\/2668","targetHints":{"allow":["GET"]}}],"collection":[{"href":"https:\/\/www.nfv09.de\/home\/wp-json\/wp\/v2\/posts"}],"about":[{"href":"https:\/\/www.nfv09.de\/home\/wp-json\/wp\/v2\/types\/post"}],"author":[{"embeddable":true,"href":"https:\/\/www.nfv09.de\/home\/wp-json\/wp\/v2\/users\/3"}],"replies":[{"embeddable":true,"href":"https:\/\/www.nfv09.de\/home\/wp-json\/wp\/v2\/comments?post=2668"}],"version-history":[{"count":5,"href":"https:\/\/www.nfv09.de\/home\/wp-json\/wp\/v2\/posts\/2668\/revisions"}],"predecessor-version":[{"id":2688,"href":"https:\/\/www.nfv09.de\/home\/wp-json\/wp\/v2\/posts\/2668\/revisions\/2688"}],"wp:featuredmedia":[{"embeddable":true,"href":"https:\/\/www.nfv09.de\/home\/wp-json\/wp\/v2\/media\/2683"}],"wp:attachment":[{"href":"https:\/\/www.nfv09.de\/home\/wp-json\/wp\/v2\/media?parent=2668"}],"wp:term":[{"taxonomy":"category","embeddable":true,"href":"https:\/\/www.nfv09.de\/home\/wp-json\/wp\/v2\/categories?post=2668"},{"taxonomy":"post_tag","embeddable":true,"href":"https:\/\/www.nfv09.de\/home\/wp-json\/wp\/v2\/tags?post=2668"}],"curies":[{"name":"wp","href":"https:\/\/api.w.org\/{rel}","templated":true}]}}