{"id":2644,"date":"2018-12-24T20:26:17","date_gmt":"2018-12-24T19:26:17","guid":{"rendered":"http:\/\/www.nfv09.de\/home\/?p=2644"},"modified":"2018-12-24T20:26:17","modified_gmt":"2018-12-24T19:26:17","slug":"1-niederschlesien-pokal-2018","status":"publish","type":"post","link":"https:\/\/www.nfv09.de\/home\/2018\/12\/24\/1-niederschlesien-pokal-2018\/","title":{"rendered":"1. Niederschlesien-Pokal 2018"},"content":{"rendered":"<h2><strong>1. Niederschlesien-Pokal 2018 des NFV09 <\/strong><\/h2>\n<p>Alte Tradition neu beleben<\/p>\n<p>Die Fu\u00dfballvereine der Region befinden sich in der wohlverdienten Winterpause.<br \/>\nDas ist aber kein Grund nicht dennoch dem runden Leder zu fr\u00f6nen.<\/p>\n<p>Am <b>Samstag, dem 29.12.2018<\/b> gibt es Gelegenheit dazu.<\/p>\n<p><b>Der NFV Gelb-Wei\u00df G\u00f6rlitz 09 l\u00e4dt zum 1. Niederschlesien-Pokal 2018 in die G\u00f6rlitzer Jahnsporthalle. <\/b><\/p>\n<p>Eine alte Tradition wird damit wieder zum Leben erweckt. Viele Jahre lang gab es in G\u00f6rlitz ein Turnier zum Jahresende.<\/p>\n<p>Gleich zwei Wettbewerbe stehen an diesem Tag auf dem Plan.<\/p>\n<p>Von 10-14Uhr findet das B-Jugend Turnier statt.<br \/>\nTeilnehmer sind hier neben dem Gastgeber NFV09, u.a. der OFC Neugersdorf, der VfB Zittau und die Holtendorfer SV.<\/p>\n<p>Um 15 Uhr startet das Turnier der Herren. Das Teilnehmerfeld ist bunt gemischt.<\/p>\n<p>8 Teams treten in 2 Gruppen gegeneinander an, bis am Ende in den Finalpartien der Pokalsieger gek\u00fcrt wird.<\/p>\n<p>Freuen darf man sich auf die Vertretungen von: OFC Neugersdorf, Holtendorfer SV, SV Lok Schleife, 1. Rothenburger SV, SSV Turbine Dresden. Aus dem benachbarten Polen sind die Teams von KS Talent 2012 Boleslawiec und LKS &#8222;Pogon&#8220; Markocice zu Gast. Das Teilnehmerfeld komplettiert der Gastgeber NFV09.<\/p>\n<p>Ganze 5 Stunden lang darf man sich auf spannende Partien freuen. Um in den Wechselpausen zwischen den Spielen keine Langeweile aufkommen zu lassen, sind die Cheerleaderdamen aus dem benachbarten Zgorzelec zu Gast und werden dem Publikum ordentlich einheizen.<br \/>\nF\u00fcr das leibliche Wohl ist nat\u00fcrlich bestens gesorgt.<\/p>\n<p>Eintrittspreise: Vollzahler 4\u20ac\/Erm\u00e4\u00dfigt 2\u20ac (bis 14J.)<\/p>\n<p>&nbsp;<\/p>\n<p>BB<\/p>\n","protected":false},"excerpt":{"rendered":"<p>1. Niederschlesien-Pokal 2018 des NFV09 Alte Tradition neu beleben Die Fu\u00dfballvereine der Region befinden sich in der wohlverdienten Winterpause. Das ist aber kein Grund nicht dennoch dem runden Leder zu fr\u00f6nen. Am Samstag, dem 29.12.2018 gibt es Gelegenheit dazu. Der NFV Gelb-Wei\u00df G\u00f6rlitz 09 l\u00e4dt zum 1. Niederschlesien-Pokal 2018 in die G\u00f6rlitzer Jahnsporthalle. Eine alte [&hellip;]<\/p>\n","protected":false},"author":3,"featured_media":2146,"comment_status":"open","ping_status":"open","sticky":false,"template":"","format":"standard","meta":{"footnotes":""},"categories":[85],"tags":[],"class_list":["post-2644","post","type-post","status-publish","format-standard","has-post-thumbnail","hentry","category-verein"],"yoast_head":"<!-- This site is optimized with the Yoast SEO plugin v27.5 - https:\/\/yoast.com\/product\/yoast-seo-wordpress\/ -->\n<title>1. Niederschlesien-Pokal 2018 - NFV Gelb-Wei\u00df G\u00f6rlitz 09 e.V.<\/title>\n<meta name=\"robots\" content=\"index, follow, max-snippet:-1, max-image-preview:large, max-video-preview:-1\" \/>\n<link rel=\"canonical\" href=\"https:\/\/www.nfv09.de\/home\/2018\/12\/24\/1-niederschlesien-pokal-2018\/\" \/>\n<meta property=\"og:locale\" content=\"de_DE\" \/>\n<meta property=\"og:type\" content=\"article\" \/>\n<meta property=\"og:title\" content=\"1. Niederschlesien-Pokal 2018 - NFV Gelb-Wei\u00df G\u00f6rlitz 09 e.V.\" \/>\n<meta property=\"og:description\" content=\"1. Niederschlesien-Pokal 2018 des NFV09 Alte Tradition neu beleben Die Fu\u00dfballvereine der Region befinden sich in der wohlverdienten Winterpause. Das ist aber kein Grund nicht dennoch dem runden Leder zu fr\u00f6nen. Am Samstag, dem 29.12.2018 gibt es Gelegenheit dazu. Der NFV Gelb-Wei\u00df G\u00f6rlitz 09 l\u00e4dt zum 1. Niederschlesien-Pokal 2018 in die G\u00f6rlitzer Jahnsporthalle. Eine alte [&hellip;]\" \/>\n<meta property=\"og:url\" content=\"https:\/\/www.nfv09.de\/home\/2018\/12\/24\/1-niederschlesien-pokal-2018\/\" \/>\n<meta property=\"og:site_name\" content=\"NFV Gelb-Wei\u00df G\u00f6rlitz 09 e.V.\" \/>\n<meta property=\"article:published_time\" content=\"2018-12-24T19:26:17+00:00\" \/>\n<meta property=\"og:image\" content=\"https:\/\/www.nfv09.de\/home\/wp-content\/uploads\/2017\/02\/pokal.gif\" \/>\n\t<meta property=\"og:image:width\" content=\"500\" \/>\n\t<meta property=\"og:image:height\" content=\"435\" \/>\n\t<meta property=\"og:image:type\" content=\"image\/gif\" \/>\n<meta name=\"author\" content=\"Regassi\" \/>\n<meta name=\"twitter:card\" content=\"summary_large_image\" \/>\n<meta name=\"twitter:label1\" content=\"Verfasst von\" \/>\n\t<meta name=\"twitter:data1\" content=\"Regassi\" \/>\n\t<meta name=\"twitter:label2\" content=\"Gesch\u00e4tzte Lesezeit\" \/>\n\t<meta name=\"twitter:data2\" content=\"1\u00a0Minute\" \/>\n<script type=\"application\/ld+json\" class=\"yoast-schema-graph\">{\"@context\":\"https:\\\/\\\/schema.org\",\"@graph\":[{\"@type\":\"Article\",\"@id\":\"https:\\\/\\\/www.nfv09.de\\\/home\\\/2018\\\/12\\\/24\\\/1-niederschlesien-pokal-2018\\\/#article\",\"isPartOf\":{\"@id\":\"https:\\\/\\\/www.nfv09.de\\\/home\\\/2018\\\/12\\\/24\\\/1-niederschlesien-pokal-2018\\\/\"},\"author\":{\"name\":\"Regassi\",\"@id\":\"https:\\\/\\\/www.nfv09.de\\\/home\\\/#\\\/schema\\\/person\\\/ed693ed28e6e4b3f80b32447b2b6cbc7\"},\"headline\":\"1. Niederschlesien-Pokal 2018\",\"datePublished\":\"2018-12-24T19:26:17+00:00\",\"mainEntityOfPage\":{\"@id\":\"https:\\\/\\\/www.nfv09.de\\\/home\\\/2018\\\/12\\\/24\\\/1-niederschlesien-pokal-2018\\\/\"},\"wordCount\":238,\"commentCount\":0,\"publisher\":{\"@id\":\"https:\\\/\\\/www.nfv09.de\\\/home\\\/#\\\/schema\\\/person\\\/ed693ed28e6e4b3f80b32447b2b6cbc7\"},\"image\":{\"@id\":\"https:\\\/\\\/www.nfv09.de\\\/home\\\/2018\\\/12\\\/24\\\/1-niederschlesien-pokal-2018\\\/#primaryimage\"},\"thumbnailUrl\":\"https:\\\/\\\/www.nfv09.de\\\/home\\\/wp-content\\\/uploads\\\/2017\\\/02\\\/pokal.gif\",\"articleSection\":[\"Verein\"],\"inLanguage\":\"de\",\"potentialAction\":[{\"@type\":\"CommentAction\",\"name\":\"Comment\",\"target\":[\"https:\\\/\\\/www.nfv09.de\\\/home\\\/2018\\\/12\\\/24\\\/1-niederschlesien-pokal-2018\\\/#respond\"]}]},{\"@type\":\"WebPage\",\"@id\":\"https:\\\/\\\/www.nfv09.de\\\/home\\\/2018\\\/12\\\/24\\\/1-niederschlesien-pokal-2018\\\/\",\"url\":\"https:\\\/\\\/www.nfv09.de\\\/home\\\/2018\\\/12\\\/24\\\/1-niederschlesien-pokal-2018\\\/\",\"name\":\"1. Niederschlesien-Pokal 2018 - NFV Gelb-Wei\u00df G\u00f6rlitz 09 e.V.\",\"isPartOf\":{\"@id\":\"https:\\\/\\\/www.nfv09.de\\\/home\\\/#website\"},\"primaryImageOfPage\":{\"@id\":\"https:\\\/\\\/www.nfv09.de\\\/home\\\/2018\\\/12\\\/24\\\/1-niederschlesien-pokal-2018\\\/#primaryimage\"},\"image\":{\"@id\":\"https:\\\/\\\/www.nfv09.de\\\/home\\\/2018\\\/12\\\/24\\\/1-niederschlesien-pokal-2018\\\/#primaryimage\"},\"thumbnailUrl\":\"https:\\\/\\\/www.nfv09.de\\\/home\\\/wp-content\\\/uploads\\\/2017\\\/02\\\/pokal.gif\",\"datePublished\":\"2018-12-24T19:26:17+00:00\",\"breadcrumb\":{\"@id\":\"https:\\\/\\\/www.nfv09.de\\\/home\\\/2018\\\/12\\\/24\\\/1-niederschlesien-pokal-2018\\\/#breadcrumb\"},\"inLanguage\":\"de\",\"potentialAction\":[{\"@type\":\"ReadAction\",\"target\":[\"https:\\\/\\\/www.nfv09.de\\\/home\\\/2018\\\/12\\\/24\\\/1-niederschlesien-pokal-2018\\\/\"]}]},{\"@type\":\"ImageObject\",\"inLanguage\":\"de\",\"@id\":\"https:\\\/\\\/www.nfv09.de\\\/home\\\/2018\\\/12\\\/24\\\/1-niederschlesien-pokal-2018\\\/#primaryimage\",\"url\":\"https:\\\/\\\/www.nfv09.de\\\/home\\\/wp-content\\\/uploads\\\/2017\\\/02\\\/pokal.gif\",\"contentUrl\":\"https:\\\/\\\/www.nfv09.de\\\/home\\\/wp-content\\\/uploads\\\/2017\\\/02\\\/pokal.gif\",\"width\":500,\"height\":435},{\"@type\":\"BreadcrumbList\",\"@id\":\"https:\\\/\\\/www.nfv09.de\\\/home\\\/2018\\\/12\\\/24\\\/1-niederschlesien-pokal-2018\\\/#breadcrumb\",\"itemListElement\":[{\"@type\":\"ListItem\",\"position\":1,\"name\":\"Startseite\",\"item\":\"https:\\\/\\\/www.nfv09.de\\\/home\\\/\"},{\"@type\":\"ListItem\",\"position\":2,\"name\":\"1. Niederschlesien-Pokal 2018\"}]},{\"@type\":\"WebSite\",\"@id\":\"https:\\\/\\\/www.nfv09.de\\\/home\\\/#website\",\"url\":\"https:\\\/\\\/www.nfv09.de\\\/home\\\/\",\"name\":\"NFV Gelb-Wei\u00df G\u00f6rlitz 09 e.V.\",\"description\":\"Sachsenklasse Ost\",\"publisher\":{\"@id\":\"https:\\\/\\\/www.nfv09.de\\\/home\\\/#\\\/schema\\\/person\\\/ed693ed28e6e4b3f80b32447b2b6cbc7\"},\"potentialAction\":[{\"@type\":\"SearchAction\",\"target\":{\"@type\":\"EntryPoint\",\"urlTemplate\":\"https:\\\/\\\/www.nfv09.de\\\/home\\\/?s={search_term_string}\"},\"query-input\":{\"@type\":\"PropertyValueSpecification\",\"valueRequired\":true,\"valueName\":\"search_term_string\"}}],\"inLanguage\":\"de\"},{\"@type\":[\"Person\",\"Organization\"],\"@id\":\"https:\\\/\\\/www.nfv09.de\\\/home\\\/#\\\/schema\\\/person\\\/ed693ed28e6e4b3f80b32447b2b6cbc7\",\"name\":\"Regassi\",\"image\":{\"@type\":\"ImageObject\",\"inLanguage\":\"de\",\"@id\":\"https:\\\/\\\/www.nfv09.de\\\/home\\\/wp-content\\\/uploads\\\/2015\\\/04\\\/cropped-nfv-gelb-weiss-goerlitz-e1468573113314-1.gif\",\"url\":\"https:\\\/\\\/www.nfv09.de\\\/home\\\/wp-content\\\/uploads\\\/2015\\\/04\\\/cropped-nfv-gelb-weiss-goerlitz-e1468573113314-1.gif\",\"contentUrl\":\"https:\\\/\\\/www.nfv09.de\\\/home\\\/wp-content\\\/uploads\\\/2015\\\/04\\\/cropped-nfv-gelb-weiss-goerlitz-e1468573113314-1.gif\",\"width\":100,\"height\":122,\"caption\":\"Regassi\"},\"logo\":{\"@id\":\"https:\\\/\\\/www.nfv09.de\\\/home\\\/wp-content\\\/uploads\\\/2015\\\/04\\\/cropped-nfv-gelb-weiss-goerlitz-e1468573113314-1.gif\"},\"url\":\"https:\\\/\\\/www.nfv09.de\\\/home\\\/author\\\/regassi\\\/\"}]}<\/script>\n<!-- \/ Yoast SEO plugin. -->","yoast_head_json":{"title":"1. Niederschlesien-Pokal 2018 - NFV Gelb-Wei\u00df G\u00f6rlitz 09 e.V.","robots":{"index":"index","follow":"follow","max-snippet":"max-snippet:-1","max-image-preview":"max-image-preview:large","max-video-preview":"max-video-preview:-1"},"canonical":"https:\/\/www.nfv09.de\/home\/2018\/12\/24\/1-niederschlesien-pokal-2018\/","og_locale":"de_DE","og_type":"article","og_title":"1. Niederschlesien-Pokal 2018 - NFV Gelb-Wei\u00df G\u00f6rlitz 09 e.V.","og_description":"1. Niederschlesien-Pokal 2018 des NFV09 Alte Tradition neu beleben Die Fu\u00dfballvereine der Region befinden sich in der wohlverdienten Winterpause. Das ist aber kein Grund nicht dennoch dem runden Leder zu fr\u00f6nen. Am Samstag, dem 29.12.2018 gibt es Gelegenheit dazu. Der NFV Gelb-Wei\u00df G\u00f6rlitz 09 l\u00e4dt zum 1. Niederschlesien-Pokal 2018 in die G\u00f6rlitzer Jahnsporthalle. Eine alte [&hellip;]","og_url":"https:\/\/www.nfv09.de\/home\/2018\/12\/24\/1-niederschlesien-pokal-2018\/","og_site_name":"NFV Gelb-Wei\u00df G\u00f6rlitz 09 e.V.","article_published_time":"2018-12-24T19:26:17+00:00","og_image":[{"width":500,"height":435,"url":"https:\/\/www.nfv09.de\/home\/wp-content\/uploads\/2017\/02\/pokal.gif","type":"image\/gif"}],"author":"Regassi","twitter_card":"summary_large_image","twitter_misc":{"Verfasst von":"Regassi","Gesch\u00e4tzte Lesezeit":"1\u00a0Minute"},"schema":{"@context":"https:\/\/schema.org","@graph":[{"@type":"Article","@id":"https:\/\/www.nfv09.de\/home\/2018\/12\/24\/1-niederschlesien-pokal-2018\/#article","isPartOf":{"@id":"https:\/\/www.nfv09.de\/home\/2018\/12\/24\/1-niederschlesien-pokal-2018\/"},"author":{"name":"Regassi","@id":"https:\/\/www.nfv09.de\/home\/#\/schema\/person\/ed693ed28e6e4b3f80b32447b2b6cbc7"},"headline":"1. Niederschlesien-Pokal 2018","datePublished":"2018-12-24T19:26:17+00:00","mainEntityOfPage":{"@id":"https:\/\/www.nfv09.de\/home\/2018\/12\/24\/1-niederschlesien-pokal-2018\/"},"wordCount":238,"commentCount":0,"publisher":{"@id":"https:\/\/www.nfv09.de\/home\/#\/schema\/person\/ed693ed28e6e4b3f80b32447b2b6cbc7"},"image":{"@id":"https:\/\/www.nfv09.de\/home\/2018\/12\/24\/1-niederschlesien-pokal-2018\/#primaryimage"},"thumbnailUrl":"https:\/\/www.nfv09.de\/home\/wp-content\/uploads\/2017\/02\/pokal.gif","articleSection":["Verein"],"inLanguage":"de","potentialAction":[{"@type":"CommentAction","name":"Comment","target":["https:\/\/www.nfv09.de\/home\/2018\/12\/24\/1-niederschlesien-pokal-2018\/#respond"]}]},{"@type":"WebPage","@id":"https:\/\/www.nfv09.de\/home\/2018\/12\/24\/1-niederschlesien-pokal-2018\/","url":"https:\/\/www.nfv09.de\/home\/2018\/12\/24\/1-niederschlesien-pokal-2018\/","name":"1. Niederschlesien-Pokal 2018 - NFV Gelb-Wei\u00df G\u00f6rlitz 09 e.V.","isPartOf":{"@id":"https:\/\/www.nfv09.de\/home\/#website"},"primaryImageOfPage":{"@id":"https:\/\/www.nfv09.de\/home\/2018\/12\/24\/1-niederschlesien-pokal-2018\/#primaryimage"},"image":{"@id":"https:\/\/www.nfv09.de\/home\/2018\/12\/24\/1-niederschlesien-pokal-2018\/#primaryimage"},"thumbnailUrl":"https:\/\/www.nfv09.de\/home\/wp-content\/uploads\/2017\/02\/pokal.gif","datePublished":"2018-12-24T19:26:17+00:00","breadcrumb":{"@id":"https:\/\/www.nfv09.de\/home\/2018\/12\/24\/1-niederschlesien-pokal-2018\/#breadcrumb"},"inLanguage":"de","potentialAction":[{"@type":"ReadAction","target":["https:\/\/www.nfv09.de\/home\/2018\/12\/24\/1-niederschlesien-pokal-2018\/"]}]},{"@type":"ImageObject","inLanguage":"de","@id":"https:\/\/www.nfv09.de\/home\/2018\/12\/24\/1-niederschlesien-pokal-2018\/#primaryimage","url":"https:\/\/www.nfv09.de\/home\/wp-content\/uploads\/2017\/02\/pokal.gif","contentUrl":"https:\/\/www.nfv09.de\/home\/wp-content\/uploads\/2017\/02\/pokal.gif","width":500,"height":435},{"@type":"BreadcrumbList","@id":"https:\/\/www.nfv09.de\/home\/2018\/12\/24\/1-niederschlesien-pokal-2018\/#breadcrumb","itemListElement":[{"@type":"ListItem","position":1,"name":"Startseite","item":"https:\/\/www.nfv09.de\/home\/"},{"@type":"ListItem","position":2,"name":"1. Niederschlesien-Pokal 2018"}]},{"@type":"WebSite","@id":"https:\/\/www.nfv09.de\/home\/#website","url":"https:\/\/www.nfv09.de\/home\/","name":"NFV Gelb-Wei\u00df G\u00f6rlitz 09 e.V.","description":"Sachsenklasse Ost","publisher":{"@id":"https:\/\/www.nfv09.de\/home\/#\/schema\/person\/ed693ed28e6e4b3f80b32447b2b6cbc7"},"potentialAction":[{"@type":"SearchAction","target":{"@type":"EntryPoint","urlTemplate":"https:\/\/www.nfv09.de\/home\/?s={search_term_string}"},"query-input":{"@type":"PropertyValueSpecification","valueRequired":true,"valueName":"search_term_string"}}],"inLanguage":"de"},{"@type":["Person","Organization"],"@id":"https:\/\/www.nfv09.de\/home\/#\/schema\/person\/ed693ed28e6e4b3f80b32447b2b6cbc7","name":"Regassi","image":{"@type":"ImageObject","inLanguage":"de","@id":"https:\/\/www.nfv09.de\/home\/wp-content\/uploads\/2015\/04\/cropped-nfv-gelb-weiss-goerlitz-e1468573113314-1.gif","url":"https:\/\/www.nfv09.de\/home\/wp-content\/uploads\/2015\/04\/cropped-nfv-gelb-weiss-goerlitz-e1468573113314-1.gif","contentUrl":"https:\/\/www.nfv09.de\/home\/wp-content\/uploads\/2015\/04\/cropped-nfv-gelb-weiss-goerlitz-e1468573113314-1.gif","width":100,"height":122,"caption":"Regassi"},"logo":{"@id":"https:\/\/www.nfv09.de\/home\/wp-content\/uploads\/2015\/04\/cropped-nfv-gelb-weiss-goerlitz-e1468573113314-1.gif"},"url":"https:\/\/www.nfv09.de\/home\/author\/regassi\/"}]}},"_links":{"self":[{"href":"https:\/\/www.nfv09.de\/home\/wp-json\/wp\/v2\/posts\/2644","targetHints":{"allow":["GET"]}}],"collection":[{"href":"https:\/\/www.nfv09.de\/home\/wp-json\/wp\/v2\/posts"}],"about":[{"href":"https:\/\/www.nfv09.de\/home\/wp-json\/wp\/v2\/types\/post"}],"author":[{"embeddable":true,"href":"https:\/\/www.nfv09.de\/home\/wp-json\/wp\/v2\/users\/3"}],"replies":[{"embeddable":true,"href":"https:\/\/www.nfv09.de\/home\/wp-json\/wp\/v2\/comments?post=2644"}],"version-history":[{"count":1,"href":"https:\/\/www.nfv09.de\/home\/wp-json\/wp\/v2\/posts\/2644\/revisions"}],"predecessor-version":[{"id":2645,"href":"https:\/\/www.nfv09.de\/home\/wp-json\/wp\/v2\/posts\/2644\/revisions\/2645"}],"wp:featuredmedia":[{"embeddable":true,"href":"https:\/\/www.nfv09.de\/home\/wp-json\/wp\/v2\/media\/2146"}],"wp:attachment":[{"href":"https:\/\/www.nfv09.de\/home\/wp-json\/wp\/v2\/media?parent=2644"}],"wp:term":[{"taxonomy":"category","embeddable":true,"href":"https:\/\/www.nfv09.de\/home\/wp-json\/wp\/v2\/categories?post=2644"},{"taxonomy":"post_tag","embeddable":true,"href":"https:\/\/www.nfv09.de\/home\/wp-json\/wp\/v2\/tags?post=2644"}],"curies":[{"name":"wp","href":"https:\/\/api.w.org\/{rel}","templated":true}]}}