{"id":2624,"date":"2018-10-03T10:37:34","date_gmt":"2018-10-03T08:37:34","guid":{"rendered":"http:\/\/www.nfv09.de\/home\/?p=2624"},"modified":"2018-10-03T10:37:34","modified_gmt":"2018-10-03T08:37:34","slug":"der-sfv-trauert-um-hans-ermlich","status":"publish","type":"post","link":"https:\/\/www.nfv09.de\/home\/2018\/10\/03\/der-sfv-trauert-um-hans-ermlich\/","title":{"rendered":"Der SFV trauert um Hans Ermlich"},"content":{"rendered":"<p>Hans Ermlich hat in seiner Zeit beim S\u00e4chsischen Fu\u00dfball-Verband unz\u00e4hlige Trainer aus- und weitergebildet. Im Alter von 74 Jahren ist Hans Ermlich am letzten Wochenende verstorben.<\/p>\n<p><img fetchpriority=\"high\" decoding=\"async\" class=\"alignnone size-medium wp-image-2625\" src=\"https:\/\/www.nfv09.de\/home\/wp-content\/uploads\/2018\/10\/IMG_3994-300x207.png\" alt=\"\" width=\"300\" height=\"207\" srcset=\"https:\/\/www.nfv09.de\/home\/wp-content\/uploads\/2018\/10\/IMG_3994-300x207.png 300w, https:\/\/www.nfv09.de\/home\/wp-content\/uploads\/2018\/10\/IMG_3994-768x529.png 768w, https:\/\/www.nfv09.de\/home\/wp-content\/uploads\/2018\/10\/IMG_3994.png 813w\" sizes=\"(max-width: 300px) 100vw, 300px\" \/><\/p>\n<p>Hans Ermlich war der dienst\u00e4lteste Referent in der Trainerausbildung des S\u00e4chsischen Fu\u00dfball-Verbandes und wurde zur gleichen Zeit im letzten Jahr geb\u00fchrend vom Ausschuss Qualifizierung verabschiedet. Am letzten Wochenende ist Hans Ermlich nun viel zu fr\u00fch verstorben. Ermlich war zun\u00e4chst als Bezirkslehrwart im Bezirk Dresden t\u00e4tig und bis zuletzt noch DFB-St\u00fctzpunkttrainer. Au\u00dferdem gab er seine jahrzehntelange Erfahrung als Referent in der Trainerausbildung weiter und erhielt 2014 die NOFV-Verdienstnadel und 2004 die Goldene Ehrennadel des SFV.<\/p>\n<p>&nbsp;<\/p>\n<p>Quelle:SFV<\/p>\n","protected":false},"excerpt":{"rendered":"<p>Hans Ermlich hat in seiner Zeit beim S\u00e4chsischen Fu\u00dfball-Verband unz\u00e4hlige Trainer aus- und weitergebildet. Im Alter von 74 Jahren ist Hans Ermlich am letzten Wochenende verstorben. Hans Ermlich war der dienst\u00e4lteste Referent in der Trainerausbildung des S\u00e4chsischen Fu\u00dfball-Verbandes und wurde zur gleichen Zeit im letzten Jahr geb\u00fchrend vom Ausschuss Qualifizierung verabschiedet. Am letzten Wochenende ist [&hellip;]<\/p>\n","protected":false},"author":3,"featured_media":2627,"comment_status":"open","ping_status":"open","sticky":false,"template":"","format":"standard","meta":{"footnotes":""},"categories":[85],"tags":[],"class_list":["post-2624","post","type-post","status-publish","format-standard","has-post-thumbnail","hentry","category-verein"],"yoast_head":"<!-- This site is optimized with the Yoast SEO plugin v27.5 - https:\/\/yoast.com\/product\/yoast-seo-wordpress\/ -->\n<title>Der SFV trauert um Hans Ermlich - NFV Gelb-Wei\u00df G\u00f6rlitz 09 e.V.<\/title>\n<meta name=\"robots\" content=\"index, follow, max-snippet:-1, max-image-preview:large, max-video-preview:-1\" \/>\n<link rel=\"canonical\" href=\"https:\/\/www.nfv09.de\/home\/2018\/10\/03\/der-sfv-trauert-um-hans-ermlich\/\" \/>\n<meta property=\"og:locale\" content=\"de_DE\" \/>\n<meta property=\"og:type\" content=\"article\" \/>\n<meta property=\"og:title\" content=\"Der SFV trauert um Hans Ermlich - NFV Gelb-Wei\u00df G\u00f6rlitz 09 e.V.\" \/>\n<meta property=\"og:description\" content=\"Hans Ermlich hat in seiner Zeit beim S\u00e4chsischen Fu\u00dfball-Verband unz\u00e4hlige Trainer aus- und weitergebildet. Im Alter von 74 Jahren ist Hans Ermlich am letzten Wochenende verstorben. Hans Ermlich war der dienst\u00e4lteste Referent in der Trainerausbildung des S\u00e4chsischen Fu\u00dfball-Verbandes und wurde zur gleichen Zeit im letzten Jahr geb\u00fchrend vom Ausschuss Qualifizierung verabschiedet. Am letzten Wochenende ist [&hellip;]\" \/>\n<meta property=\"og:url\" content=\"https:\/\/www.nfv09.de\/home\/2018\/10\/03\/der-sfv-trauert-um-hans-ermlich\/\" \/>\n<meta property=\"og:site_name\" content=\"NFV Gelb-Wei\u00df G\u00f6rlitz 09 e.V.\" \/>\n<meta property=\"article:published_time\" content=\"2018-10-03T08:37:34+00:00\" \/>\n<meta property=\"og:image\" content=\"https:\/\/www.nfv09.de\/home\/wp-content\/uploads\/2018\/10\/IMG_3997.jpg\" \/>\n\t<meta property=\"og:image:width\" content=\"4032\" \/>\n\t<meta property=\"og:image:height\" content=\"3024\" \/>\n\t<meta property=\"og:image:type\" content=\"image\/jpeg\" \/>\n<meta name=\"author\" content=\"Regassi\" \/>\n<meta name=\"twitter:card\" content=\"summary_large_image\" \/>\n<meta name=\"twitter:label1\" content=\"Verfasst von\" \/>\n\t<meta name=\"twitter:data1\" content=\"Regassi\" \/>\n\t<meta name=\"twitter:label2\" content=\"Gesch\u00e4tzte Lesezeit\" \/>\n\t<meta name=\"twitter:data2\" content=\"1\u00a0Minute\" \/>\n<script type=\"application\/ld+json\" class=\"yoast-schema-graph\">{\"@context\":\"https:\\\/\\\/schema.org\",\"@graph\":[{\"@type\":\"Article\",\"@id\":\"https:\\\/\\\/www.nfv09.de\\\/home\\\/2018\\\/10\\\/03\\\/der-sfv-trauert-um-hans-ermlich\\\/#article\",\"isPartOf\":{\"@id\":\"https:\\\/\\\/www.nfv09.de\\\/home\\\/2018\\\/10\\\/03\\\/der-sfv-trauert-um-hans-ermlich\\\/\"},\"author\":{\"name\":\"Regassi\",\"@id\":\"https:\\\/\\\/www.nfv09.de\\\/home\\\/#\\\/schema\\\/person\\\/ed693ed28e6e4b3f80b32447b2b6cbc7\"},\"headline\":\"Der SFV trauert um Hans Ermlich\",\"datePublished\":\"2018-10-03T08:37:34+00:00\",\"mainEntityOfPage\":{\"@id\":\"https:\\\/\\\/www.nfv09.de\\\/home\\\/2018\\\/10\\\/03\\\/der-sfv-trauert-um-hans-ermlich\\\/\"},\"wordCount\":118,\"commentCount\":0,\"publisher\":{\"@id\":\"https:\\\/\\\/www.nfv09.de\\\/home\\\/#\\\/schema\\\/person\\\/ed693ed28e6e4b3f80b32447b2b6cbc7\"},\"image\":{\"@id\":\"https:\\\/\\\/www.nfv09.de\\\/home\\\/2018\\\/10\\\/03\\\/der-sfv-trauert-um-hans-ermlich\\\/#primaryimage\"},\"thumbnailUrl\":\"https:\\\/\\\/www.nfv09.de\\\/home\\\/wp-content\\\/uploads\\\/2018\\\/10\\\/IMG_3997.jpg\",\"articleSection\":[\"Verein\"],\"inLanguage\":\"de\",\"potentialAction\":[{\"@type\":\"CommentAction\",\"name\":\"Comment\",\"target\":[\"https:\\\/\\\/www.nfv09.de\\\/home\\\/2018\\\/10\\\/03\\\/der-sfv-trauert-um-hans-ermlich\\\/#respond\"]}]},{\"@type\":\"WebPage\",\"@id\":\"https:\\\/\\\/www.nfv09.de\\\/home\\\/2018\\\/10\\\/03\\\/der-sfv-trauert-um-hans-ermlich\\\/\",\"url\":\"https:\\\/\\\/www.nfv09.de\\\/home\\\/2018\\\/10\\\/03\\\/der-sfv-trauert-um-hans-ermlich\\\/\",\"name\":\"Der SFV trauert um Hans Ermlich - NFV Gelb-Wei\u00df G\u00f6rlitz 09 e.V.\",\"isPartOf\":{\"@id\":\"https:\\\/\\\/www.nfv09.de\\\/home\\\/#website\"},\"primaryImageOfPage\":{\"@id\":\"https:\\\/\\\/www.nfv09.de\\\/home\\\/2018\\\/10\\\/03\\\/der-sfv-trauert-um-hans-ermlich\\\/#primaryimage\"},\"image\":{\"@id\":\"https:\\\/\\\/www.nfv09.de\\\/home\\\/2018\\\/10\\\/03\\\/der-sfv-trauert-um-hans-ermlich\\\/#primaryimage\"},\"thumbnailUrl\":\"https:\\\/\\\/www.nfv09.de\\\/home\\\/wp-content\\\/uploads\\\/2018\\\/10\\\/IMG_3997.jpg\",\"datePublished\":\"2018-10-03T08:37:34+00:00\",\"breadcrumb\":{\"@id\":\"https:\\\/\\\/www.nfv09.de\\\/home\\\/2018\\\/10\\\/03\\\/der-sfv-trauert-um-hans-ermlich\\\/#breadcrumb\"},\"inLanguage\":\"de\",\"potentialAction\":[{\"@type\":\"ReadAction\",\"target\":[\"https:\\\/\\\/www.nfv09.de\\\/home\\\/2018\\\/10\\\/03\\\/der-sfv-trauert-um-hans-ermlich\\\/\"]}]},{\"@type\":\"ImageObject\",\"inLanguage\":\"de\",\"@id\":\"https:\\\/\\\/www.nfv09.de\\\/home\\\/2018\\\/10\\\/03\\\/der-sfv-trauert-um-hans-ermlich\\\/#primaryimage\",\"url\":\"https:\\\/\\\/www.nfv09.de\\\/home\\\/wp-content\\\/uploads\\\/2018\\\/10\\\/IMG_3997.jpg\",\"contentUrl\":\"https:\\\/\\\/www.nfv09.de\\\/home\\\/wp-content\\\/uploads\\\/2018\\\/10\\\/IMG_3997.jpg\",\"width\":4032,\"height\":3024},{\"@type\":\"BreadcrumbList\",\"@id\":\"https:\\\/\\\/www.nfv09.de\\\/home\\\/2018\\\/10\\\/03\\\/der-sfv-trauert-um-hans-ermlich\\\/#breadcrumb\",\"itemListElement\":[{\"@type\":\"ListItem\",\"position\":1,\"name\":\"Startseite\",\"item\":\"https:\\\/\\\/www.nfv09.de\\\/home\\\/\"},{\"@type\":\"ListItem\",\"position\":2,\"name\":\"Der SFV trauert um Hans Ermlich\"}]},{\"@type\":\"WebSite\",\"@id\":\"https:\\\/\\\/www.nfv09.de\\\/home\\\/#website\",\"url\":\"https:\\\/\\\/www.nfv09.de\\\/home\\\/\",\"name\":\"NFV Gelb-Wei\u00df G\u00f6rlitz 09 e.V.\",\"description\":\"Sachsenklasse Ost\",\"publisher\":{\"@id\":\"https:\\\/\\\/www.nfv09.de\\\/home\\\/#\\\/schema\\\/person\\\/ed693ed28e6e4b3f80b32447b2b6cbc7\"},\"potentialAction\":[{\"@type\":\"SearchAction\",\"target\":{\"@type\":\"EntryPoint\",\"urlTemplate\":\"https:\\\/\\\/www.nfv09.de\\\/home\\\/?s={search_term_string}\"},\"query-input\":{\"@type\":\"PropertyValueSpecification\",\"valueRequired\":true,\"valueName\":\"search_term_string\"}}],\"inLanguage\":\"de\"},{\"@type\":[\"Person\",\"Organization\"],\"@id\":\"https:\\\/\\\/www.nfv09.de\\\/home\\\/#\\\/schema\\\/person\\\/ed693ed28e6e4b3f80b32447b2b6cbc7\",\"name\":\"Regassi\",\"image\":{\"@type\":\"ImageObject\",\"inLanguage\":\"de\",\"@id\":\"https:\\\/\\\/www.nfv09.de\\\/home\\\/wp-content\\\/uploads\\\/2015\\\/04\\\/cropped-nfv-gelb-weiss-goerlitz-e1468573113314-1.gif\",\"url\":\"https:\\\/\\\/www.nfv09.de\\\/home\\\/wp-content\\\/uploads\\\/2015\\\/04\\\/cropped-nfv-gelb-weiss-goerlitz-e1468573113314-1.gif\",\"contentUrl\":\"https:\\\/\\\/www.nfv09.de\\\/home\\\/wp-content\\\/uploads\\\/2015\\\/04\\\/cropped-nfv-gelb-weiss-goerlitz-e1468573113314-1.gif\",\"width\":100,\"height\":122,\"caption\":\"Regassi\"},\"logo\":{\"@id\":\"https:\\\/\\\/www.nfv09.de\\\/home\\\/wp-content\\\/uploads\\\/2015\\\/04\\\/cropped-nfv-gelb-weiss-goerlitz-e1468573113314-1.gif\"},\"url\":\"https:\\\/\\\/www.nfv09.de\\\/home\\\/author\\\/regassi\\\/\"}]}<\/script>\n<!-- \/ Yoast SEO plugin. -->","yoast_head_json":{"title":"Der SFV trauert um Hans Ermlich - NFV Gelb-Wei\u00df G\u00f6rlitz 09 e.V.","robots":{"index":"index","follow":"follow","max-snippet":"max-snippet:-1","max-image-preview":"max-image-preview:large","max-video-preview":"max-video-preview:-1"},"canonical":"https:\/\/www.nfv09.de\/home\/2018\/10\/03\/der-sfv-trauert-um-hans-ermlich\/","og_locale":"de_DE","og_type":"article","og_title":"Der SFV trauert um Hans Ermlich - NFV Gelb-Wei\u00df G\u00f6rlitz 09 e.V.","og_description":"Hans Ermlich hat in seiner Zeit beim S\u00e4chsischen Fu\u00dfball-Verband unz\u00e4hlige Trainer aus- und weitergebildet. Im Alter von 74 Jahren ist Hans Ermlich am letzten Wochenende verstorben. Hans Ermlich war der dienst\u00e4lteste Referent in der Trainerausbildung des S\u00e4chsischen Fu\u00dfball-Verbandes und wurde zur gleichen Zeit im letzten Jahr geb\u00fchrend vom Ausschuss Qualifizierung verabschiedet. Am letzten Wochenende ist [&hellip;]","og_url":"https:\/\/www.nfv09.de\/home\/2018\/10\/03\/der-sfv-trauert-um-hans-ermlich\/","og_site_name":"NFV Gelb-Wei\u00df G\u00f6rlitz 09 e.V.","article_published_time":"2018-10-03T08:37:34+00:00","og_image":[{"width":4032,"height":3024,"url":"https:\/\/www.nfv09.de\/home\/wp-content\/uploads\/2018\/10\/IMG_3997.jpg","type":"image\/jpeg"}],"author":"Regassi","twitter_card":"summary_large_image","twitter_misc":{"Verfasst von":"Regassi","Gesch\u00e4tzte Lesezeit":"1\u00a0Minute"},"schema":{"@context":"https:\/\/schema.org","@graph":[{"@type":"Article","@id":"https:\/\/www.nfv09.de\/home\/2018\/10\/03\/der-sfv-trauert-um-hans-ermlich\/#article","isPartOf":{"@id":"https:\/\/www.nfv09.de\/home\/2018\/10\/03\/der-sfv-trauert-um-hans-ermlich\/"},"author":{"name":"Regassi","@id":"https:\/\/www.nfv09.de\/home\/#\/schema\/person\/ed693ed28e6e4b3f80b32447b2b6cbc7"},"headline":"Der SFV trauert um Hans Ermlich","datePublished":"2018-10-03T08:37:34+00:00","mainEntityOfPage":{"@id":"https:\/\/www.nfv09.de\/home\/2018\/10\/03\/der-sfv-trauert-um-hans-ermlich\/"},"wordCount":118,"commentCount":0,"publisher":{"@id":"https:\/\/www.nfv09.de\/home\/#\/schema\/person\/ed693ed28e6e4b3f80b32447b2b6cbc7"},"image":{"@id":"https:\/\/www.nfv09.de\/home\/2018\/10\/03\/der-sfv-trauert-um-hans-ermlich\/#primaryimage"},"thumbnailUrl":"https:\/\/www.nfv09.de\/home\/wp-content\/uploads\/2018\/10\/IMG_3997.jpg","articleSection":["Verein"],"inLanguage":"de","potentialAction":[{"@type":"CommentAction","name":"Comment","target":["https:\/\/www.nfv09.de\/home\/2018\/10\/03\/der-sfv-trauert-um-hans-ermlich\/#respond"]}]},{"@type":"WebPage","@id":"https:\/\/www.nfv09.de\/home\/2018\/10\/03\/der-sfv-trauert-um-hans-ermlich\/","url":"https:\/\/www.nfv09.de\/home\/2018\/10\/03\/der-sfv-trauert-um-hans-ermlich\/","name":"Der SFV trauert um Hans Ermlich - NFV Gelb-Wei\u00df G\u00f6rlitz 09 e.V.","isPartOf":{"@id":"https:\/\/www.nfv09.de\/home\/#website"},"primaryImageOfPage":{"@id":"https:\/\/www.nfv09.de\/home\/2018\/10\/03\/der-sfv-trauert-um-hans-ermlich\/#primaryimage"},"image":{"@id":"https:\/\/www.nfv09.de\/home\/2018\/10\/03\/der-sfv-trauert-um-hans-ermlich\/#primaryimage"},"thumbnailUrl":"https:\/\/www.nfv09.de\/home\/wp-content\/uploads\/2018\/10\/IMG_3997.jpg","datePublished":"2018-10-03T08:37:34+00:00","breadcrumb":{"@id":"https:\/\/www.nfv09.de\/home\/2018\/10\/03\/der-sfv-trauert-um-hans-ermlich\/#breadcrumb"},"inLanguage":"de","potentialAction":[{"@type":"ReadAction","target":["https:\/\/www.nfv09.de\/home\/2018\/10\/03\/der-sfv-trauert-um-hans-ermlich\/"]}]},{"@type":"ImageObject","inLanguage":"de","@id":"https:\/\/www.nfv09.de\/home\/2018\/10\/03\/der-sfv-trauert-um-hans-ermlich\/#primaryimage","url":"https:\/\/www.nfv09.de\/home\/wp-content\/uploads\/2018\/10\/IMG_3997.jpg","contentUrl":"https:\/\/www.nfv09.de\/home\/wp-content\/uploads\/2018\/10\/IMG_3997.jpg","width":4032,"height":3024},{"@type":"BreadcrumbList","@id":"https:\/\/www.nfv09.de\/home\/2018\/10\/03\/der-sfv-trauert-um-hans-ermlich\/#breadcrumb","itemListElement":[{"@type":"ListItem","position":1,"name":"Startseite","item":"https:\/\/www.nfv09.de\/home\/"},{"@type":"ListItem","position":2,"name":"Der SFV trauert um Hans Ermlich"}]},{"@type":"WebSite","@id":"https:\/\/www.nfv09.de\/home\/#website","url":"https:\/\/www.nfv09.de\/home\/","name":"NFV Gelb-Wei\u00df G\u00f6rlitz 09 e.V.","description":"Sachsenklasse Ost","publisher":{"@id":"https:\/\/www.nfv09.de\/home\/#\/schema\/person\/ed693ed28e6e4b3f80b32447b2b6cbc7"},"potentialAction":[{"@type":"SearchAction","target":{"@type":"EntryPoint","urlTemplate":"https:\/\/www.nfv09.de\/home\/?s={search_term_string}"},"query-input":{"@type":"PropertyValueSpecification","valueRequired":true,"valueName":"search_term_string"}}],"inLanguage":"de"},{"@type":["Person","Organization"],"@id":"https:\/\/www.nfv09.de\/home\/#\/schema\/person\/ed693ed28e6e4b3f80b32447b2b6cbc7","name":"Regassi","image":{"@type":"ImageObject","inLanguage":"de","@id":"https:\/\/www.nfv09.de\/home\/wp-content\/uploads\/2015\/04\/cropped-nfv-gelb-weiss-goerlitz-e1468573113314-1.gif","url":"https:\/\/www.nfv09.de\/home\/wp-content\/uploads\/2015\/04\/cropped-nfv-gelb-weiss-goerlitz-e1468573113314-1.gif","contentUrl":"https:\/\/www.nfv09.de\/home\/wp-content\/uploads\/2015\/04\/cropped-nfv-gelb-weiss-goerlitz-e1468573113314-1.gif","width":100,"height":122,"caption":"Regassi"},"logo":{"@id":"https:\/\/www.nfv09.de\/home\/wp-content\/uploads\/2015\/04\/cropped-nfv-gelb-weiss-goerlitz-e1468573113314-1.gif"},"url":"https:\/\/www.nfv09.de\/home\/author\/regassi\/"}]}},"_links":{"self":[{"href":"https:\/\/www.nfv09.de\/home\/wp-json\/wp\/v2\/posts\/2624","targetHints":{"allow":["GET"]}}],"collection":[{"href":"https:\/\/www.nfv09.de\/home\/wp-json\/wp\/v2\/posts"}],"about":[{"href":"https:\/\/www.nfv09.de\/home\/wp-json\/wp\/v2\/types\/post"}],"author":[{"embeddable":true,"href":"https:\/\/www.nfv09.de\/home\/wp-json\/wp\/v2\/users\/3"}],"replies":[{"embeddable":true,"href":"https:\/\/www.nfv09.de\/home\/wp-json\/wp\/v2\/comments?post=2624"}],"version-history":[{"count":1,"href":"https:\/\/www.nfv09.de\/home\/wp-json\/wp\/v2\/posts\/2624\/revisions"}],"predecessor-version":[{"id":2626,"href":"https:\/\/www.nfv09.de\/home\/wp-json\/wp\/v2\/posts\/2624\/revisions\/2626"}],"wp:featuredmedia":[{"embeddable":true,"href":"https:\/\/www.nfv09.de\/home\/wp-json\/wp\/v2\/media\/2627"}],"wp:attachment":[{"href":"https:\/\/www.nfv09.de\/home\/wp-json\/wp\/v2\/media?parent=2624"}],"wp:term":[{"taxonomy":"category","embeddable":true,"href":"https:\/\/www.nfv09.de\/home\/wp-json\/wp\/v2\/categories?post=2624"},{"taxonomy":"post_tag","embeddable":true,"href":"https:\/\/www.nfv09.de\/home\/wp-json\/wp\/v2\/tags?post=2624"}],"curies":[{"name":"wp","href":"https:\/\/api.w.org\/{rel}","templated":true}]}}