{"id":2585,"date":"2018-08-17T16:42:01","date_gmt":"2018-08-17T14:42:01","guid":{"rendered":"http:\/\/www.nfv09.de\/home\/?p=2585"},"modified":"2018-08-17T16:58:45","modified_gmt":"2018-08-17T14:58:45","slug":"vorbericht-2-spieltag-kreisliga-ol-nfv09-tsv-grossschoenau","status":"publish","type":"post","link":"https:\/\/www.nfv09.de\/home\/2018\/08\/17\/vorbericht-2-spieltag-kreisliga-ol-nfv09-tsv-grossschoenau\/","title":{"rendered":"Vorbericht 2.Spieltag | Kreisliga OL | NFV09 -:- TSV Grosssch\u00f6nau"},"content":{"rendered":"<p>Vorbericht<br \/>\n2.Spieltag Kreisliga Oberlausitz<\/p>\n<p>Samstag, 18.08.2018, 15:00 Uhr, Stadion der Freundschaft<\/p>\n<p>&nbsp;<\/p>\n<p><b>NFV09 -:- TSV Grosssch\u00f6nau<\/b><\/p>\n<p>Tabellenf\u00fchrung verteidigen<\/p>\n<p>Nach dem gelungenen Auftaktspiel am vergangenen Wochenende und mit der Tabellenf\u00fchrung (teilt man sich mit Horken-Kittlitz) ausgestattet, steht an diesem Samstag das erste Heimspiel auf dem Programm.<\/p>\n<p>Zu Gast ist der TSV Grosssch\u00f6nau, die sich am vergangenen Wochenende gegen die ISG Hagenwerder (SpG mit GFC2.) mit 0:3 geschlagen geben mussten und aktuell auf dem letzten Tabellenplatz rangieren.<br \/>\nDie vergangene Saison schlossen die G\u00e4ste auf dem dritten Tabellenplatz ab.<\/p>\n<p>F\u00fcr die Gelb-Wei\u00dfen hei\u00dft es also aufzupassen und den Gegner nicht zu untersch\u00e4tzen.<br \/>\nEs gilt an die konzentrierte Leistung aus der Vorwoche (vor allem in der ersten Halbzeit) anzukn\u00fcpfen und die Punkte in heimischen Gefilden zu behalten.<br \/>\nTrainer Walter Herzig, der aus seinem Urlaub zur\u00fcckgekehrt ist, m\u00f6chte sicher die Serie ausbauen, die Co-Trainer Clemens Simon in den letzten Wochen mit der Mannschaft begonnen hat (5 Spiele, 5 Siege).<br \/>\nDie letzten Trainingseinheiten wurden intensiv genutzt, um die im ersten Saisonspiel im Laufe des Spiels aufgetretenen Fehler nicht zu wiederholen.<br \/>\nDas Trainerteam kann auf den vollen Kader zugreifen, lediglich bei Clemens Simon steht noch ein Fragezeichen.<\/p>\n<p>Geleitet wird die Partie von Schiedsrichter Julius Paul (Kottmar). An den Linien assistieren Rahel Tews und Louis Wohlfarth.<\/p>\n<p><span style=\"color: #ff0000;\">ACHTUNG<\/span>: Das Spiel findet, wegen Bauarbeiten im Stadion Junge Welt, im <span style=\"color: #ff0000;\">STADION DER FREUNDSCHAFT<\/span> statt.<\/p>\n<p>Spielort:<br \/>\nStadion der Freundschaft<br \/>\nAm Wasserwerk<br \/>\n02827 G\u00f6rlitz<\/p>\n<p>*BB*<\/p>\n","protected":false},"excerpt":{"rendered":"<p>Vorbericht 2.Spieltag Kreisliga Oberlausitz Samstag, 18.08.2018, 15:00 Uhr, Stadion der Freundschaft &nbsp; NFV09 -:- TSV Grosssch\u00f6nau Tabellenf\u00fchrung verteidigen Nach dem gelungenen Auftaktspiel am vergangenen Wochenende und mit der Tabellenf\u00fchrung (teilt man sich mit Horken-Kittlitz) ausgestattet, steht an diesem Samstag das erste Heimspiel auf dem Programm. Zu Gast ist der TSV Grosssch\u00f6nau, die sich am vergangenen [&hellip;]<\/p>\n","protected":false},"author":3,"featured_media":2302,"comment_status":"open","ping_status":"open","sticky":false,"template":"","format":"standard","meta":{"footnotes":""},"categories":[82],"tags":[],"class_list":["post-2585","post","type-post","status-publish","format-standard","has-post-thumbnail","hentry","category-1-mannschaft"],"yoast_head":"<!-- This site is optimized with the Yoast SEO plugin v27.5 - https:\/\/yoast.com\/product\/yoast-seo-wordpress\/ -->\n<title>Vorbericht 2.Spieltag | Kreisliga OL | NFV09 -:- TSV Grosssch\u00f6nau - NFV Gelb-Wei\u00df G\u00f6rlitz 09 e.V.<\/title>\n<meta name=\"robots\" content=\"index, follow, max-snippet:-1, max-image-preview:large, max-video-preview:-1\" \/>\n<link rel=\"canonical\" href=\"https:\/\/www.nfv09.de\/home\/2018\/08\/17\/vorbericht-2-spieltag-kreisliga-ol-nfv09-tsv-grossschoenau\/\" \/>\n<meta property=\"og:locale\" content=\"de_DE\" \/>\n<meta property=\"og:type\" content=\"article\" \/>\n<meta property=\"og:title\" content=\"Vorbericht 2.Spieltag | Kreisliga OL | NFV09 -:- TSV Grosssch\u00f6nau - NFV Gelb-Wei\u00df G\u00f6rlitz 09 e.V.\" \/>\n<meta property=\"og:description\" content=\"Vorbericht 2.Spieltag Kreisliga Oberlausitz Samstag, 18.08.2018, 15:00 Uhr, Stadion der Freundschaft &nbsp; NFV09 -:- TSV Grosssch\u00f6nau Tabellenf\u00fchrung verteidigen Nach dem gelungenen Auftaktspiel am vergangenen Wochenende und mit der Tabellenf\u00fchrung (teilt man sich mit Horken-Kittlitz) ausgestattet, steht an diesem Samstag das erste Heimspiel auf dem Programm. Zu Gast ist der TSV Grosssch\u00f6nau, die sich am vergangenen [&hellip;]\" \/>\n<meta property=\"og:url\" content=\"https:\/\/www.nfv09.de\/home\/2018\/08\/17\/vorbericht-2-spieltag-kreisliga-ol-nfv09-tsv-grossschoenau\/\" \/>\n<meta property=\"og:site_name\" content=\"NFV Gelb-Wei\u00df G\u00f6rlitz 09 e.V.\" \/>\n<meta property=\"article:published_time\" content=\"2018-08-17T14:42:01+00:00\" \/>\n<meta property=\"article:modified_time\" content=\"2018-08-17T14:58:45+00:00\" \/>\n<meta property=\"og:image\" content=\"https:\/\/www.nfv09.de\/home\/wp-content\/uploads\/2015\/04\/hp_netz.jpg\" \/>\n\t<meta property=\"og:image:width\" content=\"1200\" \/>\n\t<meta property=\"og:image:height\" content=\"800\" \/>\n\t<meta property=\"og:image:type\" content=\"image\/jpeg\" \/>\n<meta name=\"author\" content=\"Regassi\" \/>\n<meta name=\"twitter:card\" content=\"summary_large_image\" \/>\n<meta name=\"twitter:label1\" content=\"Verfasst von\" \/>\n\t<meta name=\"twitter:data1\" content=\"Regassi\" \/>\n\t<meta name=\"twitter:label2\" content=\"Gesch\u00e4tzte Lesezeit\" \/>\n\t<meta name=\"twitter:data2\" content=\"1\u00a0Minute\" \/>\n<script type=\"application\/ld+json\" class=\"yoast-schema-graph\">{\"@context\":\"https:\\\/\\\/schema.org\",\"@graph\":[{\"@type\":\"Article\",\"@id\":\"https:\\\/\\\/www.nfv09.de\\\/home\\\/2018\\\/08\\\/17\\\/vorbericht-2-spieltag-kreisliga-ol-nfv09-tsv-grossschoenau\\\/#article\",\"isPartOf\":{\"@id\":\"https:\\\/\\\/www.nfv09.de\\\/home\\\/2018\\\/08\\\/17\\\/vorbericht-2-spieltag-kreisliga-ol-nfv09-tsv-grossschoenau\\\/\"},\"author\":{\"name\":\"Regassi\",\"@id\":\"https:\\\/\\\/www.nfv09.de\\\/home\\\/#\\\/schema\\\/person\\\/ed693ed28e6e4b3f80b32447b2b6cbc7\"},\"headline\":\"Vorbericht 2.Spieltag | Kreisliga OL | NFV09 -:- TSV Grosssch\u00f6nau\",\"datePublished\":\"2018-08-17T14:42:01+00:00\",\"dateModified\":\"2018-08-17T14:58:45+00:00\",\"mainEntityOfPage\":{\"@id\":\"https:\\\/\\\/www.nfv09.de\\\/home\\\/2018\\\/08\\\/17\\\/vorbericht-2-spieltag-kreisliga-ol-nfv09-tsv-grossschoenau\\\/\"},\"wordCount\":250,\"commentCount\":0,\"publisher\":{\"@id\":\"https:\\\/\\\/www.nfv09.de\\\/home\\\/#\\\/schema\\\/person\\\/ed693ed28e6e4b3f80b32447b2b6cbc7\"},\"image\":{\"@id\":\"https:\\\/\\\/www.nfv09.de\\\/home\\\/2018\\\/08\\\/17\\\/vorbericht-2-spieltag-kreisliga-ol-nfv09-tsv-grossschoenau\\\/#primaryimage\"},\"thumbnailUrl\":\"https:\\\/\\\/www.nfv09.de\\\/home\\\/wp-content\\\/uploads\\\/2015\\\/04\\\/hp_netz.jpg\",\"articleSection\":[\"1. Mannschaft\"],\"inLanguage\":\"de\",\"potentialAction\":[{\"@type\":\"CommentAction\",\"name\":\"Comment\",\"target\":[\"https:\\\/\\\/www.nfv09.de\\\/home\\\/2018\\\/08\\\/17\\\/vorbericht-2-spieltag-kreisliga-ol-nfv09-tsv-grossschoenau\\\/#respond\"]}]},{\"@type\":\"WebPage\",\"@id\":\"https:\\\/\\\/www.nfv09.de\\\/home\\\/2018\\\/08\\\/17\\\/vorbericht-2-spieltag-kreisliga-ol-nfv09-tsv-grossschoenau\\\/\",\"url\":\"https:\\\/\\\/www.nfv09.de\\\/home\\\/2018\\\/08\\\/17\\\/vorbericht-2-spieltag-kreisliga-ol-nfv09-tsv-grossschoenau\\\/\",\"name\":\"Vorbericht 2.Spieltag | Kreisliga OL | NFV09 -:- TSV Grosssch\u00f6nau - NFV Gelb-Wei\u00df G\u00f6rlitz 09 e.V.\",\"isPartOf\":{\"@id\":\"https:\\\/\\\/www.nfv09.de\\\/home\\\/#website\"},\"primaryImageOfPage\":{\"@id\":\"https:\\\/\\\/www.nfv09.de\\\/home\\\/2018\\\/08\\\/17\\\/vorbericht-2-spieltag-kreisliga-ol-nfv09-tsv-grossschoenau\\\/#primaryimage\"},\"image\":{\"@id\":\"https:\\\/\\\/www.nfv09.de\\\/home\\\/2018\\\/08\\\/17\\\/vorbericht-2-spieltag-kreisliga-ol-nfv09-tsv-grossschoenau\\\/#primaryimage\"},\"thumbnailUrl\":\"https:\\\/\\\/www.nfv09.de\\\/home\\\/wp-content\\\/uploads\\\/2015\\\/04\\\/hp_netz.jpg\",\"datePublished\":\"2018-08-17T14:42:01+00:00\",\"dateModified\":\"2018-08-17T14:58:45+00:00\",\"breadcrumb\":{\"@id\":\"https:\\\/\\\/www.nfv09.de\\\/home\\\/2018\\\/08\\\/17\\\/vorbericht-2-spieltag-kreisliga-ol-nfv09-tsv-grossschoenau\\\/#breadcrumb\"},\"inLanguage\":\"de\",\"potentialAction\":[{\"@type\":\"ReadAction\",\"target\":[\"https:\\\/\\\/www.nfv09.de\\\/home\\\/2018\\\/08\\\/17\\\/vorbericht-2-spieltag-kreisliga-ol-nfv09-tsv-grossschoenau\\\/\"]}]},{\"@type\":\"ImageObject\",\"inLanguage\":\"de\",\"@id\":\"https:\\\/\\\/www.nfv09.de\\\/home\\\/2018\\\/08\\\/17\\\/vorbericht-2-spieltag-kreisliga-ol-nfv09-tsv-grossschoenau\\\/#primaryimage\",\"url\":\"https:\\\/\\\/www.nfv09.de\\\/home\\\/wp-content\\\/uploads\\\/2015\\\/04\\\/hp_netz.jpg\",\"contentUrl\":\"https:\\\/\\\/www.nfv09.de\\\/home\\\/wp-content\\\/uploads\\\/2015\\\/04\\\/hp_netz.jpg\",\"width\":1200,\"height\":800},{\"@type\":\"BreadcrumbList\",\"@id\":\"https:\\\/\\\/www.nfv09.de\\\/home\\\/2018\\\/08\\\/17\\\/vorbericht-2-spieltag-kreisliga-ol-nfv09-tsv-grossschoenau\\\/#breadcrumb\",\"itemListElement\":[{\"@type\":\"ListItem\",\"position\":1,\"name\":\"Startseite\",\"item\":\"https:\\\/\\\/www.nfv09.de\\\/home\\\/\"},{\"@type\":\"ListItem\",\"position\":2,\"name\":\"Vorbericht 2.Spieltag | Kreisliga OL | NFV09 -:- TSV Grosssch\u00f6nau\"}]},{\"@type\":\"WebSite\",\"@id\":\"https:\\\/\\\/www.nfv09.de\\\/home\\\/#website\",\"url\":\"https:\\\/\\\/www.nfv09.de\\\/home\\\/\",\"name\":\"NFV Gelb-Wei\u00df G\u00f6rlitz 09 e.V.\",\"description\":\"Sachsenklasse Ost\",\"publisher\":{\"@id\":\"https:\\\/\\\/www.nfv09.de\\\/home\\\/#\\\/schema\\\/person\\\/ed693ed28e6e4b3f80b32447b2b6cbc7\"},\"potentialAction\":[{\"@type\":\"SearchAction\",\"target\":{\"@type\":\"EntryPoint\",\"urlTemplate\":\"https:\\\/\\\/www.nfv09.de\\\/home\\\/?s={search_term_string}\"},\"query-input\":{\"@type\":\"PropertyValueSpecification\",\"valueRequired\":true,\"valueName\":\"search_term_string\"}}],\"inLanguage\":\"de\"},{\"@type\":[\"Person\",\"Organization\"],\"@id\":\"https:\\\/\\\/www.nfv09.de\\\/home\\\/#\\\/schema\\\/person\\\/ed693ed28e6e4b3f80b32447b2b6cbc7\",\"name\":\"Regassi\",\"image\":{\"@type\":\"ImageObject\",\"inLanguage\":\"de\",\"@id\":\"https:\\\/\\\/www.nfv09.de\\\/home\\\/wp-content\\\/uploads\\\/2015\\\/04\\\/cropped-nfv-gelb-weiss-goerlitz-e1468573113314-1.gif\",\"url\":\"https:\\\/\\\/www.nfv09.de\\\/home\\\/wp-content\\\/uploads\\\/2015\\\/04\\\/cropped-nfv-gelb-weiss-goerlitz-e1468573113314-1.gif\",\"contentUrl\":\"https:\\\/\\\/www.nfv09.de\\\/home\\\/wp-content\\\/uploads\\\/2015\\\/04\\\/cropped-nfv-gelb-weiss-goerlitz-e1468573113314-1.gif\",\"width\":100,\"height\":122,\"caption\":\"Regassi\"},\"logo\":{\"@id\":\"https:\\\/\\\/www.nfv09.de\\\/home\\\/wp-content\\\/uploads\\\/2015\\\/04\\\/cropped-nfv-gelb-weiss-goerlitz-e1468573113314-1.gif\"},\"url\":\"https:\\\/\\\/www.nfv09.de\\\/home\\\/author\\\/regassi\\\/\"}]}<\/script>\n<!-- \/ Yoast SEO plugin. -->","yoast_head_json":{"title":"Vorbericht 2.Spieltag | Kreisliga OL | NFV09 -:- TSV Grosssch\u00f6nau - NFV Gelb-Wei\u00df G\u00f6rlitz 09 e.V.","robots":{"index":"index","follow":"follow","max-snippet":"max-snippet:-1","max-image-preview":"max-image-preview:large","max-video-preview":"max-video-preview:-1"},"canonical":"https:\/\/www.nfv09.de\/home\/2018\/08\/17\/vorbericht-2-spieltag-kreisliga-ol-nfv09-tsv-grossschoenau\/","og_locale":"de_DE","og_type":"article","og_title":"Vorbericht 2.Spieltag | Kreisliga OL | NFV09 -:- TSV Grosssch\u00f6nau - NFV Gelb-Wei\u00df G\u00f6rlitz 09 e.V.","og_description":"Vorbericht 2.Spieltag Kreisliga Oberlausitz Samstag, 18.08.2018, 15:00 Uhr, Stadion der Freundschaft &nbsp; NFV09 -:- TSV Grosssch\u00f6nau Tabellenf\u00fchrung verteidigen Nach dem gelungenen Auftaktspiel am vergangenen Wochenende und mit der Tabellenf\u00fchrung (teilt man sich mit Horken-Kittlitz) ausgestattet, steht an diesem Samstag das erste Heimspiel auf dem Programm. Zu Gast ist der TSV Grosssch\u00f6nau, die sich am vergangenen [&hellip;]","og_url":"https:\/\/www.nfv09.de\/home\/2018\/08\/17\/vorbericht-2-spieltag-kreisliga-ol-nfv09-tsv-grossschoenau\/","og_site_name":"NFV Gelb-Wei\u00df G\u00f6rlitz 09 e.V.","article_published_time":"2018-08-17T14:42:01+00:00","article_modified_time":"2018-08-17T14:58:45+00:00","og_image":[{"width":1200,"height":800,"url":"https:\/\/www.nfv09.de\/home\/wp-content\/uploads\/2015\/04\/hp_netz.jpg","type":"image\/jpeg"}],"author":"Regassi","twitter_card":"summary_large_image","twitter_misc":{"Verfasst von":"Regassi","Gesch\u00e4tzte Lesezeit":"1\u00a0Minute"},"schema":{"@context":"https:\/\/schema.org","@graph":[{"@type":"Article","@id":"https:\/\/www.nfv09.de\/home\/2018\/08\/17\/vorbericht-2-spieltag-kreisliga-ol-nfv09-tsv-grossschoenau\/#article","isPartOf":{"@id":"https:\/\/www.nfv09.de\/home\/2018\/08\/17\/vorbericht-2-spieltag-kreisliga-ol-nfv09-tsv-grossschoenau\/"},"author":{"name":"Regassi","@id":"https:\/\/www.nfv09.de\/home\/#\/schema\/person\/ed693ed28e6e4b3f80b32447b2b6cbc7"},"headline":"Vorbericht 2.Spieltag | Kreisliga OL | NFV09 -:- TSV Grosssch\u00f6nau","datePublished":"2018-08-17T14:42:01+00:00","dateModified":"2018-08-17T14:58:45+00:00","mainEntityOfPage":{"@id":"https:\/\/www.nfv09.de\/home\/2018\/08\/17\/vorbericht-2-spieltag-kreisliga-ol-nfv09-tsv-grossschoenau\/"},"wordCount":250,"commentCount":0,"publisher":{"@id":"https:\/\/www.nfv09.de\/home\/#\/schema\/person\/ed693ed28e6e4b3f80b32447b2b6cbc7"},"image":{"@id":"https:\/\/www.nfv09.de\/home\/2018\/08\/17\/vorbericht-2-spieltag-kreisliga-ol-nfv09-tsv-grossschoenau\/#primaryimage"},"thumbnailUrl":"https:\/\/www.nfv09.de\/home\/wp-content\/uploads\/2015\/04\/hp_netz.jpg","articleSection":["1. Mannschaft"],"inLanguage":"de","potentialAction":[{"@type":"CommentAction","name":"Comment","target":["https:\/\/www.nfv09.de\/home\/2018\/08\/17\/vorbericht-2-spieltag-kreisliga-ol-nfv09-tsv-grossschoenau\/#respond"]}]},{"@type":"WebPage","@id":"https:\/\/www.nfv09.de\/home\/2018\/08\/17\/vorbericht-2-spieltag-kreisliga-ol-nfv09-tsv-grossschoenau\/","url":"https:\/\/www.nfv09.de\/home\/2018\/08\/17\/vorbericht-2-spieltag-kreisliga-ol-nfv09-tsv-grossschoenau\/","name":"Vorbericht 2.Spieltag | Kreisliga OL | NFV09 -:- TSV Grosssch\u00f6nau - NFV Gelb-Wei\u00df G\u00f6rlitz 09 e.V.","isPartOf":{"@id":"https:\/\/www.nfv09.de\/home\/#website"},"primaryImageOfPage":{"@id":"https:\/\/www.nfv09.de\/home\/2018\/08\/17\/vorbericht-2-spieltag-kreisliga-ol-nfv09-tsv-grossschoenau\/#primaryimage"},"image":{"@id":"https:\/\/www.nfv09.de\/home\/2018\/08\/17\/vorbericht-2-spieltag-kreisliga-ol-nfv09-tsv-grossschoenau\/#primaryimage"},"thumbnailUrl":"https:\/\/www.nfv09.de\/home\/wp-content\/uploads\/2015\/04\/hp_netz.jpg","datePublished":"2018-08-17T14:42:01+00:00","dateModified":"2018-08-17T14:58:45+00:00","breadcrumb":{"@id":"https:\/\/www.nfv09.de\/home\/2018\/08\/17\/vorbericht-2-spieltag-kreisliga-ol-nfv09-tsv-grossschoenau\/#breadcrumb"},"inLanguage":"de","potentialAction":[{"@type":"ReadAction","target":["https:\/\/www.nfv09.de\/home\/2018\/08\/17\/vorbericht-2-spieltag-kreisliga-ol-nfv09-tsv-grossschoenau\/"]}]},{"@type":"ImageObject","inLanguage":"de","@id":"https:\/\/www.nfv09.de\/home\/2018\/08\/17\/vorbericht-2-spieltag-kreisliga-ol-nfv09-tsv-grossschoenau\/#primaryimage","url":"https:\/\/www.nfv09.de\/home\/wp-content\/uploads\/2015\/04\/hp_netz.jpg","contentUrl":"https:\/\/www.nfv09.de\/home\/wp-content\/uploads\/2015\/04\/hp_netz.jpg","width":1200,"height":800},{"@type":"BreadcrumbList","@id":"https:\/\/www.nfv09.de\/home\/2018\/08\/17\/vorbericht-2-spieltag-kreisliga-ol-nfv09-tsv-grossschoenau\/#breadcrumb","itemListElement":[{"@type":"ListItem","position":1,"name":"Startseite","item":"https:\/\/www.nfv09.de\/home\/"},{"@type":"ListItem","position":2,"name":"Vorbericht 2.Spieltag | Kreisliga OL | NFV09 -:- TSV Grosssch\u00f6nau"}]},{"@type":"WebSite","@id":"https:\/\/www.nfv09.de\/home\/#website","url":"https:\/\/www.nfv09.de\/home\/","name":"NFV Gelb-Wei\u00df G\u00f6rlitz 09 e.V.","description":"Sachsenklasse Ost","publisher":{"@id":"https:\/\/www.nfv09.de\/home\/#\/schema\/person\/ed693ed28e6e4b3f80b32447b2b6cbc7"},"potentialAction":[{"@type":"SearchAction","target":{"@type":"EntryPoint","urlTemplate":"https:\/\/www.nfv09.de\/home\/?s={search_term_string}"},"query-input":{"@type":"PropertyValueSpecification","valueRequired":true,"valueName":"search_term_string"}}],"inLanguage":"de"},{"@type":["Person","Organization"],"@id":"https:\/\/www.nfv09.de\/home\/#\/schema\/person\/ed693ed28e6e4b3f80b32447b2b6cbc7","name":"Regassi","image":{"@type":"ImageObject","inLanguage":"de","@id":"https:\/\/www.nfv09.de\/home\/wp-content\/uploads\/2015\/04\/cropped-nfv-gelb-weiss-goerlitz-e1468573113314-1.gif","url":"https:\/\/www.nfv09.de\/home\/wp-content\/uploads\/2015\/04\/cropped-nfv-gelb-weiss-goerlitz-e1468573113314-1.gif","contentUrl":"https:\/\/www.nfv09.de\/home\/wp-content\/uploads\/2015\/04\/cropped-nfv-gelb-weiss-goerlitz-e1468573113314-1.gif","width":100,"height":122,"caption":"Regassi"},"logo":{"@id":"https:\/\/www.nfv09.de\/home\/wp-content\/uploads\/2015\/04\/cropped-nfv-gelb-weiss-goerlitz-e1468573113314-1.gif"},"url":"https:\/\/www.nfv09.de\/home\/author\/regassi\/"}]}},"_links":{"self":[{"href":"https:\/\/www.nfv09.de\/home\/wp-json\/wp\/v2\/posts\/2585","targetHints":{"allow":["GET"]}}],"collection":[{"href":"https:\/\/www.nfv09.de\/home\/wp-json\/wp\/v2\/posts"}],"about":[{"href":"https:\/\/www.nfv09.de\/home\/wp-json\/wp\/v2\/types\/post"}],"author":[{"embeddable":true,"href":"https:\/\/www.nfv09.de\/home\/wp-json\/wp\/v2\/users\/3"}],"replies":[{"embeddable":true,"href":"https:\/\/www.nfv09.de\/home\/wp-json\/wp\/v2\/comments?post=2585"}],"version-history":[{"count":3,"href":"https:\/\/www.nfv09.de\/home\/wp-json\/wp\/v2\/posts\/2585\/revisions"}],"predecessor-version":[{"id":2588,"href":"https:\/\/www.nfv09.de\/home\/wp-json\/wp\/v2\/posts\/2585\/revisions\/2588"}],"wp:featuredmedia":[{"embeddable":true,"href":"https:\/\/www.nfv09.de\/home\/wp-json\/wp\/v2\/media\/2302"}],"wp:attachment":[{"href":"https:\/\/www.nfv09.de\/home\/wp-json\/wp\/v2\/media?parent=2585"}],"wp:term":[{"taxonomy":"category","embeddable":true,"href":"https:\/\/www.nfv09.de\/home\/wp-json\/wp\/v2\/categories?post=2585"},{"taxonomy":"post_tag","embeddable":true,"href":"https:\/\/www.nfv09.de\/home\/wp-json\/wp\/v2\/tags?post=2585"}],"curies":[{"name":"wp","href":"https:\/\/api.w.org\/{rel}","templated":true}]}}