{"id":2567,"date":"2018-08-01T18:21:34","date_gmt":"2018-08-01T16:21:34","guid":{"rendered":"http:\/\/www.nfv09.de\/home\/?p=2567"},"modified":"2018-08-09T11:56:54","modified_gmt":"2018-08-09T09:56:54","slug":"liga-pokal-testspielinfos","status":"publish","type":"post","link":"https:\/\/www.nfv09.de\/home\/2018\/08\/01\/liga-pokal-testspielinfos\/","title":{"rendered":"Liga, Pokal &#038; Testspielinfos"},"content":{"rendered":"<p><b>Liga, Pokal &amp; Testspielinfos<\/b><\/p>\n<p>Der NFV wird nach dem ungl\u00fccklichen Abstieg aus der Kreisoberliga (Landskron Oberlausitzliga) in der kommenden Saison in der Kreisliga S\u00fcd starten. In dieser Liga sind u.a. die Mannschaften aus Hagenwerder die in einer SpG mit dem GFC2 antreten, Ostritz, Holtendorfer SV 2., Neusalza Spremberg 2. vertreten.<\/p>\n<p><b>Liga:<\/b><br \/>\nDer 1.Spieltag findet am 11.8.2018 statt. Die Gelb-Wei\u00dfen beginnen die neue Saison mit einem Ausw\u00e4rtsspiel bei der 2. Vertretung des Holtendorfer SV. Ansto\u00df dort ist um 15:00 Uhr.<\/p>\n<p>Das erste Heimspiel der Saison bestreitet man am 18.8. gegen den Vorjahres-Dritten aus Gro\u00dfsch\u00f6nau.<\/p>\n<p><b>Pokal:<\/b><br \/>\nBereits am 5.8.2018 steht das erste Pflichtspiel an.<br \/>\nIm Kreispokal 2018\/19 spielt man ebenfalls ausw\u00e4rts. Spielbeginn beim SV Blau-Wei\u00df Kromlau ist an diesem Sonntag um 15:00 Uhr.<\/p>\n<p><b>Testspiele:<\/b><br \/>\nZur\u00fcckliegend absolvierte der NFV zwei Testspiele die beide siegreich gestaltet werden konnten.<\/p>\n<p>14.7.2018: NFV &#8211; 1. Rothenburger SV 2:1<br \/>\n(Torsch\u00fctzen beim NFV: 1:0 Nico Bischoff, Florian Quach 2:1)<\/p>\n<p>21.7.2018:<br \/>\nSV Aufbau Kodersdorf &#8211; NFV 2:3<br \/>\n(Torsch\u00fctzen beim NFV: Tom Seifert 0:1, Krystian Gawora 1:2, Gian-Luca Seifert 2:3)<\/p>\n<p>*BB*<\/p>\n","protected":false},"excerpt":{"rendered":"<p>Liga, Pokal &amp; Testspielinfos Der NFV wird nach dem ungl\u00fccklichen Abstieg aus der Kreisoberliga (Landskron Oberlausitzliga) in der kommenden Saison in der Kreisliga S\u00fcd starten. In dieser Liga sind u.a. die Mannschaften aus Hagenwerder die in einer SpG mit dem GFC2 antreten, Ostritz, Holtendorfer SV 2., Neusalza Spremberg 2. vertreten. Liga: Der 1.Spieltag findet am [&hellip;]<\/p>\n","protected":false},"author":3,"featured_media":1630,"comment_status":"open","ping_status":"open","sticky":false,"template":"","format":"standard","meta":{"footnotes":""},"categories":[82],"tags":[],"class_list":["post-2567","post","type-post","status-publish","format-standard","has-post-thumbnail","hentry","category-1-mannschaft"],"yoast_head":"<!-- This site is optimized with the Yoast SEO plugin v27.5 - https:\/\/yoast.com\/product\/yoast-seo-wordpress\/ -->\n<title>Liga, Pokal &amp; Testspielinfos - NFV Gelb-Wei\u00df G\u00f6rlitz 09 e.V.<\/title>\n<meta name=\"robots\" content=\"index, follow, max-snippet:-1, max-image-preview:large, max-video-preview:-1\" \/>\n<link rel=\"canonical\" href=\"https:\/\/www.nfv09.de\/home\/2018\/08\/01\/liga-pokal-testspielinfos\/\" \/>\n<meta property=\"og:locale\" content=\"de_DE\" \/>\n<meta property=\"og:type\" content=\"article\" \/>\n<meta property=\"og:title\" content=\"Liga, Pokal &amp; Testspielinfos - NFV Gelb-Wei\u00df G\u00f6rlitz 09 e.V.\" \/>\n<meta property=\"og:description\" content=\"Liga, Pokal &amp; Testspielinfos Der NFV wird nach dem ungl\u00fccklichen Abstieg aus der Kreisoberliga (Landskron Oberlausitzliga) in der kommenden Saison in der Kreisliga S\u00fcd starten. In dieser Liga sind u.a. die Mannschaften aus Hagenwerder die in einer SpG mit dem GFC2 antreten, Ostritz, Holtendorfer SV 2., Neusalza Spremberg 2. vertreten. Liga: Der 1.Spieltag findet am [&hellip;]\" \/>\n<meta property=\"og:url\" content=\"https:\/\/www.nfv09.de\/home\/2018\/08\/01\/liga-pokal-testspielinfos\/\" \/>\n<meta property=\"og:site_name\" content=\"NFV Gelb-Wei\u00df G\u00f6rlitz 09 e.V.\" \/>\n<meta property=\"article:published_time\" content=\"2018-08-01T16:21:34+00:00\" \/>\n<meta property=\"article:modified_time\" content=\"2018-08-09T09:56:54+00:00\" \/>\n<meta property=\"og:image\" content=\"https:\/\/www.nfv09.de\/home\/wp-content\/uploads\/2015\/04\/netz.jpg\" \/>\n\t<meta property=\"og:image:width\" content=\"1200\" \/>\n\t<meta property=\"og:image:height\" content=\"800\" \/>\n\t<meta property=\"og:image:type\" content=\"image\/jpeg\" \/>\n<meta name=\"author\" content=\"Regassi\" \/>\n<meta name=\"twitter:card\" content=\"summary_large_image\" \/>\n<meta name=\"twitter:label1\" content=\"Verfasst von\" \/>\n\t<meta name=\"twitter:data1\" content=\"Regassi\" \/>\n\t<meta name=\"twitter:label2\" content=\"Gesch\u00e4tzte Lesezeit\" \/>\n\t<meta name=\"twitter:data2\" content=\"1\u00a0Minute\" \/>\n<script type=\"application\/ld+json\" class=\"yoast-schema-graph\">{\"@context\":\"https:\\\/\\\/schema.org\",\"@graph\":[{\"@type\":\"Article\",\"@id\":\"https:\\\/\\\/www.nfv09.de\\\/home\\\/2018\\\/08\\\/01\\\/liga-pokal-testspielinfos\\\/#article\",\"isPartOf\":{\"@id\":\"https:\\\/\\\/www.nfv09.de\\\/home\\\/2018\\\/08\\\/01\\\/liga-pokal-testspielinfos\\\/\"},\"author\":{\"name\":\"Regassi\",\"@id\":\"https:\\\/\\\/www.nfv09.de\\\/home\\\/#\\\/schema\\\/person\\\/ed693ed28e6e4b3f80b32447b2b6cbc7\"},\"headline\":\"Liga, Pokal &#038; Testspielinfos\",\"datePublished\":\"2018-08-01T16:21:34+00:00\",\"dateModified\":\"2018-08-09T09:56:54+00:00\",\"mainEntityOfPage\":{\"@id\":\"https:\\\/\\\/www.nfv09.de\\\/home\\\/2018\\\/08\\\/01\\\/liga-pokal-testspielinfos\\\/\"},\"wordCount\":165,\"commentCount\":0,\"publisher\":{\"@id\":\"https:\\\/\\\/www.nfv09.de\\\/home\\\/#\\\/schema\\\/person\\\/ed693ed28e6e4b3f80b32447b2b6cbc7\"},\"image\":{\"@id\":\"https:\\\/\\\/www.nfv09.de\\\/home\\\/2018\\\/08\\\/01\\\/liga-pokal-testspielinfos\\\/#primaryimage\"},\"thumbnailUrl\":\"https:\\\/\\\/www.nfv09.de\\\/home\\\/wp-content\\\/uploads\\\/2015\\\/04\\\/netz.jpg\",\"articleSection\":[\"1. Mannschaft\"],\"inLanguage\":\"de\",\"potentialAction\":[{\"@type\":\"CommentAction\",\"name\":\"Comment\",\"target\":[\"https:\\\/\\\/www.nfv09.de\\\/home\\\/2018\\\/08\\\/01\\\/liga-pokal-testspielinfos\\\/#respond\"]}]},{\"@type\":\"WebPage\",\"@id\":\"https:\\\/\\\/www.nfv09.de\\\/home\\\/2018\\\/08\\\/01\\\/liga-pokal-testspielinfos\\\/\",\"url\":\"https:\\\/\\\/www.nfv09.de\\\/home\\\/2018\\\/08\\\/01\\\/liga-pokal-testspielinfos\\\/\",\"name\":\"Liga, Pokal & Testspielinfos - NFV Gelb-Wei\u00df G\u00f6rlitz 09 e.V.\",\"isPartOf\":{\"@id\":\"https:\\\/\\\/www.nfv09.de\\\/home\\\/#website\"},\"primaryImageOfPage\":{\"@id\":\"https:\\\/\\\/www.nfv09.de\\\/home\\\/2018\\\/08\\\/01\\\/liga-pokal-testspielinfos\\\/#primaryimage\"},\"image\":{\"@id\":\"https:\\\/\\\/www.nfv09.de\\\/home\\\/2018\\\/08\\\/01\\\/liga-pokal-testspielinfos\\\/#primaryimage\"},\"thumbnailUrl\":\"https:\\\/\\\/www.nfv09.de\\\/home\\\/wp-content\\\/uploads\\\/2015\\\/04\\\/netz.jpg\",\"datePublished\":\"2018-08-01T16:21:34+00:00\",\"dateModified\":\"2018-08-09T09:56:54+00:00\",\"breadcrumb\":{\"@id\":\"https:\\\/\\\/www.nfv09.de\\\/home\\\/2018\\\/08\\\/01\\\/liga-pokal-testspielinfos\\\/#breadcrumb\"},\"inLanguage\":\"de\",\"potentialAction\":[{\"@type\":\"ReadAction\",\"target\":[\"https:\\\/\\\/www.nfv09.de\\\/home\\\/2018\\\/08\\\/01\\\/liga-pokal-testspielinfos\\\/\"]}]},{\"@type\":\"ImageObject\",\"inLanguage\":\"de\",\"@id\":\"https:\\\/\\\/www.nfv09.de\\\/home\\\/2018\\\/08\\\/01\\\/liga-pokal-testspielinfos\\\/#primaryimage\",\"url\":\"https:\\\/\\\/www.nfv09.de\\\/home\\\/wp-content\\\/uploads\\\/2015\\\/04\\\/netz.jpg\",\"contentUrl\":\"https:\\\/\\\/www.nfv09.de\\\/home\\\/wp-content\\\/uploads\\\/2015\\\/04\\\/netz.jpg\",\"width\":1200,\"height\":800},{\"@type\":\"BreadcrumbList\",\"@id\":\"https:\\\/\\\/www.nfv09.de\\\/home\\\/2018\\\/08\\\/01\\\/liga-pokal-testspielinfos\\\/#breadcrumb\",\"itemListElement\":[{\"@type\":\"ListItem\",\"position\":1,\"name\":\"Startseite\",\"item\":\"https:\\\/\\\/www.nfv09.de\\\/home\\\/\"},{\"@type\":\"ListItem\",\"position\":2,\"name\":\"Liga, Pokal &#038; Testspielinfos\"}]},{\"@type\":\"WebSite\",\"@id\":\"https:\\\/\\\/www.nfv09.de\\\/home\\\/#website\",\"url\":\"https:\\\/\\\/www.nfv09.de\\\/home\\\/\",\"name\":\"NFV Gelb-Wei\u00df G\u00f6rlitz 09 e.V.\",\"description\":\"Sachsenklasse Ost\",\"publisher\":{\"@id\":\"https:\\\/\\\/www.nfv09.de\\\/home\\\/#\\\/schema\\\/person\\\/ed693ed28e6e4b3f80b32447b2b6cbc7\"},\"potentialAction\":[{\"@type\":\"SearchAction\",\"target\":{\"@type\":\"EntryPoint\",\"urlTemplate\":\"https:\\\/\\\/www.nfv09.de\\\/home\\\/?s={search_term_string}\"},\"query-input\":{\"@type\":\"PropertyValueSpecification\",\"valueRequired\":true,\"valueName\":\"search_term_string\"}}],\"inLanguage\":\"de\"},{\"@type\":[\"Person\",\"Organization\"],\"@id\":\"https:\\\/\\\/www.nfv09.de\\\/home\\\/#\\\/schema\\\/person\\\/ed693ed28e6e4b3f80b32447b2b6cbc7\",\"name\":\"Regassi\",\"image\":{\"@type\":\"ImageObject\",\"inLanguage\":\"de\",\"@id\":\"https:\\\/\\\/www.nfv09.de\\\/home\\\/wp-content\\\/uploads\\\/2015\\\/04\\\/cropped-nfv-gelb-weiss-goerlitz-e1468573113314-1.gif\",\"url\":\"https:\\\/\\\/www.nfv09.de\\\/home\\\/wp-content\\\/uploads\\\/2015\\\/04\\\/cropped-nfv-gelb-weiss-goerlitz-e1468573113314-1.gif\",\"contentUrl\":\"https:\\\/\\\/www.nfv09.de\\\/home\\\/wp-content\\\/uploads\\\/2015\\\/04\\\/cropped-nfv-gelb-weiss-goerlitz-e1468573113314-1.gif\",\"width\":100,\"height\":122,\"caption\":\"Regassi\"},\"logo\":{\"@id\":\"https:\\\/\\\/www.nfv09.de\\\/home\\\/wp-content\\\/uploads\\\/2015\\\/04\\\/cropped-nfv-gelb-weiss-goerlitz-e1468573113314-1.gif\"},\"url\":\"https:\\\/\\\/www.nfv09.de\\\/home\\\/author\\\/regassi\\\/\"}]}<\/script>\n<!-- \/ Yoast SEO plugin. -->","yoast_head_json":{"title":"Liga, Pokal & Testspielinfos - NFV Gelb-Wei\u00df G\u00f6rlitz 09 e.V.","robots":{"index":"index","follow":"follow","max-snippet":"max-snippet:-1","max-image-preview":"max-image-preview:large","max-video-preview":"max-video-preview:-1"},"canonical":"https:\/\/www.nfv09.de\/home\/2018\/08\/01\/liga-pokal-testspielinfos\/","og_locale":"de_DE","og_type":"article","og_title":"Liga, Pokal & Testspielinfos - NFV Gelb-Wei\u00df G\u00f6rlitz 09 e.V.","og_description":"Liga, Pokal &amp; Testspielinfos Der NFV wird nach dem ungl\u00fccklichen Abstieg aus der Kreisoberliga (Landskron Oberlausitzliga) in der kommenden Saison in der Kreisliga S\u00fcd starten. In dieser Liga sind u.a. die Mannschaften aus Hagenwerder die in einer SpG mit dem GFC2 antreten, Ostritz, Holtendorfer SV 2., Neusalza Spremberg 2. vertreten. Liga: Der 1.Spieltag findet am [&hellip;]","og_url":"https:\/\/www.nfv09.de\/home\/2018\/08\/01\/liga-pokal-testspielinfos\/","og_site_name":"NFV Gelb-Wei\u00df G\u00f6rlitz 09 e.V.","article_published_time":"2018-08-01T16:21:34+00:00","article_modified_time":"2018-08-09T09:56:54+00:00","og_image":[{"width":1200,"height":800,"url":"https:\/\/www.nfv09.de\/home\/wp-content\/uploads\/2015\/04\/netz.jpg","type":"image\/jpeg"}],"author":"Regassi","twitter_card":"summary_large_image","twitter_misc":{"Verfasst von":"Regassi","Gesch\u00e4tzte Lesezeit":"1\u00a0Minute"},"schema":{"@context":"https:\/\/schema.org","@graph":[{"@type":"Article","@id":"https:\/\/www.nfv09.de\/home\/2018\/08\/01\/liga-pokal-testspielinfos\/#article","isPartOf":{"@id":"https:\/\/www.nfv09.de\/home\/2018\/08\/01\/liga-pokal-testspielinfos\/"},"author":{"name":"Regassi","@id":"https:\/\/www.nfv09.de\/home\/#\/schema\/person\/ed693ed28e6e4b3f80b32447b2b6cbc7"},"headline":"Liga, Pokal &#038; Testspielinfos","datePublished":"2018-08-01T16:21:34+00:00","dateModified":"2018-08-09T09:56:54+00:00","mainEntityOfPage":{"@id":"https:\/\/www.nfv09.de\/home\/2018\/08\/01\/liga-pokal-testspielinfos\/"},"wordCount":165,"commentCount":0,"publisher":{"@id":"https:\/\/www.nfv09.de\/home\/#\/schema\/person\/ed693ed28e6e4b3f80b32447b2b6cbc7"},"image":{"@id":"https:\/\/www.nfv09.de\/home\/2018\/08\/01\/liga-pokal-testspielinfos\/#primaryimage"},"thumbnailUrl":"https:\/\/www.nfv09.de\/home\/wp-content\/uploads\/2015\/04\/netz.jpg","articleSection":["1. Mannschaft"],"inLanguage":"de","potentialAction":[{"@type":"CommentAction","name":"Comment","target":["https:\/\/www.nfv09.de\/home\/2018\/08\/01\/liga-pokal-testspielinfos\/#respond"]}]},{"@type":"WebPage","@id":"https:\/\/www.nfv09.de\/home\/2018\/08\/01\/liga-pokal-testspielinfos\/","url":"https:\/\/www.nfv09.de\/home\/2018\/08\/01\/liga-pokal-testspielinfos\/","name":"Liga, Pokal & Testspielinfos - NFV Gelb-Wei\u00df G\u00f6rlitz 09 e.V.","isPartOf":{"@id":"https:\/\/www.nfv09.de\/home\/#website"},"primaryImageOfPage":{"@id":"https:\/\/www.nfv09.de\/home\/2018\/08\/01\/liga-pokal-testspielinfos\/#primaryimage"},"image":{"@id":"https:\/\/www.nfv09.de\/home\/2018\/08\/01\/liga-pokal-testspielinfos\/#primaryimage"},"thumbnailUrl":"https:\/\/www.nfv09.de\/home\/wp-content\/uploads\/2015\/04\/netz.jpg","datePublished":"2018-08-01T16:21:34+00:00","dateModified":"2018-08-09T09:56:54+00:00","breadcrumb":{"@id":"https:\/\/www.nfv09.de\/home\/2018\/08\/01\/liga-pokal-testspielinfos\/#breadcrumb"},"inLanguage":"de","potentialAction":[{"@type":"ReadAction","target":["https:\/\/www.nfv09.de\/home\/2018\/08\/01\/liga-pokal-testspielinfos\/"]}]},{"@type":"ImageObject","inLanguage":"de","@id":"https:\/\/www.nfv09.de\/home\/2018\/08\/01\/liga-pokal-testspielinfos\/#primaryimage","url":"https:\/\/www.nfv09.de\/home\/wp-content\/uploads\/2015\/04\/netz.jpg","contentUrl":"https:\/\/www.nfv09.de\/home\/wp-content\/uploads\/2015\/04\/netz.jpg","width":1200,"height":800},{"@type":"BreadcrumbList","@id":"https:\/\/www.nfv09.de\/home\/2018\/08\/01\/liga-pokal-testspielinfos\/#breadcrumb","itemListElement":[{"@type":"ListItem","position":1,"name":"Startseite","item":"https:\/\/www.nfv09.de\/home\/"},{"@type":"ListItem","position":2,"name":"Liga, Pokal &#038; Testspielinfos"}]},{"@type":"WebSite","@id":"https:\/\/www.nfv09.de\/home\/#website","url":"https:\/\/www.nfv09.de\/home\/","name":"NFV Gelb-Wei\u00df G\u00f6rlitz 09 e.V.","description":"Sachsenklasse Ost","publisher":{"@id":"https:\/\/www.nfv09.de\/home\/#\/schema\/person\/ed693ed28e6e4b3f80b32447b2b6cbc7"},"potentialAction":[{"@type":"SearchAction","target":{"@type":"EntryPoint","urlTemplate":"https:\/\/www.nfv09.de\/home\/?s={search_term_string}"},"query-input":{"@type":"PropertyValueSpecification","valueRequired":true,"valueName":"search_term_string"}}],"inLanguage":"de"},{"@type":["Person","Organization"],"@id":"https:\/\/www.nfv09.de\/home\/#\/schema\/person\/ed693ed28e6e4b3f80b32447b2b6cbc7","name":"Regassi","image":{"@type":"ImageObject","inLanguage":"de","@id":"https:\/\/www.nfv09.de\/home\/wp-content\/uploads\/2015\/04\/cropped-nfv-gelb-weiss-goerlitz-e1468573113314-1.gif","url":"https:\/\/www.nfv09.de\/home\/wp-content\/uploads\/2015\/04\/cropped-nfv-gelb-weiss-goerlitz-e1468573113314-1.gif","contentUrl":"https:\/\/www.nfv09.de\/home\/wp-content\/uploads\/2015\/04\/cropped-nfv-gelb-weiss-goerlitz-e1468573113314-1.gif","width":100,"height":122,"caption":"Regassi"},"logo":{"@id":"https:\/\/www.nfv09.de\/home\/wp-content\/uploads\/2015\/04\/cropped-nfv-gelb-weiss-goerlitz-e1468573113314-1.gif"},"url":"https:\/\/www.nfv09.de\/home\/author\/regassi\/"}]}},"_links":{"self":[{"href":"https:\/\/www.nfv09.de\/home\/wp-json\/wp\/v2\/posts\/2567","targetHints":{"allow":["GET"]}}],"collection":[{"href":"https:\/\/www.nfv09.de\/home\/wp-json\/wp\/v2\/posts"}],"about":[{"href":"https:\/\/www.nfv09.de\/home\/wp-json\/wp\/v2\/types\/post"}],"author":[{"embeddable":true,"href":"https:\/\/www.nfv09.de\/home\/wp-json\/wp\/v2\/users\/3"}],"replies":[{"embeddable":true,"href":"https:\/\/www.nfv09.de\/home\/wp-json\/wp\/v2\/comments?post=2567"}],"version-history":[{"count":1,"href":"https:\/\/www.nfv09.de\/home\/wp-json\/wp\/v2\/posts\/2567\/revisions"}],"predecessor-version":[{"id":2568,"href":"https:\/\/www.nfv09.de\/home\/wp-json\/wp\/v2\/posts\/2567\/revisions\/2568"}],"wp:featuredmedia":[{"embeddable":true,"href":"https:\/\/www.nfv09.de\/home\/wp-json\/wp\/v2\/media\/1630"}],"wp:attachment":[{"href":"https:\/\/www.nfv09.de\/home\/wp-json\/wp\/v2\/media?parent=2567"}],"wp:term":[{"taxonomy":"category","embeddable":true,"href":"https:\/\/www.nfv09.de\/home\/wp-json\/wp\/v2\/categories?post=2567"},{"taxonomy":"post_tag","embeddable":true,"href":"https:\/\/www.nfv09.de\/home\/wp-json\/wp\/v2\/tags?post=2567"}],"curies":[{"name":"wp","href":"https:\/\/api.w.org\/{rel}","templated":true}]}}