{"id":2561,"date":"2018-08-01T18:07:33","date_gmt":"2018-08-01T16:07:33","guid":{"rendered":"http:\/\/www.nfv09.de\/home\/?p=2561"},"modified":"2018-08-01T18:09:41","modified_gmt":"2018-08-01T16:09:41","slug":"spieler-trainerkarussel","status":"publish","type":"post","link":"https:\/\/www.nfv09.de\/home\/2018\/08\/01\/spieler-trainerkarussel\/","title":{"rendered":"Spieler &#038; Trainerkarussel"},"content":{"rendered":"<p><strong>Spieler &amp; Trainerkarussel<\/strong><\/p>\n<p>Auch zu Beginn der neuen Saison wird es Ver\u00e4nderungen in der 1. Mannschaft des NFV geben.<\/p>\n<p><b>Trainer:<\/b><br \/>\nTrainer Steffen Holz und Co-Trainer Alexander Varga haben ihre T\u00e4tigkeit beendet. Im Namen des NFV auch hier noch einmal vielen Dank f\u00fcr die geleistete Arbeit.<\/p>\n<p>Mit Walter Herzig \u00fcbernimmt ein bekanntes Gesicht die Trainerposition. Herzlich Willkommen zur\u00fcck beim NFV.<br \/>\nIhm zur Seite wird Clemens Simon als Co-Trainer fungieren.<\/p>\n<p><b>Spieler:<\/b><br \/>\nIn der Sommerpause hat es einige Spielerzu-und Abg\u00e4nge gegeben.<\/p>\n<p><b>Abg\u00e4nge: <\/b><\/p>\n<p>Thomas Horschke (GFC Rauschwalde)<br \/>\nDaniel Markus (GFC Rauschwalde) \u00a0 \u00a0 \u00a0 \u00a0 \u00a0 \u00a0 \u00a0 \u00a0 \u00a0 \u00a0 \u00a0 \u00a0 \u00a0 Fritz Geduhn (FV Eintracht Niesky)<br \/>\nMoritz Schulze (SV Aufbau Deutschbaselitz)<\/p>\n<p>Allen Dank f\u00fcr die geleistete Arbeit und vielleicht sieht man euch ja einmal wieder in den Gelb-Wei\u00dfen Farben.<\/p>\n<p><b>Zug\u00e4nge:<\/b><\/p>\n<p><b>Stephan Andruszczyszyn<\/b>, 23 Jahre, Torwart<\/p>\n<p>Er spielte bereits in der letzten Landesligasaison f\u00fcr den NFV.<br \/>\nDanach ging es zu den Landesklassenteams vom FSV Neusalza-Spremberg und zuletzt zum LSV Neustadt\/Spree. Herzlich Willkommen zur\u00fcck.<\/p>\n<p><b>Krystian Gawora<\/b>, 21 Jahre, St\u00fcrmer<\/p>\n<p>Nach mehreren Stationen in Polen, spielte der in Breslau geborene zuletzt beim LSV Neustadt\/Spree. Im Testspiel gegen den SV Aufbau Kodersdorf konnte er schon sein erstes Tor f\u00fcr den NFV bejubeln.<\/p>\n<p><b>Lucas Kieschnick<\/b>, 21 Jahre, St\u00fcrmer<\/p>\n<p>Nach seiner Ausbildung bei Eintracht Niesky wechselte er zu Kreba-Neudorf wo er die letzten 4 Jahre spielte. Nach vielen Versuchen hat es nun mit einem Wechsel zum NFV geklappt.<\/p>\n<p><b>Simon Thomas<\/b>, 18 Jahre, Verteidiger<\/p>\n<p>Aus dem eigenen Nachwuchs nun in die erste Mannschaft. Seit 2011 im Verein.<\/p>\n<p><b>Daniel Konieczny<\/b>, 38 Jahre, Mittelfeld<\/p>\n<p>Der erfahrene Mittelfeldmann spielte in der Landesliga bereits f\u00fcr denn SV See 90 und den FV Eintracht Niesky. Zuletzt schn\u00fcrte er seine Schuhe beim SV Fortuna Trebendorf 1996.<\/p>\n<p>Allen Neuzug\u00e4ngen ein herzliches Willkommen und maximale sportliche Erfolge beim NFV.<\/p>\n<p>&nbsp;<\/p>\n<p>*BB*<\/p>\n","protected":false},"excerpt":{"rendered":"<p>Spieler &amp; Trainerkarussel Auch zu Beginn der neuen Saison wird es Ver\u00e4nderungen in der 1. Mannschaft des NFV geben. Trainer: Trainer Steffen Holz und Co-Trainer Alexander Varga haben ihre T\u00e4tigkeit beendet. Im Namen des NFV auch hier noch einmal vielen Dank f\u00fcr die geleistete Arbeit. Mit Walter Herzig \u00fcbernimmt ein bekanntes Gesicht die Trainerposition. Herzlich [&hellip;]<\/p>\n","protected":false},"author":3,"featured_media":2562,"comment_status":"open","ping_status":"open","sticky":false,"template":"","format":"standard","meta":{"footnotes":""},"categories":[82],"tags":[],"class_list":["post-2561","post","type-post","status-publish","format-standard","has-post-thumbnail","hentry","category-1-mannschaft"],"yoast_head":"<!-- This site is optimized with the Yoast SEO plugin v27.5 - https:\/\/yoast.com\/product\/yoast-seo-wordpress\/ -->\n<title>Spieler &amp; Trainerkarussel - NFV Gelb-Wei\u00df G\u00f6rlitz 09 e.V.<\/title>\n<meta name=\"robots\" content=\"index, follow, max-snippet:-1, max-image-preview:large, max-video-preview:-1\" \/>\n<link rel=\"canonical\" href=\"https:\/\/www.nfv09.de\/home\/2018\/08\/01\/spieler-trainerkarussel\/\" \/>\n<meta property=\"og:locale\" content=\"de_DE\" \/>\n<meta property=\"og:type\" content=\"article\" \/>\n<meta property=\"og:title\" content=\"Spieler &amp; Trainerkarussel - NFV Gelb-Wei\u00df G\u00f6rlitz 09 e.V.\" \/>\n<meta property=\"og:description\" content=\"Spieler &amp; Trainerkarussel Auch zu Beginn der neuen Saison wird es Ver\u00e4nderungen in der 1. Mannschaft des NFV geben. Trainer: Trainer Steffen Holz und Co-Trainer Alexander Varga haben ihre T\u00e4tigkeit beendet. Im Namen des NFV auch hier noch einmal vielen Dank f\u00fcr die geleistete Arbeit. Mit Walter Herzig \u00fcbernimmt ein bekanntes Gesicht die Trainerposition. Herzlich [&hellip;]\" \/>\n<meta property=\"og:url\" content=\"https:\/\/www.nfv09.de\/home\/2018\/08\/01\/spieler-trainerkarussel\/\" \/>\n<meta property=\"og:site_name\" content=\"NFV Gelb-Wei\u00df G\u00f6rlitz 09 e.V.\" \/>\n<meta property=\"article:published_time\" content=\"2018-08-01T16:07:33+00:00\" \/>\n<meta property=\"article:modified_time\" content=\"2018-08-01T16:09:41+00:00\" \/>\n<meta property=\"og:image\" content=\"https:\/\/www.nfv09.de\/home\/wp-content\/uploads\/2018\/08\/IMG_2919.jpg\" \/>\n\t<meta property=\"og:image:width\" content=\"708\" \/>\n\t<meta property=\"og:image:height\" content=\"398\" \/>\n\t<meta property=\"og:image:type\" content=\"image\/jpeg\" \/>\n<meta name=\"author\" content=\"Regassi\" \/>\n<meta name=\"twitter:card\" content=\"summary_large_image\" \/>\n<meta name=\"twitter:label1\" content=\"Verfasst von\" \/>\n\t<meta name=\"twitter:data1\" content=\"Regassi\" \/>\n\t<meta name=\"twitter:label2\" content=\"Gesch\u00e4tzte Lesezeit\" \/>\n\t<meta name=\"twitter:data2\" content=\"1\u00a0Minute\" \/>\n<script type=\"application\/ld+json\" class=\"yoast-schema-graph\">{\"@context\":\"https:\\\/\\\/schema.org\",\"@graph\":[{\"@type\":\"Article\",\"@id\":\"https:\\\/\\\/www.nfv09.de\\\/home\\\/2018\\\/08\\\/01\\\/spieler-trainerkarussel\\\/#article\",\"isPartOf\":{\"@id\":\"https:\\\/\\\/www.nfv09.de\\\/home\\\/2018\\\/08\\\/01\\\/spieler-trainerkarussel\\\/\"},\"author\":{\"name\":\"Regassi\",\"@id\":\"https:\\\/\\\/www.nfv09.de\\\/home\\\/#\\\/schema\\\/person\\\/ed693ed28e6e4b3f80b32447b2b6cbc7\"},\"headline\":\"Spieler &#038; Trainerkarussel\",\"datePublished\":\"2018-08-01T16:07:33+00:00\",\"dateModified\":\"2018-08-01T16:09:41+00:00\",\"mainEntityOfPage\":{\"@id\":\"https:\\\/\\\/www.nfv09.de\\\/home\\\/2018\\\/08\\\/01\\\/spieler-trainerkarussel\\\/\"},\"wordCount\":293,\"commentCount\":0,\"publisher\":{\"@id\":\"https:\\\/\\\/www.nfv09.de\\\/home\\\/#\\\/schema\\\/person\\\/ed693ed28e6e4b3f80b32447b2b6cbc7\"},\"image\":{\"@id\":\"https:\\\/\\\/www.nfv09.de\\\/home\\\/2018\\\/08\\\/01\\\/spieler-trainerkarussel\\\/#primaryimage\"},\"thumbnailUrl\":\"https:\\\/\\\/www.nfv09.de\\\/home\\\/wp-content\\\/uploads\\\/2018\\\/08\\\/IMG_2919.jpg\",\"articleSection\":[\"1. Mannschaft\"],\"inLanguage\":\"de\",\"potentialAction\":[{\"@type\":\"CommentAction\",\"name\":\"Comment\",\"target\":[\"https:\\\/\\\/www.nfv09.de\\\/home\\\/2018\\\/08\\\/01\\\/spieler-trainerkarussel\\\/#respond\"]}]},{\"@type\":\"WebPage\",\"@id\":\"https:\\\/\\\/www.nfv09.de\\\/home\\\/2018\\\/08\\\/01\\\/spieler-trainerkarussel\\\/\",\"url\":\"https:\\\/\\\/www.nfv09.de\\\/home\\\/2018\\\/08\\\/01\\\/spieler-trainerkarussel\\\/\",\"name\":\"Spieler & Trainerkarussel - NFV Gelb-Wei\u00df G\u00f6rlitz 09 e.V.\",\"isPartOf\":{\"@id\":\"https:\\\/\\\/www.nfv09.de\\\/home\\\/#website\"},\"primaryImageOfPage\":{\"@id\":\"https:\\\/\\\/www.nfv09.de\\\/home\\\/2018\\\/08\\\/01\\\/spieler-trainerkarussel\\\/#primaryimage\"},\"image\":{\"@id\":\"https:\\\/\\\/www.nfv09.de\\\/home\\\/2018\\\/08\\\/01\\\/spieler-trainerkarussel\\\/#primaryimage\"},\"thumbnailUrl\":\"https:\\\/\\\/www.nfv09.de\\\/home\\\/wp-content\\\/uploads\\\/2018\\\/08\\\/IMG_2919.jpg\",\"datePublished\":\"2018-08-01T16:07:33+00:00\",\"dateModified\":\"2018-08-01T16:09:41+00:00\",\"breadcrumb\":{\"@id\":\"https:\\\/\\\/www.nfv09.de\\\/home\\\/2018\\\/08\\\/01\\\/spieler-trainerkarussel\\\/#breadcrumb\"},\"inLanguage\":\"de\",\"potentialAction\":[{\"@type\":\"ReadAction\",\"target\":[\"https:\\\/\\\/www.nfv09.de\\\/home\\\/2018\\\/08\\\/01\\\/spieler-trainerkarussel\\\/\"]}]},{\"@type\":\"ImageObject\",\"inLanguage\":\"de\",\"@id\":\"https:\\\/\\\/www.nfv09.de\\\/home\\\/2018\\\/08\\\/01\\\/spieler-trainerkarussel\\\/#primaryimage\",\"url\":\"https:\\\/\\\/www.nfv09.de\\\/home\\\/wp-content\\\/uploads\\\/2018\\\/08\\\/IMG_2919.jpg\",\"contentUrl\":\"https:\\\/\\\/www.nfv09.de\\\/home\\\/wp-content\\\/uploads\\\/2018\\\/08\\\/IMG_2919.jpg\",\"width\":708,\"height\":398},{\"@type\":\"BreadcrumbList\",\"@id\":\"https:\\\/\\\/www.nfv09.de\\\/home\\\/2018\\\/08\\\/01\\\/spieler-trainerkarussel\\\/#breadcrumb\",\"itemListElement\":[{\"@type\":\"ListItem\",\"position\":1,\"name\":\"Startseite\",\"item\":\"https:\\\/\\\/www.nfv09.de\\\/home\\\/\"},{\"@type\":\"ListItem\",\"position\":2,\"name\":\"Spieler &#038; Trainerkarussel\"}]},{\"@type\":\"WebSite\",\"@id\":\"https:\\\/\\\/www.nfv09.de\\\/home\\\/#website\",\"url\":\"https:\\\/\\\/www.nfv09.de\\\/home\\\/\",\"name\":\"NFV Gelb-Wei\u00df G\u00f6rlitz 09 e.V.\",\"description\":\"Sachsenklasse Ost\",\"publisher\":{\"@id\":\"https:\\\/\\\/www.nfv09.de\\\/home\\\/#\\\/schema\\\/person\\\/ed693ed28e6e4b3f80b32447b2b6cbc7\"},\"potentialAction\":[{\"@type\":\"SearchAction\",\"target\":{\"@type\":\"EntryPoint\",\"urlTemplate\":\"https:\\\/\\\/www.nfv09.de\\\/home\\\/?s={search_term_string}\"},\"query-input\":{\"@type\":\"PropertyValueSpecification\",\"valueRequired\":true,\"valueName\":\"search_term_string\"}}],\"inLanguage\":\"de\"},{\"@type\":[\"Person\",\"Organization\"],\"@id\":\"https:\\\/\\\/www.nfv09.de\\\/home\\\/#\\\/schema\\\/person\\\/ed693ed28e6e4b3f80b32447b2b6cbc7\",\"name\":\"Regassi\",\"image\":{\"@type\":\"ImageObject\",\"inLanguage\":\"de\",\"@id\":\"https:\\\/\\\/www.nfv09.de\\\/home\\\/wp-content\\\/uploads\\\/2015\\\/04\\\/cropped-nfv-gelb-weiss-goerlitz-e1468573113314-1.gif\",\"url\":\"https:\\\/\\\/www.nfv09.de\\\/home\\\/wp-content\\\/uploads\\\/2015\\\/04\\\/cropped-nfv-gelb-weiss-goerlitz-e1468573113314-1.gif\",\"contentUrl\":\"https:\\\/\\\/www.nfv09.de\\\/home\\\/wp-content\\\/uploads\\\/2015\\\/04\\\/cropped-nfv-gelb-weiss-goerlitz-e1468573113314-1.gif\",\"width\":100,\"height\":122,\"caption\":\"Regassi\"},\"logo\":{\"@id\":\"https:\\\/\\\/www.nfv09.de\\\/home\\\/wp-content\\\/uploads\\\/2015\\\/04\\\/cropped-nfv-gelb-weiss-goerlitz-e1468573113314-1.gif\"},\"url\":\"https:\\\/\\\/www.nfv09.de\\\/home\\\/author\\\/regassi\\\/\"}]}<\/script>\n<!-- \/ Yoast SEO plugin. -->","yoast_head_json":{"title":"Spieler & Trainerkarussel - NFV Gelb-Wei\u00df G\u00f6rlitz 09 e.V.","robots":{"index":"index","follow":"follow","max-snippet":"max-snippet:-1","max-image-preview":"max-image-preview:large","max-video-preview":"max-video-preview:-1"},"canonical":"https:\/\/www.nfv09.de\/home\/2018\/08\/01\/spieler-trainerkarussel\/","og_locale":"de_DE","og_type":"article","og_title":"Spieler & Trainerkarussel - NFV Gelb-Wei\u00df G\u00f6rlitz 09 e.V.","og_description":"Spieler &amp; Trainerkarussel Auch zu Beginn der neuen Saison wird es Ver\u00e4nderungen in der 1. Mannschaft des NFV geben. Trainer: Trainer Steffen Holz und Co-Trainer Alexander Varga haben ihre T\u00e4tigkeit beendet. Im Namen des NFV auch hier noch einmal vielen Dank f\u00fcr die geleistete Arbeit. Mit Walter Herzig \u00fcbernimmt ein bekanntes Gesicht die Trainerposition. Herzlich [&hellip;]","og_url":"https:\/\/www.nfv09.de\/home\/2018\/08\/01\/spieler-trainerkarussel\/","og_site_name":"NFV Gelb-Wei\u00df G\u00f6rlitz 09 e.V.","article_published_time":"2018-08-01T16:07:33+00:00","article_modified_time":"2018-08-01T16:09:41+00:00","og_image":[{"width":708,"height":398,"url":"https:\/\/www.nfv09.de\/home\/wp-content\/uploads\/2018\/08\/IMG_2919.jpg","type":"image\/jpeg"}],"author":"Regassi","twitter_card":"summary_large_image","twitter_misc":{"Verfasst von":"Regassi","Gesch\u00e4tzte Lesezeit":"1\u00a0Minute"},"schema":{"@context":"https:\/\/schema.org","@graph":[{"@type":"Article","@id":"https:\/\/www.nfv09.de\/home\/2018\/08\/01\/spieler-trainerkarussel\/#article","isPartOf":{"@id":"https:\/\/www.nfv09.de\/home\/2018\/08\/01\/spieler-trainerkarussel\/"},"author":{"name":"Regassi","@id":"https:\/\/www.nfv09.de\/home\/#\/schema\/person\/ed693ed28e6e4b3f80b32447b2b6cbc7"},"headline":"Spieler &#038; Trainerkarussel","datePublished":"2018-08-01T16:07:33+00:00","dateModified":"2018-08-01T16:09:41+00:00","mainEntityOfPage":{"@id":"https:\/\/www.nfv09.de\/home\/2018\/08\/01\/spieler-trainerkarussel\/"},"wordCount":293,"commentCount":0,"publisher":{"@id":"https:\/\/www.nfv09.de\/home\/#\/schema\/person\/ed693ed28e6e4b3f80b32447b2b6cbc7"},"image":{"@id":"https:\/\/www.nfv09.de\/home\/2018\/08\/01\/spieler-trainerkarussel\/#primaryimage"},"thumbnailUrl":"https:\/\/www.nfv09.de\/home\/wp-content\/uploads\/2018\/08\/IMG_2919.jpg","articleSection":["1. Mannschaft"],"inLanguage":"de","potentialAction":[{"@type":"CommentAction","name":"Comment","target":["https:\/\/www.nfv09.de\/home\/2018\/08\/01\/spieler-trainerkarussel\/#respond"]}]},{"@type":"WebPage","@id":"https:\/\/www.nfv09.de\/home\/2018\/08\/01\/spieler-trainerkarussel\/","url":"https:\/\/www.nfv09.de\/home\/2018\/08\/01\/spieler-trainerkarussel\/","name":"Spieler & Trainerkarussel - NFV Gelb-Wei\u00df G\u00f6rlitz 09 e.V.","isPartOf":{"@id":"https:\/\/www.nfv09.de\/home\/#website"},"primaryImageOfPage":{"@id":"https:\/\/www.nfv09.de\/home\/2018\/08\/01\/spieler-trainerkarussel\/#primaryimage"},"image":{"@id":"https:\/\/www.nfv09.de\/home\/2018\/08\/01\/spieler-trainerkarussel\/#primaryimage"},"thumbnailUrl":"https:\/\/www.nfv09.de\/home\/wp-content\/uploads\/2018\/08\/IMG_2919.jpg","datePublished":"2018-08-01T16:07:33+00:00","dateModified":"2018-08-01T16:09:41+00:00","breadcrumb":{"@id":"https:\/\/www.nfv09.de\/home\/2018\/08\/01\/spieler-trainerkarussel\/#breadcrumb"},"inLanguage":"de","potentialAction":[{"@type":"ReadAction","target":["https:\/\/www.nfv09.de\/home\/2018\/08\/01\/spieler-trainerkarussel\/"]}]},{"@type":"ImageObject","inLanguage":"de","@id":"https:\/\/www.nfv09.de\/home\/2018\/08\/01\/spieler-trainerkarussel\/#primaryimage","url":"https:\/\/www.nfv09.de\/home\/wp-content\/uploads\/2018\/08\/IMG_2919.jpg","contentUrl":"https:\/\/www.nfv09.de\/home\/wp-content\/uploads\/2018\/08\/IMG_2919.jpg","width":708,"height":398},{"@type":"BreadcrumbList","@id":"https:\/\/www.nfv09.de\/home\/2018\/08\/01\/spieler-trainerkarussel\/#breadcrumb","itemListElement":[{"@type":"ListItem","position":1,"name":"Startseite","item":"https:\/\/www.nfv09.de\/home\/"},{"@type":"ListItem","position":2,"name":"Spieler &#038; Trainerkarussel"}]},{"@type":"WebSite","@id":"https:\/\/www.nfv09.de\/home\/#website","url":"https:\/\/www.nfv09.de\/home\/","name":"NFV Gelb-Wei\u00df G\u00f6rlitz 09 e.V.","description":"Sachsenklasse Ost","publisher":{"@id":"https:\/\/www.nfv09.de\/home\/#\/schema\/person\/ed693ed28e6e4b3f80b32447b2b6cbc7"},"potentialAction":[{"@type":"SearchAction","target":{"@type":"EntryPoint","urlTemplate":"https:\/\/www.nfv09.de\/home\/?s={search_term_string}"},"query-input":{"@type":"PropertyValueSpecification","valueRequired":true,"valueName":"search_term_string"}}],"inLanguage":"de"},{"@type":["Person","Organization"],"@id":"https:\/\/www.nfv09.de\/home\/#\/schema\/person\/ed693ed28e6e4b3f80b32447b2b6cbc7","name":"Regassi","image":{"@type":"ImageObject","inLanguage":"de","@id":"https:\/\/www.nfv09.de\/home\/wp-content\/uploads\/2015\/04\/cropped-nfv-gelb-weiss-goerlitz-e1468573113314-1.gif","url":"https:\/\/www.nfv09.de\/home\/wp-content\/uploads\/2015\/04\/cropped-nfv-gelb-weiss-goerlitz-e1468573113314-1.gif","contentUrl":"https:\/\/www.nfv09.de\/home\/wp-content\/uploads\/2015\/04\/cropped-nfv-gelb-weiss-goerlitz-e1468573113314-1.gif","width":100,"height":122,"caption":"Regassi"},"logo":{"@id":"https:\/\/www.nfv09.de\/home\/wp-content\/uploads\/2015\/04\/cropped-nfv-gelb-weiss-goerlitz-e1468573113314-1.gif"},"url":"https:\/\/www.nfv09.de\/home\/author\/regassi\/"}]}},"_links":{"self":[{"href":"https:\/\/www.nfv09.de\/home\/wp-json\/wp\/v2\/posts\/2561","targetHints":{"allow":["GET"]}}],"collection":[{"href":"https:\/\/www.nfv09.de\/home\/wp-json\/wp\/v2\/posts"}],"about":[{"href":"https:\/\/www.nfv09.de\/home\/wp-json\/wp\/v2\/types\/post"}],"author":[{"embeddable":true,"href":"https:\/\/www.nfv09.de\/home\/wp-json\/wp\/v2\/users\/3"}],"replies":[{"embeddable":true,"href":"https:\/\/www.nfv09.de\/home\/wp-json\/wp\/v2\/comments?post=2561"}],"version-history":[{"count":4,"href":"https:\/\/www.nfv09.de\/home\/wp-json\/wp\/v2\/posts\/2561\/revisions"}],"predecessor-version":[{"id":2566,"href":"https:\/\/www.nfv09.de\/home\/wp-json\/wp\/v2\/posts\/2561\/revisions\/2566"}],"wp:featuredmedia":[{"embeddable":true,"href":"https:\/\/www.nfv09.de\/home\/wp-json\/wp\/v2\/media\/2562"}],"wp:attachment":[{"href":"https:\/\/www.nfv09.de\/home\/wp-json\/wp\/v2\/media?parent=2561"}],"wp:term":[{"taxonomy":"category","embeddable":true,"href":"https:\/\/www.nfv09.de\/home\/wp-json\/wp\/v2\/categories?post=2561"},{"taxonomy":"post_tag","embeddable":true,"href":"https:\/\/www.nfv09.de\/home\/wp-json\/wp\/v2\/tags?post=2561"}],"curies":[{"name":"wp","href":"https:\/\/api.w.org\/{rel}","templated":true}]}}