{"id":2506,"date":"2018-04-08T15:06:36","date_gmt":"2018-04-08T13:06:36","guid":{"rendered":"http:\/\/www.nfv09.de\/home\/?p=2506"},"modified":"2018-04-08T18:32:37","modified_gmt":"2018-04-08T16:32:37","slug":"spielbericht-22-spieltag-kreisoberliga-nfv-gelb-weiss-goerlitz-09-holtendorfer-sv-03-02","status":"publish","type":"post","link":"https:\/\/www.nfv09.de\/home\/2018\/04\/08\/spielbericht-22-spieltag-kreisoberliga-nfv-gelb-weiss-goerlitz-09-holtendorfer-sv-03-02\/","title":{"rendered":"Spielbericht | 22.Spieltag Kreisoberliga | NFV Gelb-Wei\u00df G\u00f6rlitz 09 -:- Holtendorfer SV 0:3 (0:2)"},"content":{"rendered":"<p>22.Spieltag Kreisoberliga, 07.04.2018, 15:00 Uhr<\/p>\n<p><b>NFV Gelb-Wei\u00df G\u00f6rlitz 09 -:- Holtendorfer SV 0:3 (0:2)<\/b><\/p>\n<p><b>NFV verliert Duell gegen Holtendorf<\/b><\/p>\n<p>Das Team von Trainer Steffen Holz hat auch das n\u00e4chste, wichtige Spiel im Kampf gegen den Abstieg, verloren.<\/p>\n<p>Am Samstagnachmittag unterlag man den G\u00e4sten aus Holtendorf mit 0:3.<\/p>\n<p>Bei strahlendem Sonnenschein und f\u00fcr diese Liga zahlreichen Zuschauern (125) im Stadion &#8222;Junge Welt&#8220;, kam am Ende leider nichts z\u00e4hlbares f\u00fcr das Heimteam heraus.<\/p>\n<p>Die erste Viertelstunde war haupts\u00e4chlich gepr\u00e4gt von Zweik\u00e4mpfen und Freist\u00f6\u00dfen, die aber auf beiden Seiten nichts einbrachten.<\/p>\n<p>Nach 16.Minuten die erste gef\u00e4hrliche M\u00f6glichkeit auf Seiten der G\u00e4ste.<br \/>\nKlug erk\u00e4mpft sich auf der rechten Seite den Ball und geht auf den herauseilenden Keeper Neumann zu. Sein Lupferversuch jedoch zu ungenau und rechts am Kasten vorbei.<\/p>\n<p>Der erste Wechsel bei den Hausherren schon nach knapp 20 Minuten. Markus musste nach einem Zweikampf Tribut zollen und mit Nasenproblemen vom Platz. F\u00fcr ihn kam Schulze ins Spiel.<\/p>\n<p>Sekunden sp\u00e4ter ging dann ein Raunen durch das Stadion. F\u00f6hlisch versuchte sich in Ronaldo-Manier per Fallr\u00fcckzieher, setzte den Ball aber links neben das Tor.<\/p>\n<p>In der Folgezeit ging es hin und her. Die n\u00e4chste erw\u00e4hnenswerte Aktion dann von Klug. Wieder kommt er \u00fcber die rechte Seite. Seinen wuchtigen Schuss hat Neumann aber im nachfassen sicher.<\/p>\n<p>In der 32. Minute war Neumann dann aber machtlos.<br \/>\nNach einem gut getretenen Freisto\u00df von der linken Seite, ist es Kube, der am langen Pfosten freistehend hochsteigt und die Kugel per Kopf in die Maschen dr\u00fcckt.<\/p>\n<p>Nur sechs Minuten sp\u00e4ter ist es abermals Kube der vollenden kann. Nach einem Fehler in der G\u00f6rlitzer Abwehr erk\u00e4mpfen sich die G\u00e4ste den Ball. Der anschlie\u00dfende Pass zu Kube, der kann frei vor dem Tor vollenden.<\/p>\n<p>Kurz sp\u00e4ter versucht sich F\u00f6hlisch aus der Ferne, Neumann ist aber auf dem Posten.<\/p>\n<p>Bei einem anschlie\u00dfenden Fernschuss von Geduhn auf der anderen Seite hat der Keeper schon mehr Probleme und kann die Kugel im allerletzten Moment um den Pfosten lenken.<\/p>\n<p>Pech f\u00fcr den NFV nach der folgenden Ecke.<br \/>\nDer Ball kommt hoch in den Strafraum. Horschke bekommt ihn auf den Kopf und dr\u00fcckt ihn in Richtung des G\u00e4stekastens. L.Seifert steht aber an genau dieser Stelle, bekommt den Ball an den R\u00fccken und verhindert so ungl\u00fccklich den Anschlusstreffer f\u00fcr die Hausherren.<\/p>\n<p>So ging es mit 0:2 in die Halbzeit.<\/p>\n<p>In der zweiten H\u00e4lfte kam f\u00fcr den angeschlagenen T.Seifert der ins Team zur\u00fcckgekehrte C.Thiel ins Spiel.<br \/>\nDie ersten 10 Minuten eine Druckphase der G\u00e4ste.<br \/>\nHorschke kl\u00e4rt nach Freisto\u00df (49.), ein Kopfball geht knapp am Dreiangel vorbei (50.), Klug setzt den Ball knapp neben das Tor (51.) und Simon kl\u00e4rt nach einem Freisto\u00df vor dem eigenen Kasten im Luftduell.<\/p>\n<p>Dann wurde es ruhiger auf dem Platz.<br \/>\nIn der 70. Minute war es abermals Klug der einen gut getretenen Freisto\u00df auf das G\u00f6rlitzer Tor brachte. Aber erneut war Neumann zur Stelle und konnte parieren.<\/p>\n<p>F\u00fcnf Minuten sp\u00e4ter ein Elfmeter f\u00fcr die G\u00e4ste. Nitsche trat an und verwandelte unten rechts. Neumann war zwar noch dran, konnte den Ball aber nicht entscheidend abwehren.<\/p>\n<p>Neumann konnte sich kurz vor Ende der Partie noch einmal auszeichnen. Erst h\u00e4lt er einen Fernschuss aus 15m (82.), den kurz darauf folgenden Freisto\u00df von Klug hat er ebenfalls sicher.<\/p>\n<p><b>NFV:<\/b> Neumann, Simon, Geduhn (76. Mikoleizik), Horschke, Quach, Mezini, T.Seifert (46. Thiel), G.-L. Seifert, Knospe, Lange, Markus (16. Schulze)<\/p>\n<p><b>HSV:<\/b> Vgmetal, Malth, Scholz (68. Hildebrand), Nitsche, Roloff, G\u00fcnzel, F\u00f6hlisch, Hildebrand, Kube, Klug (76. Lemberg) , Adam (61. M\u00fcller)<\/p>\n<p><b>Tore:<\/b> 0:1 Kube (32.) \/ 0:2 Kube (38.) \/ 0:3 Nitsche (76.\/FE)<\/p>\n<p><b>Gelb:<\/b> Knospe (UB), Markus (FS), Geduhn (FS)<\/p>\n<p><b>Schiedsrichter:<\/b> Marcel Gundel<\/p>\n<p><b>Zuschauer: <\/b>125<\/p>\n<p><b>*BB*<\/b><\/p>\n<p>&nbsp;<\/p>\n<p>&lt;&lt;&lt;Ein herzlicher Dank der Mannschaft geht an Hahn&#8217;s Imbiss f\u00fcr die Versorgung an diesem Spieltag.&gt;&gt;&gt;<\/p>\n","protected":false},"excerpt":{"rendered":"<p>22.Spieltag Kreisoberliga, 07.04.2018, 15:00 Uhr NFV Gelb-Wei\u00df G\u00f6rlitz 09 -:- Holtendorfer SV 0:3 (0:2) NFV verliert Duell gegen Holtendorf Das Team von Trainer Steffen Holz hat auch das n\u00e4chste, wichtige Spiel im Kampf gegen den Abstieg, verloren. Am Samstagnachmittag unterlag man den G\u00e4sten aus Holtendorf mit 0:3. Bei strahlendem Sonnenschein und f\u00fcr diese Liga zahlreichen [&hellip;]<\/p>\n","protected":false},"author":3,"featured_media":2172,"comment_status":"open","ping_status":"open","sticky":false,"template":"","format":"standard","meta":{"footnotes":""},"categories":[82],"tags":[],"class_list":["post-2506","post","type-post","status-publish","format-standard","has-post-thumbnail","hentry","category-1-mannschaft"],"yoast_head":"<!-- This site is optimized with the Yoast SEO plugin v27.5 - https:\/\/yoast.com\/product\/yoast-seo-wordpress\/ -->\n<title>Spielbericht | 22.Spieltag Kreisoberliga | NFV Gelb-Wei\u00df G\u00f6rlitz 09 -:- Holtendorfer SV 0:3 (0:2) - NFV Gelb-Wei\u00df G\u00f6rlitz 09 e.V.<\/title>\n<meta name=\"robots\" content=\"index, follow, max-snippet:-1, max-image-preview:large, max-video-preview:-1\" \/>\n<link rel=\"canonical\" href=\"https:\/\/www.nfv09.de\/home\/2018\/04\/08\/spielbericht-22-spieltag-kreisoberliga-nfv-gelb-weiss-goerlitz-09-holtendorfer-sv-03-02\/\" \/>\n<meta property=\"og:locale\" content=\"de_DE\" \/>\n<meta property=\"og:type\" content=\"article\" \/>\n<meta property=\"og:title\" content=\"Spielbericht | 22.Spieltag Kreisoberliga | NFV Gelb-Wei\u00df G\u00f6rlitz 09 -:- Holtendorfer SV 0:3 (0:2) - NFV Gelb-Wei\u00df G\u00f6rlitz 09 e.V.\" \/>\n<meta property=\"og:description\" content=\"22.Spieltag Kreisoberliga, 07.04.2018, 15:00 Uhr NFV Gelb-Wei\u00df G\u00f6rlitz 09 -:- Holtendorfer SV 0:3 (0:2) NFV verliert Duell gegen Holtendorf Das Team von Trainer Steffen Holz hat auch das n\u00e4chste, wichtige Spiel im Kampf gegen den Abstieg, verloren. Am Samstagnachmittag unterlag man den G\u00e4sten aus Holtendorf mit 0:3. Bei strahlendem Sonnenschein und f\u00fcr diese Liga zahlreichen [&hellip;]\" \/>\n<meta property=\"og:url\" content=\"https:\/\/www.nfv09.de\/home\/2018\/04\/08\/spielbericht-22-spieltag-kreisoberliga-nfv-gelb-weiss-goerlitz-09-holtendorfer-sv-03-02\/\" \/>\n<meta property=\"og:site_name\" content=\"NFV Gelb-Wei\u00df G\u00f6rlitz 09 e.V.\" \/>\n<meta property=\"article:published_time\" content=\"2018-04-08T13:06:36+00:00\" \/>\n<meta property=\"article:modified_time\" content=\"2018-04-08T16:32:37+00:00\" \/>\n<meta property=\"og:image\" content=\"https:\/\/www.nfv09.de\/home\/wp-content\/uploads\/2015\/04\/hp4.jpg\" \/>\n\t<meta property=\"og:image:width\" content=\"1200\" \/>\n\t<meta property=\"og:image:height\" content=\"800\" \/>\n\t<meta property=\"og:image:type\" content=\"image\/jpeg\" \/>\n<meta name=\"author\" content=\"Regassi\" \/>\n<meta name=\"twitter:card\" content=\"summary_large_image\" \/>\n<meta name=\"twitter:label1\" content=\"Verfasst von\" \/>\n\t<meta name=\"twitter:data1\" content=\"Regassi\" \/>\n\t<meta name=\"twitter:label2\" content=\"Gesch\u00e4tzte Lesezeit\" \/>\n\t<meta name=\"twitter:data2\" content=\"3\u00a0Minuten\" \/>\n<script type=\"application\/ld+json\" class=\"yoast-schema-graph\">{\"@context\":\"https:\\\/\\\/schema.org\",\"@graph\":[{\"@type\":\"Article\",\"@id\":\"https:\\\/\\\/www.nfv09.de\\\/home\\\/2018\\\/04\\\/08\\\/spielbericht-22-spieltag-kreisoberliga-nfv-gelb-weiss-goerlitz-09-holtendorfer-sv-03-02\\\/#article\",\"isPartOf\":{\"@id\":\"https:\\\/\\\/www.nfv09.de\\\/home\\\/2018\\\/04\\\/08\\\/spielbericht-22-spieltag-kreisoberliga-nfv-gelb-weiss-goerlitz-09-holtendorfer-sv-03-02\\\/\"},\"author\":{\"name\":\"Regassi\",\"@id\":\"https:\\\/\\\/www.nfv09.de\\\/home\\\/#\\\/schema\\\/person\\\/ed693ed28e6e4b3f80b32447b2b6cbc7\"},\"headline\":\"Spielbericht | 22.Spieltag Kreisoberliga | NFV Gelb-Wei\u00df G\u00f6rlitz 09 -:- Holtendorfer SV 0:3 (0:2)\",\"datePublished\":\"2018-04-08T13:06:36+00:00\",\"dateModified\":\"2018-04-08T16:32:37+00:00\",\"mainEntityOfPage\":{\"@id\":\"https:\\\/\\\/www.nfv09.de\\\/home\\\/2018\\\/04\\\/08\\\/spielbericht-22-spieltag-kreisoberliga-nfv-gelb-weiss-goerlitz-09-holtendorfer-sv-03-02\\\/\"},\"wordCount\":652,\"commentCount\":0,\"publisher\":{\"@id\":\"https:\\\/\\\/www.nfv09.de\\\/home\\\/#\\\/schema\\\/person\\\/ed693ed28e6e4b3f80b32447b2b6cbc7\"},\"image\":{\"@id\":\"https:\\\/\\\/www.nfv09.de\\\/home\\\/2018\\\/04\\\/08\\\/spielbericht-22-spieltag-kreisoberliga-nfv-gelb-weiss-goerlitz-09-holtendorfer-sv-03-02\\\/#primaryimage\"},\"thumbnailUrl\":\"https:\\\/\\\/www.nfv09.de\\\/home\\\/wp-content\\\/uploads\\\/2015\\\/04\\\/hp4.jpg\",\"articleSection\":[\"1. Mannschaft\"],\"inLanguage\":\"de\",\"potentialAction\":[{\"@type\":\"CommentAction\",\"name\":\"Comment\",\"target\":[\"https:\\\/\\\/www.nfv09.de\\\/home\\\/2018\\\/04\\\/08\\\/spielbericht-22-spieltag-kreisoberliga-nfv-gelb-weiss-goerlitz-09-holtendorfer-sv-03-02\\\/#respond\"]}]},{\"@type\":\"WebPage\",\"@id\":\"https:\\\/\\\/www.nfv09.de\\\/home\\\/2018\\\/04\\\/08\\\/spielbericht-22-spieltag-kreisoberliga-nfv-gelb-weiss-goerlitz-09-holtendorfer-sv-03-02\\\/\",\"url\":\"https:\\\/\\\/www.nfv09.de\\\/home\\\/2018\\\/04\\\/08\\\/spielbericht-22-spieltag-kreisoberliga-nfv-gelb-weiss-goerlitz-09-holtendorfer-sv-03-02\\\/\",\"name\":\"Spielbericht | 22.Spieltag Kreisoberliga | NFV Gelb-Wei\u00df G\u00f6rlitz 09 -:- Holtendorfer SV 0:3 (0:2) - NFV Gelb-Wei\u00df G\u00f6rlitz 09 e.V.\",\"isPartOf\":{\"@id\":\"https:\\\/\\\/www.nfv09.de\\\/home\\\/#website\"},\"primaryImageOfPage\":{\"@id\":\"https:\\\/\\\/www.nfv09.de\\\/home\\\/2018\\\/04\\\/08\\\/spielbericht-22-spieltag-kreisoberliga-nfv-gelb-weiss-goerlitz-09-holtendorfer-sv-03-02\\\/#primaryimage\"},\"image\":{\"@id\":\"https:\\\/\\\/www.nfv09.de\\\/home\\\/2018\\\/04\\\/08\\\/spielbericht-22-spieltag-kreisoberliga-nfv-gelb-weiss-goerlitz-09-holtendorfer-sv-03-02\\\/#primaryimage\"},\"thumbnailUrl\":\"https:\\\/\\\/www.nfv09.de\\\/home\\\/wp-content\\\/uploads\\\/2015\\\/04\\\/hp4.jpg\",\"datePublished\":\"2018-04-08T13:06:36+00:00\",\"dateModified\":\"2018-04-08T16:32:37+00:00\",\"breadcrumb\":{\"@id\":\"https:\\\/\\\/www.nfv09.de\\\/home\\\/2018\\\/04\\\/08\\\/spielbericht-22-spieltag-kreisoberliga-nfv-gelb-weiss-goerlitz-09-holtendorfer-sv-03-02\\\/#breadcrumb\"},\"inLanguage\":\"de\",\"potentialAction\":[{\"@type\":\"ReadAction\",\"target\":[\"https:\\\/\\\/www.nfv09.de\\\/home\\\/2018\\\/04\\\/08\\\/spielbericht-22-spieltag-kreisoberliga-nfv-gelb-weiss-goerlitz-09-holtendorfer-sv-03-02\\\/\"]}]},{\"@type\":\"ImageObject\",\"inLanguage\":\"de\",\"@id\":\"https:\\\/\\\/www.nfv09.de\\\/home\\\/2018\\\/04\\\/08\\\/spielbericht-22-spieltag-kreisoberliga-nfv-gelb-weiss-goerlitz-09-holtendorfer-sv-03-02\\\/#primaryimage\",\"url\":\"https:\\\/\\\/www.nfv09.de\\\/home\\\/wp-content\\\/uploads\\\/2015\\\/04\\\/hp4.jpg\",\"contentUrl\":\"https:\\\/\\\/www.nfv09.de\\\/home\\\/wp-content\\\/uploads\\\/2015\\\/04\\\/hp4.jpg\",\"width\":1200,\"height\":800},{\"@type\":\"BreadcrumbList\",\"@id\":\"https:\\\/\\\/www.nfv09.de\\\/home\\\/2018\\\/04\\\/08\\\/spielbericht-22-spieltag-kreisoberliga-nfv-gelb-weiss-goerlitz-09-holtendorfer-sv-03-02\\\/#breadcrumb\",\"itemListElement\":[{\"@type\":\"ListItem\",\"position\":1,\"name\":\"Startseite\",\"item\":\"https:\\\/\\\/www.nfv09.de\\\/home\\\/\"},{\"@type\":\"ListItem\",\"position\":2,\"name\":\"Spielbericht | 22.Spieltag Kreisoberliga | NFV Gelb-Wei\u00df G\u00f6rlitz 09 -:- Holtendorfer SV 0:3 (0:2)\"}]},{\"@type\":\"WebSite\",\"@id\":\"https:\\\/\\\/www.nfv09.de\\\/home\\\/#website\",\"url\":\"https:\\\/\\\/www.nfv09.de\\\/home\\\/\",\"name\":\"NFV Gelb-Wei\u00df G\u00f6rlitz 09 e.V.\",\"description\":\"Sachsenklasse Ost\",\"publisher\":{\"@id\":\"https:\\\/\\\/www.nfv09.de\\\/home\\\/#\\\/schema\\\/person\\\/ed693ed28e6e4b3f80b32447b2b6cbc7\"},\"potentialAction\":[{\"@type\":\"SearchAction\",\"target\":{\"@type\":\"EntryPoint\",\"urlTemplate\":\"https:\\\/\\\/www.nfv09.de\\\/home\\\/?s={search_term_string}\"},\"query-input\":{\"@type\":\"PropertyValueSpecification\",\"valueRequired\":true,\"valueName\":\"search_term_string\"}}],\"inLanguage\":\"de\"},{\"@type\":[\"Person\",\"Organization\"],\"@id\":\"https:\\\/\\\/www.nfv09.de\\\/home\\\/#\\\/schema\\\/person\\\/ed693ed28e6e4b3f80b32447b2b6cbc7\",\"name\":\"Regassi\",\"image\":{\"@type\":\"ImageObject\",\"inLanguage\":\"de\",\"@id\":\"https:\\\/\\\/www.nfv09.de\\\/home\\\/wp-content\\\/uploads\\\/2015\\\/04\\\/cropped-nfv-gelb-weiss-goerlitz-e1468573113314-1.gif\",\"url\":\"https:\\\/\\\/www.nfv09.de\\\/home\\\/wp-content\\\/uploads\\\/2015\\\/04\\\/cropped-nfv-gelb-weiss-goerlitz-e1468573113314-1.gif\",\"contentUrl\":\"https:\\\/\\\/www.nfv09.de\\\/home\\\/wp-content\\\/uploads\\\/2015\\\/04\\\/cropped-nfv-gelb-weiss-goerlitz-e1468573113314-1.gif\",\"width\":100,\"height\":122,\"caption\":\"Regassi\"},\"logo\":{\"@id\":\"https:\\\/\\\/www.nfv09.de\\\/home\\\/wp-content\\\/uploads\\\/2015\\\/04\\\/cropped-nfv-gelb-weiss-goerlitz-e1468573113314-1.gif\"},\"url\":\"https:\\\/\\\/www.nfv09.de\\\/home\\\/author\\\/regassi\\\/\"}]}<\/script>\n<!-- \/ Yoast SEO plugin. -->","yoast_head_json":{"title":"Spielbericht | 22.Spieltag Kreisoberliga | NFV Gelb-Wei\u00df G\u00f6rlitz 09 -:- Holtendorfer SV 0:3 (0:2) - NFV Gelb-Wei\u00df G\u00f6rlitz 09 e.V.","robots":{"index":"index","follow":"follow","max-snippet":"max-snippet:-1","max-image-preview":"max-image-preview:large","max-video-preview":"max-video-preview:-1"},"canonical":"https:\/\/www.nfv09.de\/home\/2018\/04\/08\/spielbericht-22-spieltag-kreisoberliga-nfv-gelb-weiss-goerlitz-09-holtendorfer-sv-03-02\/","og_locale":"de_DE","og_type":"article","og_title":"Spielbericht | 22.Spieltag Kreisoberliga | NFV Gelb-Wei\u00df G\u00f6rlitz 09 -:- Holtendorfer SV 0:3 (0:2) - NFV Gelb-Wei\u00df G\u00f6rlitz 09 e.V.","og_description":"22.Spieltag Kreisoberliga, 07.04.2018, 15:00 Uhr NFV Gelb-Wei\u00df G\u00f6rlitz 09 -:- Holtendorfer SV 0:3 (0:2) NFV verliert Duell gegen Holtendorf Das Team von Trainer Steffen Holz hat auch das n\u00e4chste, wichtige Spiel im Kampf gegen den Abstieg, verloren. Am Samstagnachmittag unterlag man den G\u00e4sten aus Holtendorf mit 0:3. Bei strahlendem Sonnenschein und f\u00fcr diese Liga zahlreichen [&hellip;]","og_url":"https:\/\/www.nfv09.de\/home\/2018\/04\/08\/spielbericht-22-spieltag-kreisoberliga-nfv-gelb-weiss-goerlitz-09-holtendorfer-sv-03-02\/","og_site_name":"NFV Gelb-Wei\u00df G\u00f6rlitz 09 e.V.","article_published_time":"2018-04-08T13:06:36+00:00","article_modified_time":"2018-04-08T16:32:37+00:00","og_image":[{"width":1200,"height":800,"url":"https:\/\/www.nfv09.de\/home\/wp-content\/uploads\/2015\/04\/hp4.jpg","type":"image\/jpeg"}],"author":"Regassi","twitter_card":"summary_large_image","twitter_misc":{"Verfasst von":"Regassi","Gesch\u00e4tzte Lesezeit":"3\u00a0Minuten"},"schema":{"@context":"https:\/\/schema.org","@graph":[{"@type":"Article","@id":"https:\/\/www.nfv09.de\/home\/2018\/04\/08\/spielbericht-22-spieltag-kreisoberliga-nfv-gelb-weiss-goerlitz-09-holtendorfer-sv-03-02\/#article","isPartOf":{"@id":"https:\/\/www.nfv09.de\/home\/2018\/04\/08\/spielbericht-22-spieltag-kreisoberliga-nfv-gelb-weiss-goerlitz-09-holtendorfer-sv-03-02\/"},"author":{"name":"Regassi","@id":"https:\/\/www.nfv09.de\/home\/#\/schema\/person\/ed693ed28e6e4b3f80b32447b2b6cbc7"},"headline":"Spielbericht | 22.Spieltag Kreisoberliga | NFV Gelb-Wei\u00df G\u00f6rlitz 09 -:- Holtendorfer SV 0:3 (0:2)","datePublished":"2018-04-08T13:06:36+00:00","dateModified":"2018-04-08T16:32:37+00:00","mainEntityOfPage":{"@id":"https:\/\/www.nfv09.de\/home\/2018\/04\/08\/spielbericht-22-spieltag-kreisoberliga-nfv-gelb-weiss-goerlitz-09-holtendorfer-sv-03-02\/"},"wordCount":652,"commentCount":0,"publisher":{"@id":"https:\/\/www.nfv09.de\/home\/#\/schema\/person\/ed693ed28e6e4b3f80b32447b2b6cbc7"},"image":{"@id":"https:\/\/www.nfv09.de\/home\/2018\/04\/08\/spielbericht-22-spieltag-kreisoberliga-nfv-gelb-weiss-goerlitz-09-holtendorfer-sv-03-02\/#primaryimage"},"thumbnailUrl":"https:\/\/www.nfv09.de\/home\/wp-content\/uploads\/2015\/04\/hp4.jpg","articleSection":["1. Mannschaft"],"inLanguage":"de","potentialAction":[{"@type":"CommentAction","name":"Comment","target":["https:\/\/www.nfv09.de\/home\/2018\/04\/08\/spielbericht-22-spieltag-kreisoberliga-nfv-gelb-weiss-goerlitz-09-holtendorfer-sv-03-02\/#respond"]}]},{"@type":"WebPage","@id":"https:\/\/www.nfv09.de\/home\/2018\/04\/08\/spielbericht-22-spieltag-kreisoberliga-nfv-gelb-weiss-goerlitz-09-holtendorfer-sv-03-02\/","url":"https:\/\/www.nfv09.de\/home\/2018\/04\/08\/spielbericht-22-spieltag-kreisoberliga-nfv-gelb-weiss-goerlitz-09-holtendorfer-sv-03-02\/","name":"Spielbericht | 22.Spieltag Kreisoberliga | NFV Gelb-Wei\u00df G\u00f6rlitz 09 -:- Holtendorfer SV 0:3 (0:2) - NFV Gelb-Wei\u00df G\u00f6rlitz 09 e.V.","isPartOf":{"@id":"https:\/\/www.nfv09.de\/home\/#website"},"primaryImageOfPage":{"@id":"https:\/\/www.nfv09.de\/home\/2018\/04\/08\/spielbericht-22-spieltag-kreisoberliga-nfv-gelb-weiss-goerlitz-09-holtendorfer-sv-03-02\/#primaryimage"},"image":{"@id":"https:\/\/www.nfv09.de\/home\/2018\/04\/08\/spielbericht-22-spieltag-kreisoberliga-nfv-gelb-weiss-goerlitz-09-holtendorfer-sv-03-02\/#primaryimage"},"thumbnailUrl":"https:\/\/www.nfv09.de\/home\/wp-content\/uploads\/2015\/04\/hp4.jpg","datePublished":"2018-04-08T13:06:36+00:00","dateModified":"2018-04-08T16:32:37+00:00","breadcrumb":{"@id":"https:\/\/www.nfv09.de\/home\/2018\/04\/08\/spielbericht-22-spieltag-kreisoberliga-nfv-gelb-weiss-goerlitz-09-holtendorfer-sv-03-02\/#breadcrumb"},"inLanguage":"de","potentialAction":[{"@type":"ReadAction","target":["https:\/\/www.nfv09.de\/home\/2018\/04\/08\/spielbericht-22-spieltag-kreisoberliga-nfv-gelb-weiss-goerlitz-09-holtendorfer-sv-03-02\/"]}]},{"@type":"ImageObject","inLanguage":"de","@id":"https:\/\/www.nfv09.de\/home\/2018\/04\/08\/spielbericht-22-spieltag-kreisoberliga-nfv-gelb-weiss-goerlitz-09-holtendorfer-sv-03-02\/#primaryimage","url":"https:\/\/www.nfv09.de\/home\/wp-content\/uploads\/2015\/04\/hp4.jpg","contentUrl":"https:\/\/www.nfv09.de\/home\/wp-content\/uploads\/2015\/04\/hp4.jpg","width":1200,"height":800},{"@type":"BreadcrumbList","@id":"https:\/\/www.nfv09.de\/home\/2018\/04\/08\/spielbericht-22-spieltag-kreisoberliga-nfv-gelb-weiss-goerlitz-09-holtendorfer-sv-03-02\/#breadcrumb","itemListElement":[{"@type":"ListItem","position":1,"name":"Startseite","item":"https:\/\/www.nfv09.de\/home\/"},{"@type":"ListItem","position":2,"name":"Spielbericht | 22.Spieltag Kreisoberliga | NFV Gelb-Wei\u00df G\u00f6rlitz 09 -:- Holtendorfer SV 0:3 (0:2)"}]},{"@type":"WebSite","@id":"https:\/\/www.nfv09.de\/home\/#website","url":"https:\/\/www.nfv09.de\/home\/","name":"NFV Gelb-Wei\u00df G\u00f6rlitz 09 e.V.","description":"Sachsenklasse Ost","publisher":{"@id":"https:\/\/www.nfv09.de\/home\/#\/schema\/person\/ed693ed28e6e4b3f80b32447b2b6cbc7"},"potentialAction":[{"@type":"SearchAction","target":{"@type":"EntryPoint","urlTemplate":"https:\/\/www.nfv09.de\/home\/?s={search_term_string}"},"query-input":{"@type":"PropertyValueSpecification","valueRequired":true,"valueName":"search_term_string"}}],"inLanguage":"de"},{"@type":["Person","Organization"],"@id":"https:\/\/www.nfv09.de\/home\/#\/schema\/person\/ed693ed28e6e4b3f80b32447b2b6cbc7","name":"Regassi","image":{"@type":"ImageObject","inLanguage":"de","@id":"https:\/\/www.nfv09.de\/home\/wp-content\/uploads\/2015\/04\/cropped-nfv-gelb-weiss-goerlitz-e1468573113314-1.gif","url":"https:\/\/www.nfv09.de\/home\/wp-content\/uploads\/2015\/04\/cropped-nfv-gelb-weiss-goerlitz-e1468573113314-1.gif","contentUrl":"https:\/\/www.nfv09.de\/home\/wp-content\/uploads\/2015\/04\/cropped-nfv-gelb-weiss-goerlitz-e1468573113314-1.gif","width":100,"height":122,"caption":"Regassi"},"logo":{"@id":"https:\/\/www.nfv09.de\/home\/wp-content\/uploads\/2015\/04\/cropped-nfv-gelb-weiss-goerlitz-e1468573113314-1.gif"},"url":"https:\/\/www.nfv09.de\/home\/author\/regassi\/"}]}},"_links":{"self":[{"href":"https:\/\/www.nfv09.de\/home\/wp-json\/wp\/v2\/posts\/2506","targetHints":{"allow":["GET"]}}],"collection":[{"href":"https:\/\/www.nfv09.de\/home\/wp-json\/wp\/v2\/posts"}],"about":[{"href":"https:\/\/www.nfv09.de\/home\/wp-json\/wp\/v2\/types\/post"}],"author":[{"embeddable":true,"href":"https:\/\/www.nfv09.de\/home\/wp-json\/wp\/v2\/users\/3"}],"replies":[{"embeddable":true,"href":"https:\/\/www.nfv09.de\/home\/wp-json\/wp\/v2\/comments?post=2506"}],"version-history":[{"count":3,"href":"https:\/\/www.nfv09.de\/home\/wp-json\/wp\/v2\/posts\/2506\/revisions"}],"predecessor-version":[{"id":2509,"href":"https:\/\/www.nfv09.de\/home\/wp-json\/wp\/v2\/posts\/2506\/revisions\/2509"}],"wp:featuredmedia":[{"embeddable":true,"href":"https:\/\/www.nfv09.de\/home\/wp-json\/wp\/v2\/media\/2172"}],"wp:attachment":[{"href":"https:\/\/www.nfv09.de\/home\/wp-json\/wp\/v2\/media?parent=2506"}],"wp:term":[{"taxonomy":"category","embeddable":true,"href":"https:\/\/www.nfv09.de\/home\/wp-json\/wp\/v2\/categories?post=2506"},{"taxonomy":"post_tag","embeddable":true,"href":"https:\/\/www.nfv09.de\/home\/wp-json\/wp\/v2\/tags?post=2506"}],"curies":[{"name":"wp","href":"https:\/\/api.w.org\/{rel}","templated":true}]}}