{"id":2483,"date":"2018-03-20T23:30:48","date_gmt":"2018-03-20T22:30:48","guid":{"rendered":"http:\/\/www.nfv09.de\/home\/?p=2483"},"modified":"2018-03-20T23:30:48","modified_gmt":"2018-03-20T22:30:48","slug":"mitteilung-zur-neubesetzung-offener-vorstandspositionen","status":"publish","type":"post","link":"https:\/\/www.nfv09.de\/home\/2018\/03\/20\/mitteilung-zur-neubesetzung-offener-vorstandspositionen\/","title":{"rendered":"Mitteilung zur Neubesetzung offener Vorstandspositionen"},"content":{"rendered":"<p><b>Mitteilung zur Neubesetzung offener Vorstandspositionen\u00a0<\/b><\/p>\n<p>Die au\u00dferordentliche Mitgliederversammlung hat am Mo., 19.03.2018 beschlossen, dass die Bereitschaft zur Mitarbeit und \u00dcbernahme einer Funktionstr\u00e4gerschaft im Vorstand des NFV Gelb-Wei\u00df G\u00f6rlitz 09 e. V.<br \/>\nbis einschlie\u00dflich Fr., 23.03.2018 \/ 12:00 Uhr schriftlich, fernschriftlich oder via E-Post an &#x62;&#117;e&#x72;&#111;&#64;&#x6e;&#102;v&#x30;&#x39;&#46;&#x64;&#x65; erkl\u00e4rt werden kann.<br \/>\nUnber\u00fchrt davon bleiben die in der au\u00dferordentlichen Mitgliederversammlung am Mo., 19.03.2018 bereits bekanntgegebenen Bereitschaftserkl\u00e4rungen.<br \/>\nDer Vorstand wird in seiner n\u00e4chsten Sitzung nach \u00a7 17 Abs. 9 ff der Satzung dar\u00fcber entscheiden und dankt vorab allen Mitgliedern f\u00fcr ihre Bereitschaft,<br \/>\nden Vorstand und Verein tatkr\u00e4ftig zu unterst\u00fctzen.<\/p>\n<p>Harald Twupack<br \/>\nNFV Vorsitzender<\/p>\n","protected":false},"excerpt":{"rendered":"<p>Mitteilung zur Neubesetzung offener Vorstandspositionen\u00a0 Die au\u00dferordentliche Mitgliederversammlung hat am Mo., 19.03.2018 beschlossen, dass die Bereitschaft zur Mitarbeit und \u00dcbernahme einer Funktionstr\u00e4gerschaft im Vorstand des NFV Gelb-Wei\u00df G\u00f6rlitz 09 e. V. bis einschlie\u00dflich Fr., 23.03.2018 \/ 12:00 Uhr schriftlich, fernschriftlich oder via E-Post an &#98;&#x75;&#101;&#x72;&#111;&#x40;&#110;&#x66;&#118;&#x30;&#57;&#x2e;&#100;&#x65; erkl\u00e4rt werden kann. Unber\u00fchrt davon bleiben die in der au\u00dferordentlichen [&hellip;]<\/p>\n","protected":false},"author":3,"featured_media":2076,"comment_status":"open","ping_status":"open","sticky":false,"template":"","format":"standard","meta":{"footnotes":""},"categories":[85],"tags":[],"class_list":["post-2483","post","type-post","status-publish","format-standard","has-post-thumbnail","hentry","category-verein"],"yoast_head":"<!-- This site is optimized with the Yoast SEO plugin v27.5 - https:\/\/yoast.com\/product\/yoast-seo-wordpress\/ -->\n<title>Mitteilung zur Neubesetzung offener Vorstandspositionen - NFV Gelb-Wei\u00df G\u00f6rlitz 09 e.V.<\/title>\n<meta name=\"robots\" content=\"index, follow, max-snippet:-1, max-image-preview:large, max-video-preview:-1\" \/>\n<link rel=\"canonical\" href=\"https:\/\/www.nfv09.de\/home\/2018\/03\/20\/mitteilung-zur-neubesetzung-offener-vorstandspositionen\/\" \/>\n<meta property=\"og:locale\" content=\"de_DE\" \/>\n<meta property=\"og:type\" content=\"article\" \/>\n<meta property=\"og:title\" content=\"Mitteilung zur Neubesetzung offener Vorstandspositionen - NFV Gelb-Wei\u00df G\u00f6rlitz 09 e.V.\" \/>\n<meta property=\"og:description\" content=\"Mitteilung zur Neubesetzung offener Vorstandspositionen\u00a0 Die au\u00dferordentliche Mitgliederversammlung hat am Mo., 19.03.2018 beschlossen, dass die Bereitschaft zur Mitarbeit und \u00dcbernahme einer Funktionstr\u00e4gerschaft im Vorstand des NFV Gelb-Wei\u00df G\u00f6rlitz 09 e. V. bis einschlie\u00dflich Fr., 23.03.2018 \/ 12:00 Uhr schriftlich, fernschriftlich oder via E-Post an &#x62;&#117;e&#x72;&#111;&#064;&#x6e;&#x66;&#118;0&#x39;&#046;d&#x65; erkl\u00e4rt werden kann. Unber\u00fchrt davon bleiben die in der au\u00dferordentlichen [&hellip;]\" \/>\n<meta property=\"og:url\" content=\"https:\/\/www.nfv09.de\/home\/2018\/03\/20\/mitteilung-zur-neubesetzung-offener-vorstandspositionen\/\" \/>\n<meta property=\"og:site_name\" content=\"NFV Gelb-Wei\u00df G\u00f6rlitz 09 e.V.\" \/>\n<meta property=\"article:published_time\" content=\"2018-03-20T22:30:48+00:00\" \/>\n<meta property=\"og:image\" content=\"https:\/\/www.nfv09.de\/home\/wp-content\/uploads\/2015\/04\/20161129_194549-1024x576.jpg\" \/>\n\t<meta property=\"og:image:width\" content=\"1024\" \/>\n\t<meta property=\"og:image:height\" content=\"576\" \/>\n\t<meta property=\"og:image:type\" content=\"image\/jpeg\" \/>\n<meta name=\"author\" content=\"Regassi\" \/>\n<meta name=\"twitter:card\" content=\"summary_large_image\" \/>\n<meta name=\"twitter:label1\" content=\"Verfasst von\" \/>\n\t<meta name=\"twitter:data1\" content=\"Regassi\" \/>\n\t<meta name=\"twitter:label2\" content=\"Gesch\u00e4tzte Lesezeit\" \/>\n\t<meta name=\"twitter:data2\" content=\"1\u00a0Minute\" \/>\n<script type=\"application\/ld+json\" class=\"yoast-schema-graph\">{\"@context\":\"https:\\\/\\\/schema.org\",\"@graph\":[{\"@type\":\"Article\",\"@id\":\"https:\\\/\\\/www.nfv09.de\\\/home\\\/2018\\\/03\\\/20\\\/mitteilung-zur-neubesetzung-offener-vorstandspositionen\\\/#article\",\"isPartOf\":{\"@id\":\"https:\\\/\\\/www.nfv09.de\\\/home\\\/2018\\\/03\\\/20\\\/mitteilung-zur-neubesetzung-offener-vorstandspositionen\\\/\"},\"author\":{\"name\":\"Regassi\",\"@id\":\"https:\\\/\\\/www.nfv09.de\\\/home\\\/#\\\/schema\\\/person\\\/ed693ed28e6e4b3f80b32447b2b6cbc7\"},\"headline\":\"Mitteilung zur Neubesetzung offener Vorstandspositionen\",\"datePublished\":\"2018-03-20T22:30:48+00:00\",\"mainEntityOfPage\":{\"@id\":\"https:\\\/\\\/www.nfv09.de\\\/home\\\/2018\\\/03\\\/20\\\/mitteilung-zur-neubesetzung-offener-vorstandspositionen\\\/\"},\"wordCount\":109,\"commentCount\":0,\"publisher\":{\"@id\":\"https:\\\/\\\/www.nfv09.de\\\/home\\\/#\\\/schema\\\/person\\\/ed693ed28e6e4b3f80b32447b2b6cbc7\"},\"image\":{\"@id\":\"https:\\\/\\\/www.nfv09.de\\\/home\\\/2018\\\/03\\\/20\\\/mitteilung-zur-neubesetzung-offener-vorstandspositionen\\\/#primaryimage\"},\"thumbnailUrl\":\"https:\\\/\\\/www.nfv09.de\\\/home\\\/wp-content\\\/uploads\\\/2015\\\/04\\\/20161129_194549.jpg\",\"articleSection\":[\"Verein\"],\"inLanguage\":\"de\",\"potentialAction\":[{\"@type\":\"CommentAction\",\"name\":\"Comment\",\"target\":[\"https:\\\/\\\/www.nfv09.de\\\/home\\\/2018\\\/03\\\/20\\\/mitteilung-zur-neubesetzung-offener-vorstandspositionen\\\/#respond\"]}]},{\"@type\":\"WebPage\",\"@id\":\"https:\\\/\\\/www.nfv09.de\\\/home\\\/2018\\\/03\\\/20\\\/mitteilung-zur-neubesetzung-offener-vorstandspositionen\\\/\",\"url\":\"https:\\\/\\\/www.nfv09.de\\\/home\\\/2018\\\/03\\\/20\\\/mitteilung-zur-neubesetzung-offener-vorstandspositionen\\\/\",\"name\":\"Mitteilung zur Neubesetzung offener Vorstandspositionen - NFV Gelb-Wei\u00df G\u00f6rlitz 09 e.V.\",\"isPartOf\":{\"@id\":\"https:\\\/\\\/www.nfv09.de\\\/home\\\/#website\"},\"primaryImageOfPage\":{\"@id\":\"https:\\\/\\\/www.nfv09.de\\\/home\\\/2018\\\/03\\\/20\\\/mitteilung-zur-neubesetzung-offener-vorstandspositionen\\\/#primaryimage\"},\"image\":{\"@id\":\"https:\\\/\\\/www.nfv09.de\\\/home\\\/2018\\\/03\\\/20\\\/mitteilung-zur-neubesetzung-offener-vorstandspositionen\\\/#primaryimage\"},\"thumbnailUrl\":\"https:\\\/\\\/www.nfv09.de\\\/home\\\/wp-content\\\/uploads\\\/2015\\\/04\\\/20161129_194549.jpg\",\"datePublished\":\"2018-03-20T22:30:48+00:00\",\"breadcrumb\":{\"@id\":\"https:\\\/\\\/www.nfv09.de\\\/home\\\/2018\\\/03\\\/20\\\/mitteilung-zur-neubesetzung-offener-vorstandspositionen\\\/#breadcrumb\"},\"inLanguage\":\"de\",\"potentialAction\":[{\"@type\":\"ReadAction\",\"target\":[\"https:\\\/\\\/www.nfv09.de\\\/home\\\/2018\\\/03\\\/20\\\/mitteilung-zur-neubesetzung-offener-vorstandspositionen\\\/\"]}]},{\"@type\":\"ImageObject\",\"inLanguage\":\"de\",\"@id\":\"https:\\\/\\\/www.nfv09.de\\\/home\\\/2018\\\/03\\\/20\\\/mitteilung-zur-neubesetzung-offener-vorstandspositionen\\\/#primaryimage\",\"url\":\"https:\\\/\\\/www.nfv09.de\\\/home\\\/wp-content\\\/uploads\\\/2015\\\/04\\\/20161129_194549.jpg\",\"contentUrl\":\"https:\\\/\\\/www.nfv09.de\\\/home\\\/wp-content\\\/uploads\\\/2015\\\/04\\\/20161129_194549.jpg\",\"width\":4032,\"height\":2268},{\"@type\":\"BreadcrumbList\",\"@id\":\"https:\\\/\\\/www.nfv09.de\\\/home\\\/2018\\\/03\\\/20\\\/mitteilung-zur-neubesetzung-offener-vorstandspositionen\\\/#breadcrumb\",\"itemListElement\":[{\"@type\":\"ListItem\",\"position\":1,\"name\":\"Startseite\",\"item\":\"https:\\\/\\\/www.nfv09.de\\\/home\\\/\"},{\"@type\":\"ListItem\",\"position\":2,\"name\":\"Mitteilung zur Neubesetzung offener Vorstandspositionen\"}]},{\"@type\":\"WebSite\",\"@id\":\"https:\\\/\\\/www.nfv09.de\\\/home\\\/#website\",\"url\":\"https:\\\/\\\/www.nfv09.de\\\/home\\\/\",\"name\":\"NFV Gelb-Wei\u00df G\u00f6rlitz 09 e.V.\",\"description\":\"Sachsenklasse Ost\",\"publisher\":{\"@id\":\"https:\\\/\\\/www.nfv09.de\\\/home\\\/#\\\/schema\\\/person\\\/ed693ed28e6e4b3f80b32447b2b6cbc7\"},\"potentialAction\":[{\"@type\":\"SearchAction\",\"target\":{\"@type\":\"EntryPoint\",\"urlTemplate\":\"https:\\\/\\\/www.nfv09.de\\\/home\\\/?s={search_term_string}\"},\"query-input\":{\"@type\":\"PropertyValueSpecification\",\"valueRequired\":true,\"valueName\":\"search_term_string\"}}],\"inLanguage\":\"de\"},{\"@type\":[\"Person\",\"Organization\"],\"@id\":\"https:\\\/\\\/www.nfv09.de\\\/home\\\/#\\\/schema\\\/person\\\/ed693ed28e6e4b3f80b32447b2b6cbc7\",\"name\":\"Regassi\",\"image\":{\"@type\":\"ImageObject\",\"inLanguage\":\"de\",\"@id\":\"https:\\\/\\\/www.nfv09.de\\\/home\\\/wp-content\\\/uploads\\\/2015\\\/04\\\/cropped-nfv-gelb-weiss-goerlitz-e1468573113314-1.gif\",\"url\":\"https:\\\/\\\/www.nfv09.de\\\/home\\\/wp-content\\\/uploads\\\/2015\\\/04\\\/cropped-nfv-gelb-weiss-goerlitz-e1468573113314-1.gif\",\"contentUrl\":\"https:\\\/\\\/www.nfv09.de\\\/home\\\/wp-content\\\/uploads\\\/2015\\\/04\\\/cropped-nfv-gelb-weiss-goerlitz-e1468573113314-1.gif\",\"width\":100,\"height\":122,\"caption\":\"Regassi\"},\"logo\":{\"@id\":\"https:\\\/\\\/www.nfv09.de\\\/home\\\/wp-content\\\/uploads\\\/2015\\\/04\\\/cropped-nfv-gelb-weiss-goerlitz-e1468573113314-1.gif\"},\"url\":\"https:\\\/\\\/www.nfv09.de\\\/home\\\/author\\\/regassi\\\/\"}]}<\/script>\n<!-- \/ Yoast SEO plugin. -->","yoast_head_json":{"title":"Mitteilung zur Neubesetzung offener Vorstandspositionen - NFV Gelb-Wei\u00df G\u00f6rlitz 09 e.V.","robots":{"index":"index","follow":"follow","max-snippet":"max-snippet:-1","max-image-preview":"max-image-preview:large","max-video-preview":"max-video-preview:-1"},"canonical":"https:\/\/www.nfv09.de\/home\/2018\/03\/20\/mitteilung-zur-neubesetzung-offener-vorstandspositionen\/","og_locale":"de_DE","og_type":"article","og_title":"Mitteilung zur Neubesetzung offener Vorstandspositionen - NFV Gelb-Wei\u00df G\u00f6rlitz 09 e.V.","og_description":"Mitteilung zur Neubesetzung offener Vorstandspositionen\u00a0 Die au\u00dferordentliche Mitgliederversammlung hat am Mo., 19.03.2018 beschlossen, dass die Bereitschaft zur Mitarbeit und \u00dcbernahme einer Funktionstr\u00e4gerschaft im Vorstand des NFV Gelb-Wei\u00df G\u00f6rlitz 09 e. V. bis einschlie\u00dflich Fr., 23.03.2018 \/ 12:00 Uhr schriftlich, fernschriftlich oder via E-Post an &#x62;&#117;e&#x72;&#111;&#64;&#x6e;&#x66;&#118;0&#x39;&#46;d&#x65; erkl\u00e4rt werden kann. Unber\u00fchrt davon bleiben die in der au\u00dferordentlichen [&hellip;]","og_url":"https:\/\/www.nfv09.de\/home\/2018\/03\/20\/mitteilung-zur-neubesetzung-offener-vorstandspositionen\/","og_site_name":"NFV Gelb-Wei\u00df G\u00f6rlitz 09 e.V.","article_published_time":"2018-03-20T22:30:48+00:00","og_image":[{"width":1024,"height":576,"url":"https:\/\/www.nfv09.de\/home\/wp-content\/uploads\/2015\/04\/20161129_194549-1024x576.jpg","type":"image\/jpeg"}],"author":"Regassi","twitter_card":"summary_large_image","twitter_misc":{"Verfasst von":"Regassi","Gesch\u00e4tzte Lesezeit":"1\u00a0Minute"},"schema":{"@context":"https:\/\/schema.org","@graph":[{"@type":"Article","@id":"https:\/\/www.nfv09.de\/home\/2018\/03\/20\/mitteilung-zur-neubesetzung-offener-vorstandspositionen\/#article","isPartOf":{"@id":"https:\/\/www.nfv09.de\/home\/2018\/03\/20\/mitteilung-zur-neubesetzung-offener-vorstandspositionen\/"},"author":{"name":"Regassi","@id":"https:\/\/www.nfv09.de\/home\/#\/schema\/person\/ed693ed28e6e4b3f80b32447b2b6cbc7"},"headline":"Mitteilung zur Neubesetzung offener Vorstandspositionen","datePublished":"2018-03-20T22:30:48+00:00","mainEntityOfPage":{"@id":"https:\/\/www.nfv09.de\/home\/2018\/03\/20\/mitteilung-zur-neubesetzung-offener-vorstandspositionen\/"},"wordCount":109,"commentCount":0,"publisher":{"@id":"https:\/\/www.nfv09.de\/home\/#\/schema\/person\/ed693ed28e6e4b3f80b32447b2b6cbc7"},"image":{"@id":"https:\/\/www.nfv09.de\/home\/2018\/03\/20\/mitteilung-zur-neubesetzung-offener-vorstandspositionen\/#primaryimage"},"thumbnailUrl":"https:\/\/www.nfv09.de\/home\/wp-content\/uploads\/2015\/04\/20161129_194549.jpg","articleSection":["Verein"],"inLanguage":"de","potentialAction":[{"@type":"CommentAction","name":"Comment","target":["https:\/\/www.nfv09.de\/home\/2018\/03\/20\/mitteilung-zur-neubesetzung-offener-vorstandspositionen\/#respond"]}]},{"@type":"WebPage","@id":"https:\/\/www.nfv09.de\/home\/2018\/03\/20\/mitteilung-zur-neubesetzung-offener-vorstandspositionen\/","url":"https:\/\/www.nfv09.de\/home\/2018\/03\/20\/mitteilung-zur-neubesetzung-offener-vorstandspositionen\/","name":"Mitteilung zur Neubesetzung offener Vorstandspositionen - NFV Gelb-Wei\u00df G\u00f6rlitz 09 e.V.","isPartOf":{"@id":"https:\/\/www.nfv09.de\/home\/#website"},"primaryImageOfPage":{"@id":"https:\/\/www.nfv09.de\/home\/2018\/03\/20\/mitteilung-zur-neubesetzung-offener-vorstandspositionen\/#primaryimage"},"image":{"@id":"https:\/\/www.nfv09.de\/home\/2018\/03\/20\/mitteilung-zur-neubesetzung-offener-vorstandspositionen\/#primaryimage"},"thumbnailUrl":"https:\/\/www.nfv09.de\/home\/wp-content\/uploads\/2015\/04\/20161129_194549.jpg","datePublished":"2018-03-20T22:30:48+00:00","breadcrumb":{"@id":"https:\/\/www.nfv09.de\/home\/2018\/03\/20\/mitteilung-zur-neubesetzung-offener-vorstandspositionen\/#breadcrumb"},"inLanguage":"de","potentialAction":[{"@type":"ReadAction","target":["https:\/\/www.nfv09.de\/home\/2018\/03\/20\/mitteilung-zur-neubesetzung-offener-vorstandspositionen\/"]}]},{"@type":"ImageObject","inLanguage":"de","@id":"https:\/\/www.nfv09.de\/home\/2018\/03\/20\/mitteilung-zur-neubesetzung-offener-vorstandspositionen\/#primaryimage","url":"https:\/\/www.nfv09.de\/home\/wp-content\/uploads\/2015\/04\/20161129_194549.jpg","contentUrl":"https:\/\/www.nfv09.de\/home\/wp-content\/uploads\/2015\/04\/20161129_194549.jpg","width":4032,"height":2268},{"@type":"BreadcrumbList","@id":"https:\/\/www.nfv09.de\/home\/2018\/03\/20\/mitteilung-zur-neubesetzung-offener-vorstandspositionen\/#breadcrumb","itemListElement":[{"@type":"ListItem","position":1,"name":"Startseite","item":"https:\/\/www.nfv09.de\/home\/"},{"@type":"ListItem","position":2,"name":"Mitteilung zur Neubesetzung offener Vorstandspositionen"}]},{"@type":"WebSite","@id":"https:\/\/www.nfv09.de\/home\/#website","url":"https:\/\/www.nfv09.de\/home\/","name":"NFV Gelb-Wei\u00df G\u00f6rlitz 09 e.V.","description":"Sachsenklasse Ost","publisher":{"@id":"https:\/\/www.nfv09.de\/home\/#\/schema\/person\/ed693ed28e6e4b3f80b32447b2b6cbc7"},"potentialAction":[{"@type":"SearchAction","target":{"@type":"EntryPoint","urlTemplate":"https:\/\/www.nfv09.de\/home\/?s={search_term_string}"},"query-input":{"@type":"PropertyValueSpecification","valueRequired":true,"valueName":"search_term_string"}}],"inLanguage":"de"},{"@type":["Person","Organization"],"@id":"https:\/\/www.nfv09.de\/home\/#\/schema\/person\/ed693ed28e6e4b3f80b32447b2b6cbc7","name":"Regassi","image":{"@type":"ImageObject","inLanguage":"de","@id":"https:\/\/www.nfv09.de\/home\/wp-content\/uploads\/2015\/04\/cropped-nfv-gelb-weiss-goerlitz-e1468573113314-1.gif","url":"https:\/\/www.nfv09.de\/home\/wp-content\/uploads\/2015\/04\/cropped-nfv-gelb-weiss-goerlitz-e1468573113314-1.gif","contentUrl":"https:\/\/www.nfv09.de\/home\/wp-content\/uploads\/2015\/04\/cropped-nfv-gelb-weiss-goerlitz-e1468573113314-1.gif","width":100,"height":122,"caption":"Regassi"},"logo":{"@id":"https:\/\/www.nfv09.de\/home\/wp-content\/uploads\/2015\/04\/cropped-nfv-gelb-weiss-goerlitz-e1468573113314-1.gif"},"url":"https:\/\/www.nfv09.de\/home\/author\/regassi\/"}]}},"_links":{"self":[{"href":"https:\/\/www.nfv09.de\/home\/wp-json\/wp\/v2\/posts\/2483","targetHints":{"allow":["GET"]}}],"collection":[{"href":"https:\/\/www.nfv09.de\/home\/wp-json\/wp\/v2\/posts"}],"about":[{"href":"https:\/\/www.nfv09.de\/home\/wp-json\/wp\/v2\/types\/post"}],"author":[{"embeddable":true,"href":"https:\/\/www.nfv09.de\/home\/wp-json\/wp\/v2\/users\/3"}],"replies":[{"embeddable":true,"href":"https:\/\/www.nfv09.de\/home\/wp-json\/wp\/v2\/comments?post=2483"}],"version-history":[{"count":2,"href":"https:\/\/www.nfv09.de\/home\/wp-json\/wp\/v2\/posts\/2483\/revisions"}],"predecessor-version":[{"id":2485,"href":"https:\/\/www.nfv09.de\/home\/wp-json\/wp\/v2\/posts\/2483\/revisions\/2485"}],"wp:featuredmedia":[{"embeddable":true,"href":"https:\/\/www.nfv09.de\/home\/wp-json\/wp\/v2\/media\/2076"}],"wp:attachment":[{"href":"https:\/\/www.nfv09.de\/home\/wp-json\/wp\/v2\/media?parent=2483"}],"wp:term":[{"taxonomy":"category","embeddable":true,"href":"https:\/\/www.nfv09.de\/home\/wp-json\/wp\/v2\/categories?post=2483"},{"taxonomy":"post_tag","embeddable":true,"href":"https:\/\/www.nfv09.de\/home\/wp-json\/wp\/v2\/tags?post=2483"}],"curies":[{"name":"wp","href":"https:\/\/api.w.org\/{rel}","templated":true}]}}