{"id":2471,"date":"2018-03-04T21:52:22","date_gmt":"2018-03-04T20:52:22","guid":{"rendered":"http:\/\/www.nfv09.de\/home\/?p=2471"},"modified":"2018-03-04T21:52:22","modified_gmt":"2018-03-04T20:52:22","slug":"einladung-zur-ausserordentlichen-mitgliederversammlung-am-19-03-2018","status":"publish","type":"post","link":"https:\/\/www.nfv09.de\/home\/2018\/03\/04\/einladung-zur-ausserordentlichen-mitgliederversammlung-am-19-03-2018\/","title":{"rendered":"Einladung zur au\u00dferordentlichen Mitgliederversammlung am 19.03.2018"},"content":{"rendered":"<p>G\u00f6rlitz, 03.03.2018<\/p>\n<p>An alle Mitglieder des<br \/>\nNFV Gelb-Wei\u00df G\u00f6rlitz 09 e. V.<\/p>\n<p>Der Vorstand des NFV Gelb-Wei\u00df G\u00f6rlitz 09 e.V. hat in seiner Sitzung<br \/>\nvom Fr., 09.02.2018 beschlossen,<br \/>\neine au\u00dferordentliche Mitgliederversammlung einzuberufen.<\/p>\n<p><b>Einladung zur au\u00dferordentlichen Mitgliederversammlung<br \/>\nNFV Gelb-Wei\u00df G\u00f6rlitz 09 e.V.<br \/>\nam Mo., 19.03.2018 um 19:00 Uhr<br \/>\nin der NFV Sportlerklause<br \/>\nGirbigsdorfer Stra\u00dfe 49<br \/>\n02828 G\u00f6rlitz<\/b><\/p>\n<p>Tagesordnung:<\/p>\n<p>1. Bericht zur Entwicklung des Vereins im administrativen und sportlichen Bereich<br \/>\nim Jahr 2017 und Ausblick f\u00fcr die Jahre 2018 und 2019<br \/>\n2. Haushaltssituation Saison 2017\/2018 und finanzielle Sicherstellung des<br \/>\nNFV f\u00fcr die Haushaltsjahre 2018\/2019 und Ausblick f\u00fcr nachfolgende Jahre<br \/>\n3. Aussprache und Festlegungen durch die Mitgliederversammlung zu TOP 1 und Top 2<br \/>\n4. Fortbestand NFV Vereinsheim und materiell, technische Sicherstellung Stadion Junge Welt<br \/>\n5. Diskussion zum TOP 4<br \/>\n6. Besetzung von Vorstandspositionen<br \/>\n7. Sonstiges<\/p>\n<p>Harald Twupack<br \/>\nNFV Vorsitzender<\/p>\n","protected":false},"excerpt":{"rendered":"<p>G\u00f6rlitz, 03.03.2018 An alle Mitglieder des NFV Gelb-Wei\u00df G\u00f6rlitz 09 e. V. Der Vorstand des NFV Gelb-Wei\u00df G\u00f6rlitz 09 e.V. hat in seiner Sitzung vom Fr., 09.02.2018 beschlossen, eine au\u00dferordentliche Mitgliederversammlung einzuberufen. Einladung zur au\u00dferordentlichen Mitgliederversammlung NFV Gelb-Wei\u00df G\u00f6rlitz 09 e.V. am Mo., 19.03.2018 um 19:00 Uhr in der NFV Sportlerklause Girbigsdorfer Stra\u00dfe 49 02828 [&hellip;]<\/p>\n","protected":false},"author":3,"featured_media":2076,"comment_status":"open","ping_status":"open","sticky":false,"template":"","format":"standard","meta":{"footnotes":""},"categories":[85],"tags":[],"class_list":["post-2471","post","type-post","status-publish","format-standard","has-post-thumbnail","hentry","category-verein"],"yoast_head":"<!-- This site is optimized with the Yoast SEO plugin v27.5 - https:\/\/yoast.com\/product\/yoast-seo-wordpress\/ -->\n<title>Einladung zur au\u00dferordentlichen Mitgliederversammlung am 19.03.2018 - NFV Gelb-Wei\u00df G\u00f6rlitz 09 e.V.<\/title>\n<meta name=\"robots\" content=\"index, follow, max-snippet:-1, max-image-preview:large, max-video-preview:-1\" \/>\n<link rel=\"canonical\" href=\"https:\/\/www.nfv09.de\/home\/2018\/03\/04\/einladung-zur-ausserordentlichen-mitgliederversammlung-am-19-03-2018\/\" \/>\n<meta property=\"og:locale\" content=\"de_DE\" \/>\n<meta property=\"og:type\" content=\"article\" \/>\n<meta property=\"og:title\" content=\"Einladung zur au\u00dferordentlichen Mitgliederversammlung am 19.03.2018 - NFV Gelb-Wei\u00df G\u00f6rlitz 09 e.V.\" \/>\n<meta property=\"og:description\" content=\"G\u00f6rlitz, 03.03.2018 An alle Mitglieder des NFV Gelb-Wei\u00df G\u00f6rlitz 09 e. V. Der Vorstand des NFV Gelb-Wei\u00df G\u00f6rlitz 09 e.V. hat in seiner Sitzung vom Fr., 09.02.2018 beschlossen, eine au\u00dferordentliche Mitgliederversammlung einzuberufen. Einladung zur au\u00dferordentlichen Mitgliederversammlung NFV Gelb-Wei\u00df G\u00f6rlitz 09 e.V. am Mo., 19.03.2018 um 19:00 Uhr in der NFV Sportlerklause Girbigsdorfer Stra\u00dfe 49 02828 [&hellip;]\" \/>\n<meta property=\"og:url\" content=\"https:\/\/www.nfv09.de\/home\/2018\/03\/04\/einladung-zur-ausserordentlichen-mitgliederversammlung-am-19-03-2018\/\" \/>\n<meta property=\"og:site_name\" content=\"NFV Gelb-Wei\u00df G\u00f6rlitz 09 e.V.\" \/>\n<meta property=\"article:published_time\" content=\"2018-03-04T20:52:22+00:00\" \/>\n<meta property=\"og:image\" content=\"https:\/\/www.nfv09.de\/home\/wp-content\/uploads\/2015\/04\/20161129_194549-1024x576.jpg\" \/>\n\t<meta property=\"og:image:width\" content=\"1024\" \/>\n\t<meta property=\"og:image:height\" content=\"576\" \/>\n\t<meta property=\"og:image:type\" content=\"image\/jpeg\" \/>\n<meta name=\"author\" content=\"Regassi\" \/>\n<meta name=\"twitter:card\" content=\"summary_large_image\" \/>\n<meta name=\"twitter:label1\" content=\"Verfasst von\" \/>\n\t<meta name=\"twitter:data1\" content=\"Regassi\" \/>\n\t<meta name=\"twitter:label2\" content=\"Gesch\u00e4tzte Lesezeit\" \/>\n\t<meta name=\"twitter:data2\" content=\"1\u00a0Minute\" \/>\n<script type=\"application\/ld+json\" class=\"yoast-schema-graph\">{\"@context\":\"https:\\\/\\\/schema.org\",\"@graph\":[{\"@type\":\"Article\",\"@id\":\"https:\\\/\\\/www.nfv09.de\\\/home\\\/2018\\\/03\\\/04\\\/einladung-zur-ausserordentlichen-mitgliederversammlung-am-19-03-2018\\\/#article\",\"isPartOf\":{\"@id\":\"https:\\\/\\\/www.nfv09.de\\\/home\\\/2018\\\/03\\\/04\\\/einladung-zur-ausserordentlichen-mitgliederversammlung-am-19-03-2018\\\/\"},\"author\":{\"name\":\"Regassi\",\"@id\":\"https:\\\/\\\/www.nfv09.de\\\/home\\\/#\\\/schema\\\/person\\\/ed693ed28e6e4b3f80b32447b2b6cbc7\"},\"headline\":\"Einladung zur au\u00dferordentlichen Mitgliederversammlung am 19.03.2018\",\"datePublished\":\"2018-03-04T20:52:22+00:00\",\"mainEntityOfPage\":{\"@id\":\"https:\\\/\\\/www.nfv09.de\\\/home\\\/2018\\\/03\\\/04\\\/einladung-zur-ausserordentlichen-mitgliederversammlung-am-19-03-2018\\\/\"},\"wordCount\":131,\"commentCount\":0,\"publisher\":{\"@id\":\"https:\\\/\\\/www.nfv09.de\\\/home\\\/#\\\/schema\\\/person\\\/ed693ed28e6e4b3f80b32447b2b6cbc7\"},\"image\":{\"@id\":\"https:\\\/\\\/www.nfv09.de\\\/home\\\/2018\\\/03\\\/04\\\/einladung-zur-ausserordentlichen-mitgliederversammlung-am-19-03-2018\\\/#primaryimage\"},\"thumbnailUrl\":\"https:\\\/\\\/www.nfv09.de\\\/home\\\/wp-content\\\/uploads\\\/2015\\\/04\\\/20161129_194549.jpg\",\"articleSection\":[\"Verein\"],\"inLanguage\":\"de\",\"potentialAction\":[{\"@type\":\"CommentAction\",\"name\":\"Comment\",\"target\":[\"https:\\\/\\\/www.nfv09.de\\\/home\\\/2018\\\/03\\\/04\\\/einladung-zur-ausserordentlichen-mitgliederversammlung-am-19-03-2018\\\/#respond\"]}]},{\"@type\":\"WebPage\",\"@id\":\"https:\\\/\\\/www.nfv09.de\\\/home\\\/2018\\\/03\\\/04\\\/einladung-zur-ausserordentlichen-mitgliederversammlung-am-19-03-2018\\\/\",\"url\":\"https:\\\/\\\/www.nfv09.de\\\/home\\\/2018\\\/03\\\/04\\\/einladung-zur-ausserordentlichen-mitgliederversammlung-am-19-03-2018\\\/\",\"name\":\"Einladung zur au\u00dferordentlichen Mitgliederversammlung am 19.03.2018 - NFV Gelb-Wei\u00df G\u00f6rlitz 09 e.V.\",\"isPartOf\":{\"@id\":\"https:\\\/\\\/www.nfv09.de\\\/home\\\/#website\"},\"primaryImageOfPage\":{\"@id\":\"https:\\\/\\\/www.nfv09.de\\\/home\\\/2018\\\/03\\\/04\\\/einladung-zur-ausserordentlichen-mitgliederversammlung-am-19-03-2018\\\/#primaryimage\"},\"image\":{\"@id\":\"https:\\\/\\\/www.nfv09.de\\\/home\\\/2018\\\/03\\\/04\\\/einladung-zur-ausserordentlichen-mitgliederversammlung-am-19-03-2018\\\/#primaryimage\"},\"thumbnailUrl\":\"https:\\\/\\\/www.nfv09.de\\\/home\\\/wp-content\\\/uploads\\\/2015\\\/04\\\/20161129_194549.jpg\",\"datePublished\":\"2018-03-04T20:52:22+00:00\",\"breadcrumb\":{\"@id\":\"https:\\\/\\\/www.nfv09.de\\\/home\\\/2018\\\/03\\\/04\\\/einladung-zur-ausserordentlichen-mitgliederversammlung-am-19-03-2018\\\/#breadcrumb\"},\"inLanguage\":\"de\",\"potentialAction\":[{\"@type\":\"ReadAction\",\"target\":[\"https:\\\/\\\/www.nfv09.de\\\/home\\\/2018\\\/03\\\/04\\\/einladung-zur-ausserordentlichen-mitgliederversammlung-am-19-03-2018\\\/\"]}]},{\"@type\":\"ImageObject\",\"inLanguage\":\"de\",\"@id\":\"https:\\\/\\\/www.nfv09.de\\\/home\\\/2018\\\/03\\\/04\\\/einladung-zur-ausserordentlichen-mitgliederversammlung-am-19-03-2018\\\/#primaryimage\",\"url\":\"https:\\\/\\\/www.nfv09.de\\\/home\\\/wp-content\\\/uploads\\\/2015\\\/04\\\/20161129_194549.jpg\",\"contentUrl\":\"https:\\\/\\\/www.nfv09.de\\\/home\\\/wp-content\\\/uploads\\\/2015\\\/04\\\/20161129_194549.jpg\",\"width\":4032,\"height\":2268},{\"@type\":\"BreadcrumbList\",\"@id\":\"https:\\\/\\\/www.nfv09.de\\\/home\\\/2018\\\/03\\\/04\\\/einladung-zur-ausserordentlichen-mitgliederversammlung-am-19-03-2018\\\/#breadcrumb\",\"itemListElement\":[{\"@type\":\"ListItem\",\"position\":1,\"name\":\"Startseite\",\"item\":\"https:\\\/\\\/www.nfv09.de\\\/home\\\/\"},{\"@type\":\"ListItem\",\"position\":2,\"name\":\"Einladung zur au\u00dferordentlichen Mitgliederversammlung am 19.03.2018\"}]},{\"@type\":\"WebSite\",\"@id\":\"https:\\\/\\\/www.nfv09.de\\\/home\\\/#website\",\"url\":\"https:\\\/\\\/www.nfv09.de\\\/home\\\/\",\"name\":\"NFV Gelb-Wei\u00df G\u00f6rlitz 09 e.V.\",\"description\":\"Sachsenklasse Ost\",\"publisher\":{\"@id\":\"https:\\\/\\\/www.nfv09.de\\\/home\\\/#\\\/schema\\\/person\\\/ed693ed28e6e4b3f80b32447b2b6cbc7\"},\"potentialAction\":[{\"@type\":\"SearchAction\",\"target\":{\"@type\":\"EntryPoint\",\"urlTemplate\":\"https:\\\/\\\/www.nfv09.de\\\/home\\\/?s={search_term_string}\"},\"query-input\":{\"@type\":\"PropertyValueSpecification\",\"valueRequired\":true,\"valueName\":\"search_term_string\"}}],\"inLanguage\":\"de\"},{\"@type\":[\"Person\",\"Organization\"],\"@id\":\"https:\\\/\\\/www.nfv09.de\\\/home\\\/#\\\/schema\\\/person\\\/ed693ed28e6e4b3f80b32447b2b6cbc7\",\"name\":\"Regassi\",\"image\":{\"@type\":\"ImageObject\",\"inLanguage\":\"de\",\"@id\":\"https:\\\/\\\/www.nfv09.de\\\/home\\\/wp-content\\\/uploads\\\/2015\\\/04\\\/cropped-nfv-gelb-weiss-goerlitz-e1468573113314-1.gif\",\"url\":\"https:\\\/\\\/www.nfv09.de\\\/home\\\/wp-content\\\/uploads\\\/2015\\\/04\\\/cropped-nfv-gelb-weiss-goerlitz-e1468573113314-1.gif\",\"contentUrl\":\"https:\\\/\\\/www.nfv09.de\\\/home\\\/wp-content\\\/uploads\\\/2015\\\/04\\\/cropped-nfv-gelb-weiss-goerlitz-e1468573113314-1.gif\",\"width\":100,\"height\":122,\"caption\":\"Regassi\"},\"logo\":{\"@id\":\"https:\\\/\\\/www.nfv09.de\\\/home\\\/wp-content\\\/uploads\\\/2015\\\/04\\\/cropped-nfv-gelb-weiss-goerlitz-e1468573113314-1.gif\"},\"url\":\"https:\\\/\\\/www.nfv09.de\\\/home\\\/author\\\/regassi\\\/\"}]}<\/script>\n<!-- \/ Yoast SEO plugin. -->","yoast_head_json":{"title":"Einladung zur au\u00dferordentlichen Mitgliederversammlung am 19.03.2018 - NFV Gelb-Wei\u00df G\u00f6rlitz 09 e.V.","robots":{"index":"index","follow":"follow","max-snippet":"max-snippet:-1","max-image-preview":"max-image-preview:large","max-video-preview":"max-video-preview:-1"},"canonical":"https:\/\/www.nfv09.de\/home\/2018\/03\/04\/einladung-zur-ausserordentlichen-mitgliederversammlung-am-19-03-2018\/","og_locale":"de_DE","og_type":"article","og_title":"Einladung zur au\u00dferordentlichen Mitgliederversammlung am 19.03.2018 - NFV Gelb-Wei\u00df G\u00f6rlitz 09 e.V.","og_description":"G\u00f6rlitz, 03.03.2018 An alle Mitglieder des NFV Gelb-Wei\u00df G\u00f6rlitz 09 e. V. Der Vorstand des NFV Gelb-Wei\u00df G\u00f6rlitz 09 e.V. hat in seiner Sitzung vom Fr., 09.02.2018 beschlossen, eine au\u00dferordentliche Mitgliederversammlung einzuberufen. Einladung zur au\u00dferordentlichen Mitgliederversammlung NFV Gelb-Wei\u00df G\u00f6rlitz 09 e.V. am Mo., 19.03.2018 um 19:00 Uhr in der NFV Sportlerklause Girbigsdorfer Stra\u00dfe 49 02828 [&hellip;]","og_url":"https:\/\/www.nfv09.de\/home\/2018\/03\/04\/einladung-zur-ausserordentlichen-mitgliederversammlung-am-19-03-2018\/","og_site_name":"NFV Gelb-Wei\u00df G\u00f6rlitz 09 e.V.","article_published_time":"2018-03-04T20:52:22+00:00","og_image":[{"width":1024,"height":576,"url":"https:\/\/www.nfv09.de\/home\/wp-content\/uploads\/2015\/04\/20161129_194549-1024x576.jpg","type":"image\/jpeg"}],"author":"Regassi","twitter_card":"summary_large_image","twitter_misc":{"Verfasst von":"Regassi","Gesch\u00e4tzte Lesezeit":"1\u00a0Minute"},"schema":{"@context":"https:\/\/schema.org","@graph":[{"@type":"Article","@id":"https:\/\/www.nfv09.de\/home\/2018\/03\/04\/einladung-zur-ausserordentlichen-mitgliederversammlung-am-19-03-2018\/#article","isPartOf":{"@id":"https:\/\/www.nfv09.de\/home\/2018\/03\/04\/einladung-zur-ausserordentlichen-mitgliederversammlung-am-19-03-2018\/"},"author":{"name":"Regassi","@id":"https:\/\/www.nfv09.de\/home\/#\/schema\/person\/ed693ed28e6e4b3f80b32447b2b6cbc7"},"headline":"Einladung zur au\u00dferordentlichen Mitgliederversammlung am 19.03.2018","datePublished":"2018-03-04T20:52:22+00:00","mainEntityOfPage":{"@id":"https:\/\/www.nfv09.de\/home\/2018\/03\/04\/einladung-zur-ausserordentlichen-mitgliederversammlung-am-19-03-2018\/"},"wordCount":131,"commentCount":0,"publisher":{"@id":"https:\/\/www.nfv09.de\/home\/#\/schema\/person\/ed693ed28e6e4b3f80b32447b2b6cbc7"},"image":{"@id":"https:\/\/www.nfv09.de\/home\/2018\/03\/04\/einladung-zur-ausserordentlichen-mitgliederversammlung-am-19-03-2018\/#primaryimage"},"thumbnailUrl":"https:\/\/www.nfv09.de\/home\/wp-content\/uploads\/2015\/04\/20161129_194549.jpg","articleSection":["Verein"],"inLanguage":"de","potentialAction":[{"@type":"CommentAction","name":"Comment","target":["https:\/\/www.nfv09.de\/home\/2018\/03\/04\/einladung-zur-ausserordentlichen-mitgliederversammlung-am-19-03-2018\/#respond"]}]},{"@type":"WebPage","@id":"https:\/\/www.nfv09.de\/home\/2018\/03\/04\/einladung-zur-ausserordentlichen-mitgliederversammlung-am-19-03-2018\/","url":"https:\/\/www.nfv09.de\/home\/2018\/03\/04\/einladung-zur-ausserordentlichen-mitgliederversammlung-am-19-03-2018\/","name":"Einladung zur au\u00dferordentlichen Mitgliederversammlung am 19.03.2018 - NFV Gelb-Wei\u00df G\u00f6rlitz 09 e.V.","isPartOf":{"@id":"https:\/\/www.nfv09.de\/home\/#website"},"primaryImageOfPage":{"@id":"https:\/\/www.nfv09.de\/home\/2018\/03\/04\/einladung-zur-ausserordentlichen-mitgliederversammlung-am-19-03-2018\/#primaryimage"},"image":{"@id":"https:\/\/www.nfv09.de\/home\/2018\/03\/04\/einladung-zur-ausserordentlichen-mitgliederversammlung-am-19-03-2018\/#primaryimage"},"thumbnailUrl":"https:\/\/www.nfv09.de\/home\/wp-content\/uploads\/2015\/04\/20161129_194549.jpg","datePublished":"2018-03-04T20:52:22+00:00","breadcrumb":{"@id":"https:\/\/www.nfv09.de\/home\/2018\/03\/04\/einladung-zur-ausserordentlichen-mitgliederversammlung-am-19-03-2018\/#breadcrumb"},"inLanguage":"de","potentialAction":[{"@type":"ReadAction","target":["https:\/\/www.nfv09.de\/home\/2018\/03\/04\/einladung-zur-ausserordentlichen-mitgliederversammlung-am-19-03-2018\/"]}]},{"@type":"ImageObject","inLanguage":"de","@id":"https:\/\/www.nfv09.de\/home\/2018\/03\/04\/einladung-zur-ausserordentlichen-mitgliederversammlung-am-19-03-2018\/#primaryimage","url":"https:\/\/www.nfv09.de\/home\/wp-content\/uploads\/2015\/04\/20161129_194549.jpg","contentUrl":"https:\/\/www.nfv09.de\/home\/wp-content\/uploads\/2015\/04\/20161129_194549.jpg","width":4032,"height":2268},{"@type":"BreadcrumbList","@id":"https:\/\/www.nfv09.de\/home\/2018\/03\/04\/einladung-zur-ausserordentlichen-mitgliederversammlung-am-19-03-2018\/#breadcrumb","itemListElement":[{"@type":"ListItem","position":1,"name":"Startseite","item":"https:\/\/www.nfv09.de\/home\/"},{"@type":"ListItem","position":2,"name":"Einladung zur au\u00dferordentlichen Mitgliederversammlung am 19.03.2018"}]},{"@type":"WebSite","@id":"https:\/\/www.nfv09.de\/home\/#website","url":"https:\/\/www.nfv09.de\/home\/","name":"NFV Gelb-Wei\u00df G\u00f6rlitz 09 e.V.","description":"Sachsenklasse Ost","publisher":{"@id":"https:\/\/www.nfv09.de\/home\/#\/schema\/person\/ed693ed28e6e4b3f80b32447b2b6cbc7"},"potentialAction":[{"@type":"SearchAction","target":{"@type":"EntryPoint","urlTemplate":"https:\/\/www.nfv09.de\/home\/?s={search_term_string}"},"query-input":{"@type":"PropertyValueSpecification","valueRequired":true,"valueName":"search_term_string"}}],"inLanguage":"de"},{"@type":["Person","Organization"],"@id":"https:\/\/www.nfv09.de\/home\/#\/schema\/person\/ed693ed28e6e4b3f80b32447b2b6cbc7","name":"Regassi","image":{"@type":"ImageObject","inLanguage":"de","@id":"https:\/\/www.nfv09.de\/home\/wp-content\/uploads\/2015\/04\/cropped-nfv-gelb-weiss-goerlitz-e1468573113314-1.gif","url":"https:\/\/www.nfv09.de\/home\/wp-content\/uploads\/2015\/04\/cropped-nfv-gelb-weiss-goerlitz-e1468573113314-1.gif","contentUrl":"https:\/\/www.nfv09.de\/home\/wp-content\/uploads\/2015\/04\/cropped-nfv-gelb-weiss-goerlitz-e1468573113314-1.gif","width":100,"height":122,"caption":"Regassi"},"logo":{"@id":"https:\/\/www.nfv09.de\/home\/wp-content\/uploads\/2015\/04\/cropped-nfv-gelb-weiss-goerlitz-e1468573113314-1.gif"},"url":"https:\/\/www.nfv09.de\/home\/author\/regassi\/"}]}},"_links":{"self":[{"href":"https:\/\/www.nfv09.de\/home\/wp-json\/wp\/v2\/posts\/2471","targetHints":{"allow":["GET"]}}],"collection":[{"href":"https:\/\/www.nfv09.de\/home\/wp-json\/wp\/v2\/posts"}],"about":[{"href":"https:\/\/www.nfv09.de\/home\/wp-json\/wp\/v2\/types\/post"}],"author":[{"embeddable":true,"href":"https:\/\/www.nfv09.de\/home\/wp-json\/wp\/v2\/users\/3"}],"replies":[{"embeddable":true,"href":"https:\/\/www.nfv09.de\/home\/wp-json\/wp\/v2\/comments?post=2471"}],"version-history":[{"count":1,"href":"https:\/\/www.nfv09.de\/home\/wp-json\/wp\/v2\/posts\/2471\/revisions"}],"predecessor-version":[{"id":2472,"href":"https:\/\/www.nfv09.de\/home\/wp-json\/wp\/v2\/posts\/2471\/revisions\/2472"}],"wp:featuredmedia":[{"embeddable":true,"href":"https:\/\/www.nfv09.de\/home\/wp-json\/wp\/v2\/media\/2076"}],"wp:attachment":[{"href":"https:\/\/www.nfv09.de\/home\/wp-json\/wp\/v2\/media?parent=2471"}],"wp:term":[{"taxonomy":"category","embeddable":true,"href":"https:\/\/www.nfv09.de\/home\/wp-json\/wp\/v2\/categories?post=2471"},{"taxonomy":"post_tag","embeddable":true,"href":"https:\/\/www.nfv09.de\/home\/wp-json\/wp\/v2\/tags?post=2471"}],"curies":[{"name":"wp","href":"https:\/\/api.w.org\/{rel}","templated":true}]}}