{"id":2456,"date":"2018-02-16T10:58:42","date_gmt":"2018-02-16T09:58:42","guid":{"rendered":"http:\/\/www.nfv09.de\/home\/?p=2456"},"modified":"2018-02-16T14:21:52","modified_gmt":"2018-02-16T13:21:52","slug":"vorbericht-16-spieltag-kreisoberliga-nfv09-lok-schleife","status":"publish","type":"post","link":"https:\/\/www.nfv09.de\/home\/2018\/02\/16\/vorbericht-16-spieltag-kreisoberliga-nfv09-lok-schleife\/","title":{"rendered":"Vorbericht | 16. Spieltag Kreisoberliga | NFV09 -:- LOk Schleife"},"content":{"rendered":"<p>Spieltagsvorschau:\u202816.Spieltag Kreisoberliga\u2028Landskron Oberlausitzliga<\/p>\n<p><strong><span style=\"color: #000000;\">NFV Gelb-Wei\u00df G\u00f6rlitz 09 -:- Lok Schleife <\/span><\/strong><\/p>\n<p><span style=\"color: #ff0000;\">Samstag, 17.02.2018, 14:00 Uhr\u2028Rasenplatz, Stadion Junge Welt, Girbigsdorfer Str. 49, 02828 G\u00f6rlitz<\/span><\/p>\n<p>Winterschlaf beendet<\/p>\n<p>Die Kreisoberliga erwacht aus ihrem Winterschlaf und somit sind auch unsere Gelb-Wei\u00dfen Jungs wieder gefordert.<\/p>\n<p>Wirklich geschlafen hat man sicher nicht. Die Vorbereitung auf die R\u00fcckrunde lief auf vollen Touren. Zwar war man mit nur 2 Vorbereitungsspielen (gegen Kodersdorf 2:1, gegen Rothenburg 0:2) in direkten Duellen \u00fcberschaubar unterwegs, die Trainingseinheiten und die Beteiligung an diesen war umso h\u00f6her.<\/p>\n<p>Allen und vor allem den Spielern ist klar, am Ende z\u00e4hlen nur die Punkte.<br \/>\nDerer hat man in der Hinrunde nur 8 ins Winterlager geschleppt und hat somit zwingenden Nachholbedarf, um den n\u00f6tigen Vorrat f\u00fcr den Klassenerhalt anzuh\u00e4ufen.<\/p>\n<p>Wo, wenn nicht gegen unmittelbare Tabellennachbarn sollte dies am wichtigsten sein.<\/p>\n<p>Der NFV rangiert im Moment auf Platz 14, der Gegner aus Schleife auf Platz 12. Punktem\u00e4ssig unterscheiden die beiden Teams nur vier Punkte. Somit w\u00e4re ein Sieg in diesem Spiel enorm wichtig, man w\u00fcrde auf einen Punkt herankommen.<\/p>\n<p>In der Mannschaft hat sich etwas getan: Mit Gian-Luca Seifert (SV Aufbau Kodersdorf) und Max Knospe ( FV DD S\u00fcd-West) sind zwei neue, junge Gesichter ins Team gekommen.<\/p>\n<p>Max Knospe wird am Samstag, voraussichtlich, sein Deb\u00fct in der Offensive geben.<\/p>\n<p>Bei G.L. Seifert muss man darauf leider noch eine Woche warten, dann hat er sein 18. Lebensjahr erreicht und ist voll einsatzf\u00e4hig.<\/p>\n<p>Sicher fehlen werden: Daniel Markus (Gelbsperre), Moritz Schulze (privat)<\/p>\n<p>Geleitet wird die Partie von Thomas Hayn.<\/p>\n<p>An den Linien assistieren Thomas Seener und Wolfgang Pallmann.<\/p>\n<p>*BB*<\/p>\n<p>Samstag, 17.02.2018, 14:00 Uhr\u2028Rasenplatz, Stadion Junge Welt, Girbigsdorfer Str. 49, 02828 G\u00f6rlitz<\/p>\n","protected":false},"excerpt":{"rendered":"<p>Spieltagsvorschau:\u202816.Spieltag Kreisoberliga\u2028Landskron Oberlausitzliga NFV Gelb-Wei\u00df G\u00f6rlitz 09 -:- Lok Schleife Samstag, 17.02.2018, 14:00 Uhr\u2028Rasenplatz, Stadion Junge Welt, Girbigsdorfer Str. 49, 02828 G\u00f6rlitz Winterschlaf beendet Die Kreisoberliga erwacht aus ihrem Winterschlaf und somit sind auch unsere Gelb-Wei\u00dfen Jungs wieder gefordert. Wirklich geschlafen hat man sicher nicht. Die Vorbereitung auf die R\u00fcckrunde lief auf vollen Touren. Zwar [&hellip;]<\/p>\n","protected":false},"author":3,"featured_media":1838,"comment_status":"open","ping_status":"open","sticky":false,"template":"","format":"standard","meta":{"footnotes":""},"categories":[82],"tags":[],"class_list":["post-2456","post","type-post","status-publish","format-standard","has-post-thumbnail","hentry","category-1-mannschaft"],"yoast_head":"<!-- This site is optimized with the Yoast SEO plugin v27.5 - https:\/\/yoast.com\/product\/yoast-seo-wordpress\/ -->\n<title>Vorbericht | 16. Spieltag Kreisoberliga | NFV09 -:- LOk Schleife - NFV Gelb-Wei\u00df G\u00f6rlitz 09 e.V.<\/title>\n<meta name=\"robots\" content=\"index, follow, max-snippet:-1, max-image-preview:large, max-video-preview:-1\" \/>\n<link rel=\"canonical\" href=\"https:\/\/www.nfv09.de\/home\/2018\/02\/16\/vorbericht-16-spieltag-kreisoberliga-nfv09-lok-schleife\/\" \/>\n<meta property=\"og:locale\" content=\"de_DE\" \/>\n<meta property=\"og:type\" content=\"article\" \/>\n<meta property=\"og:title\" content=\"Vorbericht | 16. Spieltag Kreisoberliga | NFV09 -:- LOk Schleife - NFV Gelb-Wei\u00df G\u00f6rlitz 09 e.V.\" \/>\n<meta property=\"og:description\" content=\"Spieltagsvorschau:\u202816.Spieltag Kreisoberliga\u2028Landskron Oberlausitzliga NFV Gelb-Wei\u00df G\u00f6rlitz 09 -:- Lok Schleife Samstag, 17.02.2018, 14:00 Uhr\u2028Rasenplatz, Stadion Junge Welt, Girbigsdorfer Str. 49, 02828 G\u00f6rlitz Winterschlaf beendet Die Kreisoberliga erwacht aus ihrem Winterschlaf und somit sind auch unsere Gelb-Wei\u00dfen Jungs wieder gefordert. Wirklich geschlafen hat man sicher nicht. Die Vorbereitung auf die R\u00fcckrunde lief auf vollen Touren. Zwar [&hellip;]\" \/>\n<meta property=\"og:url\" content=\"https:\/\/www.nfv09.de\/home\/2018\/02\/16\/vorbericht-16-spieltag-kreisoberliga-nfv09-lok-schleife\/\" \/>\n<meta property=\"og:site_name\" content=\"NFV Gelb-Wei\u00df G\u00f6rlitz 09 e.V.\" \/>\n<meta property=\"article:published_time\" content=\"2018-02-16T09:58:42+00:00\" \/>\n<meta property=\"article:modified_time\" content=\"2018-02-16T13:21:52+00:00\" \/>\n<meta property=\"og:image\" content=\"https:\/\/www.nfv09.de\/home\/wp-content\/uploads\/2015\/04\/fussball-104.jpg\" \/>\n\t<meta property=\"og:image:width\" content=\"1200\" \/>\n\t<meta property=\"og:image:height\" content=\"800\" \/>\n\t<meta property=\"og:image:type\" content=\"image\/jpeg\" \/>\n<meta name=\"author\" content=\"Regassi\" \/>\n<meta name=\"twitter:card\" content=\"summary_large_image\" \/>\n<meta name=\"twitter:label1\" content=\"Verfasst von\" \/>\n\t<meta name=\"twitter:data1\" content=\"Regassi\" \/>\n\t<meta name=\"twitter:label2\" content=\"Gesch\u00e4tzte Lesezeit\" \/>\n\t<meta name=\"twitter:data2\" content=\"1\u00a0Minute\" \/>\n<script type=\"application\/ld+json\" class=\"yoast-schema-graph\">{\"@context\":\"https:\\\/\\\/schema.org\",\"@graph\":[{\"@type\":\"Article\",\"@id\":\"https:\\\/\\\/www.nfv09.de\\\/home\\\/2018\\\/02\\\/16\\\/vorbericht-16-spieltag-kreisoberliga-nfv09-lok-schleife\\\/#article\",\"isPartOf\":{\"@id\":\"https:\\\/\\\/www.nfv09.de\\\/home\\\/2018\\\/02\\\/16\\\/vorbericht-16-spieltag-kreisoberliga-nfv09-lok-schleife\\\/\"},\"author\":{\"name\":\"Regassi\",\"@id\":\"https:\\\/\\\/www.nfv09.de\\\/home\\\/#\\\/schema\\\/person\\\/ed693ed28e6e4b3f80b32447b2b6cbc7\"},\"headline\":\"Vorbericht | 16. Spieltag Kreisoberliga | NFV09 -:- LOk Schleife\",\"datePublished\":\"2018-02-16T09:58:42+00:00\",\"dateModified\":\"2018-02-16T13:21:52+00:00\",\"mainEntityOfPage\":{\"@id\":\"https:\\\/\\\/www.nfv09.de\\\/home\\\/2018\\\/02\\\/16\\\/vorbericht-16-spieltag-kreisoberliga-nfv09-lok-schleife\\\/\"},\"wordCount\":282,\"commentCount\":0,\"publisher\":{\"@id\":\"https:\\\/\\\/www.nfv09.de\\\/home\\\/#\\\/schema\\\/person\\\/ed693ed28e6e4b3f80b32447b2b6cbc7\"},\"image\":{\"@id\":\"https:\\\/\\\/www.nfv09.de\\\/home\\\/2018\\\/02\\\/16\\\/vorbericht-16-spieltag-kreisoberliga-nfv09-lok-schleife\\\/#primaryimage\"},\"thumbnailUrl\":\"https:\\\/\\\/www.nfv09.de\\\/home\\\/wp-content\\\/uploads\\\/2015\\\/04\\\/fussball-104.jpg\",\"articleSection\":[\"1. Mannschaft\"],\"inLanguage\":\"de\",\"potentialAction\":[{\"@type\":\"CommentAction\",\"name\":\"Comment\",\"target\":[\"https:\\\/\\\/www.nfv09.de\\\/home\\\/2018\\\/02\\\/16\\\/vorbericht-16-spieltag-kreisoberliga-nfv09-lok-schleife\\\/#respond\"]}]},{\"@type\":\"WebPage\",\"@id\":\"https:\\\/\\\/www.nfv09.de\\\/home\\\/2018\\\/02\\\/16\\\/vorbericht-16-spieltag-kreisoberliga-nfv09-lok-schleife\\\/\",\"url\":\"https:\\\/\\\/www.nfv09.de\\\/home\\\/2018\\\/02\\\/16\\\/vorbericht-16-spieltag-kreisoberliga-nfv09-lok-schleife\\\/\",\"name\":\"Vorbericht | 16. Spieltag Kreisoberliga | NFV09 -:- LOk Schleife - NFV Gelb-Wei\u00df G\u00f6rlitz 09 e.V.\",\"isPartOf\":{\"@id\":\"https:\\\/\\\/www.nfv09.de\\\/home\\\/#website\"},\"primaryImageOfPage\":{\"@id\":\"https:\\\/\\\/www.nfv09.de\\\/home\\\/2018\\\/02\\\/16\\\/vorbericht-16-spieltag-kreisoberliga-nfv09-lok-schleife\\\/#primaryimage\"},\"image\":{\"@id\":\"https:\\\/\\\/www.nfv09.de\\\/home\\\/2018\\\/02\\\/16\\\/vorbericht-16-spieltag-kreisoberliga-nfv09-lok-schleife\\\/#primaryimage\"},\"thumbnailUrl\":\"https:\\\/\\\/www.nfv09.de\\\/home\\\/wp-content\\\/uploads\\\/2015\\\/04\\\/fussball-104.jpg\",\"datePublished\":\"2018-02-16T09:58:42+00:00\",\"dateModified\":\"2018-02-16T13:21:52+00:00\",\"breadcrumb\":{\"@id\":\"https:\\\/\\\/www.nfv09.de\\\/home\\\/2018\\\/02\\\/16\\\/vorbericht-16-spieltag-kreisoberliga-nfv09-lok-schleife\\\/#breadcrumb\"},\"inLanguage\":\"de\",\"potentialAction\":[{\"@type\":\"ReadAction\",\"target\":[\"https:\\\/\\\/www.nfv09.de\\\/home\\\/2018\\\/02\\\/16\\\/vorbericht-16-spieltag-kreisoberliga-nfv09-lok-schleife\\\/\"]}]},{\"@type\":\"ImageObject\",\"inLanguage\":\"de\",\"@id\":\"https:\\\/\\\/www.nfv09.de\\\/home\\\/2018\\\/02\\\/16\\\/vorbericht-16-spieltag-kreisoberliga-nfv09-lok-schleife\\\/#primaryimage\",\"url\":\"https:\\\/\\\/www.nfv09.de\\\/home\\\/wp-content\\\/uploads\\\/2015\\\/04\\\/fussball-104.jpg\",\"contentUrl\":\"https:\\\/\\\/www.nfv09.de\\\/home\\\/wp-content\\\/uploads\\\/2015\\\/04\\\/fussball-104.jpg\",\"width\":1200,\"height\":800},{\"@type\":\"BreadcrumbList\",\"@id\":\"https:\\\/\\\/www.nfv09.de\\\/home\\\/2018\\\/02\\\/16\\\/vorbericht-16-spieltag-kreisoberliga-nfv09-lok-schleife\\\/#breadcrumb\",\"itemListElement\":[{\"@type\":\"ListItem\",\"position\":1,\"name\":\"Startseite\",\"item\":\"https:\\\/\\\/www.nfv09.de\\\/home\\\/\"},{\"@type\":\"ListItem\",\"position\":2,\"name\":\"Vorbericht | 16. Spieltag Kreisoberliga | NFV09 -:- LOk Schleife\"}]},{\"@type\":\"WebSite\",\"@id\":\"https:\\\/\\\/www.nfv09.de\\\/home\\\/#website\",\"url\":\"https:\\\/\\\/www.nfv09.de\\\/home\\\/\",\"name\":\"NFV Gelb-Wei\u00df G\u00f6rlitz 09 e.V.\",\"description\":\"Sachsenklasse Ost\",\"publisher\":{\"@id\":\"https:\\\/\\\/www.nfv09.de\\\/home\\\/#\\\/schema\\\/person\\\/ed693ed28e6e4b3f80b32447b2b6cbc7\"},\"potentialAction\":[{\"@type\":\"SearchAction\",\"target\":{\"@type\":\"EntryPoint\",\"urlTemplate\":\"https:\\\/\\\/www.nfv09.de\\\/home\\\/?s={search_term_string}\"},\"query-input\":{\"@type\":\"PropertyValueSpecification\",\"valueRequired\":true,\"valueName\":\"search_term_string\"}}],\"inLanguage\":\"de\"},{\"@type\":[\"Person\",\"Organization\"],\"@id\":\"https:\\\/\\\/www.nfv09.de\\\/home\\\/#\\\/schema\\\/person\\\/ed693ed28e6e4b3f80b32447b2b6cbc7\",\"name\":\"Regassi\",\"image\":{\"@type\":\"ImageObject\",\"inLanguage\":\"de\",\"@id\":\"https:\\\/\\\/www.nfv09.de\\\/home\\\/wp-content\\\/uploads\\\/2015\\\/04\\\/cropped-nfv-gelb-weiss-goerlitz-e1468573113314-1.gif\",\"url\":\"https:\\\/\\\/www.nfv09.de\\\/home\\\/wp-content\\\/uploads\\\/2015\\\/04\\\/cropped-nfv-gelb-weiss-goerlitz-e1468573113314-1.gif\",\"contentUrl\":\"https:\\\/\\\/www.nfv09.de\\\/home\\\/wp-content\\\/uploads\\\/2015\\\/04\\\/cropped-nfv-gelb-weiss-goerlitz-e1468573113314-1.gif\",\"width\":100,\"height\":122,\"caption\":\"Regassi\"},\"logo\":{\"@id\":\"https:\\\/\\\/www.nfv09.de\\\/home\\\/wp-content\\\/uploads\\\/2015\\\/04\\\/cropped-nfv-gelb-weiss-goerlitz-e1468573113314-1.gif\"},\"url\":\"https:\\\/\\\/www.nfv09.de\\\/home\\\/author\\\/regassi\\\/\"}]}<\/script>\n<!-- \/ Yoast SEO plugin. -->","yoast_head_json":{"title":"Vorbericht | 16. Spieltag Kreisoberliga | NFV09 -:- LOk Schleife - NFV Gelb-Wei\u00df G\u00f6rlitz 09 e.V.","robots":{"index":"index","follow":"follow","max-snippet":"max-snippet:-1","max-image-preview":"max-image-preview:large","max-video-preview":"max-video-preview:-1"},"canonical":"https:\/\/www.nfv09.de\/home\/2018\/02\/16\/vorbericht-16-spieltag-kreisoberliga-nfv09-lok-schleife\/","og_locale":"de_DE","og_type":"article","og_title":"Vorbericht | 16. Spieltag Kreisoberliga | NFV09 -:- LOk Schleife - NFV Gelb-Wei\u00df G\u00f6rlitz 09 e.V.","og_description":"Spieltagsvorschau:\u202816.Spieltag Kreisoberliga\u2028Landskron Oberlausitzliga NFV Gelb-Wei\u00df G\u00f6rlitz 09 -:- Lok Schleife Samstag, 17.02.2018, 14:00 Uhr\u2028Rasenplatz, Stadion Junge Welt, Girbigsdorfer Str. 49, 02828 G\u00f6rlitz Winterschlaf beendet Die Kreisoberliga erwacht aus ihrem Winterschlaf und somit sind auch unsere Gelb-Wei\u00dfen Jungs wieder gefordert. Wirklich geschlafen hat man sicher nicht. Die Vorbereitung auf die R\u00fcckrunde lief auf vollen Touren. Zwar [&hellip;]","og_url":"https:\/\/www.nfv09.de\/home\/2018\/02\/16\/vorbericht-16-spieltag-kreisoberliga-nfv09-lok-schleife\/","og_site_name":"NFV Gelb-Wei\u00df G\u00f6rlitz 09 e.V.","article_published_time":"2018-02-16T09:58:42+00:00","article_modified_time":"2018-02-16T13:21:52+00:00","og_image":[{"width":1200,"height":800,"url":"https:\/\/www.nfv09.de\/home\/wp-content\/uploads\/2015\/04\/fussball-104.jpg","type":"image\/jpeg"}],"author":"Regassi","twitter_card":"summary_large_image","twitter_misc":{"Verfasst von":"Regassi","Gesch\u00e4tzte Lesezeit":"1\u00a0Minute"},"schema":{"@context":"https:\/\/schema.org","@graph":[{"@type":"Article","@id":"https:\/\/www.nfv09.de\/home\/2018\/02\/16\/vorbericht-16-spieltag-kreisoberliga-nfv09-lok-schleife\/#article","isPartOf":{"@id":"https:\/\/www.nfv09.de\/home\/2018\/02\/16\/vorbericht-16-spieltag-kreisoberliga-nfv09-lok-schleife\/"},"author":{"name":"Regassi","@id":"https:\/\/www.nfv09.de\/home\/#\/schema\/person\/ed693ed28e6e4b3f80b32447b2b6cbc7"},"headline":"Vorbericht | 16. Spieltag Kreisoberliga | NFV09 -:- LOk Schleife","datePublished":"2018-02-16T09:58:42+00:00","dateModified":"2018-02-16T13:21:52+00:00","mainEntityOfPage":{"@id":"https:\/\/www.nfv09.de\/home\/2018\/02\/16\/vorbericht-16-spieltag-kreisoberliga-nfv09-lok-schleife\/"},"wordCount":282,"commentCount":0,"publisher":{"@id":"https:\/\/www.nfv09.de\/home\/#\/schema\/person\/ed693ed28e6e4b3f80b32447b2b6cbc7"},"image":{"@id":"https:\/\/www.nfv09.de\/home\/2018\/02\/16\/vorbericht-16-spieltag-kreisoberliga-nfv09-lok-schleife\/#primaryimage"},"thumbnailUrl":"https:\/\/www.nfv09.de\/home\/wp-content\/uploads\/2015\/04\/fussball-104.jpg","articleSection":["1. Mannschaft"],"inLanguage":"de","potentialAction":[{"@type":"CommentAction","name":"Comment","target":["https:\/\/www.nfv09.de\/home\/2018\/02\/16\/vorbericht-16-spieltag-kreisoberliga-nfv09-lok-schleife\/#respond"]}]},{"@type":"WebPage","@id":"https:\/\/www.nfv09.de\/home\/2018\/02\/16\/vorbericht-16-spieltag-kreisoberliga-nfv09-lok-schleife\/","url":"https:\/\/www.nfv09.de\/home\/2018\/02\/16\/vorbericht-16-spieltag-kreisoberliga-nfv09-lok-schleife\/","name":"Vorbericht | 16. Spieltag Kreisoberliga | NFV09 -:- LOk Schleife - NFV Gelb-Wei\u00df G\u00f6rlitz 09 e.V.","isPartOf":{"@id":"https:\/\/www.nfv09.de\/home\/#website"},"primaryImageOfPage":{"@id":"https:\/\/www.nfv09.de\/home\/2018\/02\/16\/vorbericht-16-spieltag-kreisoberliga-nfv09-lok-schleife\/#primaryimage"},"image":{"@id":"https:\/\/www.nfv09.de\/home\/2018\/02\/16\/vorbericht-16-spieltag-kreisoberliga-nfv09-lok-schleife\/#primaryimage"},"thumbnailUrl":"https:\/\/www.nfv09.de\/home\/wp-content\/uploads\/2015\/04\/fussball-104.jpg","datePublished":"2018-02-16T09:58:42+00:00","dateModified":"2018-02-16T13:21:52+00:00","breadcrumb":{"@id":"https:\/\/www.nfv09.de\/home\/2018\/02\/16\/vorbericht-16-spieltag-kreisoberliga-nfv09-lok-schleife\/#breadcrumb"},"inLanguage":"de","potentialAction":[{"@type":"ReadAction","target":["https:\/\/www.nfv09.de\/home\/2018\/02\/16\/vorbericht-16-spieltag-kreisoberliga-nfv09-lok-schleife\/"]}]},{"@type":"ImageObject","inLanguage":"de","@id":"https:\/\/www.nfv09.de\/home\/2018\/02\/16\/vorbericht-16-spieltag-kreisoberliga-nfv09-lok-schleife\/#primaryimage","url":"https:\/\/www.nfv09.de\/home\/wp-content\/uploads\/2015\/04\/fussball-104.jpg","contentUrl":"https:\/\/www.nfv09.de\/home\/wp-content\/uploads\/2015\/04\/fussball-104.jpg","width":1200,"height":800},{"@type":"BreadcrumbList","@id":"https:\/\/www.nfv09.de\/home\/2018\/02\/16\/vorbericht-16-spieltag-kreisoberliga-nfv09-lok-schleife\/#breadcrumb","itemListElement":[{"@type":"ListItem","position":1,"name":"Startseite","item":"https:\/\/www.nfv09.de\/home\/"},{"@type":"ListItem","position":2,"name":"Vorbericht | 16. Spieltag Kreisoberliga | NFV09 -:- LOk Schleife"}]},{"@type":"WebSite","@id":"https:\/\/www.nfv09.de\/home\/#website","url":"https:\/\/www.nfv09.de\/home\/","name":"NFV Gelb-Wei\u00df G\u00f6rlitz 09 e.V.","description":"Sachsenklasse Ost","publisher":{"@id":"https:\/\/www.nfv09.de\/home\/#\/schema\/person\/ed693ed28e6e4b3f80b32447b2b6cbc7"},"potentialAction":[{"@type":"SearchAction","target":{"@type":"EntryPoint","urlTemplate":"https:\/\/www.nfv09.de\/home\/?s={search_term_string}"},"query-input":{"@type":"PropertyValueSpecification","valueRequired":true,"valueName":"search_term_string"}}],"inLanguage":"de"},{"@type":["Person","Organization"],"@id":"https:\/\/www.nfv09.de\/home\/#\/schema\/person\/ed693ed28e6e4b3f80b32447b2b6cbc7","name":"Regassi","image":{"@type":"ImageObject","inLanguage":"de","@id":"https:\/\/www.nfv09.de\/home\/wp-content\/uploads\/2015\/04\/cropped-nfv-gelb-weiss-goerlitz-e1468573113314-1.gif","url":"https:\/\/www.nfv09.de\/home\/wp-content\/uploads\/2015\/04\/cropped-nfv-gelb-weiss-goerlitz-e1468573113314-1.gif","contentUrl":"https:\/\/www.nfv09.de\/home\/wp-content\/uploads\/2015\/04\/cropped-nfv-gelb-weiss-goerlitz-e1468573113314-1.gif","width":100,"height":122,"caption":"Regassi"},"logo":{"@id":"https:\/\/www.nfv09.de\/home\/wp-content\/uploads\/2015\/04\/cropped-nfv-gelb-weiss-goerlitz-e1468573113314-1.gif"},"url":"https:\/\/www.nfv09.de\/home\/author\/regassi\/"}]}},"_links":{"self":[{"href":"https:\/\/www.nfv09.de\/home\/wp-json\/wp\/v2\/posts\/2456","targetHints":{"allow":["GET"]}}],"collection":[{"href":"https:\/\/www.nfv09.de\/home\/wp-json\/wp\/v2\/posts"}],"about":[{"href":"https:\/\/www.nfv09.de\/home\/wp-json\/wp\/v2\/types\/post"}],"author":[{"embeddable":true,"href":"https:\/\/www.nfv09.de\/home\/wp-json\/wp\/v2\/users\/3"}],"replies":[{"embeddable":true,"href":"https:\/\/www.nfv09.de\/home\/wp-json\/wp\/v2\/comments?post=2456"}],"version-history":[{"count":2,"href":"https:\/\/www.nfv09.de\/home\/wp-json\/wp\/v2\/posts\/2456\/revisions"}],"predecessor-version":[{"id":2459,"href":"https:\/\/www.nfv09.de\/home\/wp-json\/wp\/v2\/posts\/2456\/revisions\/2459"}],"wp:featuredmedia":[{"embeddable":true,"href":"https:\/\/www.nfv09.de\/home\/wp-json\/wp\/v2\/media\/1838"}],"wp:attachment":[{"href":"https:\/\/www.nfv09.de\/home\/wp-json\/wp\/v2\/media?parent=2456"}],"wp:term":[{"taxonomy":"category","embeddable":true,"href":"https:\/\/www.nfv09.de\/home\/wp-json\/wp\/v2\/categories?post=2456"},{"taxonomy":"post_tag","embeddable":true,"href":"https:\/\/www.nfv09.de\/home\/wp-json\/wp\/v2\/tags?post=2456"}],"curies":[{"name":"wp","href":"https:\/\/api.w.org\/{rel}","templated":true}]}}