{"id":2381,"date":"2017-10-13T12:41:48","date_gmt":"2017-10-13T10:41:48","guid":{"rendered":"http:\/\/www.nfv09.de\/home\/?p=2381"},"modified":"2017-10-13T12:41:48","modified_gmt":"2017-10-13T10:41:48","slug":"vorbericht-8-spieltag-kreisoberliga-nfv09-fv-eintracht-niesky-2","status":"publish","type":"post","link":"https:\/\/www.nfv09.de\/home\/2017\/10\/13\/vorbericht-8-spieltag-kreisoberliga-nfv09-fv-eintracht-niesky-2\/","title":{"rendered":"Vorbericht | 8.Spieltag Kreisoberliga | NFV09 -:- FV Eintracht Niesky 2."},"content":{"rendered":"<p>Spieltagsvorschau:\u20288.Spieltag Kreisoberliga\u2028Landskron Oberlausitzliga<\/p>\n<p><b>NFV Gelb-Wei\u00df G\u00f6rlitz 09 -:- FV Eintracht Niesky 2.<\/b><\/p>\n<p>Samstag, 14.10.2017, 15:00 Uhr<\/p>\n<p>Stadion &#8222;Junge Welt&#8220;, G\u00f6rlitz<\/p>\n<p><b>Treffen im Tabellenkeller<\/b><\/p>\n<p>Am kommenden Samstag trifft der NFV Gelb-Wei\u00df G\u00f6rlitz auf die Zweite Vertretung der Nieskyer Eintracht, Aufsteiger aus der Kreisliga.<br \/>\nNachdem das vergangene Wochenende im Zeichen der Pokalspiele stand,\u2028hei\u00dft es nun wieder Ligaspielbetrieb.<\/p>\n<p>Nicht ganz uninteressant wird sein, ob die Nieskyer aus ihrer Ersten Mannschaft Spieler mit ins Nahe G\u00f6rlitz schicken, da eben jene erst am\u2028Sonntag spielt, \u00fcberraschend w\u00e4re das also nicht.\u2028Gespannt sein darf man also auch, welche ehemaligen Gesichter des NFV man auf der Jungen Welt sehen wird. Sind mit Schneider, Hildebrand, Winter, Wenzel und P\u00e4tzold \u00a0gleich 5 Kandidaten aus der nahen Vergangenheit m\u00f6glich.<\/p>\n<p>Sicher ist, dass Heimteam brennt auf Punkte und wird alles versuchen diese auf der Jungen Welt zu behalten.<\/p>\n<p>Damit das gelingt, braucht es Tore. Eben jene erzielten beide Mannschaften in Ihren bisherigen Spielen in dieser Saison jeweils nur 6.\u2028Hierbei gilt es bei den G\u00e4sten ein Auge auf Tobias Gauernack zu haben, ist er mit 3 Treffern der bisher erfolgreichste Scorer.<\/p>\n<p>Keine Chance diese Treffer f\u00fcr den NFV zu erzielen, haben Kevin Engelhardt und Daniel Markus, sie fehlen sicher. Noch unklar ist ob Paul Freiberger und Kapit\u00e4n Clemens Simon spielen k\u00f6nnen.<\/p>\n<p>Geleitet wird die Partie durch Schiedsrichter Jens-Uwe Feist (G\u00f6rlitz). An den Linien assistieren Christoph Gundel (G\u00f6rlitz) und Reiner Kahl (G\u00f6rlitz).<\/p>\n<p>Anpfiff 15:00 Uhr\u2028Stadion &#8222;Junge Welt&#8220;\u2028Girbigsdorfer Str. 49, 02828 G\u00f6rlitz<\/p>\n<p>&nbsp;<\/p>\n<p>*B.B.*<\/p>\n","protected":false},"excerpt":{"rendered":"<p>Spieltagsvorschau:\u20288.Spieltag Kreisoberliga\u2028Landskron Oberlausitzliga NFV Gelb-Wei\u00df G\u00f6rlitz 09 -:- FV Eintracht Niesky 2. Samstag, 14.10.2017, 15:00 Uhr Stadion &#8222;Junge Welt&#8220;, G\u00f6rlitz Treffen im Tabellenkeller Am kommenden Samstag trifft der NFV Gelb-Wei\u00df G\u00f6rlitz auf die Zweite Vertretung der Nieskyer Eintracht, Aufsteiger aus der Kreisliga. Nachdem das vergangene Wochenende im Zeichen der Pokalspiele stand,\u2028hei\u00dft es nun wieder Ligaspielbetrieb. [&hellip;]<\/p>\n","protected":false},"author":3,"featured_media":2172,"comment_status":"open","ping_status":"open","sticky":false,"template":"","format":"aside","meta":{"footnotes":""},"categories":[82],"tags":[],"class_list":["post-2381","post","type-post","status-publish","format-aside","has-post-thumbnail","hentry","category-1-mannschaft","post_format-post-format-aside"],"yoast_head":"<!-- This site is optimized with the Yoast SEO plugin v27.5 - https:\/\/yoast.com\/product\/yoast-seo-wordpress\/ -->\n<title>Vorbericht | 8.Spieltag Kreisoberliga | NFV09 -:- FV Eintracht Niesky 2. - NFV Gelb-Wei\u00df G\u00f6rlitz 09 e.V.<\/title>\n<meta name=\"robots\" content=\"index, follow, max-snippet:-1, max-image-preview:large, max-video-preview:-1\" \/>\n<link rel=\"canonical\" href=\"https:\/\/www.nfv09.de\/home\/2017\/10\/13\/vorbericht-8-spieltag-kreisoberliga-nfv09-fv-eintracht-niesky-2\/\" \/>\n<meta property=\"og:locale\" content=\"de_DE\" \/>\n<meta property=\"og:type\" content=\"article\" \/>\n<meta property=\"og:title\" content=\"Vorbericht | 8.Spieltag Kreisoberliga | NFV09 -:- FV Eintracht Niesky 2. - NFV Gelb-Wei\u00df G\u00f6rlitz 09 e.V.\" \/>\n<meta property=\"og:description\" content=\"Spieltagsvorschau:\u20288.Spieltag Kreisoberliga\u2028Landskron Oberlausitzliga NFV Gelb-Wei\u00df G\u00f6rlitz 09 -:- FV Eintracht Niesky 2. Samstag, 14.10.2017, 15:00 Uhr Stadion &#8222;Junge Welt&#8220;, G\u00f6rlitz Treffen im Tabellenkeller Am kommenden Samstag trifft der NFV Gelb-Wei\u00df G\u00f6rlitz auf die Zweite Vertretung der Nieskyer Eintracht, Aufsteiger aus der Kreisliga. Nachdem das vergangene Wochenende im Zeichen der Pokalspiele stand,\u2028hei\u00dft es nun wieder Ligaspielbetrieb. [&hellip;]\" \/>\n<meta property=\"og:url\" content=\"https:\/\/www.nfv09.de\/home\/2017\/10\/13\/vorbericht-8-spieltag-kreisoberliga-nfv09-fv-eintracht-niesky-2\/\" \/>\n<meta property=\"og:site_name\" content=\"NFV Gelb-Wei\u00df G\u00f6rlitz 09 e.V.\" \/>\n<meta property=\"article:published_time\" content=\"2017-10-13T10:41:48+00:00\" \/>\n<meta property=\"og:image\" content=\"https:\/\/www.nfv09.de\/home\/wp-content\/uploads\/2015\/04\/hp4.jpg\" \/>\n\t<meta property=\"og:image:width\" content=\"1200\" \/>\n\t<meta property=\"og:image:height\" content=\"800\" \/>\n\t<meta property=\"og:image:type\" content=\"image\/jpeg\" \/>\n<meta name=\"author\" content=\"Regassi\" \/>\n<meta name=\"twitter:card\" content=\"summary_large_image\" \/>\n<meta name=\"twitter:label1\" content=\"Verfasst von\" \/>\n\t<meta name=\"twitter:data1\" content=\"Regassi\" \/>\n\t<meta name=\"twitter:label2\" content=\"Gesch\u00e4tzte Lesezeit\" \/>\n\t<meta name=\"twitter:data2\" content=\"1\u00a0Minute\" \/>\n<script type=\"application\/ld+json\" class=\"yoast-schema-graph\">{\"@context\":\"https:\\\/\\\/schema.org\",\"@graph\":[{\"@type\":\"Article\",\"@id\":\"https:\\\/\\\/www.nfv09.de\\\/home\\\/2017\\\/10\\\/13\\\/vorbericht-8-spieltag-kreisoberliga-nfv09-fv-eintracht-niesky-2\\\/#article\",\"isPartOf\":{\"@id\":\"https:\\\/\\\/www.nfv09.de\\\/home\\\/2017\\\/10\\\/13\\\/vorbericht-8-spieltag-kreisoberliga-nfv09-fv-eintracht-niesky-2\\\/\"},\"author\":{\"name\":\"Regassi\",\"@id\":\"https:\\\/\\\/www.nfv09.de\\\/home\\\/#\\\/schema\\\/person\\\/ed693ed28e6e4b3f80b32447b2b6cbc7\"},\"headline\":\"Vorbericht | 8.Spieltag Kreisoberliga | NFV09 -:- FV Eintracht Niesky 2.\",\"datePublished\":\"2017-10-13T10:41:48+00:00\",\"mainEntityOfPage\":{\"@id\":\"https:\\\/\\\/www.nfv09.de\\\/home\\\/2017\\\/10\\\/13\\\/vorbericht-8-spieltag-kreisoberliga-nfv09-fv-eintracht-niesky-2\\\/\"},\"wordCount\":263,\"commentCount\":0,\"publisher\":{\"@id\":\"https:\\\/\\\/www.nfv09.de\\\/home\\\/#\\\/schema\\\/person\\\/ed693ed28e6e4b3f80b32447b2b6cbc7\"},\"image\":{\"@id\":\"https:\\\/\\\/www.nfv09.de\\\/home\\\/2017\\\/10\\\/13\\\/vorbericht-8-spieltag-kreisoberliga-nfv09-fv-eintracht-niesky-2\\\/#primaryimage\"},\"thumbnailUrl\":\"https:\\\/\\\/www.nfv09.de\\\/home\\\/wp-content\\\/uploads\\\/2015\\\/04\\\/hp4.jpg\",\"articleSection\":[\"1. Mannschaft\"],\"inLanguage\":\"de\",\"potentialAction\":[{\"@type\":\"CommentAction\",\"name\":\"Comment\",\"target\":[\"https:\\\/\\\/www.nfv09.de\\\/home\\\/2017\\\/10\\\/13\\\/vorbericht-8-spieltag-kreisoberliga-nfv09-fv-eintracht-niesky-2\\\/#respond\"]}]},{\"@type\":\"WebPage\",\"@id\":\"https:\\\/\\\/www.nfv09.de\\\/home\\\/2017\\\/10\\\/13\\\/vorbericht-8-spieltag-kreisoberliga-nfv09-fv-eintracht-niesky-2\\\/\",\"url\":\"https:\\\/\\\/www.nfv09.de\\\/home\\\/2017\\\/10\\\/13\\\/vorbericht-8-spieltag-kreisoberliga-nfv09-fv-eintracht-niesky-2\\\/\",\"name\":\"Vorbericht | 8.Spieltag Kreisoberliga | NFV09 -:- FV Eintracht Niesky 2. - NFV Gelb-Wei\u00df G\u00f6rlitz 09 e.V.\",\"isPartOf\":{\"@id\":\"https:\\\/\\\/www.nfv09.de\\\/home\\\/#website\"},\"primaryImageOfPage\":{\"@id\":\"https:\\\/\\\/www.nfv09.de\\\/home\\\/2017\\\/10\\\/13\\\/vorbericht-8-spieltag-kreisoberliga-nfv09-fv-eintracht-niesky-2\\\/#primaryimage\"},\"image\":{\"@id\":\"https:\\\/\\\/www.nfv09.de\\\/home\\\/2017\\\/10\\\/13\\\/vorbericht-8-spieltag-kreisoberliga-nfv09-fv-eintracht-niesky-2\\\/#primaryimage\"},\"thumbnailUrl\":\"https:\\\/\\\/www.nfv09.de\\\/home\\\/wp-content\\\/uploads\\\/2015\\\/04\\\/hp4.jpg\",\"datePublished\":\"2017-10-13T10:41:48+00:00\",\"breadcrumb\":{\"@id\":\"https:\\\/\\\/www.nfv09.de\\\/home\\\/2017\\\/10\\\/13\\\/vorbericht-8-spieltag-kreisoberliga-nfv09-fv-eintracht-niesky-2\\\/#breadcrumb\"},\"inLanguage\":\"de\",\"potentialAction\":[{\"@type\":\"ReadAction\",\"target\":[\"https:\\\/\\\/www.nfv09.de\\\/home\\\/2017\\\/10\\\/13\\\/vorbericht-8-spieltag-kreisoberliga-nfv09-fv-eintracht-niesky-2\\\/\"]}]},{\"@type\":\"ImageObject\",\"inLanguage\":\"de\",\"@id\":\"https:\\\/\\\/www.nfv09.de\\\/home\\\/2017\\\/10\\\/13\\\/vorbericht-8-spieltag-kreisoberliga-nfv09-fv-eintracht-niesky-2\\\/#primaryimage\",\"url\":\"https:\\\/\\\/www.nfv09.de\\\/home\\\/wp-content\\\/uploads\\\/2015\\\/04\\\/hp4.jpg\",\"contentUrl\":\"https:\\\/\\\/www.nfv09.de\\\/home\\\/wp-content\\\/uploads\\\/2015\\\/04\\\/hp4.jpg\",\"width\":1200,\"height\":800},{\"@type\":\"BreadcrumbList\",\"@id\":\"https:\\\/\\\/www.nfv09.de\\\/home\\\/2017\\\/10\\\/13\\\/vorbericht-8-spieltag-kreisoberliga-nfv09-fv-eintracht-niesky-2\\\/#breadcrumb\",\"itemListElement\":[{\"@type\":\"ListItem\",\"position\":1,\"name\":\"Startseite\",\"item\":\"https:\\\/\\\/www.nfv09.de\\\/home\\\/\"},{\"@type\":\"ListItem\",\"position\":2,\"name\":\"Vorbericht | 8.Spieltag Kreisoberliga | NFV09 -:- FV Eintracht Niesky 2.\"}]},{\"@type\":\"WebSite\",\"@id\":\"https:\\\/\\\/www.nfv09.de\\\/home\\\/#website\",\"url\":\"https:\\\/\\\/www.nfv09.de\\\/home\\\/\",\"name\":\"NFV Gelb-Wei\u00df G\u00f6rlitz 09 e.V.\",\"description\":\"Sachsenklasse Ost\",\"publisher\":{\"@id\":\"https:\\\/\\\/www.nfv09.de\\\/home\\\/#\\\/schema\\\/person\\\/ed693ed28e6e4b3f80b32447b2b6cbc7\"},\"potentialAction\":[{\"@type\":\"SearchAction\",\"target\":{\"@type\":\"EntryPoint\",\"urlTemplate\":\"https:\\\/\\\/www.nfv09.de\\\/home\\\/?s={search_term_string}\"},\"query-input\":{\"@type\":\"PropertyValueSpecification\",\"valueRequired\":true,\"valueName\":\"search_term_string\"}}],\"inLanguage\":\"de\"},{\"@type\":[\"Person\",\"Organization\"],\"@id\":\"https:\\\/\\\/www.nfv09.de\\\/home\\\/#\\\/schema\\\/person\\\/ed693ed28e6e4b3f80b32447b2b6cbc7\",\"name\":\"Regassi\",\"image\":{\"@type\":\"ImageObject\",\"inLanguage\":\"de\",\"@id\":\"https:\\\/\\\/www.nfv09.de\\\/home\\\/wp-content\\\/uploads\\\/2015\\\/04\\\/cropped-nfv-gelb-weiss-goerlitz-e1468573113314-1.gif\",\"url\":\"https:\\\/\\\/www.nfv09.de\\\/home\\\/wp-content\\\/uploads\\\/2015\\\/04\\\/cropped-nfv-gelb-weiss-goerlitz-e1468573113314-1.gif\",\"contentUrl\":\"https:\\\/\\\/www.nfv09.de\\\/home\\\/wp-content\\\/uploads\\\/2015\\\/04\\\/cropped-nfv-gelb-weiss-goerlitz-e1468573113314-1.gif\",\"width\":100,\"height\":122,\"caption\":\"Regassi\"},\"logo\":{\"@id\":\"https:\\\/\\\/www.nfv09.de\\\/home\\\/wp-content\\\/uploads\\\/2015\\\/04\\\/cropped-nfv-gelb-weiss-goerlitz-e1468573113314-1.gif\"},\"url\":\"https:\\\/\\\/www.nfv09.de\\\/home\\\/author\\\/regassi\\\/\"}]}<\/script>\n<!-- \/ Yoast SEO plugin. -->","yoast_head_json":{"title":"Vorbericht | 8.Spieltag Kreisoberliga | NFV09 -:- FV Eintracht Niesky 2. - NFV Gelb-Wei\u00df G\u00f6rlitz 09 e.V.","robots":{"index":"index","follow":"follow","max-snippet":"max-snippet:-1","max-image-preview":"max-image-preview:large","max-video-preview":"max-video-preview:-1"},"canonical":"https:\/\/www.nfv09.de\/home\/2017\/10\/13\/vorbericht-8-spieltag-kreisoberliga-nfv09-fv-eintracht-niesky-2\/","og_locale":"de_DE","og_type":"article","og_title":"Vorbericht | 8.Spieltag Kreisoberliga | NFV09 -:- FV Eintracht Niesky 2. - NFV Gelb-Wei\u00df G\u00f6rlitz 09 e.V.","og_description":"Spieltagsvorschau:\u20288.Spieltag Kreisoberliga\u2028Landskron Oberlausitzliga NFV Gelb-Wei\u00df G\u00f6rlitz 09 -:- FV Eintracht Niesky 2. Samstag, 14.10.2017, 15:00 Uhr Stadion &#8222;Junge Welt&#8220;, G\u00f6rlitz Treffen im Tabellenkeller Am kommenden Samstag trifft der NFV Gelb-Wei\u00df G\u00f6rlitz auf die Zweite Vertretung der Nieskyer Eintracht, Aufsteiger aus der Kreisliga. Nachdem das vergangene Wochenende im Zeichen der Pokalspiele stand,\u2028hei\u00dft es nun wieder Ligaspielbetrieb. [&hellip;]","og_url":"https:\/\/www.nfv09.de\/home\/2017\/10\/13\/vorbericht-8-spieltag-kreisoberliga-nfv09-fv-eintracht-niesky-2\/","og_site_name":"NFV Gelb-Wei\u00df G\u00f6rlitz 09 e.V.","article_published_time":"2017-10-13T10:41:48+00:00","og_image":[{"width":1200,"height":800,"url":"https:\/\/www.nfv09.de\/home\/wp-content\/uploads\/2015\/04\/hp4.jpg","type":"image\/jpeg"}],"author":"Regassi","twitter_card":"summary_large_image","twitter_misc":{"Verfasst von":"Regassi","Gesch\u00e4tzte Lesezeit":"1\u00a0Minute"},"schema":{"@context":"https:\/\/schema.org","@graph":[{"@type":"Article","@id":"https:\/\/www.nfv09.de\/home\/2017\/10\/13\/vorbericht-8-spieltag-kreisoberliga-nfv09-fv-eintracht-niesky-2\/#article","isPartOf":{"@id":"https:\/\/www.nfv09.de\/home\/2017\/10\/13\/vorbericht-8-spieltag-kreisoberliga-nfv09-fv-eintracht-niesky-2\/"},"author":{"name":"Regassi","@id":"https:\/\/www.nfv09.de\/home\/#\/schema\/person\/ed693ed28e6e4b3f80b32447b2b6cbc7"},"headline":"Vorbericht | 8.Spieltag Kreisoberliga | NFV09 -:- FV Eintracht Niesky 2.","datePublished":"2017-10-13T10:41:48+00:00","mainEntityOfPage":{"@id":"https:\/\/www.nfv09.de\/home\/2017\/10\/13\/vorbericht-8-spieltag-kreisoberliga-nfv09-fv-eintracht-niesky-2\/"},"wordCount":263,"commentCount":0,"publisher":{"@id":"https:\/\/www.nfv09.de\/home\/#\/schema\/person\/ed693ed28e6e4b3f80b32447b2b6cbc7"},"image":{"@id":"https:\/\/www.nfv09.de\/home\/2017\/10\/13\/vorbericht-8-spieltag-kreisoberliga-nfv09-fv-eintracht-niesky-2\/#primaryimage"},"thumbnailUrl":"https:\/\/www.nfv09.de\/home\/wp-content\/uploads\/2015\/04\/hp4.jpg","articleSection":["1. Mannschaft"],"inLanguage":"de","potentialAction":[{"@type":"CommentAction","name":"Comment","target":["https:\/\/www.nfv09.de\/home\/2017\/10\/13\/vorbericht-8-spieltag-kreisoberliga-nfv09-fv-eintracht-niesky-2\/#respond"]}]},{"@type":"WebPage","@id":"https:\/\/www.nfv09.de\/home\/2017\/10\/13\/vorbericht-8-spieltag-kreisoberliga-nfv09-fv-eintracht-niesky-2\/","url":"https:\/\/www.nfv09.de\/home\/2017\/10\/13\/vorbericht-8-spieltag-kreisoberliga-nfv09-fv-eintracht-niesky-2\/","name":"Vorbericht | 8.Spieltag Kreisoberliga | NFV09 -:- FV Eintracht Niesky 2. - NFV Gelb-Wei\u00df G\u00f6rlitz 09 e.V.","isPartOf":{"@id":"https:\/\/www.nfv09.de\/home\/#website"},"primaryImageOfPage":{"@id":"https:\/\/www.nfv09.de\/home\/2017\/10\/13\/vorbericht-8-spieltag-kreisoberliga-nfv09-fv-eintracht-niesky-2\/#primaryimage"},"image":{"@id":"https:\/\/www.nfv09.de\/home\/2017\/10\/13\/vorbericht-8-spieltag-kreisoberliga-nfv09-fv-eintracht-niesky-2\/#primaryimage"},"thumbnailUrl":"https:\/\/www.nfv09.de\/home\/wp-content\/uploads\/2015\/04\/hp4.jpg","datePublished":"2017-10-13T10:41:48+00:00","breadcrumb":{"@id":"https:\/\/www.nfv09.de\/home\/2017\/10\/13\/vorbericht-8-spieltag-kreisoberliga-nfv09-fv-eintracht-niesky-2\/#breadcrumb"},"inLanguage":"de","potentialAction":[{"@type":"ReadAction","target":["https:\/\/www.nfv09.de\/home\/2017\/10\/13\/vorbericht-8-spieltag-kreisoberliga-nfv09-fv-eintracht-niesky-2\/"]}]},{"@type":"ImageObject","inLanguage":"de","@id":"https:\/\/www.nfv09.de\/home\/2017\/10\/13\/vorbericht-8-spieltag-kreisoberliga-nfv09-fv-eintracht-niesky-2\/#primaryimage","url":"https:\/\/www.nfv09.de\/home\/wp-content\/uploads\/2015\/04\/hp4.jpg","contentUrl":"https:\/\/www.nfv09.de\/home\/wp-content\/uploads\/2015\/04\/hp4.jpg","width":1200,"height":800},{"@type":"BreadcrumbList","@id":"https:\/\/www.nfv09.de\/home\/2017\/10\/13\/vorbericht-8-spieltag-kreisoberliga-nfv09-fv-eintracht-niesky-2\/#breadcrumb","itemListElement":[{"@type":"ListItem","position":1,"name":"Startseite","item":"https:\/\/www.nfv09.de\/home\/"},{"@type":"ListItem","position":2,"name":"Vorbericht | 8.Spieltag Kreisoberliga | NFV09 -:- FV Eintracht Niesky 2."}]},{"@type":"WebSite","@id":"https:\/\/www.nfv09.de\/home\/#website","url":"https:\/\/www.nfv09.de\/home\/","name":"NFV Gelb-Wei\u00df G\u00f6rlitz 09 e.V.","description":"Sachsenklasse Ost","publisher":{"@id":"https:\/\/www.nfv09.de\/home\/#\/schema\/person\/ed693ed28e6e4b3f80b32447b2b6cbc7"},"potentialAction":[{"@type":"SearchAction","target":{"@type":"EntryPoint","urlTemplate":"https:\/\/www.nfv09.de\/home\/?s={search_term_string}"},"query-input":{"@type":"PropertyValueSpecification","valueRequired":true,"valueName":"search_term_string"}}],"inLanguage":"de"},{"@type":["Person","Organization"],"@id":"https:\/\/www.nfv09.de\/home\/#\/schema\/person\/ed693ed28e6e4b3f80b32447b2b6cbc7","name":"Regassi","image":{"@type":"ImageObject","inLanguage":"de","@id":"https:\/\/www.nfv09.de\/home\/wp-content\/uploads\/2015\/04\/cropped-nfv-gelb-weiss-goerlitz-e1468573113314-1.gif","url":"https:\/\/www.nfv09.de\/home\/wp-content\/uploads\/2015\/04\/cropped-nfv-gelb-weiss-goerlitz-e1468573113314-1.gif","contentUrl":"https:\/\/www.nfv09.de\/home\/wp-content\/uploads\/2015\/04\/cropped-nfv-gelb-weiss-goerlitz-e1468573113314-1.gif","width":100,"height":122,"caption":"Regassi"},"logo":{"@id":"https:\/\/www.nfv09.de\/home\/wp-content\/uploads\/2015\/04\/cropped-nfv-gelb-weiss-goerlitz-e1468573113314-1.gif"},"url":"https:\/\/www.nfv09.de\/home\/author\/regassi\/"}]}},"_links":{"self":[{"href":"https:\/\/www.nfv09.de\/home\/wp-json\/wp\/v2\/posts\/2381","targetHints":{"allow":["GET"]}}],"collection":[{"href":"https:\/\/www.nfv09.de\/home\/wp-json\/wp\/v2\/posts"}],"about":[{"href":"https:\/\/www.nfv09.de\/home\/wp-json\/wp\/v2\/types\/post"}],"author":[{"embeddable":true,"href":"https:\/\/www.nfv09.de\/home\/wp-json\/wp\/v2\/users\/3"}],"replies":[{"embeddable":true,"href":"https:\/\/www.nfv09.de\/home\/wp-json\/wp\/v2\/comments?post=2381"}],"version-history":[{"count":1,"href":"https:\/\/www.nfv09.de\/home\/wp-json\/wp\/v2\/posts\/2381\/revisions"}],"predecessor-version":[{"id":2382,"href":"https:\/\/www.nfv09.de\/home\/wp-json\/wp\/v2\/posts\/2381\/revisions\/2382"}],"wp:featuredmedia":[{"embeddable":true,"href":"https:\/\/www.nfv09.de\/home\/wp-json\/wp\/v2\/media\/2172"}],"wp:attachment":[{"href":"https:\/\/www.nfv09.de\/home\/wp-json\/wp\/v2\/media?parent=2381"}],"wp:term":[{"taxonomy":"category","embeddable":true,"href":"https:\/\/www.nfv09.de\/home\/wp-json\/wp\/v2\/categories?post=2381"},{"taxonomy":"post_tag","embeddable":true,"href":"https:\/\/www.nfv09.de\/home\/wp-json\/wp\/v2\/tags?post=2381"}],"curies":[{"name":"wp","href":"https:\/\/api.w.org\/{rel}","templated":true}]}}