{"id":2304,"date":"2017-08-11T18:04:26","date_gmt":"2017-08-11T16:04:26","guid":{"rendered":"http:\/\/www.nfv09.de\/home\/?p=2304"},"modified":"2017-08-11T18:04:26","modified_gmt":"2017-08-11T16:04:26","slug":"vorbericht-1-spieltag-kreisoberliga-sv-lok-schleife-nfv09","status":"publish","type":"post","link":"https:\/\/www.nfv09.de\/home\/2017\/08\/11\/vorbericht-1-spieltag-kreisoberliga-sv-lok-schleife-nfv09\/","title":{"rendered":"Vorbericht | 1.Spieltag Kreisoberliga: SV Lok Schleife -:- NFV09"},"content":{"rendered":"<p>1.Spieltag Kreisoberliga<br \/>\nLandskron Oberlausitzliga<\/p>\n<p>Samstag, 12.08.2017, 15:00 Uhr<\/p>\n<p>SV Lok Schleife -:- NFV09<\/p>\n<p>Die Gelb-Wei\u00dfen Sch\u00fctzlinge treten an diesem Wochenende eine Ausw\u00e4rtsfahrt nach Schleife an und hoffen auf dem dortigen Sportplatz z\u00e4hlbares zu erreichen.<\/p>\n<p>Es ist das erste Punktspiel unter dem neuen Trainer Steffen Holz.<br \/>\nIn welcher Formation die Mannschaft aufl\u00e4uft entscheidet sich wie immer nach dem Abschlusstraining am Donnerstag.<\/p>\n<p>Nat\u00fcrlich hofft man auf einen siegreichen Start in die neue Saison.<br \/>\nAls Ziel f\u00fcr diese ist erst einmal der Klassenerhalt ausgegeben.<\/p>\n<p>Die Gastgeber haben ihre vergangene Saison im gesicherten Mittelfeld abgeschlossen. \u00c4hnliches ist sicher auch in dieser Spielzeit angestrebt.<\/p>\n<p>Geleitet wird die Partie von Steffen Ott.<br \/>\nAn den Linien assistieren Falk Lehnigk und Siegbert Klingauf.<\/p>\n<p>Rasenplatz, Sportplatz Schleife, Jahnring 15, 02959 Schleife<br \/>\nAnsto\u00df: 15:00 Uhr<\/p>\n<p>*BB*<\/p>\n","protected":false},"excerpt":{"rendered":"<p>1.Spieltag Kreisoberliga Landskron Oberlausitzliga Samstag, 12.08.2017, 15:00 Uhr SV Lok Schleife -:- NFV09 Die Gelb-Wei\u00dfen Sch\u00fctzlinge treten an diesem Wochenende eine Ausw\u00e4rtsfahrt nach Schleife an und hoffen auf dem dortigen Sportplatz z\u00e4hlbares zu erreichen. Es ist das erste Punktspiel unter dem neuen Trainer Steffen Holz. In welcher Formation die Mannschaft aufl\u00e4uft entscheidet sich wie immer [&hellip;]<\/p>\n","protected":false},"author":3,"featured_media":1839,"comment_status":"open","ping_status":"open","sticky":false,"template":"","format":"aside","meta":{"footnotes":""},"categories":[82],"tags":[],"class_list":["post-2304","post","type-post","status-publish","format-aside","has-post-thumbnail","hentry","category-1-mannschaft","post_format-post-format-aside"],"yoast_head":"<!-- This site is optimized with the Yoast SEO plugin v27.5 - https:\/\/yoast.com\/product\/yoast-seo-wordpress\/ -->\n<title>Vorbericht | 1.Spieltag Kreisoberliga: SV Lok Schleife -:- NFV09 - NFV Gelb-Wei\u00df G\u00f6rlitz 09 e.V.<\/title>\n<meta name=\"robots\" content=\"index, follow, max-snippet:-1, max-image-preview:large, max-video-preview:-1\" \/>\n<link rel=\"canonical\" href=\"https:\/\/www.nfv09.de\/home\/2017\/08\/11\/vorbericht-1-spieltag-kreisoberliga-sv-lok-schleife-nfv09\/\" \/>\n<meta property=\"og:locale\" content=\"de_DE\" \/>\n<meta property=\"og:type\" content=\"article\" \/>\n<meta property=\"og:title\" content=\"Vorbericht | 1.Spieltag Kreisoberliga: SV Lok Schleife -:- NFV09 - NFV Gelb-Wei\u00df G\u00f6rlitz 09 e.V.\" \/>\n<meta property=\"og:description\" content=\"1.Spieltag Kreisoberliga Landskron Oberlausitzliga Samstag, 12.08.2017, 15:00 Uhr SV Lok Schleife -:- NFV09 Die Gelb-Wei\u00dfen Sch\u00fctzlinge treten an diesem Wochenende eine Ausw\u00e4rtsfahrt nach Schleife an und hoffen auf dem dortigen Sportplatz z\u00e4hlbares zu erreichen. Es ist das erste Punktspiel unter dem neuen Trainer Steffen Holz. In welcher Formation die Mannschaft aufl\u00e4uft entscheidet sich wie immer [&hellip;]\" \/>\n<meta property=\"og:url\" content=\"https:\/\/www.nfv09.de\/home\/2017\/08\/11\/vorbericht-1-spieltag-kreisoberliga-sv-lok-schleife-nfv09\/\" \/>\n<meta property=\"og:site_name\" content=\"NFV Gelb-Wei\u00df G\u00f6rlitz 09 e.V.\" \/>\n<meta property=\"article:published_time\" content=\"2017-08-11T16:04:26+00:00\" \/>\n<meta property=\"og:image\" content=\"https:\/\/www.nfv09.de\/home\/wp-content\/uploads\/2015\/04\/fussball-105.jpg\" \/>\n\t<meta property=\"og:image:width\" content=\"1200\" \/>\n\t<meta property=\"og:image:height\" content=\"800\" \/>\n\t<meta property=\"og:image:type\" content=\"image\/jpeg\" \/>\n<meta name=\"author\" content=\"Regassi\" \/>\n<meta name=\"twitter:card\" content=\"summary_large_image\" \/>\n<meta name=\"twitter:label1\" content=\"Verfasst von\" \/>\n\t<meta name=\"twitter:data1\" content=\"Regassi\" \/>\n\t<meta name=\"twitter:label2\" content=\"Gesch\u00e4tzte Lesezeit\" \/>\n\t<meta name=\"twitter:data2\" content=\"1\u00a0Minute\" \/>\n<script type=\"application\/ld+json\" class=\"yoast-schema-graph\">{\"@context\":\"https:\\\/\\\/schema.org\",\"@graph\":[{\"@type\":\"Article\",\"@id\":\"https:\\\/\\\/www.nfv09.de\\\/home\\\/2017\\\/08\\\/11\\\/vorbericht-1-spieltag-kreisoberliga-sv-lok-schleife-nfv09\\\/#article\",\"isPartOf\":{\"@id\":\"https:\\\/\\\/www.nfv09.de\\\/home\\\/2017\\\/08\\\/11\\\/vorbericht-1-spieltag-kreisoberliga-sv-lok-schleife-nfv09\\\/\"},\"author\":{\"name\":\"Regassi\",\"@id\":\"https:\\\/\\\/www.nfv09.de\\\/home\\\/#\\\/schema\\\/person\\\/ed693ed28e6e4b3f80b32447b2b6cbc7\"},\"headline\":\"Vorbericht | 1.Spieltag Kreisoberliga: SV Lok Schleife -:- NFV09\",\"datePublished\":\"2017-08-11T16:04:26+00:00\",\"mainEntityOfPage\":{\"@id\":\"https:\\\/\\\/www.nfv09.de\\\/home\\\/2017\\\/08\\\/11\\\/vorbericht-1-spieltag-kreisoberliga-sv-lok-schleife-nfv09\\\/\"},\"wordCount\":138,\"commentCount\":0,\"publisher\":{\"@id\":\"https:\\\/\\\/www.nfv09.de\\\/home\\\/#\\\/schema\\\/person\\\/ed693ed28e6e4b3f80b32447b2b6cbc7\"},\"image\":{\"@id\":\"https:\\\/\\\/www.nfv09.de\\\/home\\\/2017\\\/08\\\/11\\\/vorbericht-1-spieltag-kreisoberliga-sv-lok-schleife-nfv09\\\/#primaryimage\"},\"thumbnailUrl\":\"https:\\\/\\\/www.nfv09.de\\\/home\\\/wp-content\\\/uploads\\\/2015\\\/04\\\/fussball-105.jpg\",\"articleSection\":[\"1. Mannschaft\"],\"inLanguage\":\"de\",\"potentialAction\":[{\"@type\":\"CommentAction\",\"name\":\"Comment\",\"target\":[\"https:\\\/\\\/www.nfv09.de\\\/home\\\/2017\\\/08\\\/11\\\/vorbericht-1-spieltag-kreisoberliga-sv-lok-schleife-nfv09\\\/#respond\"]}]},{\"@type\":\"WebPage\",\"@id\":\"https:\\\/\\\/www.nfv09.de\\\/home\\\/2017\\\/08\\\/11\\\/vorbericht-1-spieltag-kreisoberliga-sv-lok-schleife-nfv09\\\/\",\"url\":\"https:\\\/\\\/www.nfv09.de\\\/home\\\/2017\\\/08\\\/11\\\/vorbericht-1-spieltag-kreisoberliga-sv-lok-schleife-nfv09\\\/\",\"name\":\"Vorbericht | 1.Spieltag Kreisoberliga: SV Lok Schleife -:- NFV09 - NFV Gelb-Wei\u00df G\u00f6rlitz 09 e.V.\",\"isPartOf\":{\"@id\":\"https:\\\/\\\/www.nfv09.de\\\/home\\\/#website\"},\"primaryImageOfPage\":{\"@id\":\"https:\\\/\\\/www.nfv09.de\\\/home\\\/2017\\\/08\\\/11\\\/vorbericht-1-spieltag-kreisoberliga-sv-lok-schleife-nfv09\\\/#primaryimage\"},\"image\":{\"@id\":\"https:\\\/\\\/www.nfv09.de\\\/home\\\/2017\\\/08\\\/11\\\/vorbericht-1-spieltag-kreisoberliga-sv-lok-schleife-nfv09\\\/#primaryimage\"},\"thumbnailUrl\":\"https:\\\/\\\/www.nfv09.de\\\/home\\\/wp-content\\\/uploads\\\/2015\\\/04\\\/fussball-105.jpg\",\"datePublished\":\"2017-08-11T16:04:26+00:00\",\"breadcrumb\":{\"@id\":\"https:\\\/\\\/www.nfv09.de\\\/home\\\/2017\\\/08\\\/11\\\/vorbericht-1-spieltag-kreisoberliga-sv-lok-schleife-nfv09\\\/#breadcrumb\"},\"inLanguage\":\"de\",\"potentialAction\":[{\"@type\":\"ReadAction\",\"target\":[\"https:\\\/\\\/www.nfv09.de\\\/home\\\/2017\\\/08\\\/11\\\/vorbericht-1-spieltag-kreisoberliga-sv-lok-schleife-nfv09\\\/\"]}]},{\"@type\":\"ImageObject\",\"inLanguage\":\"de\",\"@id\":\"https:\\\/\\\/www.nfv09.de\\\/home\\\/2017\\\/08\\\/11\\\/vorbericht-1-spieltag-kreisoberliga-sv-lok-schleife-nfv09\\\/#primaryimage\",\"url\":\"https:\\\/\\\/www.nfv09.de\\\/home\\\/wp-content\\\/uploads\\\/2015\\\/04\\\/fussball-105.jpg\",\"contentUrl\":\"https:\\\/\\\/www.nfv09.de\\\/home\\\/wp-content\\\/uploads\\\/2015\\\/04\\\/fussball-105.jpg\",\"width\":1200,\"height\":800},{\"@type\":\"BreadcrumbList\",\"@id\":\"https:\\\/\\\/www.nfv09.de\\\/home\\\/2017\\\/08\\\/11\\\/vorbericht-1-spieltag-kreisoberliga-sv-lok-schleife-nfv09\\\/#breadcrumb\",\"itemListElement\":[{\"@type\":\"ListItem\",\"position\":1,\"name\":\"Startseite\",\"item\":\"https:\\\/\\\/www.nfv09.de\\\/home\\\/\"},{\"@type\":\"ListItem\",\"position\":2,\"name\":\"Vorbericht | 1.Spieltag Kreisoberliga: SV Lok Schleife -:- NFV09\"}]},{\"@type\":\"WebSite\",\"@id\":\"https:\\\/\\\/www.nfv09.de\\\/home\\\/#website\",\"url\":\"https:\\\/\\\/www.nfv09.de\\\/home\\\/\",\"name\":\"NFV Gelb-Wei\u00df G\u00f6rlitz 09 e.V.\",\"description\":\"Sachsenklasse Ost\",\"publisher\":{\"@id\":\"https:\\\/\\\/www.nfv09.de\\\/home\\\/#\\\/schema\\\/person\\\/ed693ed28e6e4b3f80b32447b2b6cbc7\"},\"potentialAction\":[{\"@type\":\"SearchAction\",\"target\":{\"@type\":\"EntryPoint\",\"urlTemplate\":\"https:\\\/\\\/www.nfv09.de\\\/home\\\/?s={search_term_string}\"},\"query-input\":{\"@type\":\"PropertyValueSpecification\",\"valueRequired\":true,\"valueName\":\"search_term_string\"}}],\"inLanguage\":\"de\"},{\"@type\":[\"Person\",\"Organization\"],\"@id\":\"https:\\\/\\\/www.nfv09.de\\\/home\\\/#\\\/schema\\\/person\\\/ed693ed28e6e4b3f80b32447b2b6cbc7\",\"name\":\"Regassi\",\"image\":{\"@type\":\"ImageObject\",\"inLanguage\":\"de\",\"@id\":\"https:\\\/\\\/www.nfv09.de\\\/home\\\/wp-content\\\/uploads\\\/2015\\\/04\\\/cropped-nfv-gelb-weiss-goerlitz-e1468573113314-1.gif\",\"url\":\"https:\\\/\\\/www.nfv09.de\\\/home\\\/wp-content\\\/uploads\\\/2015\\\/04\\\/cropped-nfv-gelb-weiss-goerlitz-e1468573113314-1.gif\",\"contentUrl\":\"https:\\\/\\\/www.nfv09.de\\\/home\\\/wp-content\\\/uploads\\\/2015\\\/04\\\/cropped-nfv-gelb-weiss-goerlitz-e1468573113314-1.gif\",\"width\":100,\"height\":122,\"caption\":\"Regassi\"},\"logo\":{\"@id\":\"https:\\\/\\\/www.nfv09.de\\\/home\\\/wp-content\\\/uploads\\\/2015\\\/04\\\/cropped-nfv-gelb-weiss-goerlitz-e1468573113314-1.gif\"},\"url\":\"https:\\\/\\\/www.nfv09.de\\\/home\\\/author\\\/regassi\\\/\"}]}<\/script>\n<!-- \/ Yoast SEO plugin. -->","yoast_head_json":{"title":"Vorbericht | 1.Spieltag Kreisoberliga: SV Lok Schleife -:- NFV09 - NFV Gelb-Wei\u00df G\u00f6rlitz 09 e.V.","robots":{"index":"index","follow":"follow","max-snippet":"max-snippet:-1","max-image-preview":"max-image-preview:large","max-video-preview":"max-video-preview:-1"},"canonical":"https:\/\/www.nfv09.de\/home\/2017\/08\/11\/vorbericht-1-spieltag-kreisoberliga-sv-lok-schleife-nfv09\/","og_locale":"de_DE","og_type":"article","og_title":"Vorbericht | 1.Spieltag Kreisoberliga: SV Lok Schleife -:- NFV09 - NFV Gelb-Wei\u00df G\u00f6rlitz 09 e.V.","og_description":"1.Spieltag Kreisoberliga Landskron Oberlausitzliga Samstag, 12.08.2017, 15:00 Uhr SV Lok Schleife -:- NFV09 Die Gelb-Wei\u00dfen Sch\u00fctzlinge treten an diesem Wochenende eine Ausw\u00e4rtsfahrt nach Schleife an und hoffen auf dem dortigen Sportplatz z\u00e4hlbares zu erreichen. Es ist das erste Punktspiel unter dem neuen Trainer Steffen Holz. In welcher Formation die Mannschaft aufl\u00e4uft entscheidet sich wie immer [&hellip;]","og_url":"https:\/\/www.nfv09.de\/home\/2017\/08\/11\/vorbericht-1-spieltag-kreisoberliga-sv-lok-schleife-nfv09\/","og_site_name":"NFV Gelb-Wei\u00df G\u00f6rlitz 09 e.V.","article_published_time":"2017-08-11T16:04:26+00:00","og_image":[{"width":1200,"height":800,"url":"https:\/\/www.nfv09.de\/home\/wp-content\/uploads\/2015\/04\/fussball-105.jpg","type":"image\/jpeg"}],"author":"Regassi","twitter_card":"summary_large_image","twitter_misc":{"Verfasst von":"Regassi","Gesch\u00e4tzte Lesezeit":"1\u00a0Minute"},"schema":{"@context":"https:\/\/schema.org","@graph":[{"@type":"Article","@id":"https:\/\/www.nfv09.de\/home\/2017\/08\/11\/vorbericht-1-spieltag-kreisoberliga-sv-lok-schleife-nfv09\/#article","isPartOf":{"@id":"https:\/\/www.nfv09.de\/home\/2017\/08\/11\/vorbericht-1-spieltag-kreisoberliga-sv-lok-schleife-nfv09\/"},"author":{"name":"Regassi","@id":"https:\/\/www.nfv09.de\/home\/#\/schema\/person\/ed693ed28e6e4b3f80b32447b2b6cbc7"},"headline":"Vorbericht | 1.Spieltag Kreisoberliga: SV Lok Schleife -:- NFV09","datePublished":"2017-08-11T16:04:26+00:00","mainEntityOfPage":{"@id":"https:\/\/www.nfv09.de\/home\/2017\/08\/11\/vorbericht-1-spieltag-kreisoberliga-sv-lok-schleife-nfv09\/"},"wordCount":138,"commentCount":0,"publisher":{"@id":"https:\/\/www.nfv09.de\/home\/#\/schema\/person\/ed693ed28e6e4b3f80b32447b2b6cbc7"},"image":{"@id":"https:\/\/www.nfv09.de\/home\/2017\/08\/11\/vorbericht-1-spieltag-kreisoberliga-sv-lok-schleife-nfv09\/#primaryimage"},"thumbnailUrl":"https:\/\/www.nfv09.de\/home\/wp-content\/uploads\/2015\/04\/fussball-105.jpg","articleSection":["1. Mannschaft"],"inLanguage":"de","potentialAction":[{"@type":"CommentAction","name":"Comment","target":["https:\/\/www.nfv09.de\/home\/2017\/08\/11\/vorbericht-1-spieltag-kreisoberliga-sv-lok-schleife-nfv09\/#respond"]}]},{"@type":"WebPage","@id":"https:\/\/www.nfv09.de\/home\/2017\/08\/11\/vorbericht-1-spieltag-kreisoberliga-sv-lok-schleife-nfv09\/","url":"https:\/\/www.nfv09.de\/home\/2017\/08\/11\/vorbericht-1-spieltag-kreisoberliga-sv-lok-schleife-nfv09\/","name":"Vorbericht | 1.Spieltag Kreisoberliga: SV Lok Schleife -:- NFV09 - NFV Gelb-Wei\u00df G\u00f6rlitz 09 e.V.","isPartOf":{"@id":"https:\/\/www.nfv09.de\/home\/#website"},"primaryImageOfPage":{"@id":"https:\/\/www.nfv09.de\/home\/2017\/08\/11\/vorbericht-1-spieltag-kreisoberliga-sv-lok-schleife-nfv09\/#primaryimage"},"image":{"@id":"https:\/\/www.nfv09.de\/home\/2017\/08\/11\/vorbericht-1-spieltag-kreisoberliga-sv-lok-schleife-nfv09\/#primaryimage"},"thumbnailUrl":"https:\/\/www.nfv09.de\/home\/wp-content\/uploads\/2015\/04\/fussball-105.jpg","datePublished":"2017-08-11T16:04:26+00:00","breadcrumb":{"@id":"https:\/\/www.nfv09.de\/home\/2017\/08\/11\/vorbericht-1-spieltag-kreisoberliga-sv-lok-schleife-nfv09\/#breadcrumb"},"inLanguage":"de","potentialAction":[{"@type":"ReadAction","target":["https:\/\/www.nfv09.de\/home\/2017\/08\/11\/vorbericht-1-spieltag-kreisoberliga-sv-lok-schleife-nfv09\/"]}]},{"@type":"ImageObject","inLanguage":"de","@id":"https:\/\/www.nfv09.de\/home\/2017\/08\/11\/vorbericht-1-spieltag-kreisoberliga-sv-lok-schleife-nfv09\/#primaryimage","url":"https:\/\/www.nfv09.de\/home\/wp-content\/uploads\/2015\/04\/fussball-105.jpg","contentUrl":"https:\/\/www.nfv09.de\/home\/wp-content\/uploads\/2015\/04\/fussball-105.jpg","width":1200,"height":800},{"@type":"BreadcrumbList","@id":"https:\/\/www.nfv09.de\/home\/2017\/08\/11\/vorbericht-1-spieltag-kreisoberliga-sv-lok-schleife-nfv09\/#breadcrumb","itemListElement":[{"@type":"ListItem","position":1,"name":"Startseite","item":"https:\/\/www.nfv09.de\/home\/"},{"@type":"ListItem","position":2,"name":"Vorbericht | 1.Spieltag Kreisoberliga: SV Lok Schleife -:- NFV09"}]},{"@type":"WebSite","@id":"https:\/\/www.nfv09.de\/home\/#website","url":"https:\/\/www.nfv09.de\/home\/","name":"NFV Gelb-Wei\u00df G\u00f6rlitz 09 e.V.","description":"Sachsenklasse Ost","publisher":{"@id":"https:\/\/www.nfv09.de\/home\/#\/schema\/person\/ed693ed28e6e4b3f80b32447b2b6cbc7"},"potentialAction":[{"@type":"SearchAction","target":{"@type":"EntryPoint","urlTemplate":"https:\/\/www.nfv09.de\/home\/?s={search_term_string}"},"query-input":{"@type":"PropertyValueSpecification","valueRequired":true,"valueName":"search_term_string"}}],"inLanguage":"de"},{"@type":["Person","Organization"],"@id":"https:\/\/www.nfv09.de\/home\/#\/schema\/person\/ed693ed28e6e4b3f80b32447b2b6cbc7","name":"Regassi","image":{"@type":"ImageObject","inLanguage":"de","@id":"https:\/\/www.nfv09.de\/home\/wp-content\/uploads\/2015\/04\/cropped-nfv-gelb-weiss-goerlitz-e1468573113314-1.gif","url":"https:\/\/www.nfv09.de\/home\/wp-content\/uploads\/2015\/04\/cropped-nfv-gelb-weiss-goerlitz-e1468573113314-1.gif","contentUrl":"https:\/\/www.nfv09.de\/home\/wp-content\/uploads\/2015\/04\/cropped-nfv-gelb-weiss-goerlitz-e1468573113314-1.gif","width":100,"height":122,"caption":"Regassi"},"logo":{"@id":"https:\/\/www.nfv09.de\/home\/wp-content\/uploads\/2015\/04\/cropped-nfv-gelb-weiss-goerlitz-e1468573113314-1.gif"},"url":"https:\/\/www.nfv09.de\/home\/author\/regassi\/"}]}},"_links":{"self":[{"href":"https:\/\/www.nfv09.de\/home\/wp-json\/wp\/v2\/posts\/2304","targetHints":{"allow":["GET"]}}],"collection":[{"href":"https:\/\/www.nfv09.de\/home\/wp-json\/wp\/v2\/posts"}],"about":[{"href":"https:\/\/www.nfv09.de\/home\/wp-json\/wp\/v2\/types\/post"}],"author":[{"embeddable":true,"href":"https:\/\/www.nfv09.de\/home\/wp-json\/wp\/v2\/users\/3"}],"replies":[{"embeddable":true,"href":"https:\/\/www.nfv09.de\/home\/wp-json\/wp\/v2\/comments?post=2304"}],"version-history":[{"count":1,"href":"https:\/\/www.nfv09.de\/home\/wp-json\/wp\/v2\/posts\/2304\/revisions"}],"predecessor-version":[{"id":2305,"href":"https:\/\/www.nfv09.de\/home\/wp-json\/wp\/v2\/posts\/2304\/revisions\/2305"}],"wp:featuredmedia":[{"embeddable":true,"href":"https:\/\/www.nfv09.de\/home\/wp-json\/wp\/v2\/media\/1839"}],"wp:attachment":[{"href":"https:\/\/www.nfv09.de\/home\/wp-json\/wp\/v2\/media?parent=2304"}],"wp:term":[{"taxonomy":"category","embeddable":true,"href":"https:\/\/www.nfv09.de\/home\/wp-json\/wp\/v2\/categories?post=2304"},{"taxonomy":"post_tag","embeddable":true,"href":"https:\/\/www.nfv09.de\/home\/wp-json\/wp\/v2\/tags?post=2304"}],"curies":[{"name":"wp","href":"https:\/\/api.w.org\/{rel}","templated":true}]}}