{"id":2293,"date":"2017-07-14T16:35:56","date_gmt":"2017-07-14T14:35:56","guid":{"rendered":"http:\/\/www.nfv09.de\/home\/?p=2293"},"modified":"2017-07-14T16:35:56","modified_gmt":"2017-07-14T14:35:56","slug":"nfv-mit-neuer-spielgemeinschaft","status":"publish","type":"post","link":"https:\/\/www.nfv09.de\/home\/2017\/07\/14\/nfv-mit-neuer-spielgemeinschaft\/","title":{"rendered":"NFV mit neuer Spielgemeinschaft"},"content":{"rendered":"<p style=\"text-align: right;\">Spielgemeinschaft 2.Mannschaft<\/p>\n<p>In der kommenden Saison wird es zwischen dem SV Reichenbach und dem NFV Gelb-Wei\u00df G\u00f6rlitz 09 e.V.<br \/>\neine Spielgemeinschaft geben.<\/p>\n<p>Die SpG NFV Gelb-Wei\u00df G\u00f6rlitz 09 \/ SV Reichenbach wird in der Kreisklasse Staffel 2 antreten.<br \/>\nSpielf\u00fchrend ist hierbei der NFV, der somit in der n\u00e4chsten Saison auch \u00fcber eine 2.Mannschaft verf\u00fcgt.<\/p>\n<p>Der NFV freut sich auf eine gemeinsame kameradschaftliche und sportlich erfolgreiche Saison.<\/p>\n<p>Die 1. Mannschaft spielt in der kommenden Saison in der Kreisoberliga.<\/p>\n<p>B.B.<\/p>\n<p>&nbsp;<\/p>\n","protected":false},"excerpt":{"rendered":"<p>Spielgemeinschaft 2.Mannschaft In der kommenden Saison wird es zwischen dem SV Reichenbach und dem NFV Gelb-Wei\u00df G\u00f6rlitz 09 e.V. eine Spielgemeinschaft geben. Die SpG NFV Gelb-Wei\u00df G\u00f6rlitz 09 \/ SV Reichenbach wird in der Kreisklasse Staffel 2 antreten. Spielf\u00fchrend ist hierbei der NFV, der somit in der n\u00e4chsten Saison auch \u00fcber eine 2.Mannschaft verf\u00fcgt. Der [&hellip;]<\/p>\n","protected":false},"author":3,"featured_media":1834,"comment_status":"open","ping_status":"open","sticky":false,"template":"","format":"standard","meta":{"footnotes":""},"categories":[83],"tags":[],"class_list":["post-2293","post","type-post","status-publish","format-standard","has-post-thumbnail","hentry","category-2-mannschaft"],"yoast_head":"<!-- This site is optimized with the Yoast SEO plugin v27.5 - https:\/\/yoast.com\/product\/yoast-seo-wordpress\/ -->\n<title>NFV mit neuer Spielgemeinschaft - NFV Gelb-Wei\u00df G\u00f6rlitz 09 e.V.<\/title>\n<meta name=\"robots\" content=\"index, follow, max-snippet:-1, max-image-preview:large, max-video-preview:-1\" \/>\n<link rel=\"canonical\" href=\"https:\/\/www.nfv09.de\/home\/2017\/07\/14\/nfv-mit-neuer-spielgemeinschaft\/\" \/>\n<meta property=\"og:locale\" content=\"de_DE\" \/>\n<meta property=\"og:type\" content=\"article\" \/>\n<meta property=\"og:title\" content=\"NFV mit neuer Spielgemeinschaft - NFV Gelb-Wei\u00df G\u00f6rlitz 09 e.V.\" \/>\n<meta property=\"og:description\" content=\"Spielgemeinschaft 2.Mannschaft In der kommenden Saison wird es zwischen dem SV Reichenbach und dem NFV Gelb-Wei\u00df G\u00f6rlitz 09 e.V. eine Spielgemeinschaft geben. Die SpG NFV Gelb-Wei\u00df G\u00f6rlitz 09 \/ SV Reichenbach wird in der Kreisklasse Staffel 2 antreten. Spielf\u00fchrend ist hierbei der NFV, der somit in der n\u00e4chsten Saison auch \u00fcber eine 2.Mannschaft verf\u00fcgt. Der [&hellip;]\" \/>\n<meta property=\"og:url\" content=\"https:\/\/www.nfv09.de\/home\/2017\/07\/14\/nfv-mit-neuer-spielgemeinschaft\/\" \/>\n<meta property=\"og:site_name\" content=\"NFV Gelb-Wei\u00df G\u00f6rlitz 09 e.V.\" \/>\n<meta property=\"article:published_time\" content=\"2017-07-14T14:35:56+00:00\" \/>\n<meta property=\"og:image\" content=\"https:\/\/www.nfv09.de\/home\/wp-content\/uploads\/2015\/04\/fussball-100.jpg\" \/>\n\t<meta property=\"og:image:width\" content=\"1200\" \/>\n\t<meta property=\"og:image:height\" content=\"800\" \/>\n\t<meta property=\"og:image:type\" content=\"image\/jpeg\" \/>\n<meta name=\"author\" content=\"Regassi\" \/>\n<meta name=\"twitter:card\" content=\"summary_large_image\" \/>\n<meta name=\"twitter:label1\" content=\"Verfasst von\" \/>\n\t<meta name=\"twitter:data1\" content=\"Regassi\" \/>\n<script type=\"application\/ld+json\" class=\"yoast-schema-graph\">{\"@context\":\"https:\\\/\\\/schema.org\",\"@graph\":[{\"@type\":\"Article\",\"@id\":\"https:\\\/\\\/www.nfv09.de\\\/home\\\/2017\\\/07\\\/14\\\/nfv-mit-neuer-spielgemeinschaft\\\/#article\",\"isPartOf\":{\"@id\":\"https:\\\/\\\/www.nfv09.de\\\/home\\\/2017\\\/07\\\/14\\\/nfv-mit-neuer-spielgemeinschaft\\\/\"},\"author\":{\"name\":\"Regassi\",\"@id\":\"https:\\\/\\\/www.nfv09.de\\\/home\\\/#\\\/schema\\\/person\\\/ed693ed28e6e4b3f80b32447b2b6cbc7\"},\"headline\":\"NFV mit neuer Spielgemeinschaft\",\"datePublished\":\"2017-07-14T14:35:56+00:00\",\"mainEntityOfPage\":{\"@id\":\"https:\\\/\\\/www.nfv09.de\\\/home\\\/2017\\\/07\\\/14\\\/nfv-mit-neuer-spielgemeinschaft\\\/\"},\"wordCount\":85,\"commentCount\":0,\"publisher\":{\"@id\":\"https:\\\/\\\/www.nfv09.de\\\/home\\\/#\\\/schema\\\/person\\\/ed693ed28e6e4b3f80b32447b2b6cbc7\"},\"image\":{\"@id\":\"https:\\\/\\\/www.nfv09.de\\\/home\\\/2017\\\/07\\\/14\\\/nfv-mit-neuer-spielgemeinschaft\\\/#primaryimage\"},\"thumbnailUrl\":\"https:\\\/\\\/www.nfv09.de\\\/home\\\/wp-content\\\/uploads\\\/2015\\\/04\\\/fussball-100.jpg\",\"articleSection\":[\"SG GW G\u00f6rlitz \\\/ Reichenbach\"],\"inLanguage\":\"de\",\"potentialAction\":[{\"@type\":\"CommentAction\",\"name\":\"Comment\",\"target\":[\"https:\\\/\\\/www.nfv09.de\\\/home\\\/2017\\\/07\\\/14\\\/nfv-mit-neuer-spielgemeinschaft\\\/#respond\"]}]},{\"@type\":\"WebPage\",\"@id\":\"https:\\\/\\\/www.nfv09.de\\\/home\\\/2017\\\/07\\\/14\\\/nfv-mit-neuer-spielgemeinschaft\\\/\",\"url\":\"https:\\\/\\\/www.nfv09.de\\\/home\\\/2017\\\/07\\\/14\\\/nfv-mit-neuer-spielgemeinschaft\\\/\",\"name\":\"NFV mit neuer Spielgemeinschaft - NFV Gelb-Wei\u00df G\u00f6rlitz 09 e.V.\",\"isPartOf\":{\"@id\":\"https:\\\/\\\/www.nfv09.de\\\/home\\\/#website\"},\"primaryImageOfPage\":{\"@id\":\"https:\\\/\\\/www.nfv09.de\\\/home\\\/2017\\\/07\\\/14\\\/nfv-mit-neuer-spielgemeinschaft\\\/#primaryimage\"},\"image\":{\"@id\":\"https:\\\/\\\/www.nfv09.de\\\/home\\\/2017\\\/07\\\/14\\\/nfv-mit-neuer-spielgemeinschaft\\\/#primaryimage\"},\"thumbnailUrl\":\"https:\\\/\\\/www.nfv09.de\\\/home\\\/wp-content\\\/uploads\\\/2015\\\/04\\\/fussball-100.jpg\",\"datePublished\":\"2017-07-14T14:35:56+00:00\",\"breadcrumb\":{\"@id\":\"https:\\\/\\\/www.nfv09.de\\\/home\\\/2017\\\/07\\\/14\\\/nfv-mit-neuer-spielgemeinschaft\\\/#breadcrumb\"},\"inLanguage\":\"de\",\"potentialAction\":[{\"@type\":\"ReadAction\",\"target\":[\"https:\\\/\\\/www.nfv09.de\\\/home\\\/2017\\\/07\\\/14\\\/nfv-mit-neuer-spielgemeinschaft\\\/\"]}]},{\"@type\":\"ImageObject\",\"inLanguage\":\"de\",\"@id\":\"https:\\\/\\\/www.nfv09.de\\\/home\\\/2017\\\/07\\\/14\\\/nfv-mit-neuer-spielgemeinschaft\\\/#primaryimage\",\"url\":\"https:\\\/\\\/www.nfv09.de\\\/home\\\/wp-content\\\/uploads\\\/2015\\\/04\\\/fussball-100.jpg\",\"contentUrl\":\"https:\\\/\\\/www.nfv09.de\\\/home\\\/wp-content\\\/uploads\\\/2015\\\/04\\\/fussball-100.jpg\",\"width\":1200,\"height\":800},{\"@type\":\"BreadcrumbList\",\"@id\":\"https:\\\/\\\/www.nfv09.de\\\/home\\\/2017\\\/07\\\/14\\\/nfv-mit-neuer-spielgemeinschaft\\\/#breadcrumb\",\"itemListElement\":[{\"@type\":\"ListItem\",\"position\":1,\"name\":\"Startseite\",\"item\":\"https:\\\/\\\/www.nfv09.de\\\/home\\\/\"},{\"@type\":\"ListItem\",\"position\":2,\"name\":\"NFV mit neuer Spielgemeinschaft\"}]},{\"@type\":\"WebSite\",\"@id\":\"https:\\\/\\\/www.nfv09.de\\\/home\\\/#website\",\"url\":\"https:\\\/\\\/www.nfv09.de\\\/home\\\/\",\"name\":\"NFV Gelb-Wei\u00df G\u00f6rlitz 09 e.V.\",\"description\":\"Sachsenklasse Ost\",\"publisher\":{\"@id\":\"https:\\\/\\\/www.nfv09.de\\\/home\\\/#\\\/schema\\\/person\\\/ed693ed28e6e4b3f80b32447b2b6cbc7\"},\"potentialAction\":[{\"@type\":\"SearchAction\",\"target\":{\"@type\":\"EntryPoint\",\"urlTemplate\":\"https:\\\/\\\/www.nfv09.de\\\/home\\\/?s={search_term_string}\"},\"query-input\":{\"@type\":\"PropertyValueSpecification\",\"valueRequired\":true,\"valueName\":\"search_term_string\"}}],\"inLanguage\":\"de\"},{\"@type\":[\"Person\",\"Organization\"],\"@id\":\"https:\\\/\\\/www.nfv09.de\\\/home\\\/#\\\/schema\\\/person\\\/ed693ed28e6e4b3f80b32447b2b6cbc7\",\"name\":\"Regassi\",\"image\":{\"@type\":\"ImageObject\",\"inLanguage\":\"de\",\"@id\":\"https:\\\/\\\/www.nfv09.de\\\/home\\\/wp-content\\\/uploads\\\/2015\\\/04\\\/cropped-nfv-gelb-weiss-goerlitz-e1468573113314-1.gif\",\"url\":\"https:\\\/\\\/www.nfv09.de\\\/home\\\/wp-content\\\/uploads\\\/2015\\\/04\\\/cropped-nfv-gelb-weiss-goerlitz-e1468573113314-1.gif\",\"contentUrl\":\"https:\\\/\\\/www.nfv09.de\\\/home\\\/wp-content\\\/uploads\\\/2015\\\/04\\\/cropped-nfv-gelb-weiss-goerlitz-e1468573113314-1.gif\",\"width\":100,\"height\":122,\"caption\":\"Regassi\"},\"logo\":{\"@id\":\"https:\\\/\\\/www.nfv09.de\\\/home\\\/wp-content\\\/uploads\\\/2015\\\/04\\\/cropped-nfv-gelb-weiss-goerlitz-e1468573113314-1.gif\"},\"url\":\"https:\\\/\\\/www.nfv09.de\\\/home\\\/author\\\/regassi\\\/\"}]}<\/script>\n<!-- \/ Yoast SEO plugin. -->","yoast_head_json":{"title":"NFV mit neuer Spielgemeinschaft - NFV Gelb-Wei\u00df G\u00f6rlitz 09 e.V.","robots":{"index":"index","follow":"follow","max-snippet":"max-snippet:-1","max-image-preview":"max-image-preview:large","max-video-preview":"max-video-preview:-1"},"canonical":"https:\/\/www.nfv09.de\/home\/2017\/07\/14\/nfv-mit-neuer-spielgemeinschaft\/","og_locale":"de_DE","og_type":"article","og_title":"NFV mit neuer Spielgemeinschaft - NFV Gelb-Wei\u00df G\u00f6rlitz 09 e.V.","og_description":"Spielgemeinschaft 2.Mannschaft In der kommenden Saison wird es zwischen dem SV Reichenbach und dem NFV Gelb-Wei\u00df G\u00f6rlitz 09 e.V. eine Spielgemeinschaft geben. Die SpG NFV Gelb-Wei\u00df G\u00f6rlitz 09 \/ SV Reichenbach wird in der Kreisklasse Staffel 2 antreten. Spielf\u00fchrend ist hierbei der NFV, der somit in der n\u00e4chsten Saison auch \u00fcber eine 2.Mannschaft verf\u00fcgt. Der [&hellip;]","og_url":"https:\/\/www.nfv09.de\/home\/2017\/07\/14\/nfv-mit-neuer-spielgemeinschaft\/","og_site_name":"NFV Gelb-Wei\u00df G\u00f6rlitz 09 e.V.","article_published_time":"2017-07-14T14:35:56+00:00","og_image":[{"width":1200,"height":800,"url":"https:\/\/www.nfv09.de\/home\/wp-content\/uploads\/2015\/04\/fussball-100.jpg","type":"image\/jpeg"}],"author":"Regassi","twitter_card":"summary_large_image","twitter_misc":{"Verfasst von":"Regassi"},"schema":{"@context":"https:\/\/schema.org","@graph":[{"@type":"Article","@id":"https:\/\/www.nfv09.de\/home\/2017\/07\/14\/nfv-mit-neuer-spielgemeinschaft\/#article","isPartOf":{"@id":"https:\/\/www.nfv09.de\/home\/2017\/07\/14\/nfv-mit-neuer-spielgemeinschaft\/"},"author":{"name":"Regassi","@id":"https:\/\/www.nfv09.de\/home\/#\/schema\/person\/ed693ed28e6e4b3f80b32447b2b6cbc7"},"headline":"NFV mit neuer Spielgemeinschaft","datePublished":"2017-07-14T14:35:56+00:00","mainEntityOfPage":{"@id":"https:\/\/www.nfv09.de\/home\/2017\/07\/14\/nfv-mit-neuer-spielgemeinschaft\/"},"wordCount":85,"commentCount":0,"publisher":{"@id":"https:\/\/www.nfv09.de\/home\/#\/schema\/person\/ed693ed28e6e4b3f80b32447b2b6cbc7"},"image":{"@id":"https:\/\/www.nfv09.de\/home\/2017\/07\/14\/nfv-mit-neuer-spielgemeinschaft\/#primaryimage"},"thumbnailUrl":"https:\/\/www.nfv09.de\/home\/wp-content\/uploads\/2015\/04\/fussball-100.jpg","articleSection":["SG GW G\u00f6rlitz \/ Reichenbach"],"inLanguage":"de","potentialAction":[{"@type":"CommentAction","name":"Comment","target":["https:\/\/www.nfv09.de\/home\/2017\/07\/14\/nfv-mit-neuer-spielgemeinschaft\/#respond"]}]},{"@type":"WebPage","@id":"https:\/\/www.nfv09.de\/home\/2017\/07\/14\/nfv-mit-neuer-spielgemeinschaft\/","url":"https:\/\/www.nfv09.de\/home\/2017\/07\/14\/nfv-mit-neuer-spielgemeinschaft\/","name":"NFV mit neuer Spielgemeinschaft - NFV Gelb-Wei\u00df G\u00f6rlitz 09 e.V.","isPartOf":{"@id":"https:\/\/www.nfv09.de\/home\/#website"},"primaryImageOfPage":{"@id":"https:\/\/www.nfv09.de\/home\/2017\/07\/14\/nfv-mit-neuer-spielgemeinschaft\/#primaryimage"},"image":{"@id":"https:\/\/www.nfv09.de\/home\/2017\/07\/14\/nfv-mit-neuer-spielgemeinschaft\/#primaryimage"},"thumbnailUrl":"https:\/\/www.nfv09.de\/home\/wp-content\/uploads\/2015\/04\/fussball-100.jpg","datePublished":"2017-07-14T14:35:56+00:00","breadcrumb":{"@id":"https:\/\/www.nfv09.de\/home\/2017\/07\/14\/nfv-mit-neuer-spielgemeinschaft\/#breadcrumb"},"inLanguage":"de","potentialAction":[{"@type":"ReadAction","target":["https:\/\/www.nfv09.de\/home\/2017\/07\/14\/nfv-mit-neuer-spielgemeinschaft\/"]}]},{"@type":"ImageObject","inLanguage":"de","@id":"https:\/\/www.nfv09.de\/home\/2017\/07\/14\/nfv-mit-neuer-spielgemeinschaft\/#primaryimage","url":"https:\/\/www.nfv09.de\/home\/wp-content\/uploads\/2015\/04\/fussball-100.jpg","contentUrl":"https:\/\/www.nfv09.de\/home\/wp-content\/uploads\/2015\/04\/fussball-100.jpg","width":1200,"height":800},{"@type":"BreadcrumbList","@id":"https:\/\/www.nfv09.de\/home\/2017\/07\/14\/nfv-mit-neuer-spielgemeinschaft\/#breadcrumb","itemListElement":[{"@type":"ListItem","position":1,"name":"Startseite","item":"https:\/\/www.nfv09.de\/home\/"},{"@type":"ListItem","position":2,"name":"NFV mit neuer Spielgemeinschaft"}]},{"@type":"WebSite","@id":"https:\/\/www.nfv09.de\/home\/#website","url":"https:\/\/www.nfv09.de\/home\/","name":"NFV Gelb-Wei\u00df G\u00f6rlitz 09 e.V.","description":"Sachsenklasse Ost","publisher":{"@id":"https:\/\/www.nfv09.de\/home\/#\/schema\/person\/ed693ed28e6e4b3f80b32447b2b6cbc7"},"potentialAction":[{"@type":"SearchAction","target":{"@type":"EntryPoint","urlTemplate":"https:\/\/www.nfv09.de\/home\/?s={search_term_string}"},"query-input":{"@type":"PropertyValueSpecification","valueRequired":true,"valueName":"search_term_string"}}],"inLanguage":"de"},{"@type":["Person","Organization"],"@id":"https:\/\/www.nfv09.de\/home\/#\/schema\/person\/ed693ed28e6e4b3f80b32447b2b6cbc7","name":"Regassi","image":{"@type":"ImageObject","inLanguage":"de","@id":"https:\/\/www.nfv09.de\/home\/wp-content\/uploads\/2015\/04\/cropped-nfv-gelb-weiss-goerlitz-e1468573113314-1.gif","url":"https:\/\/www.nfv09.de\/home\/wp-content\/uploads\/2015\/04\/cropped-nfv-gelb-weiss-goerlitz-e1468573113314-1.gif","contentUrl":"https:\/\/www.nfv09.de\/home\/wp-content\/uploads\/2015\/04\/cropped-nfv-gelb-weiss-goerlitz-e1468573113314-1.gif","width":100,"height":122,"caption":"Regassi"},"logo":{"@id":"https:\/\/www.nfv09.de\/home\/wp-content\/uploads\/2015\/04\/cropped-nfv-gelb-weiss-goerlitz-e1468573113314-1.gif"},"url":"https:\/\/www.nfv09.de\/home\/author\/regassi\/"}]}},"_links":{"self":[{"href":"https:\/\/www.nfv09.de\/home\/wp-json\/wp\/v2\/posts\/2293","targetHints":{"allow":["GET"]}}],"collection":[{"href":"https:\/\/www.nfv09.de\/home\/wp-json\/wp\/v2\/posts"}],"about":[{"href":"https:\/\/www.nfv09.de\/home\/wp-json\/wp\/v2\/types\/post"}],"author":[{"embeddable":true,"href":"https:\/\/www.nfv09.de\/home\/wp-json\/wp\/v2\/users\/3"}],"replies":[{"embeddable":true,"href":"https:\/\/www.nfv09.de\/home\/wp-json\/wp\/v2\/comments?post=2293"}],"version-history":[{"count":1,"href":"https:\/\/www.nfv09.de\/home\/wp-json\/wp\/v2\/posts\/2293\/revisions"}],"predecessor-version":[{"id":2294,"href":"https:\/\/www.nfv09.de\/home\/wp-json\/wp\/v2\/posts\/2293\/revisions\/2294"}],"wp:featuredmedia":[{"embeddable":true,"href":"https:\/\/www.nfv09.de\/home\/wp-json\/wp\/v2\/media\/1834"}],"wp:attachment":[{"href":"https:\/\/www.nfv09.de\/home\/wp-json\/wp\/v2\/media?parent=2293"}],"wp:term":[{"taxonomy":"category","embeddable":true,"href":"https:\/\/www.nfv09.de\/home\/wp-json\/wp\/v2\/categories?post=2293"},{"taxonomy":"post_tag","embeddable":true,"href":"https:\/\/www.nfv09.de\/home\/wp-json\/wp\/v2\/tags?post=2293"}],"curies":[{"name":"wp","href":"https:\/\/api.w.org\/{rel}","templated":true}]}}