{"id":2117,"date":"2017-01-14T13:52:15","date_gmt":"2017-01-14T12:52:15","guid":{"rendered":"http:\/\/www.nfv09.de\/home\/?p=2117"},"modified":"2017-01-14T14:32:07","modified_gmt":"2017-01-14T13:32:07","slug":"15-sponsorenturnier-des-nfv09","status":"publish","type":"post","link":"https:\/\/www.nfv09.de\/home\/2017\/01\/14\/15-sponsorenturnier-des-nfv09\/","title":{"rendered":"15. Sponsorenturnier des NFV09"},"content":{"rendered":"<p>Am <strong>21. Januar 2017<\/strong> ist es wieder soweit, das allj\u00e4hrlich beliebte und schon traditionelle Sponsorenturnier des NFV Gelb-Wei\u00df G\u00f6rlitz 09 findet statt. In der Zeit von <strong>15 \u2013 19:30 Uhr<\/strong> jagen Mannschaften unserer Sponsoren und Unterst\u00fctzer in der <strong>Sporthalle G\u00f6rlitz-Rauschwalde<\/strong>, Diesterwegplatz 8, dem runden Leder hinterher und wollen den Cup in ihre Firma holen.<\/p>\n<p>Teilnehmen werden dieses Jahr:<br \/>\n&#8211; Bombardier<br \/>\n&#8211; Landskron Brau-Manufaktur<br \/>\n&#8211; Siemens<br \/>\n&#8211; Sparkasse Oberlausitz-Niederschlesien (Pokalverteidiger)<br \/>\n&#8211; Spielgemeinschaft GGT\/WISAG<br \/>\n&#8211; Scholz Recycling<br \/>\n&#8211; Vertretung des NFV09<\/p>\n<p>Gespielt wird im Modus \u201eJeder gegen Jeden\u201c, die Spielzeit betr\u00e4gt 10 Minuten mit einem Torwart, vier Feldspielern und \u201enormalen\u201c Hallenregeln.<\/p>\n<p>F\u00fcr das leibliche Wohl ist gesorgt. Der NFV09 und seine Sponsoren freuen sich auf spannende Spiele und viele Zuschauer.<\/p>\n","protected":false},"excerpt":{"rendered":"<p>Am 21. Januar 2017 ist es wieder soweit, das allj\u00e4hrlich beliebte und schon traditionelle Sponsorenturnier des NFV Gelb-Wei\u00df G\u00f6rlitz 09 findet statt. In der Zeit von 15 \u2013 19:30 Uhr jagen Mannschaften unserer Sponsoren und Unterst\u00fctzer in der Sporthalle G\u00f6rlitz-Rauschwalde, Diesterwegplatz 8, dem runden Leder hinterher und wollen den Cup in ihre Firma holen. Teilnehmen [&hellip;]<\/p>\n","protected":false},"author":4,"featured_media":1834,"comment_status":"open","ping_status":"open","sticky":false,"template":"","format":"aside","meta":{"footnotes":""},"categories":[85],"tags":[],"class_list":["post-2117","post","type-post","status-publish","format-aside","has-post-thumbnail","hentry","category-verein","post_format-post-format-aside"],"yoast_head":"<!-- This site is optimized with the Yoast SEO plugin v27.5 - https:\/\/yoast.com\/product\/yoast-seo-wordpress\/ -->\n<title>15. Sponsorenturnier des NFV09 - NFV Gelb-Wei\u00df G\u00f6rlitz 09 e.V.<\/title>\n<meta name=\"robots\" content=\"index, follow, max-snippet:-1, max-image-preview:large, max-video-preview:-1\" \/>\n<link rel=\"canonical\" href=\"https:\/\/www.nfv09.de\/home\/2017\/01\/14\/15-sponsorenturnier-des-nfv09\/\" \/>\n<meta property=\"og:locale\" content=\"de_DE\" \/>\n<meta property=\"og:type\" content=\"article\" \/>\n<meta property=\"og:title\" content=\"15. Sponsorenturnier des NFV09 - NFV Gelb-Wei\u00df G\u00f6rlitz 09 e.V.\" \/>\n<meta property=\"og:description\" content=\"Am 21. Januar 2017 ist es wieder soweit, das allj\u00e4hrlich beliebte und schon traditionelle Sponsorenturnier des NFV Gelb-Wei\u00df G\u00f6rlitz 09 findet statt. In der Zeit von 15 \u2013 19:30 Uhr jagen Mannschaften unserer Sponsoren und Unterst\u00fctzer in der Sporthalle G\u00f6rlitz-Rauschwalde, Diesterwegplatz 8, dem runden Leder hinterher und wollen den Cup in ihre Firma holen. Teilnehmen [&hellip;]\" \/>\n<meta property=\"og:url\" content=\"https:\/\/www.nfv09.de\/home\/2017\/01\/14\/15-sponsorenturnier-des-nfv09\/\" \/>\n<meta property=\"og:site_name\" content=\"NFV Gelb-Wei\u00df G\u00f6rlitz 09 e.V.\" \/>\n<meta property=\"article:published_time\" content=\"2017-01-14T12:52:15+00:00\" \/>\n<meta property=\"article:modified_time\" content=\"2017-01-14T13:32:07+00:00\" \/>\n<meta property=\"og:image\" content=\"https:\/\/www.nfv09.de\/home\/wp-content\/uploads\/2015\/04\/fussball-100.jpg\" \/>\n\t<meta property=\"og:image:width\" content=\"1200\" \/>\n\t<meta property=\"og:image:height\" content=\"800\" \/>\n\t<meta property=\"og:image:type\" content=\"image\/jpeg\" \/>\n<meta name=\"author\" content=\"grandel\" \/>\n<meta name=\"twitter:card\" content=\"summary_large_image\" \/>\n<meta name=\"twitter:label1\" content=\"Verfasst von\" \/>\n\t<meta name=\"twitter:data1\" content=\"grandel\" \/>\n\t<meta name=\"twitter:label2\" content=\"Gesch\u00e4tzte Lesezeit\" \/>\n\t<meta name=\"twitter:data2\" content=\"1\u00a0Minute\" \/>\n<script type=\"application\/ld+json\" class=\"yoast-schema-graph\">{\"@context\":\"https:\\\/\\\/schema.org\",\"@graph\":[{\"@type\":\"Article\",\"@id\":\"https:\\\/\\\/www.nfv09.de\\\/home\\\/2017\\\/01\\\/14\\\/15-sponsorenturnier-des-nfv09\\\/#article\",\"isPartOf\":{\"@id\":\"https:\\\/\\\/www.nfv09.de\\\/home\\\/2017\\\/01\\\/14\\\/15-sponsorenturnier-des-nfv09\\\/\"},\"author\":{\"name\":\"grandel\",\"@id\":\"https:\\\/\\\/www.nfv09.de\\\/home\\\/#\\\/schema\\\/person\\\/47b870c22cd343de748badedc7cd48b8\"},\"headline\":\"15. Sponsorenturnier des NFV09\",\"datePublished\":\"2017-01-14T12:52:15+00:00\",\"dateModified\":\"2017-01-14T13:32:07+00:00\",\"mainEntityOfPage\":{\"@id\":\"https:\\\/\\\/www.nfv09.de\\\/home\\\/2017\\\/01\\\/14\\\/15-sponsorenturnier-des-nfv09\\\/\"},\"wordCount\":120,\"commentCount\":0,\"publisher\":{\"@id\":\"https:\\\/\\\/www.nfv09.de\\\/home\\\/#\\\/schema\\\/person\\\/ed693ed28e6e4b3f80b32447b2b6cbc7\"},\"image\":{\"@id\":\"https:\\\/\\\/www.nfv09.de\\\/home\\\/2017\\\/01\\\/14\\\/15-sponsorenturnier-des-nfv09\\\/#primaryimage\"},\"thumbnailUrl\":\"https:\\\/\\\/www.nfv09.de\\\/home\\\/wp-content\\\/uploads\\\/2015\\\/04\\\/fussball-100.jpg\",\"articleSection\":[\"Verein\"],\"inLanguage\":\"de\",\"potentialAction\":[{\"@type\":\"CommentAction\",\"name\":\"Comment\",\"target\":[\"https:\\\/\\\/www.nfv09.de\\\/home\\\/2017\\\/01\\\/14\\\/15-sponsorenturnier-des-nfv09\\\/#respond\"]}]},{\"@type\":\"WebPage\",\"@id\":\"https:\\\/\\\/www.nfv09.de\\\/home\\\/2017\\\/01\\\/14\\\/15-sponsorenturnier-des-nfv09\\\/\",\"url\":\"https:\\\/\\\/www.nfv09.de\\\/home\\\/2017\\\/01\\\/14\\\/15-sponsorenturnier-des-nfv09\\\/\",\"name\":\"15. Sponsorenturnier des NFV09 - NFV Gelb-Wei\u00df G\u00f6rlitz 09 e.V.\",\"isPartOf\":{\"@id\":\"https:\\\/\\\/www.nfv09.de\\\/home\\\/#website\"},\"primaryImageOfPage\":{\"@id\":\"https:\\\/\\\/www.nfv09.de\\\/home\\\/2017\\\/01\\\/14\\\/15-sponsorenturnier-des-nfv09\\\/#primaryimage\"},\"image\":{\"@id\":\"https:\\\/\\\/www.nfv09.de\\\/home\\\/2017\\\/01\\\/14\\\/15-sponsorenturnier-des-nfv09\\\/#primaryimage\"},\"thumbnailUrl\":\"https:\\\/\\\/www.nfv09.de\\\/home\\\/wp-content\\\/uploads\\\/2015\\\/04\\\/fussball-100.jpg\",\"datePublished\":\"2017-01-14T12:52:15+00:00\",\"dateModified\":\"2017-01-14T13:32:07+00:00\",\"breadcrumb\":{\"@id\":\"https:\\\/\\\/www.nfv09.de\\\/home\\\/2017\\\/01\\\/14\\\/15-sponsorenturnier-des-nfv09\\\/#breadcrumb\"},\"inLanguage\":\"de\",\"potentialAction\":[{\"@type\":\"ReadAction\",\"target\":[\"https:\\\/\\\/www.nfv09.de\\\/home\\\/2017\\\/01\\\/14\\\/15-sponsorenturnier-des-nfv09\\\/\"]}]},{\"@type\":\"ImageObject\",\"inLanguage\":\"de\",\"@id\":\"https:\\\/\\\/www.nfv09.de\\\/home\\\/2017\\\/01\\\/14\\\/15-sponsorenturnier-des-nfv09\\\/#primaryimage\",\"url\":\"https:\\\/\\\/www.nfv09.de\\\/home\\\/wp-content\\\/uploads\\\/2015\\\/04\\\/fussball-100.jpg\",\"contentUrl\":\"https:\\\/\\\/www.nfv09.de\\\/home\\\/wp-content\\\/uploads\\\/2015\\\/04\\\/fussball-100.jpg\",\"width\":1200,\"height\":800},{\"@type\":\"BreadcrumbList\",\"@id\":\"https:\\\/\\\/www.nfv09.de\\\/home\\\/2017\\\/01\\\/14\\\/15-sponsorenturnier-des-nfv09\\\/#breadcrumb\",\"itemListElement\":[{\"@type\":\"ListItem\",\"position\":1,\"name\":\"Startseite\",\"item\":\"https:\\\/\\\/www.nfv09.de\\\/home\\\/\"},{\"@type\":\"ListItem\",\"position\":2,\"name\":\"15. Sponsorenturnier des NFV09\"}]},{\"@type\":\"WebSite\",\"@id\":\"https:\\\/\\\/www.nfv09.de\\\/home\\\/#website\",\"url\":\"https:\\\/\\\/www.nfv09.de\\\/home\\\/\",\"name\":\"NFV Gelb-Wei\u00df G\u00f6rlitz 09 e.V.\",\"description\":\"Sachsenklasse Ost\",\"publisher\":{\"@id\":\"https:\\\/\\\/www.nfv09.de\\\/home\\\/#\\\/schema\\\/person\\\/ed693ed28e6e4b3f80b32447b2b6cbc7\"},\"potentialAction\":[{\"@type\":\"SearchAction\",\"target\":{\"@type\":\"EntryPoint\",\"urlTemplate\":\"https:\\\/\\\/www.nfv09.de\\\/home\\\/?s={search_term_string}\"},\"query-input\":{\"@type\":\"PropertyValueSpecification\",\"valueRequired\":true,\"valueName\":\"search_term_string\"}}],\"inLanguage\":\"de\"},{\"@type\":[\"Person\",\"Organization\"],\"@id\":\"https:\\\/\\\/www.nfv09.de\\\/home\\\/#\\\/schema\\\/person\\\/ed693ed28e6e4b3f80b32447b2b6cbc7\",\"name\":\"Regassi\",\"image\":{\"@type\":\"ImageObject\",\"inLanguage\":\"de\",\"@id\":\"https:\\\/\\\/www.nfv09.de\\\/home\\\/wp-content\\\/uploads\\\/2015\\\/04\\\/cropped-nfv-gelb-weiss-goerlitz-e1468573113314-1.gif\",\"url\":\"https:\\\/\\\/www.nfv09.de\\\/home\\\/wp-content\\\/uploads\\\/2015\\\/04\\\/cropped-nfv-gelb-weiss-goerlitz-e1468573113314-1.gif\",\"contentUrl\":\"https:\\\/\\\/www.nfv09.de\\\/home\\\/wp-content\\\/uploads\\\/2015\\\/04\\\/cropped-nfv-gelb-weiss-goerlitz-e1468573113314-1.gif\",\"width\":100,\"height\":122,\"caption\":\"Regassi\"},\"logo\":{\"@id\":\"https:\\\/\\\/www.nfv09.de\\\/home\\\/wp-content\\\/uploads\\\/2015\\\/04\\\/cropped-nfv-gelb-weiss-goerlitz-e1468573113314-1.gif\"}},{\"@type\":\"Person\",\"@id\":\"https:\\\/\\\/www.nfv09.de\\\/home\\\/#\\\/schema\\\/person\\\/47b870c22cd343de748badedc7cd48b8\",\"name\":\"grandel\",\"image\":{\"@type\":\"ImageObject\",\"inLanguage\":\"de\",\"@id\":\"https:\\\/\\\/secure.gravatar.com\\\/avatar\\\/c494dcfc10386ef83bf3c599faafa7130c18582a7559568fa9e61d8dadc949cc?s=96&d=mm&r=g\",\"url\":\"https:\\\/\\\/secure.gravatar.com\\\/avatar\\\/c494dcfc10386ef83bf3c599faafa7130c18582a7559568fa9e61d8dadc949cc?s=96&d=mm&r=g\",\"contentUrl\":\"https:\\\/\\\/secure.gravatar.com\\\/avatar\\\/c494dcfc10386ef83bf3c599faafa7130c18582a7559568fa9e61d8dadc949cc?s=96&d=mm&r=g\",\"caption\":\"grandel\"},\"url\":\"https:\\\/\\\/www.nfv09.de\\\/home\\\/author\\\/grandel\\\/\"}]}<\/script>\n<!-- \/ Yoast SEO plugin. -->","yoast_head_json":{"title":"15. Sponsorenturnier des NFV09 - NFV Gelb-Wei\u00df G\u00f6rlitz 09 e.V.","robots":{"index":"index","follow":"follow","max-snippet":"max-snippet:-1","max-image-preview":"max-image-preview:large","max-video-preview":"max-video-preview:-1"},"canonical":"https:\/\/www.nfv09.de\/home\/2017\/01\/14\/15-sponsorenturnier-des-nfv09\/","og_locale":"de_DE","og_type":"article","og_title":"15. Sponsorenturnier des NFV09 - NFV Gelb-Wei\u00df G\u00f6rlitz 09 e.V.","og_description":"Am 21. Januar 2017 ist es wieder soweit, das allj\u00e4hrlich beliebte und schon traditionelle Sponsorenturnier des NFV Gelb-Wei\u00df G\u00f6rlitz 09 findet statt. In der Zeit von 15 \u2013 19:30 Uhr jagen Mannschaften unserer Sponsoren und Unterst\u00fctzer in der Sporthalle G\u00f6rlitz-Rauschwalde, Diesterwegplatz 8, dem runden Leder hinterher und wollen den Cup in ihre Firma holen. Teilnehmen [&hellip;]","og_url":"https:\/\/www.nfv09.de\/home\/2017\/01\/14\/15-sponsorenturnier-des-nfv09\/","og_site_name":"NFV Gelb-Wei\u00df G\u00f6rlitz 09 e.V.","article_published_time":"2017-01-14T12:52:15+00:00","article_modified_time":"2017-01-14T13:32:07+00:00","og_image":[{"width":1200,"height":800,"url":"https:\/\/www.nfv09.de\/home\/wp-content\/uploads\/2015\/04\/fussball-100.jpg","type":"image\/jpeg"}],"author":"grandel","twitter_card":"summary_large_image","twitter_misc":{"Verfasst von":"grandel","Gesch\u00e4tzte Lesezeit":"1\u00a0Minute"},"schema":{"@context":"https:\/\/schema.org","@graph":[{"@type":"Article","@id":"https:\/\/www.nfv09.de\/home\/2017\/01\/14\/15-sponsorenturnier-des-nfv09\/#article","isPartOf":{"@id":"https:\/\/www.nfv09.de\/home\/2017\/01\/14\/15-sponsorenturnier-des-nfv09\/"},"author":{"name":"grandel","@id":"https:\/\/www.nfv09.de\/home\/#\/schema\/person\/47b870c22cd343de748badedc7cd48b8"},"headline":"15. Sponsorenturnier des NFV09","datePublished":"2017-01-14T12:52:15+00:00","dateModified":"2017-01-14T13:32:07+00:00","mainEntityOfPage":{"@id":"https:\/\/www.nfv09.de\/home\/2017\/01\/14\/15-sponsorenturnier-des-nfv09\/"},"wordCount":120,"commentCount":0,"publisher":{"@id":"https:\/\/www.nfv09.de\/home\/#\/schema\/person\/ed693ed28e6e4b3f80b32447b2b6cbc7"},"image":{"@id":"https:\/\/www.nfv09.de\/home\/2017\/01\/14\/15-sponsorenturnier-des-nfv09\/#primaryimage"},"thumbnailUrl":"https:\/\/www.nfv09.de\/home\/wp-content\/uploads\/2015\/04\/fussball-100.jpg","articleSection":["Verein"],"inLanguage":"de","potentialAction":[{"@type":"CommentAction","name":"Comment","target":["https:\/\/www.nfv09.de\/home\/2017\/01\/14\/15-sponsorenturnier-des-nfv09\/#respond"]}]},{"@type":"WebPage","@id":"https:\/\/www.nfv09.de\/home\/2017\/01\/14\/15-sponsorenturnier-des-nfv09\/","url":"https:\/\/www.nfv09.de\/home\/2017\/01\/14\/15-sponsorenturnier-des-nfv09\/","name":"15. Sponsorenturnier des NFV09 - NFV Gelb-Wei\u00df G\u00f6rlitz 09 e.V.","isPartOf":{"@id":"https:\/\/www.nfv09.de\/home\/#website"},"primaryImageOfPage":{"@id":"https:\/\/www.nfv09.de\/home\/2017\/01\/14\/15-sponsorenturnier-des-nfv09\/#primaryimage"},"image":{"@id":"https:\/\/www.nfv09.de\/home\/2017\/01\/14\/15-sponsorenturnier-des-nfv09\/#primaryimage"},"thumbnailUrl":"https:\/\/www.nfv09.de\/home\/wp-content\/uploads\/2015\/04\/fussball-100.jpg","datePublished":"2017-01-14T12:52:15+00:00","dateModified":"2017-01-14T13:32:07+00:00","breadcrumb":{"@id":"https:\/\/www.nfv09.de\/home\/2017\/01\/14\/15-sponsorenturnier-des-nfv09\/#breadcrumb"},"inLanguage":"de","potentialAction":[{"@type":"ReadAction","target":["https:\/\/www.nfv09.de\/home\/2017\/01\/14\/15-sponsorenturnier-des-nfv09\/"]}]},{"@type":"ImageObject","inLanguage":"de","@id":"https:\/\/www.nfv09.de\/home\/2017\/01\/14\/15-sponsorenturnier-des-nfv09\/#primaryimage","url":"https:\/\/www.nfv09.de\/home\/wp-content\/uploads\/2015\/04\/fussball-100.jpg","contentUrl":"https:\/\/www.nfv09.de\/home\/wp-content\/uploads\/2015\/04\/fussball-100.jpg","width":1200,"height":800},{"@type":"BreadcrumbList","@id":"https:\/\/www.nfv09.de\/home\/2017\/01\/14\/15-sponsorenturnier-des-nfv09\/#breadcrumb","itemListElement":[{"@type":"ListItem","position":1,"name":"Startseite","item":"https:\/\/www.nfv09.de\/home\/"},{"@type":"ListItem","position":2,"name":"15. Sponsorenturnier des NFV09"}]},{"@type":"WebSite","@id":"https:\/\/www.nfv09.de\/home\/#website","url":"https:\/\/www.nfv09.de\/home\/","name":"NFV Gelb-Wei\u00df G\u00f6rlitz 09 e.V.","description":"Sachsenklasse Ost","publisher":{"@id":"https:\/\/www.nfv09.de\/home\/#\/schema\/person\/ed693ed28e6e4b3f80b32447b2b6cbc7"},"potentialAction":[{"@type":"SearchAction","target":{"@type":"EntryPoint","urlTemplate":"https:\/\/www.nfv09.de\/home\/?s={search_term_string}"},"query-input":{"@type":"PropertyValueSpecification","valueRequired":true,"valueName":"search_term_string"}}],"inLanguage":"de"},{"@type":["Person","Organization"],"@id":"https:\/\/www.nfv09.de\/home\/#\/schema\/person\/ed693ed28e6e4b3f80b32447b2b6cbc7","name":"Regassi","image":{"@type":"ImageObject","inLanguage":"de","@id":"https:\/\/www.nfv09.de\/home\/wp-content\/uploads\/2015\/04\/cropped-nfv-gelb-weiss-goerlitz-e1468573113314-1.gif","url":"https:\/\/www.nfv09.de\/home\/wp-content\/uploads\/2015\/04\/cropped-nfv-gelb-weiss-goerlitz-e1468573113314-1.gif","contentUrl":"https:\/\/www.nfv09.de\/home\/wp-content\/uploads\/2015\/04\/cropped-nfv-gelb-weiss-goerlitz-e1468573113314-1.gif","width":100,"height":122,"caption":"Regassi"},"logo":{"@id":"https:\/\/www.nfv09.de\/home\/wp-content\/uploads\/2015\/04\/cropped-nfv-gelb-weiss-goerlitz-e1468573113314-1.gif"}},{"@type":"Person","@id":"https:\/\/www.nfv09.de\/home\/#\/schema\/person\/47b870c22cd343de748badedc7cd48b8","name":"grandel","image":{"@type":"ImageObject","inLanguage":"de","@id":"https:\/\/secure.gravatar.com\/avatar\/c494dcfc10386ef83bf3c599faafa7130c18582a7559568fa9e61d8dadc949cc?s=96&d=mm&r=g","url":"https:\/\/secure.gravatar.com\/avatar\/c494dcfc10386ef83bf3c599faafa7130c18582a7559568fa9e61d8dadc949cc?s=96&d=mm&r=g","contentUrl":"https:\/\/secure.gravatar.com\/avatar\/c494dcfc10386ef83bf3c599faafa7130c18582a7559568fa9e61d8dadc949cc?s=96&d=mm&r=g","caption":"grandel"},"url":"https:\/\/www.nfv09.de\/home\/author\/grandel\/"}]}},"_links":{"self":[{"href":"https:\/\/www.nfv09.de\/home\/wp-json\/wp\/v2\/posts\/2117","targetHints":{"allow":["GET"]}}],"collection":[{"href":"https:\/\/www.nfv09.de\/home\/wp-json\/wp\/v2\/posts"}],"about":[{"href":"https:\/\/www.nfv09.de\/home\/wp-json\/wp\/v2\/types\/post"}],"author":[{"embeddable":true,"href":"https:\/\/www.nfv09.de\/home\/wp-json\/wp\/v2\/users\/4"}],"replies":[{"embeddable":true,"href":"https:\/\/www.nfv09.de\/home\/wp-json\/wp\/v2\/comments?post=2117"}],"version-history":[{"count":2,"href":"https:\/\/www.nfv09.de\/home\/wp-json\/wp\/v2\/posts\/2117\/revisions"}],"predecessor-version":[{"id":2119,"href":"https:\/\/www.nfv09.de\/home\/wp-json\/wp\/v2\/posts\/2117\/revisions\/2119"}],"wp:featuredmedia":[{"embeddable":true,"href":"https:\/\/www.nfv09.de\/home\/wp-json\/wp\/v2\/media\/1834"}],"wp:attachment":[{"href":"https:\/\/www.nfv09.de\/home\/wp-json\/wp\/v2\/media?parent=2117"}],"wp:term":[{"taxonomy":"category","embeddable":true,"href":"https:\/\/www.nfv09.de\/home\/wp-json\/wp\/v2\/categories?post=2117"},{"taxonomy":"post_tag","embeddable":true,"href":"https:\/\/www.nfv09.de\/home\/wp-json\/wp\/v2\/tags?post=2117"}],"curies":[{"name":"wp","href":"https:\/\/api.w.org\/{rel}","templated":true}]}}