{"id":2029,"date":"2016-11-13T15:52:51","date_gmt":"2016-11-13T14:52:51","guid":{"rendered":"http:\/\/www.nfv09.de\/home\/?p=2029"},"modified":"2016-11-13T16:05:17","modified_gmt":"2016-11-13T15:05:17","slug":"kreisoberliga-nfv09-ii-holtendorfer-sv-10-10","status":"publish","type":"post","link":"https:\/\/www.nfv09.de\/home\/2016\/11\/13\/kreisoberliga-nfv09-ii-holtendorfer-sv-10-10\/","title":{"rendered":"Kreisoberliga: NFV09 (II.)-Holtendorfer SV 1:0 (1:0)"},"content":{"rendered":"<p>Es war Derbyzeit auf der \u201eJungen Welt\u201c und fast 200 Zuschauer bildeten den entsprechenden Rahmen f\u00fcr ein gutklassiges, spannendes, aber auch entspanntes Spiel.<br \/>\nMan kennt sich und so steckte im Vorfeld schon etwas Brisanz in dieser Partie.<br \/>\nDennoch hatte der unauf\u00e4llig leitende Schiri B\u00f6hm nie Schwierigkeiten mit der Leitung des Spiels.<br \/>\nBeide Teams machten es ihm dabei aber auch nicht schwer.<br \/>\nVon Spielerkindern ihrer Mannschaften begleitet, betraten die Akteure bei tr\u00fcben Wetter, da\u00df schmierige Gel\u00e4uf auf der \u201eJungen Welt\u201c.<br \/>\nNach einer Abtastphase lag mit dem ersten NFV Angriff der Ball im Holtendorfer Geh\u00e4use.<br \/>\nNach einer Eingabe von Schneider ist Suchomski mit dem Kopf zur Stelle. Der Ball senkte sich hinter Holtendorfs Keeper Scholz ins lange Eck.<br \/>\nDas Spiel bleibt nach dem Tor ausgeglichen.<br \/>\nMan egalisierte sich und so spielt sich vieles im Mittelfeld ab.<br \/>\nBei den Hausherren ist es immer wieder Wenzel und Schneider, die den Ball nach vorne treiben. Allerdings fehlt bei den Zuspielen zu oft die Genauigkeit, so da\u00df die G\u00e4ste da kaum Probleme haben zu kl\u00e4ren.<br \/>\nMit zunehmender Spielzeit zieht sich der NFV etwas zur\u00fcck.<br \/>\nMan \u00fcberl\u00e4sst den G\u00e4sten das Spiel.<br \/>\nDoch M\u00f6glichkeiten bringt das den Holtendorfern nicht wirklich.<br \/>\nDenn sp\u00e4testens an der sattelfesten NFV Abwehr ist f\u00fcr die G\u00e4ste dann Schluss.<br \/>\nMakosch versucht es kurz vor der Pause mit einem Kopfball.<br \/>\nDoch geht der Ball am NFV Kasten vorbei.<br \/>\nIn der zweiten Halbzeit macht Holtendorf das Spiel und der NFV hat die Chancen.<br \/>\nEin gehaltener Ball von Andrushchyshyn und der schnell eingeleitet Gegensto\u00df, bringen eine Riesenm\u00f6glichkeit f\u00fcr unsere Mannschaft<br \/>\nManuel Wenzel bekommt den Ball v\u00f6llig frei im gegnerischen F\u00fcnfmeterraum. Scheitert aber am Holtendorfer Keeper, der die Kugel mit Reflex noch an das Quergeb\u00e4lk lenken kann. (51.min).<br \/>\nNach dieser Aktion wirkt die Partie etwas zerfahren.<br \/>\nDoch in der 58.min ist es wieder Wenzel, der den zweiten NFV Treffer auf den Schuhen hat.<br \/>\nNach einem Solo hebt der Gelb-Wei\u00dfe die Kugel am Holtendorfer Keeper aber auch am Tor vorbei.<br \/>\nUnd nur zwei Minuten sp\u00e4ter die n\u00e4chste dicke M\u00f6glichkeit f\u00fcr den NFV.<br \/>\nDieses mal bekommt Schneider, nach sch\u00f6nem Solo und Zuspiel von Winter, den Ball freistehend nicht im Tor unter.<br \/>\nDie NFV Fans waren am Haareraufen.<br \/>\nIn dieser Phase h\u00e4tte das Spiel eigentlich entschieden werden m\u00fcssen.<br \/>\nIn der 64.min wartet Makosch f\u00fcr Holtendorf am langen Pfosten des G\u00f6rlitzer Tors.<br \/>\nDoch bekommt der die Kugel nicht richtig auf den Kopf.<br \/>\nNach einer Ecke verpassen gleich zwei Holtendorfer im NFV Strafraum den Ball. (67.min)<br \/>\nDer NFV bleibt bei Kontern aber gef\u00e4hrlich. Ein Schuss von Winter klatscht in der 73.min an das Quergeb\u00e4lk des G\u00e4stetors.<br \/>\nIn der Schlussphase dr\u00fccken die G\u00e4ste auf den Ausgleich.<br \/>\nDoch steht Aufwand und Nutzen bei den G\u00e4sten in keinem optimalen Verh\u00e4ltnis.<br \/>\nDer G\u00f6rlitzer Abwehrverbund steht sicher.<br \/>\nAufregung dann in der Nachspielzeit.<br \/>\nDaniel Markus l\u00e4uft nach einem abgefangenen Ball alleine auf den Holtendorfer Keeper zu.<br \/>\nAllerdings schliesst er zu \u00fcberhastet ab.<br \/>\nEin Freistoss von Holtendorf klatscht an das Lattenkreuz (90+.1min) und Kazadi kl\u00e4rt f\u00fcr seinen schon geschlagenen Torwart, nach einem Flachschuss von Klug, einen Meter vor der Torlinie. (90+4.min)<br \/>\nDanach war Schluss und Spieler und Fans des NFV rissen die Arme in die Luft.<\/p>\n<p>Ein sichtlich zufriedener NFV Trainer Alexander Varga nach dem Spiel:&#8220; Wir haben stark angefangen, dann aber nachgelassen. Holtendorf war das spielerisch bessere Team. Hat daraus aber nichts gemacht. Im Gegenteil, die besseren Chancen hatten wir und h\u00e4tten das Spiel zeitig f\u00fcr uns entscheiden m\u00fcssen. Und so mussten wir dann in der Schlussphase noch um die drei Punkte bangen. Aber wir haben gewonnen und nur das z\u00e4hlt&#8220;.<\/p>\n<p><strong>Die Mannschaft bedankt sich bei Schneiders-Speiseservice und dem Sal\u00fc f\u00fcr das wieder hervorragende Catering. Au\u00dferdem geht ein Dank an das Restaurant &#8222;Rhodos&#8220;, welches unser Team nach dem Derbysieg spontan f\u00fcr Sonntagabend eingeladen hat!<br \/>\nVielen Dank euch!!<\/strong><em><\/p>\n<p><strong>NFV: <\/strong>Andrushchyshyn, Simon, Horschke, Kazadi, Fraustadt, Suchomski (46.min Odrzywolski), Markus, Gabriel, Winter (90.min Schulze), Wenzel (77.min Engelhardt), Schneider<\/p>\n<p><strong>Holtendorf:<\/strong> Scholz, Arlt, Haunold, Richter (80.min Roloff), Makosch, Malth, G\u00fcnzel, Adam (46.min B.Szczesny), Hildebrand (68.min M\u00fcller), F\u00f6hlisch, Klug<\/p>\n<p><strong>Tor:<\/strong> Suchomski (7.min)<\/p>\n<p><strong>Gelbe Karten:<\/strong> Markus, Gabriel\/ Klug, F\u00f6hlisch  <\/p>\n<p><strong>Zuschauer:<\/strong> 178<\/p>\n<p><strong>Schiri:<\/strong> Ralph B\u00f6hm (Reichenbach)<\/p>\n<p><strong>Eumel<\/strong><\/em><\/p>\n","protected":false},"excerpt":{"rendered":"<p>Es war Derbyzeit auf der \u201eJungen Welt\u201c und fast 200 Zuschauer bildeten den entsprechenden Rahmen f\u00fcr ein gutklassiges, spannendes, aber auch entspanntes Spiel. Man kennt sich und so steckte im Vorfeld schon etwas Brisanz in dieser Partie. Dennoch hatte der unauf\u00e4llig leitende Schiri B\u00f6hm nie Schwierigkeiten mit der Leitung des Spiels. Beide Teams machten es [&hellip;]<\/p>\n","protected":false},"author":6,"featured_media":743,"comment_status":"open","ping_status":"open","sticky":false,"template":"","format":"standard","meta":{"footnotes":""},"categories":[83],"tags":[],"class_list":["post-2029","post","type-post","status-publish","format-standard","has-post-thumbnail","hentry","category-2-mannschaft"],"yoast_head":"<!-- This site is optimized with the Yoast SEO plugin v27.5 - https:\/\/yoast.com\/product\/yoast-seo-wordpress\/ -->\n<title>Kreisoberliga: NFV09 (II.)-Holtendorfer SV 1:0 (1:0) - NFV Gelb-Wei\u00df G\u00f6rlitz 09 e.V.<\/title>\n<meta name=\"robots\" content=\"index, follow, max-snippet:-1, max-image-preview:large, max-video-preview:-1\" \/>\n<link rel=\"canonical\" href=\"https:\/\/www.nfv09.de\/home\/2016\/11\/13\/kreisoberliga-nfv09-ii-holtendorfer-sv-10-10\/\" \/>\n<meta property=\"og:locale\" content=\"de_DE\" \/>\n<meta property=\"og:type\" content=\"article\" \/>\n<meta property=\"og:title\" content=\"Kreisoberliga: NFV09 (II.)-Holtendorfer SV 1:0 (1:0) - NFV Gelb-Wei\u00df G\u00f6rlitz 09 e.V.\" \/>\n<meta property=\"og:description\" content=\"Es war Derbyzeit auf der \u201eJungen Welt\u201c und fast 200 Zuschauer bildeten den entsprechenden Rahmen f\u00fcr ein gutklassiges, spannendes, aber auch entspanntes Spiel. Man kennt sich und so steckte im Vorfeld schon etwas Brisanz in dieser Partie. Dennoch hatte der unauf\u00e4llig leitende Schiri B\u00f6hm nie Schwierigkeiten mit der Leitung des Spiels. Beide Teams machten es [&hellip;]\" \/>\n<meta property=\"og:url\" content=\"https:\/\/www.nfv09.de\/home\/2016\/11\/13\/kreisoberliga-nfv09-ii-holtendorfer-sv-10-10\/\" \/>\n<meta property=\"og:site_name\" content=\"NFV Gelb-Wei\u00df G\u00f6rlitz 09 e.V.\" \/>\n<meta property=\"article:published_time\" content=\"2016-11-13T14:52:51+00:00\" \/>\n<meta property=\"article:modified_time\" content=\"2016-11-13T15:05:17+00:00\" \/>\n<meta property=\"og:image\" content=\"https:\/\/www.nfv09.de\/home\/wp-content\/uploads\/2015\/06\/8.jpg\" \/>\n\t<meta property=\"og:image:width\" content=\"1140\" \/>\n\t<meta property=\"og:image:height\" content=\"550\" \/>\n\t<meta property=\"og:image:type\" content=\"image\/jpeg\" \/>\n<meta name=\"author\" content=\"Eumel-GR\" \/>\n<meta name=\"twitter:card\" content=\"summary_large_image\" \/>\n<meta name=\"twitter:label1\" content=\"Verfasst von\" \/>\n\t<meta name=\"twitter:data1\" content=\"Eumel-GR\" \/>\n\t<meta name=\"twitter:label2\" content=\"Gesch\u00e4tzte Lesezeit\" \/>\n\t<meta name=\"twitter:data2\" content=\"4\u00a0Minuten\" \/>\n<script type=\"application\/ld+json\" class=\"yoast-schema-graph\">{\"@context\":\"https:\\\/\\\/schema.org\",\"@graph\":[{\"@type\":\"Article\",\"@id\":\"https:\\\/\\\/www.nfv09.de\\\/home\\\/2016\\\/11\\\/13\\\/kreisoberliga-nfv09-ii-holtendorfer-sv-10-10\\\/#article\",\"isPartOf\":{\"@id\":\"https:\\\/\\\/www.nfv09.de\\\/home\\\/2016\\\/11\\\/13\\\/kreisoberliga-nfv09-ii-holtendorfer-sv-10-10\\\/\"},\"author\":{\"name\":\"Eumel-GR\",\"@id\":\"https:\\\/\\\/www.nfv09.de\\\/home\\\/#\\\/schema\\\/person\\\/2721f9cc8a16c2ca0cdaa8e61dfa09cd\"},\"headline\":\"Kreisoberliga: NFV09 (II.)-Holtendorfer SV 1:0 (1:0)\",\"datePublished\":\"2016-11-13T14:52:51+00:00\",\"dateModified\":\"2016-11-13T15:05:17+00:00\",\"mainEntityOfPage\":{\"@id\":\"https:\\\/\\\/www.nfv09.de\\\/home\\\/2016\\\/11\\\/13\\\/kreisoberliga-nfv09-ii-holtendorfer-sv-10-10\\\/\"},\"wordCount\":727,\"commentCount\":0,\"publisher\":{\"@id\":\"https:\\\/\\\/www.nfv09.de\\\/home\\\/#\\\/schema\\\/person\\\/ed693ed28e6e4b3f80b32447b2b6cbc7\"},\"image\":{\"@id\":\"https:\\\/\\\/www.nfv09.de\\\/home\\\/2016\\\/11\\\/13\\\/kreisoberliga-nfv09-ii-holtendorfer-sv-10-10\\\/#primaryimage\"},\"thumbnailUrl\":\"https:\\\/\\\/www.nfv09.de\\\/home\\\/wp-content\\\/uploads\\\/2015\\\/06\\\/8.jpg\",\"articleSection\":[\"SG GW G\u00f6rlitz \\\/ Reichenbach\"],\"inLanguage\":\"de\",\"potentialAction\":[{\"@type\":\"CommentAction\",\"name\":\"Comment\",\"target\":[\"https:\\\/\\\/www.nfv09.de\\\/home\\\/2016\\\/11\\\/13\\\/kreisoberliga-nfv09-ii-holtendorfer-sv-10-10\\\/#respond\"]}]},{\"@type\":\"WebPage\",\"@id\":\"https:\\\/\\\/www.nfv09.de\\\/home\\\/2016\\\/11\\\/13\\\/kreisoberliga-nfv09-ii-holtendorfer-sv-10-10\\\/\",\"url\":\"https:\\\/\\\/www.nfv09.de\\\/home\\\/2016\\\/11\\\/13\\\/kreisoberliga-nfv09-ii-holtendorfer-sv-10-10\\\/\",\"name\":\"Kreisoberliga: NFV09 (II.)-Holtendorfer SV 1:0 (1:0) - NFV Gelb-Wei\u00df G\u00f6rlitz 09 e.V.\",\"isPartOf\":{\"@id\":\"https:\\\/\\\/www.nfv09.de\\\/home\\\/#website\"},\"primaryImageOfPage\":{\"@id\":\"https:\\\/\\\/www.nfv09.de\\\/home\\\/2016\\\/11\\\/13\\\/kreisoberliga-nfv09-ii-holtendorfer-sv-10-10\\\/#primaryimage\"},\"image\":{\"@id\":\"https:\\\/\\\/www.nfv09.de\\\/home\\\/2016\\\/11\\\/13\\\/kreisoberliga-nfv09-ii-holtendorfer-sv-10-10\\\/#primaryimage\"},\"thumbnailUrl\":\"https:\\\/\\\/www.nfv09.de\\\/home\\\/wp-content\\\/uploads\\\/2015\\\/06\\\/8.jpg\",\"datePublished\":\"2016-11-13T14:52:51+00:00\",\"dateModified\":\"2016-11-13T15:05:17+00:00\",\"breadcrumb\":{\"@id\":\"https:\\\/\\\/www.nfv09.de\\\/home\\\/2016\\\/11\\\/13\\\/kreisoberliga-nfv09-ii-holtendorfer-sv-10-10\\\/#breadcrumb\"},\"inLanguage\":\"de\",\"potentialAction\":[{\"@type\":\"ReadAction\",\"target\":[\"https:\\\/\\\/www.nfv09.de\\\/home\\\/2016\\\/11\\\/13\\\/kreisoberliga-nfv09-ii-holtendorfer-sv-10-10\\\/\"]}]},{\"@type\":\"ImageObject\",\"inLanguage\":\"de\",\"@id\":\"https:\\\/\\\/www.nfv09.de\\\/home\\\/2016\\\/11\\\/13\\\/kreisoberliga-nfv09-ii-holtendorfer-sv-10-10\\\/#primaryimage\",\"url\":\"https:\\\/\\\/www.nfv09.de\\\/home\\\/wp-content\\\/uploads\\\/2015\\\/06\\\/8.jpg\",\"contentUrl\":\"https:\\\/\\\/www.nfv09.de\\\/home\\\/wp-content\\\/uploads\\\/2015\\\/06\\\/8.jpg\",\"width\":1140,\"height\":550},{\"@type\":\"BreadcrumbList\",\"@id\":\"https:\\\/\\\/www.nfv09.de\\\/home\\\/2016\\\/11\\\/13\\\/kreisoberliga-nfv09-ii-holtendorfer-sv-10-10\\\/#breadcrumb\",\"itemListElement\":[{\"@type\":\"ListItem\",\"position\":1,\"name\":\"Startseite\",\"item\":\"https:\\\/\\\/www.nfv09.de\\\/home\\\/\"},{\"@type\":\"ListItem\",\"position\":2,\"name\":\"Kreisoberliga: NFV09 (II.)-Holtendorfer SV 1:0 (1:0)\"}]},{\"@type\":\"WebSite\",\"@id\":\"https:\\\/\\\/www.nfv09.de\\\/home\\\/#website\",\"url\":\"https:\\\/\\\/www.nfv09.de\\\/home\\\/\",\"name\":\"NFV Gelb-Wei\u00df G\u00f6rlitz 09 e.V.\",\"description\":\"Sachsenklasse Ost\",\"publisher\":{\"@id\":\"https:\\\/\\\/www.nfv09.de\\\/home\\\/#\\\/schema\\\/person\\\/ed693ed28e6e4b3f80b32447b2b6cbc7\"},\"potentialAction\":[{\"@type\":\"SearchAction\",\"target\":{\"@type\":\"EntryPoint\",\"urlTemplate\":\"https:\\\/\\\/www.nfv09.de\\\/home\\\/?s={search_term_string}\"},\"query-input\":{\"@type\":\"PropertyValueSpecification\",\"valueRequired\":true,\"valueName\":\"search_term_string\"}}],\"inLanguage\":\"de\"},{\"@type\":[\"Person\",\"Organization\"],\"@id\":\"https:\\\/\\\/www.nfv09.de\\\/home\\\/#\\\/schema\\\/person\\\/ed693ed28e6e4b3f80b32447b2b6cbc7\",\"name\":\"Regassi\",\"image\":{\"@type\":\"ImageObject\",\"inLanguage\":\"de\",\"@id\":\"https:\\\/\\\/www.nfv09.de\\\/home\\\/wp-content\\\/uploads\\\/2015\\\/04\\\/cropped-nfv-gelb-weiss-goerlitz-e1468573113314-1.gif\",\"url\":\"https:\\\/\\\/www.nfv09.de\\\/home\\\/wp-content\\\/uploads\\\/2015\\\/04\\\/cropped-nfv-gelb-weiss-goerlitz-e1468573113314-1.gif\",\"contentUrl\":\"https:\\\/\\\/www.nfv09.de\\\/home\\\/wp-content\\\/uploads\\\/2015\\\/04\\\/cropped-nfv-gelb-weiss-goerlitz-e1468573113314-1.gif\",\"width\":100,\"height\":122,\"caption\":\"Regassi\"},\"logo\":{\"@id\":\"https:\\\/\\\/www.nfv09.de\\\/home\\\/wp-content\\\/uploads\\\/2015\\\/04\\\/cropped-nfv-gelb-weiss-goerlitz-e1468573113314-1.gif\"}},{\"@type\":\"Person\",\"@id\":\"https:\\\/\\\/www.nfv09.de\\\/home\\\/#\\\/schema\\\/person\\\/2721f9cc8a16c2ca0cdaa8e61dfa09cd\",\"name\":\"Eumel-GR\",\"image\":{\"@type\":\"ImageObject\",\"inLanguage\":\"de\",\"@id\":\"https:\\\/\\\/secure.gravatar.com\\\/avatar\\\/241ccd2fb4c6d9256b591e7cd129f2044ee549cf40f8914aef090c191c312a79?s=96&d=mm&r=g\",\"url\":\"https:\\\/\\\/secure.gravatar.com\\\/avatar\\\/241ccd2fb4c6d9256b591e7cd129f2044ee549cf40f8914aef090c191c312a79?s=96&d=mm&r=g\",\"contentUrl\":\"https:\\\/\\\/secure.gravatar.com\\\/avatar\\\/241ccd2fb4c6d9256b591e7cd129f2044ee549cf40f8914aef090c191c312a79?s=96&d=mm&r=g\",\"caption\":\"Eumel-GR\"},\"url\":\"https:\\\/\\\/www.nfv09.de\\\/home\\\/author\\\/eumel-gr\\\/\"}]}<\/script>\n<!-- \/ Yoast SEO plugin. -->","yoast_head_json":{"title":"Kreisoberliga: NFV09 (II.)-Holtendorfer SV 1:0 (1:0) - NFV Gelb-Wei\u00df G\u00f6rlitz 09 e.V.","robots":{"index":"index","follow":"follow","max-snippet":"max-snippet:-1","max-image-preview":"max-image-preview:large","max-video-preview":"max-video-preview:-1"},"canonical":"https:\/\/www.nfv09.de\/home\/2016\/11\/13\/kreisoberliga-nfv09-ii-holtendorfer-sv-10-10\/","og_locale":"de_DE","og_type":"article","og_title":"Kreisoberliga: NFV09 (II.)-Holtendorfer SV 1:0 (1:0) - NFV Gelb-Wei\u00df G\u00f6rlitz 09 e.V.","og_description":"Es war Derbyzeit auf der \u201eJungen Welt\u201c und fast 200 Zuschauer bildeten den entsprechenden Rahmen f\u00fcr ein gutklassiges, spannendes, aber auch entspanntes Spiel. Man kennt sich und so steckte im Vorfeld schon etwas Brisanz in dieser Partie. Dennoch hatte der unauf\u00e4llig leitende Schiri B\u00f6hm nie Schwierigkeiten mit der Leitung des Spiels. Beide Teams machten es [&hellip;]","og_url":"https:\/\/www.nfv09.de\/home\/2016\/11\/13\/kreisoberliga-nfv09-ii-holtendorfer-sv-10-10\/","og_site_name":"NFV Gelb-Wei\u00df G\u00f6rlitz 09 e.V.","article_published_time":"2016-11-13T14:52:51+00:00","article_modified_time":"2016-11-13T15:05:17+00:00","og_image":[{"width":1140,"height":550,"url":"https:\/\/www.nfv09.de\/home\/wp-content\/uploads\/2015\/06\/8.jpg","type":"image\/jpeg"}],"author":"Eumel-GR","twitter_card":"summary_large_image","twitter_misc":{"Verfasst von":"Eumel-GR","Gesch\u00e4tzte Lesezeit":"4\u00a0Minuten"},"schema":{"@context":"https:\/\/schema.org","@graph":[{"@type":"Article","@id":"https:\/\/www.nfv09.de\/home\/2016\/11\/13\/kreisoberliga-nfv09-ii-holtendorfer-sv-10-10\/#article","isPartOf":{"@id":"https:\/\/www.nfv09.de\/home\/2016\/11\/13\/kreisoberliga-nfv09-ii-holtendorfer-sv-10-10\/"},"author":{"name":"Eumel-GR","@id":"https:\/\/www.nfv09.de\/home\/#\/schema\/person\/2721f9cc8a16c2ca0cdaa8e61dfa09cd"},"headline":"Kreisoberliga: NFV09 (II.)-Holtendorfer SV 1:0 (1:0)","datePublished":"2016-11-13T14:52:51+00:00","dateModified":"2016-11-13T15:05:17+00:00","mainEntityOfPage":{"@id":"https:\/\/www.nfv09.de\/home\/2016\/11\/13\/kreisoberliga-nfv09-ii-holtendorfer-sv-10-10\/"},"wordCount":727,"commentCount":0,"publisher":{"@id":"https:\/\/www.nfv09.de\/home\/#\/schema\/person\/ed693ed28e6e4b3f80b32447b2b6cbc7"},"image":{"@id":"https:\/\/www.nfv09.de\/home\/2016\/11\/13\/kreisoberliga-nfv09-ii-holtendorfer-sv-10-10\/#primaryimage"},"thumbnailUrl":"https:\/\/www.nfv09.de\/home\/wp-content\/uploads\/2015\/06\/8.jpg","articleSection":["SG GW G\u00f6rlitz \/ Reichenbach"],"inLanguage":"de","potentialAction":[{"@type":"CommentAction","name":"Comment","target":["https:\/\/www.nfv09.de\/home\/2016\/11\/13\/kreisoberliga-nfv09-ii-holtendorfer-sv-10-10\/#respond"]}]},{"@type":"WebPage","@id":"https:\/\/www.nfv09.de\/home\/2016\/11\/13\/kreisoberliga-nfv09-ii-holtendorfer-sv-10-10\/","url":"https:\/\/www.nfv09.de\/home\/2016\/11\/13\/kreisoberliga-nfv09-ii-holtendorfer-sv-10-10\/","name":"Kreisoberliga: NFV09 (II.)-Holtendorfer SV 1:0 (1:0) - NFV Gelb-Wei\u00df G\u00f6rlitz 09 e.V.","isPartOf":{"@id":"https:\/\/www.nfv09.de\/home\/#website"},"primaryImageOfPage":{"@id":"https:\/\/www.nfv09.de\/home\/2016\/11\/13\/kreisoberliga-nfv09-ii-holtendorfer-sv-10-10\/#primaryimage"},"image":{"@id":"https:\/\/www.nfv09.de\/home\/2016\/11\/13\/kreisoberliga-nfv09-ii-holtendorfer-sv-10-10\/#primaryimage"},"thumbnailUrl":"https:\/\/www.nfv09.de\/home\/wp-content\/uploads\/2015\/06\/8.jpg","datePublished":"2016-11-13T14:52:51+00:00","dateModified":"2016-11-13T15:05:17+00:00","breadcrumb":{"@id":"https:\/\/www.nfv09.de\/home\/2016\/11\/13\/kreisoberliga-nfv09-ii-holtendorfer-sv-10-10\/#breadcrumb"},"inLanguage":"de","potentialAction":[{"@type":"ReadAction","target":["https:\/\/www.nfv09.de\/home\/2016\/11\/13\/kreisoberliga-nfv09-ii-holtendorfer-sv-10-10\/"]}]},{"@type":"ImageObject","inLanguage":"de","@id":"https:\/\/www.nfv09.de\/home\/2016\/11\/13\/kreisoberliga-nfv09-ii-holtendorfer-sv-10-10\/#primaryimage","url":"https:\/\/www.nfv09.de\/home\/wp-content\/uploads\/2015\/06\/8.jpg","contentUrl":"https:\/\/www.nfv09.de\/home\/wp-content\/uploads\/2015\/06\/8.jpg","width":1140,"height":550},{"@type":"BreadcrumbList","@id":"https:\/\/www.nfv09.de\/home\/2016\/11\/13\/kreisoberliga-nfv09-ii-holtendorfer-sv-10-10\/#breadcrumb","itemListElement":[{"@type":"ListItem","position":1,"name":"Startseite","item":"https:\/\/www.nfv09.de\/home\/"},{"@type":"ListItem","position":2,"name":"Kreisoberliga: NFV09 (II.)-Holtendorfer SV 1:0 (1:0)"}]},{"@type":"WebSite","@id":"https:\/\/www.nfv09.de\/home\/#website","url":"https:\/\/www.nfv09.de\/home\/","name":"NFV Gelb-Wei\u00df G\u00f6rlitz 09 e.V.","description":"Sachsenklasse Ost","publisher":{"@id":"https:\/\/www.nfv09.de\/home\/#\/schema\/person\/ed693ed28e6e4b3f80b32447b2b6cbc7"},"potentialAction":[{"@type":"SearchAction","target":{"@type":"EntryPoint","urlTemplate":"https:\/\/www.nfv09.de\/home\/?s={search_term_string}"},"query-input":{"@type":"PropertyValueSpecification","valueRequired":true,"valueName":"search_term_string"}}],"inLanguage":"de"},{"@type":["Person","Organization"],"@id":"https:\/\/www.nfv09.de\/home\/#\/schema\/person\/ed693ed28e6e4b3f80b32447b2b6cbc7","name":"Regassi","image":{"@type":"ImageObject","inLanguage":"de","@id":"https:\/\/www.nfv09.de\/home\/wp-content\/uploads\/2015\/04\/cropped-nfv-gelb-weiss-goerlitz-e1468573113314-1.gif","url":"https:\/\/www.nfv09.de\/home\/wp-content\/uploads\/2015\/04\/cropped-nfv-gelb-weiss-goerlitz-e1468573113314-1.gif","contentUrl":"https:\/\/www.nfv09.de\/home\/wp-content\/uploads\/2015\/04\/cropped-nfv-gelb-weiss-goerlitz-e1468573113314-1.gif","width":100,"height":122,"caption":"Regassi"},"logo":{"@id":"https:\/\/www.nfv09.de\/home\/wp-content\/uploads\/2015\/04\/cropped-nfv-gelb-weiss-goerlitz-e1468573113314-1.gif"}},{"@type":"Person","@id":"https:\/\/www.nfv09.de\/home\/#\/schema\/person\/2721f9cc8a16c2ca0cdaa8e61dfa09cd","name":"Eumel-GR","image":{"@type":"ImageObject","inLanguage":"de","@id":"https:\/\/secure.gravatar.com\/avatar\/241ccd2fb4c6d9256b591e7cd129f2044ee549cf40f8914aef090c191c312a79?s=96&d=mm&r=g","url":"https:\/\/secure.gravatar.com\/avatar\/241ccd2fb4c6d9256b591e7cd129f2044ee549cf40f8914aef090c191c312a79?s=96&d=mm&r=g","contentUrl":"https:\/\/secure.gravatar.com\/avatar\/241ccd2fb4c6d9256b591e7cd129f2044ee549cf40f8914aef090c191c312a79?s=96&d=mm&r=g","caption":"Eumel-GR"},"url":"https:\/\/www.nfv09.de\/home\/author\/eumel-gr\/"}]}},"_links":{"self":[{"href":"https:\/\/www.nfv09.de\/home\/wp-json\/wp\/v2\/posts\/2029","targetHints":{"allow":["GET"]}}],"collection":[{"href":"https:\/\/www.nfv09.de\/home\/wp-json\/wp\/v2\/posts"}],"about":[{"href":"https:\/\/www.nfv09.de\/home\/wp-json\/wp\/v2\/types\/post"}],"author":[{"embeddable":true,"href":"https:\/\/www.nfv09.de\/home\/wp-json\/wp\/v2\/users\/6"}],"replies":[{"embeddable":true,"href":"https:\/\/www.nfv09.de\/home\/wp-json\/wp\/v2\/comments?post=2029"}],"version-history":[{"count":3,"href":"https:\/\/www.nfv09.de\/home\/wp-json\/wp\/v2\/posts\/2029\/revisions"}],"predecessor-version":[{"id":2032,"href":"https:\/\/www.nfv09.de\/home\/wp-json\/wp\/v2\/posts\/2029\/revisions\/2032"}],"wp:featuredmedia":[{"embeddable":true,"href":"https:\/\/www.nfv09.de\/home\/wp-json\/wp\/v2\/media\/743"}],"wp:attachment":[{"href":"https:\/\/www.nfv09.de\/home\/wp-json\/wp\/v2\/media?parent=2029"}],"wp:term":[{"taxonomy":"category","embeddable":true,"href":"https:\/\/www.nfv09.de\/home\/wp-json\/wp\/v2\/categories?post=2029"},{"taxonomy":"post_tag","embeddable":true,"href":"https:\/\/www.nfv09.de\/home\/wp-json\/wp\/v2\/tags?post=2029"}],"curies":[{"name":"wp","href":"https:\/\/api.w.org\/{rel}","templated":true}]}}