{"id":1989,"date":"2016-10-22T23:33:02","date_gmt":"2016-10-22T21:33:02","guid":{"rendered":"http:\/\/www.nfv09.de\/home\/?p=1989"},"modified":"2016-10-22T23:50:41","modified_gmt":"2016-10-22T21:50:41","slug":"sv-neueibau-nfv-09-ii-03-00","status":"publish","type":"post","link":"https:\/\/www.nfv09.de\/home\/2016\/10\/22\/sv-neueibau-nfv-09-ii-03-00\/","title":{"rendered":"SV Neueibau-NFV 09 (II.) 0:3 (0:0)"},"content":{"rendered":"<p>Lag es letzte Woche wirklich nur am ungeliebten Hartplatz in Ober-C?<br \/>\nJedenfalls war das heute ein ganz anderes Auftreten unserer Mannschaft.<br \/>\nZweik\u00e4mpfe wurden angenommen und endlich ging auch einmal was in Richtung gegnerisches Tor.<br \/>\nBei Dauerregen entwickelte sich auf der schmucken Anlage in Neueibau, ein sehenswertes Kreisoberligaspiel.<br \/>\nBeide Teams hatten daran ihren Anteil.<br \/>\nDieses faire Spiel in angenehmer Atmosph\u00e4re, war \u00fcber weite Strecken ausgeglichen.<br \/>\nUnsere Mannschaft zeigte sich dabei endlich einmal abgezockter beim Abschluss.<br \/>\nMit Kaddy Kazadi zog mehr Ruhe in die NFV Abwehr. Im Verbund mit Kapit\u00e4n Horschke, zog er aus der Hintermannschaft der Gelb-Wei\u00dfen die F\u00e4den.<br \/>\nSchon in der 1.min lag der Ball im Neueibauer Tor.<br \/>\nWenzel hatte getroffen, stand dabei aber wohl im Abseits. Schiri Fohl entschied noch vor seinem Linienrichter auf Abseitsstellung. Erst danach hob der Assistent seine Fahne. Auch eine bemerkenswerte und nicht allt\u00e4gliche Situation.<br \/>\nIn der 5.min scheiterte Ri. Hildebrand am Neueibauer Keeper Wegner.<br \/>\nBei den Hausherren lief vieles \u00fcber Saficki. Schnell und mit langen B\u00e4llen wurde das Mittelfeld \u00fcberbr\u00fcckt.<br \/>\nSo wurden die schnellen Angreifer immer wieder mit guten B\u00e4llen gef\u00fcttert.<br \/>\nKarel Prasil verzieht bei einer Chance nur knapp. (7.min)<br \/>\nAuch Chrzanowski trifft den NFV Kasten nicht.<br \/>\nIn der 24.min hat der NFV Pech. Schneider behauptet sch\u00f6n den Ball, doch klatscht sein Schuss an das Quergeb\u00e4lk des Neueibauer Tors.<br \/>\nSaficki setzt in der 29.min zu einem straffen Schuss von der Strafraumgrenze an. Doch fehlten da die ber\u00fchmten Zentimeter und der Ball geht am langen Pfosten vorbei.<br \/>\nDas Spiel blieb weiter spannend.<br \/>\nIn der 41.min zwingt Wenzel den SV Keeper Wegner zu einer gro\u00dfen Reaktion.<br \/>\nNach der Pause \u00f6ffnete der Himmel noch einmal richtig seine Schleusen.<br \/>\nDie Gelb-Wei\u00dfen begannen die zweite Halbzeit mit viel Druck.<br \/>\nEin Freisto\u00df von Kazadi geht an das Aussennetz und bei einem Schuss von Hildebrand hat Wegner m\u00e4chtig Probleme den glitschigen Ball zu sichern.<br \/>\nNach der Druckphase des NFV, waren dann die Gastgeber am Dr\u00fccker.<br \/>\nNach eine Freistoss von der Strafraumgrenze, geht der Ball von Prasil an die Querlatte des NFV Tors. (55.min)<br \/>\nNun ging es hin und her. Beide Teams wollten den F\u00fchrungstreffer.<br \/>\nSchneider verzeiht in der 60.min nur knapp.<br \/>\nIm Gegenzug kann Chrzanowski eine Unstimmigkeit in der NFV Abwehr nicht nutzen.<br \/>\nSein Schuss geht knapp \u00fcber das Tor.<br \/>\nInnerhalb von neun Minuten entscheidet dann der NFV das Spiel.<br \/>\nEin sch\u00f6ner Angriff bringt die F\u00fchrung f\u00fcr die Gelb-Wei\u00dfen.<br \/>\nSchneider wird musterg\u00fcltig angespielt und hebt den Ball \u00fcber den herausst\u00fcrzenden Wegner in die Maschen.<br \/>\nDie Gastgeber verst\u00e4rken nun den Druck um schnell zum Ausgleich zu kommen.<br \/>\nEin Fakt, der dem NFV entgegen kommt.<br \/>\nWinter umspielt in der 67.min drei Spieler des Gastgebers, hat aber beim Abschluss kein Gl\u00fcck, als der Ball an das Quergeb\u00e4lk geht.<br \/>\nNur eine Minute sp\u00e4ter aber der beruhigende zweite Treffer des NFV. Wenzel beh\u00e4lt im gegnerischen Strafraum den \u00dcberblick und schie\u00dft den Ball in die lange Ecke.<br \/>\nNeueibau versucht nun alles.<br \/>\nSaficki und Prasil zerren immer wieder an den Ketten.<br \/>\nDoch die Bem\u00fchungen enden meist in der NFV Abwehr, so da\u00df Andrushchyshyn nur selten einmal wirklich in Bedr\u00e4ngnis kommt.<br \/>\nDie Entscheidung f\u00e4llt in der 73.min.<br \/>\nNach einem abgefangenen Neueibauer Angriff, geht es schnell \u00fcber die rechte Angriffsseite des NFV.<br \/>\nSchneider vollendet die Eingabe zum dritten Treffer f\u00fcr unsere Mannschaft.<br \/>\nDie Gastgeber weiter mit der Moral, um wenigsten den Ehrentreffer zu erzielen.<br \/>\nEin Schuss von Saficki geht dabei nur kanpp am NFV Tor vorbei. (77.min)<br \/>\nNach einem Freisto\u00df kommt Krampf frei zum Abschluss.<br \/>\nDoch wird der Ball von der NFV Hintermannschaft zur Ecke abgewehrt.<br \/>\nAls der unauff\u00e4llig leitende Schiri Fohl die Partie beendet, bejubeln unsere Spieler einen so sicher nicht zu erwartenden aber daf\u00fcr verdienten Sieg.<\/p>\n<p>So sah es auch Kapit\u00e4n Thomas Horschke: \u201e Es war ein wichtiger und verdienter Sieg. Endlich konnten wir uns einmal f\u00fcr unsere Manschaftsleistung und unsere Bem\u00fchungen belohnen\u201c.<\/p>\n<p><strong>SV Neueibau: <\/strong>D.Wegner, Nitschke, Sommer (86.min M.Troll), Deszcz, Heinrich (78.min Krampf), St.Troll, H.Wegner, Meinczinger, Chrzanowski, Prasil, Saficki (78.min Gr\u00fcnwald)<\/p>\n<p><strong>NFV:<\/strong> Andrushchyshyn, Simon, Kazadi, Horschke, Garbe, Franke (58.min Gabriel), Ri.Hildebrand, Winter (84.min Ro.Hildebrand), Markus, Wenzel (73.min Suchomski), Schneider <\/p>\n<p><strong>Tore:<\/strong> 0:1 Schneider (64.min), 0:2 Wenzel (68.min), 0:3 Schneider (73.min)<\/p>\n<p><strong>Gelbe Karten:<\/strong> -\/ Kazadi<\/p>\n<p><strong>Schiri:<\/strong> Nico Fohl<\/p>\n<p><strong>Zuschauer:<\/strong> 45<\/p>\n<p><strong>Eumel<\/strong><em><\/p>\n","protected":false},"excerpt":{"rendered":"<p>Lag es letzte Woche wirklich nur am ungeliebten Hartplatz in Ober-C? Jedenfalls war das heute ein ganz anderes Auftreten unserer Mannschaft. Zweik\u00e4mpfe wurden angenommen und endlich ging auch einmal was in Richtung gegnerisches Tor. Bei Dauerregen entwickelte sich auf der schmucken Anlage in Neueibau, ein sehenswertes Kreisoberligaspiel. Beide Teams hatten daran ihren Anteil. Dieses faire [&hellip;]<\/p>\n","protected":false},"author":6,"featured_media":740,"comment_status":"open","ping_status":"open","sticky":false,"template":"","format":"standard","meta":{"footnotes":""},"categories":[83],"tags":[],"class_list":["post-1989","post","type-post","status-publish","format-standard","has-post-thumbnail","hentry","category-2-mannschaft"],"yoast_head":"<!-- This site is optimized with the Yoast SEO plugin v27.5 - https:\/\/yoast.com\/product\/yoast-seo-wordpress\/ -->\n<title>SV Neueibau-NFV 09 (II.) 0:3 (0:0) - NFV Gelb-Wei\u00df G\u00f6rlitz 09 e.V.<\/title>\n<meta name=\"robots\" content=\"index, follow, max-snippet:-1, max-image-preview:large, max-video-preview:-1\" \/>\n<link rel=\"canonical\" href=\"https:\/\/www.nfv09.de\/home\/2016\/10\/22\/sv-neueibau-nfv-09-ii-03-00\/\" \/>\n<meta property=\"og:locale\" content=\"de_DE\" \/>\n<meta property=\"og:type\" content=\"article\" \/>\n<meta property=\"og:title\" content=\"SV Neueibau-NFV 09 (II.) 0:3 (0:0) - NFV Gelb-Wei\u00df G\u00f6rlitz 09 e.V.\" \/>\n<meta property=\"og:description\" content=\"Lag es letzte Woche wirklich nur am ungeliebten Hartplatz in Ober-C? Jedenfalls war das heute ein ganz anderes Auftreten unserer Mannschaft. Zweik\u00e4mpfe wurden angenommen und endlich ging auch einmal was in Richtung gegnerisches Tor. Bei Dauerregen entwickelte sich auf der schmucken Anlage in Neueibau, ein sehenswertes Kreisoberligaspiel. Beide Teams hatten daran ihren Anteil. Dieses faire [&hellip;]\" \/>\n<meta property=\"og:url\" content=\"https:\/\/www.nfv09.de\/home\/2016\/10\/22\/sv-neueibau-nfv-09-ii-03-00\/\" \/>\n<meta property=\"og:site_name\" content=\"NFV Gelb-Wei\u00df G\u00f6rlitz 09 e.V.\" \/>\n<meta property=\"article:published_time\" content=\"2016-10-22T21:33:02+00:00\" \/>\n<meta property=\"article:modified_time\" content=\"2016-10-22T21:50:41+00:00\" \/>\n<meta property=\"og:image\" content=\"https:\/\/www.nfv09.de\/home\/wp-content\/uploads\/2015\/06\/5.jpg\" \/>\n\t<meta property=\"og:image:width\" content=\"1140\" \/>\n\t<meta property=\"og:image:height\" content=\"550\" \/>\n\t<meta property=\"og:image:type\" content=\"image\/jpeg\" \/>\n<meta name=\"author\" content=\"Eumel-GR\" \/>\n<meta name=\"twitter:card\" content=\"summary_large_image\" \/>\n<meta name=\"twitter:label1\" content=\"Verfasst von\" \/>\n\t<meta name=\"twitter:data1\" content=\"Eumel-GR\" \/>\n\t<meta name=\"twitter:label2\" content=\"Gesch\u00e4tzte Lesezeit\" \/>\n\t<meta name=\"twitter:data2\" content=\"4\u00a0Minuten\" \/>\n<script type=\"application\/ld+json\" class=\"yoast-schema-graph\">{\"@context\":\"https:\\\/\\\/schema.org\",\"@graph\":[{\"@type\":\"Article\",\"@id\":\"https:\\\/\\\/www.nfv09.de\\\/home\\\/2016\\\/10\\\/22\\\/sv-neueibau-nfv-09-ii-03-00\\\/#article\",\"isPartOf\":{\"@id\":\"https:\\\/\\\/www.nfv09.de\\\/home\\\/2016\\\/10\\\/22\\\/sv-neueibau-nfv-09-ii-03-00\\\/\"},\"author\":{\"name\":\"Eumel-GR\",\"@id\":\"https:\\\/\\\/www.nfv09.de\\\/home\\\/#\\\/schema\\\/person\\\/2721f9cc8a16c2ca0cdaa8e61dfa09cd\"},\"headline\":\"SV Neueibau-NFV 09 (II.) 0:3 (0:0)\",\"datePublished\":\"2016-10-22T21:33:02+00:00\",\"dateModified\":\"2016-10-22T21:50:41+00:00\",\"mainEntityOfPage\":{\"@id\":\"https:\\\/\\\/www.nfv09.de\\\/home\\\/2016\\\/10\\\/22\\\/sv-neueibau-nfv-09-ii-03-00\\\/\"},\"wordCount\":726,\"commentCount\":0,\"publisher\":{\"@id\":\"https:\\\/\\\/www.nfv09.de\\\/home\\\/#\\\/schema\\\/person\\\/ed693ed28e6e4b3f80b32447b2b6cbc7\"},\"image\":{\"@id\":\"https:\\\/\\\/www.nfv09.de\\\/home\\\/2016\\\/10\\\/22\\\/sv-neueibau-nfv-09-ii-03-00\\\/#primaryimage\"},\"thumbnailUrl\":\"https:\\\/\\\/www.nfv09.de\\\/home\\\/wp-content\\\/uploads\\\/2015\\\/06\\\/5.jpg\",\"articleSection\":[\"SG GW G\u00f6rlitz \\\/ Reichenbach\"],\"inLanguage\":\"de\",\"potentialAction\":[{\"@type\":\"CommentAction\",\"name\":\"Comment\",\"target\":[\"https:\\\/\\\/www.nfv09.de\\\/home\\\/2016\\\/10\\\/22\\\/sv-neueibau-nfv-09-ii-03-00\\\/#respond\"]}]},{\"@type\":\"WebPage\",\"@id\":\"https:\\\/\\\/www.nfv09.de\\\/home\\\/2016\\\/10\\\/22\\\/sv-neueibau-nfv-09-ii-03-00\\\/\",\"url\":\"https:\\\/\\\/www.nfv09.de\\\/home\\\/2016\\\/10\\\/22\\\/sv-neueibau-nfv-09-ii-03-00\\\/\",\"name\":\"SV Neueibau-NFV 09 (II.) 0:3 (0:0) - NFV Gelb-Wei\u00df G\u00f6rlitz 09 e.V.\",\"isPartOf\":{\"@id\":\"https:\\\/\\\/www.nfv09.de\\\/home\\\/#website\"},\"primaryImageOfPage\":{\"@id\":\"https:\\\/\\\/www.nfv09.de\\\/home\\\/2016\\\/10\\\/22\\\/sv-neueibau-nfv-09-ii-03-00\\\/#primaryimage\"},\"image\":{\"@id\":\"https:\\\/\\\/www.nfv09.de\\\/home\\\/2016\\\/10\\\/22\\\/sv-neueibau-nfv-09-ii-03-00\\\/#primaryimage\"},\"thumbnailUrl\":\"https:\\\/\\\/www.nfv09.de\\\/home\\\/wp-content\\\/uploads\\\/2015\\\/06\\\/5.jpg\",\"datePublished\":\"2016-10-22T21:33:02+00:00\",\"dateModified\":\"2016-10-22T21:50:41+00:00\",\"breadcrumb\":{\"@id\":\"https:\\\/\\\/www.nfv09.de\\\/home\\\/2016\\\/10\\\/22\\\/sv-neueibau-nfv-09-ii-03-00\\\/#breadcrumb\"},\"inLanguage\":\"de\",\"potentialAction\":[{\"@type\":\"ReadAction\",\"target\":[\"https:\\\/\\\/www.nfv09.de\\\/home\\\/2016\\\/10\\\/22\\\/sv-neueibau-nfv-09-ii-03-00\\\/\"]}]},{\"@type\":\"ImageObject\",\"inLanguage\":\"de\",\"@id\":\"https:\\\/\\\/www.nfv09.de\\\/home\\\/2016\\\/10\\\/22\\\/sv-neueibau-nfv-09-ii-03-00\\\/#primaryimage\",\"url\":\"https:\\\/\\\/www.nfv09.de\\\/home\\\/wp-content\\\/uploads\\\/2015\\\/06\\\/5.jpg\",\"contentUrl\":\"https:\\\/\\\/www.nfv09.de\\\/home\\\/wp-content\\\/uploads\\\/2015\\\/06\\\/5.jpg\",\"width\":1140,\"height\":550},{\"@type\":\"BreadcrumbList\",\"@id\":\"https:\\\/\\\/www.nfv09.de\\\/home\\\/2016\\\/10\\\/22\\\/sv-neueibau-nfv-09-ii-03-00\\\/#breadcrumb\",\"itemListElement\":[{\"@type\":\"ListItem\",\"position\":1,\"name\":\"Startseite\",\"item\":\"https:\\\/\\\/www.nfv09.de\\\/home\\\/\"},{\"@type\":\"ListItem\",\"position\":2,\"name\":\"SV Neueibau-NFV 09 (II.) 0:3 (0:0)\"}]},{\"@type\":\"WebSite\",\"@id\":\"https:\\\/\\\/www.nfv09.de\\\/home\\\/#website\",\"url\":\"https:\\\/\\\/www.nfv09.de\\\/home\\\/\",\"name\":\"NFV Gelb-Wei\u00df G\u00f6rlitz 09 e.V.\",\"description\":\"Sachsenklasse Ost\",\"publisher\":{\"@id\":\"https:\\\/\\\/www.nfv09.de\\\/home\\\/#\\\/schema\\\/person\\\/ed693ed28e6e4b3f80b32447b2b6cbc7\"},\"potentialAction\":[{\"@type\":\"SearchAction\",\"target\":{\"@type\":\"EntryPoint\",\"urlTemplate\":\"https:\\\/\\\/www.nfv09.de\\\/home\\\/?s={search_term_string}\"},\"query-input\":{\"@type\":\"PropertyValueSpecification\",\"valueRequired\":true,\"valueName\":\"search_term_string\"}}],\"inLanguage\":\"de\"},{\"@type\":[\"Person\",\"Organization\"],\"@id\":\"https:\\\/\\\/www.nfv09.de\\\/home\\\/#\\\/schema\\\/person\\\/ed693ed28e6e4b3f80b32447b2b6cbc7\",\"name\":\"Regassi\",\"image\":{\"@type\":\"ImageObject\",\"inLanguage\":\"de\",\"@id\":\"https:\\\/\\\/www.nfv09.de\\\/home\\\/wp-content\\\/uploads\\\/2015\\\/04\\\/cropped-nfv-gelb-weiss-goerlitz-e1468573113314-1.gif\",\"url\":\"https:\\\/\\\/www.nfv09.de\\\/home\\\/wp-content\\\/uploads\\\/2015\\\/04\\\/cropped-nfv-gelb-weiss-goerlitz-e1468573113314-1.gif\",\"contentUrl\":\"https:\\\/\\\/www.nfv09.de\\\/home\\\/wp-content\\\/uploads\\\/2015\\\/04\\\/cropped-nfv-gelb-weiss-goerlitz-e1468573113314-1.gif\",\"width\":100,\"height\":122,\"caption\":\"Regassi\"},\"logo\":{\"@id\":\"https:\\\/\\\/www.nfv09.de\\\/home\\\/wp-content\\\/uploads\\\/2015\\\/04\\\/cropped-nfv-gelb-weiss-goerlitz-e1468573113314-1.gif\"}},{\"@type\":\"Person\",\"@id\":\"https:\\\/\\\/www.nfv09.de\\\/home\\\/#\\\/schema\\\/person\\\/2721f9cc8a16c2ca0cdaa8e61dfa09cd\",\"name\":\"Eumel-GR\",\"image\":{\"@type\":\"ImageObject\",\"inLanguage\":\"de\",\"@id\":\"https:\\\/\\\/secure.gravatar.com\\\/avatar\\\/241ccd2fb4c6d9256b591e7cd129f2044ee549cf40f8914aef090c191c312a79?s=96&d=mm&r=g\",\"url\":\"https:\\\/\\\/secure.gravatar.com\\\/avatar\\\/241ccd2fb4c6d9256b591e7cd129f2044ee549cf40f8914aef090c191c312a79?s=96&d=mm&r=g\",\"contentUrl\":\"https:\\\/\\\/secure.gravatar.com\\\/avatar\\\/241ccd2fb4c6d9256b591e7cd129f2044ee549cf40f8914aef090c191c312a79?s=96&d=mm&r=g\",\"caption\":\"Eumel-GR\"},\"url\":\"https:\\\/\\\/www.nfv09.de\\\/home\\\/author\\\/eumel-gr\\\/\"}]}<\/script>\n<!-- \/ Yoast SEO plugin. -->","yoast_head_json":{"title":"SV Neueibau-NFV 09 (II.) 0:3 (0:0) - NFV Gelb-Wei\u00df G\u00f6rlitz 09 e.V.","robots":{"index":"index","follow":"follow","max-snippet":"max-snippet:-1","max-image-preview":"max-image-preview:large","max-video-preview":"max-video-preview:-1"},"canonical":"https:\/\/www.nfv09.de\/home\/2016\/10\/22\/sv-neueibau-nfv-09-ii-03-00\/","og_locale":"de_DE","og_type":"article","og_title":"SV Neueibau-NFV 09 (II.) 0:3 (0:0) - NFV Gelb-Wei\u00df G\u00f6rlitz 09 e.V.","og_description":"Lag es letzte Woche wirklich nur am ungeliebten Hartplatz in Ober-C? Jedenfalls war das heute ein ganz anderes Auftreten unserer Mannschaft. Zweik\u00e4mpfe wurden angenommen und endlich ging auch einmal was in Richtung gegnerisches Tor. Bei Dauerregen entwickelte sich auf der schmucken Anlage in Neueibau, ein sehenswertes Kreisoberligaspiel. Beide Teams hatten daran ihren Anteil. Dieses faire [&hellip;]","og_url":"https:\/\/www.nfv09.de\/home\/2016\/10\/22\/sv-neueibau-nfv-09-ii-03-00\/","og_site_name":"NFV Gelb-Wei\u00df G\u00f6rlitz 09 e.V.","article_published_time":"2016-10-22T21:33:02+00:00","article_modified_time":"2016-10-22T21:50:41+00:00","og_image":[{"width":1140,"height":550,"url":"https:\/\/www.nfv09.de\/home\/wp-content\/uploads\/2015\/06\/5.jpg","type":"image\/jpeg"}],"author":"Eumel-GR","twitter_card":"summary_large_image","twitter_misc":{"Verfasst von":"Eumel-GR","Gesch\u00e4tzte Lesezeit":"4\u00a0Minuten"},"schema":{"@context":"https:\/\/schema.org","@graph":[{"@type":"Article","@id":"https:\/\/www.nfv09.de\/home\/2016\/10\/22\/sv-neueibau-nfv-09-ii-03-00\/#article","isPartOf":{"@id":"https:\/\/www.nfv09.de\/home\/2016\/10\/22\/sv-neueibau-nfv-09-ii-03-00\/"},"author":{"name":"Eumel-GR","@id":"https:\/\/www.nfv09.de\/home\/#\/schema\/person\/2721f9cc8a16c2ca0cdaa8e61dfa09cd"},"headline":"SV Neueibau-NFV 09 (II.) 0:3 (0:0)","datePublished":"2016-10-22T21:33:02+00:00","dateModified":"2016-10-22T21:50:41+00:00","mainEntityOfPage":{"@id":"https:\/\/www.nfv09.de\/home\/2016\/10\/22\/sv-neueibau-nfv-09-ii-03-00\/"},"wordCount":726,"commentCount":0,"publisher":{"@id":"https:\/\/www.nfv09.de\/home\/#\/schema\/person\/ed693ed28e6e4b3f80b32447b2b6cbc7"},"image":{"@id":"https:\/\/www.nfv09.de\/home\/2016\/10\/22\/sv-neueibau-nfv-09-ii-03-00\/#primaryimage"},"thumbnailUrl":"https:\/\/www.nfv09.de\/home\/wp-content\/uploads\/2015\/06\/5.jpg","articleSection":["SG GW G\u00f6rlitz \/ Reichenbach"],"inLanguage":"de","potentialAction":[{"@type":"CommentAction","name":"Comment","target":["https:\/\/www.nfv09.de\/home\/2016\/10\/22\/sv-neueibau-nfv-09-ii-03-00\/#respond"]}]},{"@type":"WebPage","@id":"https:\/\/www.nfv09.de\/home\/2016\/10\/22\/sv-neueibau-nfv-09-ii-03-00\/","url":"https:\/\/www.nfv09.de\/home\/2016\/10\/22\/sv-neueibau-nfv-09-ii-03-00\/","name":"SV Neueibau-NFV 09 (II.) 0:3 (0:0) - NFV Gelb-Wei\u00df G\u00f6rlitz 09 e.V.","isPartOf":{"@id":"https:\/\/www.nfv09.de\/home\/#website"},"primaryImageOfPage":{"@id":"https:\/\/www.nfv09.de\/home\/2016\/10\/22\/sv-neueibau-nfv-09-ii-03-00\/#primaryimage"},"image":{"@id":"https:\/\/www.nfv09.de\/home\/2016\/10\/22\/sv-neueibau-nfv-09-ii-03-00\/#primaryimage"},"thumbnailUrl":"https:\/\/www.nfv09.de\/home\/wp-content\/uploads\/2015\/06\/5.jpg","datePublished":"2016-10-22T21:33:02+00:00","dateModified":"2016-10-22T21:50:41+00:00","breadcrumb":{"@id":"https:\/\/www.nfv09.de\/home\/2016\/10\/22\/sv-neueibau-nfv-09-ii-03-00\/#breadcrumb"},"inLanguage":"de","potentialAction":[{"@type":"ReadAction","target":["https:\/\/www.nfv09.de\/home\/2016\/10\/22\/sv-neueibau-nfv-09-ii-03-00\/"]}]},{"@type":"ImageObject","inLanguage":"de","@id":"https:\/\/www.nfv09.de\/home\/2016\/10\/22\/sv-neueibau-nfv-09-ii-03-00\/#primaryimage","url":"https:\/\/www.nfv09.de\/home\/wp-content\/uploads\/2015\/06\/5.jpg","contentUrl":"https:\/\/www.nfv09.de\/home\/wp-content\/uploads\/2015\/06\/5.jpg","width":1140,"height":550},{"@type":"BreadcrumbList","@id":"https:\/\/www.nfv09.de\/home\/2016\/10\/22\/sv-neueibau-nfv-09-ii-03-00\/#breadcrumb","itemListElement":[{"@type":"ListItem","position":1,"name":"Startseite","item":"https:\/\/www.nfv09.de\/home\/"},{"@type":"ListItem","position":2,"name":"SV Neueibau-NFV 09 (II.) 0:3 (0:0)"}]},{"@type":"WebSite","@id":"https:\/\/www.nfv09.de\/home\/#website","url":"https:\/\/www.nfv09.de\/home\/","name":"NFV Gelb-Wei\u00df G\u00f6rlitz 09 e.V.","description":"Sachsenklasse Ost","publisher":{"@id":"https:\/\/www.nfv09.de\/home\/#\/schema\/person\/ed693ed28e6e4b3f80b32447b2b6cbc7"},"potentialAction":[{"@type":"SearchAction","target":{"@type":"EntryPoint","urlTemplate":"https:\/\/www.nfv09.de\/home\/?s={search_term_string}"},"query-input":{"@type":"PropertyValueSpecification","valueRequired":true,"valueName":"search_term_string"}}],"inLanguage":"de"},{"@type":["Person","Organization"],"@id":"https:\/\/www.nfv09.de\/home\/#\/schema\/person\/ed693ed28e6e4b3f80b32447b2b6cbc7","name":"Regassi","image":{"@type":"ImageObject","inLanguage":"de","@id":"https:\/\/www.nfv09.de\/home\/wp-content\/uploads\/2015\/04\/cropped-nfv-gelb-weiss-goerlitz-e1468573113314-1.gif","url":"https:\/\/www.nfv09.de\/home\/wp-content\/uploads\/2015\/04\/cropped-nfv-gelb-weiss-goerlitz-e1468573113314-1.gif","contentUrl":"https:\/\/www.nfv09.de\/home\/wp-content\/uploads\/2015\/04\/cropped-nfv-gelb-weiss-goerlitz-e1468573113314-1.gif","width":100,"height":122,"caption":"Regassi"},"logo":{"@id":"https:\/\/www.nfv09.de\/home\/wp-content\/uploads\/2015\/04\/cropped-nfv-gelb-weiss-goerlitz-e1468573113314-1.gif"}},{"@type":"Person","@id":"https:\/\/www.nfv09.de\/home\/#\/schema\/person\/2721f9cc8a16c2ca0cdaa8e61dfa09cd","name":"Eumel-GR","image":{"@type":"ImageObject","inLanguage":"de","@id":"https:\/\/secure.gravatar.com\/avatar\/241ccd2fb4c6d9256b591e7cd129f2044ee549cf40f8914aef090c191c312a79?s=96&d=mm&r=g","url":"https:\/\/secure.gravatar.com\/avatar\/241ccd2fb4c6d9256b591e7cd129f2044ee549cf40f8914aef090c191c312a79?s=96&d=mm&r=g","contentUrl":"https:\/\/secure.gravatar.com\/avatar\/241ccd2fb4c6d9256b591e7cd129f2044ee549cf40f8914aef090c191c312a79?s=96&d=mm&r=g","caption":"Eumel-GR"},"url":"https:\/\/www.nfv09.de\/home\/author\/eumel-gr\/"}]}},"_links":{"self":[{"href":"https:\/\/www.nfv09.de\/home\/wp-json\/wp\/v2\/posts\/1989","targetHints":{"allow":["GET"]}}],"collection":[{"href":"https:\/\/www.nfv09.de\/home\/wp-json\/wp\/v2\/posts"}],"about":[{"href":"https:\/\/www.nfv09.de\/home\/wp-json\/wp\/v2\/types\/post"}],"author":[{"embeddable":true,"href":"https:\/\/www.nfv09.de\/home\/wp-json\/wp\/v2\/users\/6"}],"replies":[{"embeddable":true,"href":"https:\/\/www.nfv09.de\/home\/wp-json\/wp\/v2\/comments?post=1989"}],"version-history":[{"count":7,"href":"https:\/\/www.nfv09.de\/home\/wp-json\/wp\/v2\/posts\/1989\/revisions"}],"predecessor-version":[{"id":1996,"href":"https:\/\/www.nfv09.de\/home\/wp-json\/wp\/v2\/posts\/1989\/revisions\/1996"}],"wp:featuredmedia":[{"embeddable":true,"href":"https:\/\/www.nfv09.de\/home\/wp-json\/wp\/v2\/media\/740"}],"wp:attachment":[{"href":"https:\/\/www.nfv09.de\/home\/wp-json\/wp\/v2\/media?parent=1989"}],"wp:term":[{"taxonomy":"category","embeddable":true,"href":"https:\/\/www.nfv09.de\/home\/wp-json\/wp\/v2\/categories?post=1989"},{"taxonomy":"post_tag","embeddable":true,"href":"https:\/\/www.nfv09.de\/home\/wp-json\/wp\/v2\/tags?post=1989"}],"curies":[{"name":"wp","href":"https:\/\/api.w.org\/{rel}","templated":true}]}}