{"id":1928,"date":"2016-09-23T08:57:28","date_gmt":"2016-09-23T06:57:28","guid":{"rendered":"http:\/\/www.nfv09.de\/home\/?p=1928"},"modified":"2016-09-23T08:57:28","modified_gmt":"2016-09-23T06:57:28","slug":"wie-ein-verein-an-den-reisegesetzen-scheitert","status":"publish","type":"post","link":"https:\/\/www.nfv09.de\/home\/2016\/09\/23\/wie-ein-verein-an-den-reisegesetzen-scheitert\/","title":{"rendered":"Wie ein Verein an den Reisegesetzen scheitert"},"content":{"rendered":"<h2>Gelb-Wei\u00df G\u00f6rlitz setzte auf ausl\u00e4ndische Spieler. Die Polizei witterte Betrug. Nun zieht der Landesligist das Team zur\u00fcck.<\/h2>\n<div class=\"szoArticleHeaderMeta\">\n<p class=\"szoAuthor\">Von Frank Th\u00fcmmler<\/p>\n<p class=\"szoAuthor\"><span style=\"text-decoration: underline;\"><strong>Quelle:<\/strong><\/span> <a href=\"http:\/\/www.sz-online.de\/nachrichten\/wie-ein-verein-an-den-reisegesetzen-scheitert-3500325.html\" target=\"_blank\">S\u00e4chsische Zeitung vom 23.09.2016<\/a><\/p>\n<p>Das Ende kam pl\u00f6tzlich und unerwartet. Der Vorstand des NFV Gelb-Wei\u00df G\u00f6rlitz hat auf seiner Sitzung am Dienstagabend beschlossen, die erste Mannschaft sofort aus der Fu\u00dfball-Landesliga zur\u00fcckzuziehen. \u201eAm Geld liegt es nicht, dass wir jetzt die Rei\u00dfleine ziehen\u201c, sagt der Vorsitzende Carsten Liebig. \u201eDer Grund ist ein ganz anderer: Wir als ehrenamtliche Vorst\u00e4nde haben ganz einfach die Schnauze voll\u201c, rutscht es dem sonst zur\u00fcckhaltenden Bombardier-Manager heraus.<\/p>\n<p>Bereits im Mai war der Verein wegen einer Razzia in die Schlagzeilen geraten. Damals ging es darum, ob in Polen lebende Ukrainer mit einem polnischen Touristenvisum in G\u00f6rlitz trainieren und spielen d\u00fcrfen. Die Bundespolizei suchte nach Hinweisen, dass diese Spieler in Deutschland leben und hier einer Arbeit nachgehen, also Geld verdienen. Beides bestreitet der Verein vehement.<\/p>\n<p>Wie es weiterging, regt Liebig bis heute auf: \u201eDie haben uns die komplette Gesch\u00e4ftsstelle ausger\u00e4umt. Bis jetzt haben wir unsere Unterlagen nicht zur\u00fcck. Und was uns \u00fcberhaupt vorgeworfen wird, ist nicht zu erfahren. Das ist f\u00fcr die Vorst\u00e4nde, die zwar ehrenamtlich arbeiten, aber privat haften, \u00fcber diesen langen Zeitraum unertr\u00e4glich.\u201c Till Neumann, Pressesprecher der G\u00f6rlitzer Staatsanwaltschaft, best\u00e4tigt: \u201eDie Auswertung der beschlagnahmten Unterlagen und Speichermedien dauert noch an. Wir sind verpflichtet, bei Verdacht von Straftaten zu ermitteln. Die Verfahrensbeteiligten werden zu gegebener Zeit Akteneinsicht erhalten.\u201c<\/p>\n<p>Das Fass zum \u00dcberlaufen brachte f\u00fcr den NFV ein Vorfall vor drei Wochen. Um den zu schmalen Kader aufzustocken, hatten die G\u00f6rlitzer einen Kooperationsvertrag mit einer polnischen Agentur geschlossen. Die vertritt Kicker vor allem aus S\u00fcdamerika, die sich in europ\u00e4ischen Ligen f\u00fcr H\u00f6heres anbieten wollen. Eine Bezahlung der Spieler durch den Verein erfolgte laut Liebig nicht. Eine \u00e4hnliche Konstellation wie im Mai also.<\/p>\n<p>\u201eWir haben alles offen kommuniziert, beim Deutschen Fu\u00dfballbund alles gekl\u00e4rt und das Spielrecht erhalten. Unser Trainer war bei der Bundespolizei und hat sich dort beraten lassen. Die Spieler wurden bei Einreisen mehrfach ohne Beanstandungen kontrolliert \u2013 und doch pl\u00f6tzlich zwei verhaftet\u201c, schildert er. Der Verein wurde dar\u00fcber nicht informiert, die beiden Brasilianer verbrachten eine Nacht im Gef\u00e4ngnis, bevor sie Trainer Fred Wonneberger dort abholen konnte.<\/p>\n<p>Die Bundespolizei best\u00e4tigt diesen Vorgang. Bei der \u00dcberpr\u00fcfung der g\u00fcltigen Reisep\u00e4sse h\u00e4tten sich Anhaltspunkte daf\u00fcr ergeben, dass die beiden M\u00e4nner ihre Aufenthaltszeitr\u00e4ume im Schengen-Raum \u2013 mehr als 90 Tage binnen 180 Tagen \u2013 deutlich \u00fcberschritten hatten. Den langen Gewahrsam begr\u00fcnden die Beamten mit der Suche nach einem Portugiesisch-Dolmetscher, der schlie\u00dflich aus Dresden geholt wurde. Auch Beratungen mit Fred Wonneberger best\u00e4tigt die Polizei. Ihm sei allerdings dringend empfohlen worden, sich mit der Ausl\u00e4nderbeh\u00f6rde und dem Zoll in Verbindung zu setzen.<\/p>\n<p>Die beiden Brasilianer und die anderen Spieler der polnischen Agentur sind seitdem nicht mehr beim Verein aufgetaucht. \u201eWir wissen nicht, ob es jetzt wieder Ermittlungen gegen uns gibt, ob Strafen angedroht werden, die am Ende den gesamten Verein gef\u00e4hrden k\u00f6nnten\u201c, erkl\u00e4rt Liebig. \u201eUnd mit dem kleinen Kader stehen wir keine Saison durch. Das hat uns veranlasst, die Mannschaft zur\u00fcckzuziehen.\u201c<\/p>\n<p>F\u00fcr Liebig und seine Mitstreiter ist das ganze Hickhack zu viel geworden. Wie es f\u00fcr den Verein weitergeht, ist offen. Die Landesligaspieler d\u00fcrfen erst in der Winterpause wechseln. Die zweite Mannschaft, die in der Kreisoberliga spielt, soll erhalten bleiben. Auch der Nachwuchs, der in allen Altersklassen in der Landesklasse antritt, soll weiter spielen. Doch ob das langfristig gelingt, ist fraglich. Schlie\u00dflich brauchen Talente ein Ziel, an dem sie sich orientieren k\u00f6nnen \u2013 und das ist eine h\u00f6herklassige M\u00e4nnermannschaft.<\/p>\n<\/div>\n","protected":false},"excerpt":{"rendered":"<p>Gelb-Wei\u00df G\u00f6rlitz setzte auf ausl\u00e4ndische Spieler. Die Polizei witterte Betrug. Nun zieht der Landesligist das Team zur\u00fcck. Von Frank Th\u00fcmmler Quelle: S\u00e4chsische Zeitung vom 23.09.2016 Das Ende kam pl\u00f6tzlich und unerwartet. Der Vorstand des NFV Gelb-Wei\u00df G\u00f6rlitz hat auf seiner Sitzung am Dienstagabend beschlossen, die erste Mannschaft sofort aus der Fu\u00dfball-Landesliga zur\u00fcckzuziehen. \u201eAm Geld liegt [&hellip;]<\/p>\n","protected":false},"author":1,"featured_media":1831,"comment_status":"open","ping_status":"open","sticky":false,"template":"","format":"standard","meta":{"footnotes":""},"categories":[86,102],"tags":[109,94,92,99,112],"class_list":["post-1928","post","type-post","status-publish","format-standard","has-post-thumbnail","hentry","category-presse","category-saechsische-zeitung","tag-carsten-liebig","tag-gelb-weiss-goerlitz","tag-nfv09","tag-nfv09-1-mannschaft","tag-saechsische-zeitung"],"yoast_head":"<!-- This site is optimized with the Yoast SEO plugin v27.4 - https:\/\/yoast.com\/product\/yoast-seo-wordpress\/ -->\n<title>Wie ein Verein an den Reisegesetzen scheitert - NFV Gelb-Wei\u00df G\u00f6rlitz 09 e.V.<\/title>\n<meta name=\"robots\" content=\"index, follow, max-snippet:-1, max-image-preview:large, max-video-preview:-1\" \/>\n<link rel=\"canonical\" href=\"https:\/\/www.nfv09.de\/home\/2016\/09\/23\/wie-ein-verein-an-den-reisegesetzen-scheitert\/\" \/>\n<meta property=\"og:locale\" content=\"de_DE\" \/>\n<meta property=\"og:type\" content=\"article\" \/>\n<meta property=\"og:title\" content=\"Wie ein Verein an den Reisegesetzen scheitert - NFV Gelb-Wei\u00df G\u00f6rlitz 09 e.V.\" \/>\n<meta property=\"og:description\" content=\"Gelb-Wei\u00df G\u00f6rlitz setzte auf ausl\u00e4ndische Spieler. Die Polizei witterte Betrug. Nun zieht der Landesligist das Team zur\u00fcck. Von Frank Th\u00fcmmler Quelle: S\u00e4chsische Zeitung vom 23.09.2016 Das Ende kam pl\u00f6tzlich und unerwartet. Der Vorstand des NFV Gelb-Wei\u00df G\u00f6rlitz hat auf seiner Sitzung am Dienstagabend beschlossen, die erste Mannschaft sofort aus der Fu\u00dfball-Landesliga zur\u00fcckzuziehen. \u201eAm Geld liegt [&hellip;]\" \/>\n<meta property=\"og:url\" content=\"https:\/\/www.nfv09.de\/home\/2016\/09\/23\/wie-ein-verein-an-den-reisegesetzen-scheitert\/\" \/>\n<meta property=\"og:site_name\" content=\"NFV Gelb-Wei\u00df G\u00f6rlitz 09 e.V.\" \/>\n<meta property=\"article:published_time\" content=\"2016-09-23T06:57:28+00:00\" \/>\n<meta property=\"og:image\" content=\"https:\/\/www.nfv09.de\/home\/wp-content\/uploads\/2015\/04\/fussball-106.jpg\" \/>\n\t<meta property=\"og:image:width\" content=\"1200\" \/>\n\t<meta property=\"og:image:height\" content=\"800\" \/>\n\t<meta property=\"og:image:type\" content=\"image\/jpeg\" \/>\n<meta name=\"author\" content=\"nfv09\" \/>\n<meta name=\"twitter:card\" content=\"summary_large_image\" \/>\n<meta name=\"twitter:label1\" content=\"Verfasst von\" \/>\n\t<meta name=\"twitter:data1\" content=\"nfv09\" \/>\n\t<meta name=\"twitter:label2\" content=\"Gesch\u00e4tzte Lesezeit\" \/>\n\t<meta name=\"twitter:data2\" content=\"3\u00a0Minuten\" \/>\n<script type=\"application\/ld+json\" class=\"yoast-schema-graph\">{\"@context\":\"https:\\\/\\\/schema.org\",\"@graph\":[{\"@type\":\"Article\",\"@id\":\"https:\\\/\\\/www.nfv09.de\\\/home\\\/2016\\\/09\\\/23\\\/wie-ein-verein-an-den-reisegesetzen-scheitert\\\/#article\",\"isPartOf\":{\"@id\":\"https:\\\/\\\/www.nfv09.de\\\/home\\\/2016\\\/09\\\/23\\\/wie-ein-verein-an-den-reisegesetzen-scheitert\\\/\"},\"author\":{\"name\":\"nfv09\",\"@id\":\"https:\\\/\\\/www.nfv09.de\\\/home\\\/#\\\/schema\\\/person\\\/b863b38e8d72961293b5cb8741c63f23\"},\"headline\":\"Wie ein Verein an den Reisegesetzen scheitert\",\"datePublished\":\"2016-09-23T06:57:28+00:00\",\"mainEntityOfPage\":{\"@id\":\"https:\\\/\\\/www.nfv09.de\\\/home\\\/2016\\\/09\\\/23\\\/wie-ein-verein-an-den-reisegesetzen-scheitert\\\/\"},\"wordCount\":632,\"commentCount\":0,\"publisher\":{\"@id\":\"https:\\\/\\\/www.nfv09.de\\\/home\\\/#\\\/schema\\\/person\\\/ed693ed28e6e4b3f80b32447b2b6cbc7\"},\"image\":{\"@id\":\"https:\\\/\\\/www.nfv09.de\\\/home\\\/2016\\\/09\\\/23\\\/wie-ein-verein-an-den-reisegesetzen-scheitert\\\/#primaryimage\"},\"thumbnailUrl\":\"https:\\\/\\\/www.nfv09.de\\\/home\\\/wp-content\\\/uploads\\\/2015\\\/04\\\/fussball-106.jpg\",\"keywords\":[\"Carsten Liebig\",\"Gelb-Wei\u00df G\u00f6rlitz\",\"NFV09\",\"NFV09 1. Mannschaft\",\"S\u00e4chsische Zeitung\"],\"articleSection\":[\"Presse\",\"S\u00e4chsische Zeitung\"],\"inLanguage\":\"de\",\"potentialAction\":[{\"@type\":\"CommentAction\",\"name\":\"Comment\",\"target\":[\"https:\\\/\\\/www.nfv09.de\\\/home\\\/2016\\\/09\\\/23\\\/wie-ein-verein-an-den-reisegesetzen-scheitert\\\/#respond\"]}]},{\"@type\":\"WebPage\",\"@id\":\"https:\\\/\\\/www.nfv09.de\\\/home\\\/2016\\\/09\\\/23\\\/wie-ein-verein-an-den-reisegesetzen-scheitert\\\/\",\"url\":\"https:\\\/\\\/www.nfv09.de\\\/home\\\/2016\\\/09\\\/23\\\/wie-ein-verein-an-den-reisegesetzen-scheitert\\\/\",\"name\":\"Wie ein Verein an den Reisegesetzen scheitert - NFV Gelb-Wei\u00df G\u00f6rlitz 09 e.V.\",\"isPartOf\":{\"@id\":\"https:\\\/\\\/www.nfv09.de\\\/home\\\/#website\"},\"primaryImageOfPage\":{\"@id\":\"https:\\\/\\\/www.nfv09.de\\\/home\\\/2016\\\/09\\\/23\\\/wie-ein-verein-an-den-reisegesetzen-scheitert\\\/#primaryimage\"},\"image\":{\"@id\":\"https:\\\/\\\/www.nfv09.de\\\/home\\\/2016\\\/09\\\/23\\\/wie-ein-verein-an-den-reisegesetzen-scheitert\\\/#primaryimage\"},\"thumbnailUrl\":\"https:\\\/\\\/www.nfv09.de\\\/home\\\/wp-content\\\/uploads\\\/2015\\\/04\\\/fussball-106.jpg\",\"datePublished\":\"2016-09-23T06:57:28+00:00\",\"breadcrumb\":{\"@id\":\"https:\\\/\\\/www.nfv09.de\\\/home\\\/2016\\\/09\\\/23\\\/wie-ein-verein-an-den-reisegesetzen-scheitert\\\/#breadcrumb\"},\"inLanguage\":\"de\",\"potentialAction\":[{\"@type\":\"ReadAction\",\"target\":[\"https:\\\/\\\/www.nfv09.de\\\/home\\\/2016\\\/09\\\/23\\\/wie-ein-verein-an-den-reisegesetzen-scheitert\\\/\"]}]},{\"@type\":\"ImageObject\",\"inLanguage\":\"de\",\"@id\":\"https:\\\/\\\/www.nfv09.de\\\/home\\\/2016\\\/09\\\/23\\\/wie-ein-verein-an-den-reisegesetzen-scheitert\\\/#primaryimage\",\"url\":\"https:\\\/\\\/www.nfv09.de\\\/home\\\/wp-content\\\/uploads\\\/2015\\\/04\\\/fussball-106.jpg\",\"contentUrl\":\"https:\\\/\\\/www.nfv09.de\\\/home\\\/wp-content\\\/uploads\\\/2015\\\/04\\\/fussball-106.jpg\",\"width\":1200,\"height\":800},{\"@type\":\"BreadcrumbList\",\"@id\":\"https:\\\/\\\/www.nfv09.de\\\/home\\\/2016\\\/09\\\/23\\\/wie-ein-verein-an-den-reisegesetzen-scheitert\\\/#breadcrumb\",\"itemListElement\":[{\"@type\":\"ListItem\",\"position\":1,\"name\":\"Startseite\",\"item\":\"https:\\\/\\\/www.nfv09.de\\\/home\\\/\"},{\"@type\":\"ListItem\",\"position\":2,\"name\":\"Wie ein Verein an den Reisegesetzen scheitert\"}]},{\"@type\":\"WebSite\",\"@id\":\"https:\\\/\\\/www.nfv09.de\\\/home\\\/#website\",\"url\":\"https:\\\/\\\/www.nfv09.de\\\/home\\\/\",\"name\":\"NFV Gelb-Wei\u00df G\u00f6rlitz 09 e.V.\",\"description\":\"Sachsenklasse Ost\",\"publisher\":{\"@id\":\"https:\\\/\\\/www.nfv09.de\\\/home\\\/#\\\/schema\\\/person\\\/ed693ed28e6e4b3f80b32447b2b6cbc7\"},\"potentialAction\":[{\"@type\":\"SearchAction\",\"target\":{\"@type\":\"EntryPoint\",\"urlTemplate\":\"https:\\\/\\\/www.nfv09.de\\\/home\\\/?s={search_term_string}\"},\"query-input\":{\"@type\":\"PropertyValueSpecification\",\"valueRequired\":true,\"valueName\":\"search_term_string\"}}],\"inLanguage\":\"de\"},{\"@type\":[\"Person\",\"Organization\"],\"@id\":\"https:\\\/\\\/www.nfv09.de\\\/home\\\/#\\\/schema\\\/person\\\/ed693ed28e6e4b3f80b32447b2b6cbc7\",\"name\":\"Regassi\",\"image\":{\"@type\":\"ImageObject\",\"inLanguage\":\"de\",\"@id\":\"https:\\\/\\\/www.nfv09.de\\\/home\\\/wp-content\\\/uploads\\\/2015\\\/04\\\/cropped-nfv-gelb-weiss-goerlitz-e1468573113314-1.gif\",\"url\":\"https:\\\/\\\/www.nfv09.de\\\/home\\\/wp-content\\\/uploads\\\/2015\\\/04\\\/cropped-nfv-gelb-weiss-goerlitz-e1468573113314-1.gif\",\"contentUrl\":\"https:\\\/\\\/www.nfv09.de\\\/home\\\/wp-content\\\/uploads\\\/2015\\\/04\\\/cropped-nfv-gelb-weiss-goerlitz-e1468573113314-1.gif\",\"width\":100,\"height\":122,\"caption\":\"Regassi\"},\"logo\":{\"@id\":\"https:\\\/\\\/www.nfv09.de\\\/home\\\/wp-content\\\/uploads\\\/2015\\\/04\\\/cropped-nfv-gelb-weiss-goerlitz-e1468573113314-1.gif\"}},{\"@type\":\"Person\",\"@id\":\"https:\\\/\\\/www.nfv09.de\\\/home\\\/#\\\/schema\\\/person\\\/b863b38e8d72961293b5cb8741c63f23\",\"name\":\"nfv09\",\"image\":{\"@type\":\"ImageObject\",\"inLanguage\":\"de\",\"@id\":\"https:\\\/\\\/secure.gravatar.com\\\/avatar\\\/7d94e77464b513659304af3dc292fd6ba3011545ddf76aa14e86246f1a30ac50?s=96&d=mm&r=g\",\"url\":\"https:\\\/\\\/secure.gravatar.com\\\/avatar\\\/7d94e77464b513659304af3dc292fd6ba3011545ddf76aa14e86246f1a30ac50?s=96&d=mm&r=g\",\"contentUrl\":\"https:\\\/\\\/secure.gravatar.com\\\/avatar\\\/7d94e77464b513659304af3dc292fd6ba3011545ddf76aa14e86246f1a30ac50?s=96&d=mm&r=g\",\"caption\":\"nfv09\"},\"url\":\"https:\\\/\\\/www.nfv09.de\\\/home\\\/author\\\/nfv09\\\/\"}]}<\/script>\n<!-- \/ Yoast SEO plugin. -->","yoast_head_json":{"title":"Wie ein Verein an den Reisegesetzen scheitert - NFV Gelb-Wei\u00df G\u00f6rlitz 09 e.V.","robots":{"index":"index","follow":"follow","max-snippet":"max-snippet:-1","max-image-preview":"max-image-preview:large","max-video-preview":"max-video-preview:-1"},"canonical":"https:\/\/www.nfv09.de\/home\/2016\/09\/23\/wie-ein-verein-an-den-reisegesetzen-scheitert\/","og_locale":"de_DE","og_type":"article","og_title":"Wie ein Verein an den Reisegesetzen scheitert - NFV Gelb-Wei\u00df G\u00f6rlitz 09 e.V.","og_description":"Gelb-Wei\u00df G\u00f6rlitz setzte auf ausl\u00e4ndische Spieler. Die Polizei witterte Betrug. Nun zieht der Landesligist das Team zur\u00fcck. Von Frank Th\u00fcmmler Quelle: S\u00e4chsische Zeitung vom 23.09.2016 Das Ende kam pl\u00f6tzlich und unerwartet. Der Vorstand des NFV Gelb-Wei\u00df G\u00f6rlitz hat auf seiner Sitzung am Dienstagabend beschlossen, die erste Mannschaft sofort aus der Fu\u00dfball-Landesliga zur\u00fcckzuziehen. \u201eAm Geld liegt [&hellip;]","og_url":"https:\/\/www.nfv09.de\/home\/2016\/09\/23\/wie-ein-verein-an-den-reisegesetzen-scheitert\/","og_site_name":"NFV Gelb-Wei\u00df G\u00f6rlitz 09 e.V.","article_published_time":"2016-09-23T06:57:28+00:00","og_image":[{"width":1200,"height":800,"url":"https:\/\/www.nfv09.de\/home\/wp-content\/uploads\/2015\/04\/fussball-106.jpg","type":"image\/jpeg"}],"author":"nfv09","twitter_card":"summary_large_image","twitter_misc":{"Verfasst von":"nfv09","Gesch\u00e4tzte Lesezeit":"3\u00a0Minuten"},"schema":{"@context":"https:\/\/schema.org","@graph":[{"@type":"Article","@id":"https:\/\/www.nfv09.de\/home\/2016\/09\/23\/wie-ein-verein-an-den-reisegesetzen-scheitert\/#article","isPartOf":{"@id":"https:\/\/www.nfv09.de\/home\/2016\/09\/23\/wie-ein-verein-an-den-reisegesetzen-scheitert\/"},"author":{"name":"nfv09","@id":"https:\/\/www.nfv09.de\/home\/#\/schema\/person\/b863b38e8d72961293b5cb8741c63f23"},"headline":"Wie ein Verein an den Reisegesetzen scheitert","datePublished":"2016-09-23T06:57:28+00:00","mainEntityOfPage":{"@id":"https:\/\/www.nfv09.de\/home\/2016\/09\/23\/wie-ein-verein-an-den-reisegesetzen-scheitert\/"},"wordCount":632,"commentCount":0,"publisher":{"@id":"https:\/\/www.nfv09.de\/home\/#\/schema\/person\/ed693ed28e6e4b3f80b32447b2b6cbc7"},"image":{"@id":"https:\/\/www.nfv09.de\/home\/2016\/09\/23\/wie-ein-verein-an-den-reisegesetzen-scheitert\/#primaryimage"},"thumbnailUrl":"https:\/\/www.nfv09.de\/home\/wp-content\/uploads\/2015\/04\/fussball-106.jpg","keywords":["Carsten Liebig","Gelb-Wei\u00df G\u00f6rlitz","NFV09","NFV09 1. Mannschaft","S\u00e4chsische Zeitung"],"articleSection":["Presse","S\u00e4chsische Zeitung"],"inLanguage":"de","potentialAction":[{"@type":"CommentAction","name":"Comment","target":["https:\/\/www.nfv09.de\/home\/2016\/09\/23\/wie-ein-verein-an-den-reisegesetzen-scheitert\/#respond"]}]},{"@type":"WebPage","@id":"https:\/\/www.nfv09.de\/home\/2016\/09\/23\/wie-ein-verein-an-den-reisegesetzen-scheitert\/","url":"https:\/\/www.nfv09.de\/home\/2016\/09\/23\/wie-ein-verein-an-den-reisegesetzen-scheitert\/","name":"Wie ein Verein an den Reisegesetzen scheitert - NFV Gelb-Wei\u00df G\u00f6rlitz 09 e.V.","isPartOf":{"@id":"https:\/\/www.nfv09.de\/home\/#website"},"primaryImageOfPage":{"@id":"https:\/\/www.nfv09.de\/home\/2016\/09\/23\/wie-ein-verein-an-den-reisegesetzen-scheitert\/#primaryimage"},"image":{"@id":"https:\/\/www.nfv09.de\/home\/2016\/09\/23\/wie-ein-verein-an-den-reisegesetzen-scheitert\/#primaryimage"},"thumbnailUrl":"https:\/\/www.nfv09.de\/home\/wp-content\/uploads\/2015\/04\/fussball-106.jpg","datePublished":"2016-09-23T06:57:28+00:00","breadcrumb":{"@id":"https:\/\/www.nfv09.de\/home\/2016\/09\/23\/wie-ein-verein-an-den-reisegesetzen-scheitert\/#breadcrumb"},"inLanguage":"de","potentialAction":[{"@type":"ReadAction","target":["https:\/\/www.nfv09.de\/home\/2016\/09\/23\/wie-ein-verein-an-den-reisegesetzen-scheitert\/"]}]},{"@type":"ImageObject","inLanguage":"de","@id":"https:\/\/www.nfv09.de\/home\/2016\/09\/23\/wie-ein-verein-an-den-reisegesetzen-scheitert\/#primaryimage","url":"https:\/\/www.nfv09.de\/home\/wp-content\/uploads\/2015\/04\/fussball-106.jpg","contentUrl":"https:\/\/www.nfv09.de\/home\/wp-content\/uploads\/2015\/04\/fussball-106.jpg","width":1200,"height":800},{"@type":"BreadcrumbList","@id":"https:\/\/www.nfv09.de\/home\/2016\/09\/23\/wie-ein-verein-an-den-reisegesetzen-scheitert\/#breadcrumb","itemListElement":[{"@type":"ListItem","position":1,"name":"Startseite","item":"https:\/\/www.nfv09.de\/home\/"},{"@type":"ListItem","position":2,"name":"Wie ein Verein an den Reisegesetzen scheitert"}]},{"@type":"WebSite","@id":"https:\/\/www.nfv09.de\/home\/#website","url":"https:\/\/www.nfv09.de\/home\/","name":"NFV Gelb-Wei\u00df G\u00f6rlitz 09 e.V.","description":"Sachsenklasse Ost","publisher":{"@id":"https:\/\/www.nfv09.de\/home\/#\/schema\/person\/ed693ed28e6e4b3f80b32447b2b6cbc7"},"potentialAction":[{"@type":"SearchAction","target":{"@type":"EntryPoint","urlTemplate":"https:\/\/www.nfv09.de\/home\/?s={search_term_string}"},"query-input":{"@type":"PropertyValueSpecification","valueRequired":true,"valueName":"search_term_string"}}],"inLanguage":"de"},{"@type":["Person","Organization"],"@id":"https:\/\/www.nfv09.de\/home\/#\/schema\/person\/ed693ed28e6e4b3f80b32447b2b6cbc7","name":"Regassi","image":{"@type":"ImageObject","inLanguage":"de","@id":"https:\/\/www.nfv09.de\/home\/wp-content\/uploads\/2015\/04\/cropped-nfv-gelb-weiss-goerlitz-e1468573113314-1.gif","url":"https:\/\/www.nfv09.de\/home\/wp-content\/uploads\/2015\/04\/cropped-nfv-gelb-weiss-goerlitz-e1468573113314-1.gif","contentUrl":"https:\/\/www.nfv09.de\/home\/wp-content\/uploads\/2015\/04\/cropped-nfv-gelb-weiss-goerlitz-e1468573113314-1.gif","width":100,"height":122,"caption":"Regassi"},"logo":{"@id":"https:\/\/www.nfv09.de\/home\/wp-content\/uploads\/2015\/04\/cropped-nfv-gelb-weiss-goerlitz-e1468573113314-1.gif"}},{"@type":"Person","@id":"https:\/\/www.nfv09.de\/home\/#\/schema\/person\/b863b38e8d72961293b5cb8741c63f23","name":"nfv09","image":{"@type":"ImageObject","inLanguage":"de","@id":"https:\/\/secure.gravatar.com\/avatar\/7d94e77464b513659304af3dc292fd6ba3011545ddf76aa14e86246f1a30ac50?s=96&d=mm&r=g","url":"https:\/\/secure.gravatar.com\/avatar\/7d94e77464b513659304af3dc292fd6ba3011545ddf76aa14e86246f1a30ac50?s=96&d=mm&r=g","contentUrl":"https:\/\/secure.gravatar.com\/avatar\/7d94e77464b513659304af3dc292fd6ba3011545ddf76aa14e86246f1a30ac50?s=96&d=mm&r=g","caption":"nfv09"},"url":"https:\/\/www.nfv09.de\/home\/author\/nfv09\/"}]}},"_links":{"self":[{"href":"https:\/\/www.nfv09.de\/home\/wp-json\/wp\/v2\/posts\/1928","targetHints":{"allow":["GET"]}}],"collection":[{"href":"https:\/\/www.nfv09.de\/home\/wp-json\/wp\/v2\/posts"}],"about":[{"href":"https:\/\/www.nfv09.de\/home\/wp-json\/wp\/v2\/types\/post"}],"author":[{"embeddable":true,"href":"https:\/\/www.nfv09.de\/home\/wp-json\/wp\/v2\/users\/1"}],"replies":[{"embeddable":true,"href":"https:\/\/www.nfv09.de\/home\/wp-json\/wp\/v2\/comments?post=1928"}],"version-history":[{"count":1,"href":"https:\/\/www.nfv09.de\/home\/wp-json\/wp\/v2\/posts\/1928\/revisions"}],"predecessor-version":[{"id":1929,"href":"https:\/\/www.nfv09.de\/home\/wp-json\/wp\/v2\/posts\/1928\/revisions\/1929"}],"wp:featuredmedia":[{"embeddable":true,"href":"https:\/\/www.nfv09.de\/home\/wp-json\/wp\/v2\/media\/1831"}],"wp:attachment":[{"href":"https:\/\/www.nfv09.de\/home\/wp-json\/wp\/v2\/media?parent=1928"}],"wp:term":[{"taxonomy":"category","embeddable":true,"href":"https:\/\/www.nfv09.de\/home\/wp-json\/wp\/v2\/categories?post=1928"},{"taxonomy":"post_tag","embeddable":true,"href":"https:\/\/www.nfv09.de\/home\/wp-json\/wp\/v2\/tags?post=1928"}],"curies":[{"name":"wp","href":"https:\/\/api.w.org\/{rel}","templated":true}]}}